{"id":3751,"date":"2019-06-14T07:00:40","date_gmt":"2019-06-14T11:00:40","guid":{"rendered":"http:\/\/bottesetvelo.com\/blog\/?p=3751"},"modified":"2019-06-13T20:00:28","modified_gmt":"2019-06-14T00:00:28","slug":"un-chemin-vers-le-coeur","status":"publish","type":"post","link":"https:\/\/bottesetvelo.com\/blog\/2019\/06\/14\/un-chemin-vers-le-coeur\/","title":{"rendered":"Un chemin vers le c\u0153ur"},"content":{"rendered":"\n<blockquote class=\"wp-block-quote is-layout-flow wp-block-quote-is-layout-flow\"><p>Soyez fid\u00e8le \u00e0 votre v\u00e9rit\u00e9 int\u00e9rieure. <\/p><p>Suivez le chemin m\u00eame quand les autre l\u2019abandonnent. <\/p><p>Marchez sur le sentier de votre c\u0153ur.<\/p><p><\/p><cite>Anonyme<\/cite><\/blockquote>\n\n\n\n<p><\/p>\n\n\n\n<p>P\u00e8lerine novice, n&rsquo;ayant jamais encore fait de p\u00e8lerinage, j&rsquo;arrive sur le chemin avec l&rsquo;enthousiasme et l&rsquo;\u00e9nergie de la randonneuse aguerrie. Tout a \u00e9t\u00e9 minutieusement planifi\u00e9 et organis\u00e9.\u00a0 Mon \u00e9quipement, professionnellement recommand\u00e9, est des plus adapt\u00e9s. Chaque accessoire de mon sac a \u00e9t\u00e9 consid\u00e9r\u00e9, reconsid\u00e9r\u00e9 et pes\u00e9. J&rsquo;entame le chemin la t\u00eate haute. Tout va bien aller. Tout est r\u00e9fl\u00e9chi sagement et rationnellement. M&rsquo;\u00e9tant entrain\u00e9e avant le grand d\u00e9part, je marche avec confiance et d\u00e9termination, pr\u00eate \u00e0 d\u00e9couvrir l\u2019inconnu. Ce d\u00e9fi, je vais le relever dans la joie!<\/p>\n\n\n\n<div class=\"wp-block-image\"><figure class=\"alignright is-resized\"><img loading=\"lazy\" decoding=\"async\" data-attachment-id=\"3754\" data-permalink=\"https:\/\/bottesetvelo.com\/blog\/2019\/06\/14\/un-chemin-vers-le-coeur\/2018-07-06-07-15-18-2\/\" data-orig-file=\"https:\/\/i0.wp.com\/bottesetvelo.com\/blog\/wp-content\/uploads\/2019\/06\/2018-07-06-07.15.18-2.jpg?fit=2923%2C1671&amp;ssl=1\" data-orig-size=\"2923,1671\" data-comments-opened=\"1\" data-image-meta=\"{&quot;aperture&quot;:&quot;1.7&quot;,&quot;credit&quot;:&quot;&quot;,&quot;camera&quot;:&quot;SM-G950W&quot;,&quot;caption&quot;:&quot;&quot;,&quot;created_timestamp&quot;:&quot;1530861318&quot;,&quot;copyright&quot;:&quot;&quot;,&quot;focal_length&quot;:&quot;4.25&quot;,&quot;iso&quot;:&quot;50&quot;,&quot;shutter_speed&quot;:&quot;0.0022271714922&quot;,&quot;title&quot;:&quot;&quot;,&quot;orientation&quot;:&quot;1&quot;}\" data-image-title=\"2018-07-06 07.15.18 (2)\" data-image-description=\"\" data-image-caption=\"\" data-large-file=\"https:\/\/i0.wp.com\/bottesetvelo.com\/blog\/wp-content\/uploads\/2019\/06\/2018-07-06-07.15.18-2.jpg?fit=1024%2C585&amp;ssl=1\" src=\"https:\/\/i2.wp.com\/bottesetvelo.com\/blog\/wp-content\/uploads\/2019\/06\/2018-07-06-07.15.18-2.jpg?fit=1024%2C585\" alt=\"\" class=\"wp-image-3754\" width=\"350\" height=\"221\"\/><\/figure><\/div>\n\n\n\n<p>Les premiers jours sont\nmagnifiques. Mes bottines mangent les kilom\u00e8tres pr\u00e9vus par le d\u00e9coupage que\nj&rsquo;ai fait de mon parcours avant mon d\u00e9part. Je file, respectant l&rsquo;horaire que\nje me suis fix\u00e9. Maintenant la cadence dict\u00e9e par mes calculs. Recalculant et m\u2019ajustant\npour rester dans le plan. Pourtant, apr\u00e8s seulement trois jours sur le chemin,\nmon corps donne des signes de faiblesse. Mes pieds fatiguent. Mon genou gauche \u00e9lance.\nPas question de faiblir! Je viens de partir! \u00c7a va passer. Mon corps va\ns&rsquo;habituer. Je compense. Je me force. Je me parle. Orgueilleuse! <\/p>\n\n\n\n<p>Apr\u00e8s une semaine, je n&rsquo;entends\nque mon corps. Je ne sais plus o\u00f9 donner de la t\u00eate. Chaque cellule de mon\ncorps semble se rebeller. J&rsquo;ai fait des ampoules que je dois maintenant\nsoigner. Je prends des anti-douleurs et fais des \u00e9tirements pour calmer mes\ngenoux. Je suis courbatur\u00e9e, fatigu\u00e9e, d\u00e9courag\u00e9e. Je m\u2019inqui\u00e8te de voir que je\nne suis plus en mesure de respecter mon plan initial. Comment continuer?\nVais-je devoir abandonner? Impossible de penser rationnellement. Je dois d\u2019abord\nprendre soin de moi, de ce corps qui me contient, me limite et me retient. Je\nne peux pas poursuivre ma route dans cet \u00e9tat! Col\u00e8re, frustration, d\u00e9ception:\nje ne suis qu&rsquo;\u00e9motion!<\/p>\n\n\n\n<div class=\"wp-block-image\"><figure class=\"alignright is-resized\"><img loading=\"lazy\" decoding=\"async\" data-attachment-id=\"3758\" data-permalink=\"https:\/\/bottesetvelo.com\/blog\/2019\/06\/14\/un-chemin-vers-le-coeur\/2015-07-05-14-27-16-4\/\" data-orig-file=\"https:\/\/i0.wp.com\/bottesetvelo.com\/blog\/wp-content\/uploads\/2019\/06\/2015-07-05-14.27.16-2.jpg?fit=2756%2C1821&amp;ssl=1\" data-orig-size=\"2756,1821\" data-comments-opened=\"1\" data-image-meta=\"{&quot;aperture&quot;:&quot;2.6&quot;,&quot;credit&quot;:&quot;&quot;,&quot;camera&quot;:&quot;SGH-I747M&quot;,&quot;caption&quot;:&quot;&quot;,&quot;created_timestamp&quot;:&quot;1436106436&quot;,&quot;copyright&quot;:&quot;&quot;,&quot;focal_length&quot;:&quot;3.7&quot;,&quot;iso&quot;:&quot;50&quot;,&quot;shutter_speed&quot;:&quot;0.00138121546961&quot;,&quot;title&quot;:&quot;&quot;,&quot;orientation&quot;:&quot;1&quot;}\" data-image-title=\"2015-07-05 14.27.16\" data-image-description=\"\" data-image-caption=\"\" data-large-file=\"https:\/\/i0.wp.com\/bottesetvelo.com\/blog\/wp-content\/uploads\/2019\/06\/2015-07-05-14.27.16-2.jpg?fit=1024%2C677&amp;ssl=1\" src=\"https:\/\/i2.wp.com\/bottesetvelo.com\/blog\/wp-content\/uploads\/2019\/06\/2015-07-05-14.27.16-2.jpg?fit=1024%2C677\" alt=\"\" class=\"wp-image-3758\" width=\"350\" height=\"250\"\/><\/figure><\/div>\n\n\n\n<p>Puis au matin du neuvi\u00e8me jour,\nquelque chose a chang\u00e9: je d\u00e9cide qu&rsquo;\u00e0 partir d&rsquo;ici, je vais me rendre la route\nagr\u00e9able. Et tant pis pour la suite. Je d\u00e9ciderai plus tard. Je vais faire mon\nchemin, \u00e0 ma mesure. Attentive aux signaux de mon corps. Fini de vouloir faire\ncomme les autres! de me pr\u00e9occuper de ce qu&rsquo;on dira de moi! de me croire imperm\u00e9able\naux difficult\u00e9s, toujours capable de faire plus, de faire toujours mieux!\nPourquoi me comporter ainsi? Qu&rsquo;ai-je \u00e0 prouver? et \u00e0 qui? \u00c0 qui est-ce que je\nmens en agissant ainsi? C&rsquo;est mon chemin. Ce corps qui a ses limites, est aussi\ncelui qui me permet de vivre. Ce sont mes limites, mes faiblesses, ma r\u00e9alit\u00e9.\nJe suis faite ainsi. Alors maintenant, je vais l&rsquo;\u00e9couter, m&rsquo;\u00e9couter davantage.\nJe pourrais faire porter mon sac quelques jours, marcher moins longtemps le\ntemps d&rsquo;aller un peu mieux, me permettre de faire des pauses plus fr\u00e9quemment,\nabandonner le groupe d&rsquo;amis avec lequel je marche depuis quelques jours,\naccepter de me faire d\u00e9passer sans me juger, rester deux nuits dans la\nprochaine ville, me permettre de prendre l&rsquo;autobus si le temps me manque&#8230;.\nOui! c&rsquo;est d\u00e9cid\u00e9, je vais prendre un peu plus soin de moi pour que chaque\njourn\u00e9e soit telle que je d\u00e9sire la vivre.<\/p>\n\n\n\n<div class=\"wp-block-image\"><figure class=\"alignright is-resized\"><img loading=\"lazy\" decoding=\"async\" data-attachment-id=\"3759\" data-permalink=\"https:\/\/bottesetvelo.com\/blog\/2019\/06\/14\/un-chemin-vers-le-coeur\/2009-compostelle-et-barcelone-154-2\/\" data-orig-file=\"https:\/\/i0.wp.com\/bottesetvelo.com\/blog\/wp-content\/uploads\/2019\/06\/2009-Compostelle-et-Barcelone-154.jpg?fit=3648%2C2736&amp;ssl=1\" data-orig-size=\"3648,2736\" data-comments-opened=\"1\" data-image-meta=\"{&quot;aperture&quot;:&quot;3.2&quot;,&quot;credit&quot;:&quot;&quot;,&quot;camera&quot;:&quot;Canon PowerShot SD890 IS&quot;,&quot;caption&quot;:&quot;&quot;,&quot;created_timestamp&quot;:&quot;1251654497&quot;,&quot;copyright&quot;:&quot;&quot;,&quot;focal_length&quot;:&quot;6.6&quot;,&quot;iso&quot;:&quot;80&quot;,&quot;shutter_speed&quot;:&quot;0.008&quot;,&quot;title&quot;:&quot;&quot;,&quot;orientation&quot;:&quot;1&quot;}\" data-image-title=\"2009 &amp;#8211; Compostelle et Barcelone 154\" data-image-description=\"\" data-image-caption=\"\" data-large-file=\"https:\/\/i0.wp.com\/bottesetvelo.com\/blog\/wp-content\/uploads\/2019\/06\/2009-Compostelle-et-Barcelone-154.jpg?fit=1024%2C768&amp;ssl=1\" src=\"https:\/\/i2.wp.com\/bottesetvelo.com\/blog\/wp-content\/uploads\/2019\/06\/2009-Compostelle-et-Barcelone-154.jpg?fit=1024%2C768\" alt=\"\" class=\"wp-image-3759\" width=\"350\" height=\"254\"\/><\/figure><\/div>\n\n\n\n<p>Apr\u00e8s trois semaines sur le\nchemin, je suis en extase! J&rsquo;ai trouv\u00e9 un rythme qui me convient. Une vitesse\nde croisi\u00e8re et une cadence de pauses qui me ressemblent. Mes genoux sont\nencore fragiles, ils le seront toujours. Mes pieds demeurent fatigu\u00e9s, et je\ndois en prendre soin tous les jours. Mais j&rsquo;ai appris \u00e0 avancer sainement en\ntenant compte des limitations de mon corps. Je prends plus le temps de vivre le\nchemin et non plus simplement le parcourir et l&rsquo;aborder comme un d\u00e9fi physique \u00e0\nrelever. Je vis moins de pression. Une pression que je me mettais moi-m\u00eame pour\n\u00eatre dans la course. Comme si vivre \u00e9tait une comp\u00e9tition! Je me sens plus l\u00e9g\u00e8re,\nplus d\u00e9tendue, ce qui me rend plus disponible \u00e0 tout ce qui m\u2019entoure. Je savoure\nles paysages et la richesse des rencontres faites en chemin. S\u2019entraider,\npartager, rire, aimer et marcher! <\/p>\n\n\n\n<p>Un pincement au coeur, je vois la\nfin approcher. Mon retour dans ce quotidien, certes, mais aussi le sentiment de\nrevenir \u00e0 celle que j&rsquo;\u00e9tais il y a un mois. Vais-je pouvoir rester celle que je\nsuis aujourd&rsquo;hui? Comment r\u00e9sister \u00e0 la transformation du retour dans les\nvieilles pantoufles? Qu&rsquo;ai-je appris de moi que je d\u00e9sire conserver, semer,\nvoir fleurir dans mon quotidien? Et si \u00e0 mon retour je faisais ce que j&rsquo;ai fait\nen chemin? &#8230; et si je d\u00e9cidais de rendre ma route agr\u00e9able!<\/p>\n\n\n\n<p>Brigitte Harouni<\/p>\n","protected":false},"excerpt":{"rendered":"<p>Soyez fid\u00e8le \u00e0 votre v\u00e9rit\u00e9 int\u00e9rieure. Suivez le chemin m\u00eame quand les autre l\u2019abandonnent. Marchez sur le sentier de votre c\u0153ur. Anonyme P\u00e8lerine novice, n&rsquo;ayant jamais encore fait de p\u00e8lerinage, j&rsquo;arrive sur le chemin avec l&rsquo;enthousiasme et l&rsquo;\u00e9nergie de la randonneuse aguerrie. Tout a \u00e9t\u00e9 minutieusement planifi\u00e9 et organis\u00e9.\u00a0 Mon \u00e9quipement, professionnellement recommand\u00e9, est des&hellip;<\/p>\n","protected":false},"author":2,"featured_media":3754,"comment_status":"open","ping_status":"open","sticky":false,"template":"","format":"standard","meta":{"jetpack_post_was_ever_published":false,"_jetpack_newsletter_access":"","_jetpack_dont_email_post_to_subs":false,"_jetpack_newsletter_tier_id":0,"_jetpack_memberships_contains_paywalled_content":false,"_jetpack_memberships_contains_paid_content":false,"footnotes":"","jetpack_publicize_message":"Un chemin vers le c\u0153ur\n#P\u00e8lerine novice, n'ayant jamais encore fait de #p\u00e8lerinage, j'arrive sur le #chemin avec l'enthousiasme et l'\u00e9nergie de la #randonneuse aguerrie. Tout a \u00e9t\u00e9 minutieusement planifi\u00e9 et organis\u00e9. ","jetpack_publicize_feature_enabled":true,"jetpack_social_post_already_shared":true,"jetpack_social_options":{"image_generator_settings":{"template":"highway","default_image_id":0,"font":"","enabled":false},"version":2}},"categories":[379,9,39,3,381,1,390],"tags":[551,553,554,478],"class_list":["post-3751","post","type-post","status-publish","format-standard","has-post-thumbnail","hentry","category-chemin-de-transformation","category-chemins-de-pelerinage","category-croissance-personnelle","category-reflexions","category-transformation","category-uncategorized","category-voyages-pelerins","tag-apprentissage","tag-comnpostelle","tag-corps","tag-ecouter"],"jetpack_publicize_connections":[],"jetpack_featured_media_url":"https:\/\/i0.wp.com\/bottesetvelo.com\/blog\/wp-content\/uploads\/2019\/06\/2018-07-06-07.15.18-2.jpg?fit=2923%2C1671&ssl=1","jetpack_shortlink":"https:\/\/wp.me\/p4eY6z-Yv","jetpack_sharing_enabled":true,"jetpack_likes_enabled":true,"jetpack-related-posts":[],"_links":{"self":[{"href":"https:\/\/bottesetvelo.com\/blog\/wp-json\/wp\/v2\/posts\/3751","targetHints":{"allow":["GET"]}}],"collection":[{"href":"https:\/\/bottesetvelo.com\/blog\/wp-json\/wp\/v2\/posts"}],"about":[{"href":"https:\/\/bottesetvelo.com\/blog\/wp-json\/wp\/v2\/types\/post"}],"author":[{"embeddable":true,"href":"https:\/\/bottesetvelo.com\/blog\/wp-json\/wp\/v2\/users\/2"}],"replies":[{"embeddable":true,"href":"https:\/\/bottesetvelo.com\/blog\/wp-json\/wp\/v2\/comments?post=3751"}],"version-history":[{"count":2,"href":"https:\/\/bottesetvelo.com\/blog\/wp-json\/wp\/v2\/posts\/3751\/revisions"}],"predecessor-version":[{"id":3760,"href":"https:\/\/bottesetvelo.com\/blog\/wp-json\/wp\/v2\/posts\/3751\/revisions\/3760"}],"wp:featuredmedia":[{"embeddable":true,"href":"https:\/\/bottesetvelo.com\/blog\/wp-json\/wp\/v2\/media\/3754"}],"wp:attachment":[{"href":"https:\/\/bottesetvelo.com\/blog\/wp-json\/wp\/v2\/media?parent=3751"}],"wp:term":[{"taxonomy":"category","embeddable":true,"href":"https:\/\/bottesetvelo.com\/blog\/wp-json\/wp\/v2\/categories?post=3751"},{"taxonomy":"post_tag","embeddable":true,"href":"https:\/\/bottesetvelo.com\/blog\/wp-json\/wp\/v2\/tags?post=3751"}],"curies":[{"name":"wp","href":"https:\/\/api.w.org\/{rel}","templated":true}]}}