{"id":3728,"date":"2019-05-17T09:00:31","date_gmt":"2019-05-17T13:00:31","guid":{"rendered":"http:\/\/bottesetvelo.com\/blog\/?p=3728"},"modified":"2019-05-17T10:23:06","modified_gmt":"2019-05-17T14:23:06","slug":"une-ecole-en-mouvement","status":"publish","type":"post","link":"https:\/\/bottesetvelo.com\/blog\/2019\/05\/17\/une-ecole-en-mouvement\/","title":{"rendered":"Une \u00e9cole en mouvement"},"content":{"rendered":"\n<blockquote style=\"text-align:right\" class=\"wp-block-quote is-layout-flow wp-block-quote-is-layout-flow\"><p>Tu me dis, j\u2019oublie. Tu m\u2019enseignes, je me souviens. <\/p><p>Tu m\u2019impliques, j\u2019apprends. <\/p><cite>Benjamin Franklin<\/cite><\/blockquote>\n\n\n\n<div class=\"wp-block-image\"><figure class=\"alignright is-resized\"><img loading=\"lazy\" decoding=\"async\" data-attachment-id=\"3729\" data-permalink=\"https:\/\/bottesetvelo.com\/blog\/2019\/05\/17\/une-ecole-en-mouvement\/2019-05-04-09-43-57\/\" data-orig-file=\"https:\/\/i0.wp.com\/bottesetvelo.com\/blog\/wp-content\/uploads\/2019\/05\/2019-05-04-09.43.57.jpg?fit=4032%2C1960&amp;ssl=1\" data-orig-size=\"4032,1960\" data-comments-opened=\"1\" data-image-meta=\"{&quot;aperture&quot;:&quot;1.7&quot;,&quot;credit&quot;:&quot;&quot;,&quot;camera&quot;:&quot;SM-G950W&quot;,&quot;caption&quot;:&quot;&quot;,&quot;created_timestamp&quot;:&quot;1556963037&quot;,&quot;copyright&quot;:&quot;&quot;,&quot;focal_length&quot;:&quot;4.25&quot;,&quot;iso&quot;:&quot;50&quot;,&quot;shutter_speed&quot;:&quot;0.000224014336918&quot;,&quot;title&quot;:&quot;&quot;,&quot;orientation&quot;:&quot;1&quot;}\" data-image-title=\"2019-05-04 09.43.57\" data-image-description=\"\" data-image-caption=\"\" data-large-file=\"https:\/\/i0.wp.com\/bottesetvelo.com\/blog\/wp-content\/uploads\/2019\/05\/2019-05-04-09.43.57.jpg?fit=1024%2C498&amp;ssl=1\" src=\"https:\/\/i0.wp.com\/bottesetvelo.com\/blog\/wp-content\/uploads\/2019\/05\/2019-05-04-09.43.57.jpg?fit=1024%2C498\" alt=\"\" class=\"wp-image-3729\" width=\"300\" height=\"146\" srcset=\"https:\/\/i0.wp.com\/bottesetvelo.com\/blog\/wp-content\/uploads\/2019\/05\/2019-05-04-09.43.57.jpg?w=4032&amp;ssl=1 4032w, https:\/\/i0.wp.com\/bottesetvelo.com\/blog\/wp-content\/uploads\/2019\/05\/2019-05-04-09.43.57.jpg?resize=500%2C243&amp;ssl=1 500w, https:\/\/i0.wp.com\/bottesetvelo.com\/blog\/wp-content\/uploads\/2019\/05\/2019-05-04-09.43.57.jpg?resize=768%2C373&amp;ssl=1 768w, https:\/\/i0.wp.com\/bottesetvelo.com\/blog\/wp-content\/uploads\/2019\/05\/2019-05-04-09.43.57.jpg?resize=1024%2C498&amp;ssl=1 1024w, https:\/\/i0.wp.com\/bottesetvelo.com\/blog\/wp-content\/uploads\/2019\/05\/2019-05-04-09.43.57.jpg?w=2340&amp;ssl=1 2340w, https:\/\/i0.wp.com\/bottesetvelo.com\/blog\/wp-content\/uploads\/2019\/05\/2019-05-04-09.43.57.jpg?w=3510&amp;ssl=1 3510w\" sizes=\"auto, (max-width: 300px) 100vw, 300px\" \/><\/figure><\/div>\n\n\n\n<p>Nous venons de terminer un premier weekend p\u00e8lerin avec un\ngroupe de jeunes. Trente jeunes de 12 ans. Qui ont march\u00e9 pr\u00e8s de 30 km en un\njour et demi. Qui ont v\u00e9cu, malgr\u00e9 la courte dur\u00e9e du s\u00e9jour, les bienfaits et\nles inconforts du p\u00e8lerinage. Les hauts et les bas du p\u00e8lerin. Un d\u00e9rangement\nqui oblige \u00e0 un re-rangement. Habitu\u00e9e de p\u00e8leriner avec des adultes, cette\nrencontre a suscit\u00e9 en moi bien des r\u00e9flexions.<\/p>\n\n\n\n<p>Contrairement aux adultes aguerris que nous c\u00f4toyons dans\nnos s\u00e9jours, ces jeunes, qui terminent tout juste leur \u00e9cole primaire, ne se\nsont pas pr\u00e9par\u00e9s \u00e0 ce qu\u2019ils vont vivre. Ne savent pas ce qu\u2019est une journ\u00e9e\nde marche pour un p\u00e8lerin. N\u2019ont pas toujours le type d\u2019\u00e9quipement optimum. Nos\nadultes arrivent avec les chaussures recommand\u00e9es, les b\u00e2tons de marche, les\nbas en laine de m\u00e9rino, le sac \u00e0 dos ajustable&#8230; et ils ont souvent pris le\ntemps de marcher pour s\u2019entrainer. Pour les adultes, le d\u00e9fi premier est\nclairement physique. Ce qui n\u2019est pas le cas pour nos jeunes. Alors quel est-il\npour eux? <\/p>\n\n\n\n<div class=\"wp-block-image\"><figure class=\"alignright is-resized\"><img loading=\"lazy\" decoding=\"async\" data-attachment-id=\"3730\" data-permalink=\"https:\/\/bottesetvelo.com\/blog\/2019\/05\/17\/une-ecole-en-mouvement\/2019-05-05-10-46-44\/\" data-orig-file=\"https:\/\/i0.wp.com\/bottesetvelo.com\/blog\/wp-content\/uploads\/2019\/05\/2019-05-05-10.46.44.jpg?fit=4608%2C2240&amp;ssl=1\" data-orig-size=\"4608,2240\" data-comments-opened=\"1\" data-image-meta=\"{&quot;aperture&quot;:&quot;1.7&quot;,&quot;credit&quot;:&quot;&quot;,&quot;camera&quot;:&quot;SM-A530W&quot;,&quot;caption&quot;:&quot;&quot;,&quot;created_timestamp&quot;:&quot;1557053204&quot;,&quot;copyright&quot;:&quot;&quot;,&quot;focal_length&quot;:&quot;3.93&quot;,&quot;iso&quot;:&quot;40&quot;,&quot;shutter_speed&quot;:&quot;0.000668002672011&quot;,&quot;title&quot;:&quot;&quot;,&quot;orientation&quot;:&quot;1&quot;}\" data-image-title=\"2019-05-05 10.46.44\" data-image-description=\"\" data-image-caption=\"\" data-large-file=\"https:\/\/i0.wp.com\/bottesetvelo.com\/blog\/wp-content\/uploads\/2019\/05\/2019-05-05-10.46.44.jpg?fit=1024%2C498&amp;ssl=1\" src=\"https:\/\/i1.wp.com\/bottesetvelo.com\/blog\/wp-content\/uploads\/2019\/05\/2019-05-05-10.46.44.jpg?fit=1024%2C498\" alt=\"\" class=\"wp-image-3730\" width=\"300\" height=\"146\" srcset=\"https:\/\/i0.wp.com\/bottesetvelo.com\/blog\/wp-content\/uploads\/2019\/05\/2019-05-05-10.46.44.jpg?w=4608&amp;ssl=1 4608w, https:\/\/i0.wp.com\/bottesetvelo.com\/blog\/wp-content\/uploads\/2019\/05\/2019-05-05-10.46.44.jpg?resize=500%2C243&amp;ssl=1 500w, https:\/\/i0.wp.com\/bottesetvelo.com\/blog\/wp-content\/uploads\/2019\/05\/2019-05-05-10.46.44.jpg?resize=768%2C373&amp;ssl=1 768w, https:\/\/i0.wp.com\/bottesetvelo.com\/blog\/wp-content\/uploads\/2019\/05\/2019-05-05-10.46.44.jpg?resize=1024%2C498&amp;ssl=1 1024w, https:\/\/i0.wp.com\/bottesetvelo.com\/blog\/wp-content\/uploads\/2019\/05\/2019-05-05-10.46.44.jpg?w=2340&amp;ssl=1 2340w, https:\/\/i0.wp.com\/bottesetvelo.com\/blog\/wp-content\/uploads\/2019\/05\/2019-05-05-10.46.44.jpg?w=3510&amp;ssl=1 3510w\" sizes=\"auto, (max-width: 300px) 100vw, 300px\" \/><\/figure><\/div>\n\n\n\n<p>Le d\u00e9fi n\u2019est pas physique. Pour nos pr\u00e9-adolescents, apr\u00e8s\nplusieurs kilom\u00e8tres, c\u2019est une simple question de pers\u00e9v\u00e9rance. D\u00e9passer la\nr\u00e9ponse imm\u00e9diate, la r\u00e9ponse rapide et facile. D\u00e9couvrir l\u2019importance de\nprofiter de sa route. Apprendre \u00e0 se rendre la route agr\u00e9able. Et je fus\n\u00e9tonn\u00e9e de voir que rapidement, pour eux, sachant que la route s\u2019annon\u00e7ait\nlongue, ils ne se sont pas press\u00e9s. Au contraire, ils ont chant\u00e9. Ils ont pris\nle temps de jouer avec \u00e9nergie dans chaque parc que nous avons crois\u00e9. Ils ont\nbavard\u00e9, ont pris des photos, se sont chamaill\u00e9s en marchant. L\u2019adulte,\nconscient de la route \u00e0 faire, planifiant ses pauses, r\u00e9fl\u00e9chissant son\nparcours, met, de ce fait, l\u2019accent sur l\u2019arriv\u00e9e. Il calcule sa vitesse de\nmarche, \u00e9value l\u2019\u00e9nergie qui lui reste, anticipe les impr\u00e9vus. L\u2019insouciance de\nla jeunesse, la confiance qu\u2019ils donnent aux adultes qui les guident, les rend\npleinement disponibles \u00e0 vivre le chemin.<\/p>\n\n\n\n<p>Les ateliers introspectifs qu\u2019ils vivent avec nous viennent\ncompl\u00e9ter leur d\u00e9marche. Ce voyage p\u00e8lerin est un temps de passage. Leur r\u00e9el\nd\u00e9fi est de constater que depuis leur arriv\u00e9e sur terre, ils ont fait du chemin.\nIls ont \u00e9t\u00e9 transform\u00e9s et que cette transformation continuera tout au long de\nleur vie. Le d\u00e9fi p\u00e8lerin de chacun est de d\u00e9couvrir qui il est, pour mieux\nd\u00e9finir vers o\u00f9 il tend. D\u00e9passer qui il croit \u00eatre en fonction de ce que son\nentourage lui refl\u00e8te. \u00c0 travers l\u2019effort de la marche saisir son potentiel de\nr\u00e9alisation, l\u2019univers de ses possibles. Aller au-del\u00e0 des limites qu\u2019il s\u2019est\nun jour d\u00e9finies, et qu\u2019il s\u2019impose encore aujourd\u2019hui sans les remettre en\nquestion, sans chercher \u00e0 les actualiser. <\/p>\n\n\n\n<div class=\"wp-block-image\"><figure class=\"alignright is-resized\"><img loading=\"lazy\" decoding=\"async\" data-attachment-id=\"3731\" data-permalink=\"https:\/\/bottesetvelo.com\/blog\/2019\/05\/17\/une-ecole-en-mouvement\/2019-05-04-10-53-10\/\" data-orig-file=\"https:\/\/i0.wp.com\/bottesetvelo.com\/blog\/wp-content\/uploads\/2019\/05\/2019-05-04-10.53.10.jpg?fit=4032%2C1960&amp;ssl=1\" data-orig-size=\"4032,1960\" data-comments-opened=\"1\" data-image-meta=\"{&quot;aperture&quot;:&quot;1.7&quot;,&quot;credit&quot;:&quot;&quot;,&quot;camera&quot;:&quot;SM-G950W&quot;,&quot;caption&quot;:&quot;&quot;,&quot;created_timestamp&quot;:&quot;1556967190&quot;,&quot;copyright&quot;:&quot;&quot;,&quot;focal_length&quot;:&quot;4.25&quot;,&quot;iso&quot;:&quot;50&quot;,&quot;shutter_speed&quot;:&quot;0.000539956803456&quot;,&quot;title&quot;:&quot;&quot;,&quot;orientation&quot;:&quot;1&quot;}\" data-image-title=\"2019-05-04 10.53.10\" data-image-description=\"\" data-image-caption=\"\" data-large-file=\"https:\/\/i0.wp.com\/bottesetvelo.com\/blog\/wp-content\/uploads\/2019\/05\/2019-05-04-10.53.10.jpg?fit=1024%2C498&amp;ssl=1\" src=\"https:\/\/i2.wp.com\/bottesetvelo.com\/blog\/wp-content\/uploads\/2019\/05\/2019-05-04-10.53.10.jpg?fit=1024%2C498\" alt=\"\" class=\"wp-image-3731\" width=\"300\" height=\"140\"\/><\/figure><\/div>\n\n\n\n<p>La marche, en plus d\u2019\u00eatre physique, oblige le p\u00e8lerin \u00e0\nentrer en relation. Le d\u00e9placement continu fait d\u00e9filer tout un monde\nd\u2019inconnus et d\u2019impr\u00e9vus autour du p\u00e8lerin qui apprend dans cette rencontre \u00e0\nse d\u00e9finir, \u00e0 pr\u00e9ciser qui il est aujourd\u2019hui. Et c\u2019est souvent cette rencontre\nqui laisse une trace au c\u0153ur du p\u00e8lerin. Quelle que soit la route emprunt\u00e9e, le\nmouvement met en relation avec cet ext\u00e9rieur. Une communication s\u2019\u00e9tablit avec\ncet ext\u00e9rieur \u00e0 travers les cinq sens et par le biais du bagage \u00e9motionnel et\nrationnel propre \u00e0 chacun. Les jeunes ont crois\u00e9 des chiens. Certains ont eu\npeur, d\u2019autres les ont caress\u00e9s. Des discussions personnelles en ont d\u00e9coul\u00e9,\ndes souvenirs ont \u00e9merg\u00e9. En matin\u00e9e, il faisait froid. Certains \u00e9taient peu\nhabill\u00e9s, d\u2019autres avaient trop de v\u00eatements. Des partages et des \u00e9changes se\nsont faits. Des liens se sont tiss\u00e9s. \u00c0 plusieurs reprises, des inconnus ont\ninterpel\u00e9 des jeunes pour savoir pourquoi ils marchaient. Un brin de fiert\u00e9 se\nlisait dans leurs yeux lorsqu\u2019ils reprenaient la route. Nous avons crois\u00e9 une\nfemme aveugle qui joggait avec quelqu\u2019un qui la guidait. Des discussions\nprofondes sont n\u00e9es. Des inqui\u00e9tudes, des interrogations, de l\u2019\u00e9merveillement,\nchacun a fait part de l\u2019\u00e9motion qui l\u2019a travers\u00e9. Le quotidien du chemin laisse\ndes orni\u00e8res personnalis\u00e9es en chaque p\u00e8lerin.<\/p>\n\n\n\n<div class=\"wp-block-image\"><figure class=\"alignright is-resized\"><img loading=\"lazy\" decoding=\"async\" data-attachment-id=\"3735\" data-permalink=\"https:\/\/bottesetvelo.com\/blog\/2019\/05\/17\/une-ecole-en-mouvement\/20190505_093307\/\" data-orig-file=\"https:\/\/i0.wp.com\/bottesetvelo.com\/blog\/wp-content\/uploads\/2019\/05\/20190505_093307.jpg?fit=4608%2C2240&amp;ssl=1\" data-orig-size=\"4608,2240\" data-comments-opened=\"1\" data-image-meta=\"{&quot;aperture&quot;:&quot;1.7&quot;,&quot;credit&quot;:&quot;&quot;,&quot;camera&quot;:&quot;SM-A530W&quot;,&quot;caption&quot;:&quot;&quot;,&quot;created_timestamp&quot;:&quot;1557048787&quot;,&quot;copyright&quot;:&quot;&quot;,&quot;focal_length&quot;:&quot;3.93&quot;,&quot;iso&quot;:&quot;40&quot;,&quot;shutter_speed&quot;:&quot;0.000759878419453&quot;,&quot;title&quot;:&quot;&quot;,&quot;orientation&quot;:&quot;1&quot;}\" data-image-title=\"20190505_093307\" data-image-description=\"\" data-image-caption=\"\" data-large-file=\"https:\/\/i0.wp.com\/bottesetvelo.com\/blog\/wp-content\/uploads\/2019\/05\/20190505_093307.jpg?fit=1024%2C498&amp;ssl=1\" src=\"https:\/\/i1.wp.com\/bottesetvelo.com\/blog\/wp-content\/uploads\/2019\/05\/20190505_093307.jpg?fit=1024%2C498\" alt=\"\" class=\"wp-image-3735\" width=\"300\" height=\"148\"\/><\/figure><\/div>\n\n\n\n<p>On dit que les voyages forment la jeunesse. Je crois que\nc\u2019est le d\u00e9placement, le mouvement et la relation que l\u2019on entretient avec ce\nqui nous est ext\u00e9rieur qui marque le voyageur. Puis il y a le retour. Ce temps\nd\u2019arr\u00eat que l&rsquo;on prend pour se retourner et poser un regard sensible sur le\nchemin parcouru, pour en saisir les apprentissages r\u00e9alis\u00e9s. Lorsque nous\ndemandons \u00e0 ces jeunes: \u201cQue reste-t-il de ta route maintenant que nous sommes\nrevenus? Quelle trace ta rencontre avec ton chemin a-t-elle laiss\u00e9e que tu\ncontinueras de porter avec toi? Qu\u2019as-tu appris?\u201d Les r\u00e9ponses sont multiples:\n\u00eatre fier d&rsquo;avoir su dormir loin de sa famille, \u00eatre capable de se faire de\nnouveaux amis, avoir pu marcher aussi longtemps, \u00eatre capable d&rsquo;\u00eatre seul et se\nsentir bien, \u00eatre capable de ne pas \u00eatre connect\u00e9 \u00e0 un \u00e9cran, d\u00e9couvrir que\nrelever des d\u00e9fis est stimulant, r\u00e9ussir \u00e0 traverser un pont \u00e0 pied.<\/p>\n\n\n\n<p>Tout p\u00e8lerinage, tout d\u00e9placement demandant un effort physique,\nmet le p\u00e8lerin en relation avec ce qui l\u2019entoure, contribue \u00e0 enrichir et \u00e0\npr\u00e9ciser son identit\u00e9 personnelle. Un apprentissage qui se vit dans un dialogue\nintangible, que le p\u00e8lerin assimile avec tout son corps. C\u2019est avec toute la\ncandeur de la jeunesse que, sans en \u00eatre conscients, ces jeunes ont pass\u00e9 une\nfin de semaine dans cette \u00e9cole en mouvement.<\/p>\n\n\n\n<div class=\"wp-block-image\"><figure class=\"alignright is-resized\"><img data-recalc-dims=\"1\" loading=\"lazy\" decoding=\"async\" data-attachment-id=\"3248\" data-permalink=\"https:\/\/bottesetvelo.com\/blog\/2018\/03\/30\/comme-un-grand-silence\/bottes-et-velo-embleme-3\/\" data-orig-file=\"https:\/\/i0.wp.com\/bottesetvelo.com\/blog\/wp-content\/uploads\/2018\/03\/Bottes-et-V%C3%A9lo-Embl%C3%AAme-1-e1522416719670.png?fit=100%2C79&amp;ssl=1\" data-orig-size=\"100,79\" data-comments-opened=\"1\" data-image-meta=\"{&quot;aperture&quot;:&quot;0&quot;,&quot;credit&quot;:&quot;&quot;,&quot;camera&quot;:&quot;&quot;,&quot;caption&quot;:&quot;&quot;,&quot;created_timestamp&quot;:&quot;0&quot;,&quot;copyright&quot;:&quot;&quot;,&quot;focal_length&quot;:&quot;0&quot;,&quot;iso&quot;:&quot;0&quot;,&quot;shutter_speed&quot;:&quot;0&quot;,&quot;title&quot;:&quot;&quot;,&quot;orientation&quot;:&quot;0&quot;}\" data-image-title=\"Bottes et V\u00e9lo &amp;#8211; Embl\u00eame\" data-image-description=\"\" data-image-caption=\"\" data-large-file=\"https:\/\/i0.wp.com\/bottesetvelo.com\/blog\/wp-content\/uploads\/2018\/03\/Bottes-et-V%C3%A9lo-Embl%C3%AAme-1-e1522416719670.png?fit=100%2C79&amp;ssl=1\" src=\"https:\/\/i0.wp.com\/bottesetvelo.com\/blog\/wp-content\/uploads\/2018\/03\/Bottes-et-V%C3%A9lo-Embl%C3%AAme-1-e1522416719670.png?resize=77%2C61&#038;ssl=1\" alt=\"\" class=\"wp-image-3248\" width=\"77\" height=\"61\"\/><\/figure><\/div>\n\n\n\n<p>Brigitte Harouni<\/p>\n","protected":false},"excerpt":{"rendered":"<p>Tu me dis, j\u2019oublie. Tu m\u2019enseignes, je me souviens. Tu m\u2019impliques, j\u2019apprends. Benjamin Franklin Nous venons de terminer un premier weekend p\u00e8lerin avec un groupe de jeunes. Trente jeunes de 12 ans. Qui ont march\u00e9 pr\u00e8s de 30 km en un jour et demi. Qui ont v\u00e9cu, malgr\u00e9 la courte dur\u00e9e du s\u00e9jour, les bienfaits&hellip;<\/p>\n","protected":false},"author":2,"featured_media":3729,"comment_status":"open","ping_status":"open","sticky":false,"template":"","format":"standard","meta":{"jetpack_post_was_ever_published":false,"_jetpack_newsletter_access":"","_jetpack_dont_email_post_to_subs":false,"_jetpack_newsletter_tier_id":0,"_jetpack_memberships_contains_paywalled_content":false,"_jetpack_memberships_contains_paid_content":false,"footnotes":"","jetpack_publicize_message":"Une #\u00e9cole en #mouvement\nNous venons de terminer un premier #WeekendP\u00e8lerin avec un groupe de #jeunes. Trente jeunes de 12 ans. Qui ont march\u00e9 pr\u00e8s de 30 km en un jour et demi.","jetpack_publicize_feature_enabled":true,"jetpack_social_post_already_shared":true,"jetpack_social_options":{"image_generator_settings":{"template":"highway","default_image_id":0,"font":"","enabled":false},"version":2}},"categories":[379,166,230,171,389,381,326],"tags":[550,551,169,552,13],"class_list":["post-3728","post","type-post","status-publish","format-standard","has-post-thumbnail","hentry","category-chemin-de-transformation","category-demarche-du-pelerin","category-histoire-de-pelerin","category-pelerinage","category-sejours-ressourcement-et-pelerinage","category-transformation","category-weekends-pelerins","tag-adolescent","tag-apprentissage","tag-changement","tag-ecole","tag-pelerinage"],"jetpack_publicize_connections":[],"jetpack_featured_media_url":"https:\/\/i0.wp.com\/bottesetvelo.com\/blog\/wp-content\/uploads\/2019\/05\/2019-05-04-09.43.57.jpg?fit=4032%2C1960&ssl=1","jetpack_shortlink":"https:\/\/wp.me\/p4eY6z-Y8","jetpack_sharing_enabled":true,"jetpack_likes_enabled":true,"jetpack-related-posts":[],"_links":{"self":[{"href":"https:\/\/bottesetvelo.com\/blog\/wp-json\/wp\/v2\/posts\/3728","targetHints":{"allow":["GET"]}}],"collection":[{"href":"https:\/\/bottesetvelo.com\/blog\/wp-json\/wp\/v2\/posts"}],"about":[{"href":"https:\/\/bottesetvelo.com\/blog\/wp-json\/wp\/v2\/types\/post"}],"author":[{"embeddable":true,"href":"https:\/\/bottesetvelo.com\/blog\/wp-json\/wp\/v2\/users\/2"}],"replies":[{"embeddable":true,"href":"https:\/\/bottesetvelo.com\/blog\/wp-json\/wp\/v2\/comments?post=3728"}],"version-history":[{"count":2,"href":"https:\/\/bottesetvelo.com\/blog\/wp-json\/wp\/v2\/posts\/3728\/revisions"}],"predecessor-version":[{"id":3737,"href":"https:\/\/bottesetvelo.com\/blog\/wp-json\/wp\/v2\/posts\/3728\/revisions\/3737"}],"wp:featuredmedia":[{"embeddable":true,"href":"https:\/\/bottesetvelo.com\/blog\/wp-json\/wp\/v2\/media\/3729"}],"wp:attachment":[{"href":"https:\/\/bottesetvelo.com\/blog\/wp-json\/wp\/v2\/media?parent=3728"}],"wp:term":[{"taxonomy":"category","embeddable":true,"href":"https:\/\/bottesetvelo.com\/blog\/wp-json\/wp\/v2\/categories?post=3728"},{"taxonomy":"post_tag","embeddable":true,"href":"https:\/\/bottesetvelo.com\/blog\/wp-json\/wp\/v2\/tags?post=3728"}],"curies":[{"name":"wp","href":"https:\/\/api.w.org\/{rel}","templated":true}]}}