{"id":3696,"date":"2019-04-05T13:00:37","date_gmt":"2019-04-05T17:00:37","guid":{"rendered":"http:\/\/bottesetvelo.com\/blog\/?p=3696"},"modified":"2019-04-04T05:33:22","modified_gmt":"2019-04-04T09:33:22","slug":"temps-de-silence","status":"publish","type":"post","link":"https:\/\/bottesetvelo.com\/blog\/2019\/04\/05\/temps-de-silence\/","title":{"rendered":"Temps de silence"},"content":{"rendered":"\n<blockquote style=\"text-align:right\" class=\"wp-block-quote is-layout-flow wp-block-quote-is-layout-flow\"><p>Quand vous priez Dieu, que lui dites-vous? &#8211; Je ne dis rien. J\u2019\u00e9coute. <\/p><p>Et qu\u2019est-ce que Dieu vous raconte? &#8211; Il ne dit rien. Il \u00e9coute. <\/p><cite>  M\u00e8re Teresa en r\u00e9ponse \u00e0 un journaliste <\/cite><\/blockquote>\n\n\n\n<p class=\"has-drop-cap\">Le silence est cette grande page blanche sur laquelle s\u2019agitent les\nnotes de musique. Ces notes sont autant de couleurs qui viennent animer ma vie.\nElles lui donnent du rythme. Tant\u00f4t folles, elles la font valser, danser ou\ncourir. Tant\u00f4t lentes et langoureuses, elles font pleuvoir dans mon c\u0153ur,\nembrument mes yeux ou grisaillent mon esprit. Mais peu importe la musique, le\nsilence est toujours pr\u00e9sent. Pause, demi-pause et soupirs de tous genres accompagnent\nla course des notes sur la port\u00e9e. Ils me permettent de reprendre mon souffle et\naussi, de prendre le temps de lire la partition. <\/p>\n\n\n\n<div class=\"wp-block-image\"><figure class=\"alignright is-resized\"><img loading=\"lazy\" decoding=\"async\" data-attachment-id=\"3697\" data-permalink=\"https:\/\/bottesetvelo.com\/blog\/2019\/04\/05\/temps-de-silence\/teacup-2324842_1920\/\" data-orig-file=\"https:\/\/i0.wp.com\/bottesetvelo.com\/blog\/wp-content\/uploads\/2019\/04\/teacup-2324842_1920.jpg?fit=1920%2C1279&amp;ssl=1\" data-orig-size=\"1920,1279\" data-comments-opened=\"1\" data-image-meta=\"{&quot;aperture&quot;:&quot;2.8&quot;,&quot;credit&quot;:&quot;&quot;,&quot;camera&quot;:&quot;Canon EOS 750D&quot;,&quot;caption&quot;:&quot;&quot;,&quot;created_timestamp&quot;:&quot;0&quot;,&quot;copyright&quot;:&quot;&quot;,&quot;focal_length&quot;:&quot;60&quot;,&quot;iso&quot;:&quot;100&quot;,&quot;shutter_speed&quot;:&quot;0.002&quot;,&quot;title&quot;:&quot;&quot;,&quot;orientation&quot;:&quot;0&quot;}\" data-image-title=\"teacup-2324842_1920\" data-image-description=\"\" data-image-caption=\"\" data-large-file=\"https:\/\/i0.wp.com\/bottesetvelo.com\/blog\/wp-content\/uploads\/2019\/04\/teacup-2324842_1920.jpg?fit=1024%2C682&amp;ssl=1\" src=\"https:\/\/i0.wp.com\/bottesetvelo.com\/blog\/wp-content\/uploads\/2019\/04\/teacup-2324842_1920.jpg?fit=1024%2C682\" alt=\"\" class=\"wp-image-3697\" width=\"300\" height=\"206\"\/><\/figure><\/div>\n\n\n\n<p>Toutes notre vie est une chaine infinie de notes. Aller \u00e0 l\u2019\u00e9picerie, faire\nle souper, plier la brass\u00e9e de lavage, aller au garage, pr\u00e9parer la r\u00e9union,\ncourir pour attraper son autobus\u2026. ouf! Ma t\u00eate est constamment en train de\npenser. M\u00eame pendant mes vacances, je suis \u00e0 parler de mes prochaines vacances,\ndes dossiers qui m\u2019attendent \u00e0 mon retour, des obligations qui s\u2019accumulent.\nPendant le d\u00e9jeuner, je me demande ce que je ferai pour le souper. Je recalcule\nla logistique de mes d\u00e9placements pour rendre efficace mon retour du travail en\nfin de journ\u00e9e. Au travail, le tourbillon incessant de pens\u00e9es siffle dans ma\nt\u00eate. Je fais mille choses \u00e0 la fois et j\u2019en oublie de manger. C\u2019est l\u00e0 que ma\nvie a besoin de silence!<\/p>\n\n\n\n<div class=\"wp-block-image\"><figure class=\"alignright is-resized\"><img loading=\"lazy\" decoding=\"async\" data-attachment-id=\"3698\" data-permalink=\"https:\/\/bottesetvelo.com\/blog\/2019\/04\/05\/temps-de-silence\/sunbathing-826918_1920\/\" data-orig-file=\"https:\/\/i0.wp.com\/bottesetvelo.com\/blog\/wp-content\/uploads\/2019\/04\/sunbathing-826918_1920.jpg?fit=1920%2C1278&amp;ssl=1\" data-orig-size=\"1920,1278\" data-comments-opened=\"1\" data-image-meta=\"{&quot;aperture&quot;:&quot;0&quot;,&quot;credit&quot;:&quot;&quot;,&quot;camera&quot;:&quot;&quot;,&quot;caption&quot;:&quot;&quot;,&quot;created_timestamp&quot;:&quot;0&quot;,&quot;copyright&quot;:&quot;&quot;,&quot;focal_length&quot;:&quot;0&quot;,&quot;iso&quot;:&quot;0&quot;,&quot;shutter_speed&quot;:&quot;0&quot;,&quot;title&quot;:&quot;&quot;,&quot;orientation&quot;:&quot;0&quot;}\" data-image-title=\"sunbathing-826918_1920\" data-image-description=\"\" data-image-caption=\"\" data-large-file=\"https:\/\/i0.wp.com\/bottesetvelo.com\/blog\/wp-content\/uploads\/2019\/04\/sunbathing-826918_1920.jpg?fit=1024%2C682&amp;ssl=1\" src=\"https:\/\/i2.wp.com\/bottesetvelo.com\/blog\/wp-content\/uploads\/2019\/04\/sunbathing-826918_1920.jpg?fit=1024%2C682\" alt=\"\" class=\"wp-image-3698\" width=\"300\" height=\"197\"\/><\/figure><\/div>\n\n\n\n<p>Nous avons l\u2019habitude d\u2019accumuler nos silences pour les mettre tous en\ntas au bout de la port\u00e9e. Le petit vin de fin de soir\u00e9e. L\u2019escapade de fin de\nsemaine. Les belles vacances cet \u00e9t\u00e9. Cela donne une dr\u00f4le de m\u00e9lodie \u00e0 nos\nvie. Qui plus est, une m\u00e9lodie essoufflante \u00e0 jouer. Des temps de silence, nous\ndevrions en mettre un peu tout le temps, au gr\u00e9 de la musique de la journ\u00e9e. Il\nexiste des silences de diff\u00e9rentes dur\u00e9es. \u00c0 vous de voir celui qui convient le\nmieux pour l\u2019air que vous voulez jouer. Aller marcher sur l\u2019heure du diner. Sortir\nde son bureau se faire une tasse de caf\u00e9. S\u2019\u00e9tirer et regarder par la fen\u00eatre\nentre deux courriels. Respirer une grande gorg\u00e9e d\u2019air frais en sortant de la\nmaison. Fermer les yeux et rel\u00e2cher les \u00e9paules. Caresser mon chat. Regarder\nmon chien courir de plaisir. M\u2019asseoir sur un banc de parc. Appr\u00e9cier l\u2019innocence\nde jeune enfant. Rire et sourire.<\/p>\n\n\n\n<div class=\"wp-block-image\"><figure class=\"alignright is-resized\"><img loading=\"lazy\" decoding=\"async\" data-attachment-id=\"3699\" data-permalink=\"https:\/\/bottesetvelo.com\/blog\/2019\/04\/05\/temps-de-silence\/adult-2398561_1920\/\" data-orig-file=\"https:\/\/i0.wp.com\/bottesetvelo.com\/blog\/wp-content\/uploads\/2019\/04\/adult-2398561_1920.jpg?fit=1920%2C1280&amp;ssl=1\" data-orig-size=\"1920,1280\" data-comments-opened=\"1\" data-image-meta=\"{&quot;aperture&quot;:&quot;2.5&quot;,&quot;credit&quot;:&quot;&quot;,&quot;camera&quot;:&quot;NIKON D3X&quot;,&quot;caption&quot;:&quot;&quot;,&quot;created_timestamp&quot;:&quot;0&quot;,&quot;copyright&quot;:&quot;&quot;,&quot;focal_length&quot;:&quot;50&quot;,&quot;iso&quot;:&quot;200&quot;,&quot;shutter_speed&quot;:&quot;0.008&quot;,&quot;title&quot;:&quot;&quot;,&quot;orientation&quot;:&quot;0&quot;}\" data-image-title=\"adult-2398561_1920\" data-image-description=\"\" data-image-caption=\"\" data-large-file=\"https:\/\/i0.wp.com\/bottesetvelo.com\/blog\/wp-content\/uploads\/2019\/04\/adult-2398561_1920.jpg?fit=1024%2C683&amp;ssl=1\" src=\"https:\/\/i2.wp.com\/bottesetvelo.com\/blog\/wp-content\/uploads\/2019\/04\/adult-2398561_1920.jpg?fit=1024%2C683\" alt=\"\" class=\"wp-image-3699\" width=\"300\" height=\"160\"\/><\/figure><\/div>\n\n\n\n<p>Ces temps d\u2019arr\u00eat sont autant de pauses n\u00e9cessaires pour oxyg\u00e9ner ma\nvie. D\u00e9tendre ma t\u00eate qui surchauffe parfois un peu trop. Ralentir le r\u00e9gime de\nmon moteur pour profiter du moment. Go\u00fbter pleinement un bon moment qui ne\nreviendra pas. Un temps, si court soit-il, durant lequel je ne pense plus \u00e0\nrien. Un vide qui fait du bien, qui reg\u00e9n\u00e8re ma batterie, me donne l\u2019\u00e9lan pour attaquer\nmon envol\u00e9e musicale, me donne le recul n\u00e9cessaire pour appr\u00e9cier le morceau \u00e0\nvenir. <\/p>\n\n\n\n<p>Avec le printemps qui commence \u00e0 faire chanter nos c\u0153ur, prenez le temps, prenez du temps. Mettez des temps de silence sur votre port\u00e9e pour que votre musique fasse danser votre vie! <\/p>\n\n\n\n<div class=\"wp-block-image\"><figure class=\"alignright is-resized\"><img data-recalc-dims=\"1\" loading=\"lazy\" decoding=\"async\" data-attachment-id=\"3248\" data-permalink=\"https:\/\/bottesetvelo.com\/blog\/2018\/03\/30\/comme-un-grand-silence\/bottes-et-velo-embleme-3\/\" data-orig-file=\"https:\/\/i0.wp.com\/bottesetvelo.com\/blog\/wp-content\/uploads\/2018\/03\/Bottes-et-V%C3%A9lo-Embl%C3%AAme-1-e1522416719670.png?fit=100%2C79&amp;ssl=1\" data-orig-size=\"100,79\" data-comments-opened=\"1\" data-image-meta=\"{&quot;aperture&quot;:&quot;0&quot;,&quot;credit&quot;:&quot;&quot;,&quot;camera&quot;:&quot;&quot;,&quot;caption&quot;:&quot;&quot;,&quot;created_timestamp&quot;:&quot;0&quot;,&quot;copyright&quot;:&quot;&quot;,&quot;focal_length&quot;:&quot;0&quot;,&quot;iso&quot;:&quot;0&quot;,&quot;shutter_speed&quot;:&quot;0&quot;,&quot;title&quot;:&quot;&quot;,&quot;orientation&quot;:&quot;0&quot;}\" data-image-title=\"Bottes et V\u00e9lo &amp;#8211; Embl\u00eame\" data-image-description=\"\" data-image-caption=\"\" data-large-file=\"https:\/\/i0.wp.com\/bottesetvelo.com\/blog\/wp-content\/uploads\/2018\/03\/Bottes-et-V%C3%A9lo-Embl%C3%AAme-1-e1522416719670.png?fit=100%2C79&amp;ssl=1\" src=\"https:\/\/i0.wp.com\/bottesetvelo.com\/blog\/wp-content\/uploads\/2018\/03\/Bottes-et-V%C3%A9lo-Embl%C3%AAme-1-e1522416719670.png?resize=80%2C63&#038;ssl=1\" alt=\"\" class=\"wp-image-3248\" width=\"80\" height=\"63\"\/><\/figure><\/div>\n\n\n\n<p>Brigitte Harouni <\/p>\n","protected":false},"excerpt":{"rendered":"<p>Quand vous priez Dieu, que lui dites-vous? &#8211; Je ne dis rien. J\u2019\u00e9coute. Et qu\u2019est-ce que Dieu vous raconte? &#8211; Il ne dit rien. Il \u00e9coute. M\u00e8re Teresa en r\u00e9ponse \u00e0 un journaliste Le silence est cette grande page blanche sur laquelle s\u2019agitent les notes de musique. Ces notes sont autant de couleurs qui viennent&hellip;<\/p>\n","protected":false},"author":2,"featured_media":3698,"comment_status":"open","ping_status":"open","sticky":false,"template":"","format":"standard","meta":{"jetpack_post_was_ever_published":false,"_jetpack_newsletter_access":"","_jetpack_dont_email_post_to_subs":false,"_jetpack_newsletter_tier_id":0,"_jetpack_memberships_contains_paywalled_content":false,"_jetpack_memberships_contains_paid_content":false,"footnotes":"","jetpack_publicize_message":"#Temps de #silence\nLe silence est cette grande page blanche sur laquelle s\u2019agitent les notes de #musique. Ces notes sont autant de #couleurs qui viennent animer ma vie. Elles lui donnent du #rythme.","jetpack_publicize_feature_enabled":true,"jetpack_social_post_already_shared":true,"jetpack_social_options":{"image_generator_settings":{"template":"highway","default_image_id":0,"font":"","enabled":false},"version":2}},"categories":[50,11,39,3],"tags":[494,113,252,117],"class_list":["post-3696","post","type-post","status-publish","format-standard","has-post-thumbnail","hentry","category-art-de-vivre","category-bien-etre-physique","category-croissance-personnelle","category-reflexions","tag-pause","tag-sante","tag-sante-mentale","tag-silence"],"jetpack_publicize_connections":[],"jetpack_featured_media_url":"https:\/\/i0.wp.com\/bottesetvelo.com\/blog\/wp-content\/uploads\/2019\/04\/sunbathing-826918_1920.jpg?fit=1920%2C1278&ssl=1","jetpack_shortlink":"https:\/\/wp.me\/p4eY6z-XC","jetpack_sharing_enabled":true,"jetpack_likes_enabled":true,"jetpack-related-posts":[],"_links":{"self":[{"href":"https:\/\/bottesetvelo.com\/blog\/wp-json\/wp\/v2\/posts\/3696","targetHints":{"allow":["GET"]}}],"collection":[{"href":"https:\/\/bottesetvelo.com\/blog\/wp-json\/wp\/v2\/posts"}],"about":[{"href":"https:\/\/bottesetvelo.com\/blog\/wp-json\/wp\/v2\/types\/post"}],"author":[{"embeddable":true,"href":"https:\/\/bottesetvelo.com\/blog\/wp-json\/wp\/v2\/users\/2"}],"replies":[{"embeddable":true,"href":"https:\/\/bottesetvelo.com\/blog\/wp-json\/wp\/v2\/comments?post=3696"}],"version-history":[{"count":2,"href":"https:\/\/bottesetvelo.com\/blog\/wp-json\/wp\/v2\/posts\/3696\/revisions"}],"predecessor-version":[{"id":3702,"href":"https:\/\/bottesetvelo.com\/blog\/wp-json\/wp\/v2\/posts\/3696\/revisions\/3702"}],"wp:featuredmedia":[{"embeddable":true,"href":"https:\/\/bottesetvelo.com\/blog\/wp-json\/wp\/v2\/media\/3698"}],"wp:attachment":[{"href":"https:\/\/bottesetvelo.com\/blog\/wp-json\/wp\/v2\/media?parent=3696"}],"wp:term":[{"taxonomy":"category","embeddable":true,"href":"https:\/\/bottesetvelo.com\/blog\/wp-json\/wp\/v2\/categories?post=3696"},{"taxonomy":"post_tag","embeddable":true,"href":"https:\/\/bottesetvelo.com\/blog\/wp-json\/wp\/v2\/tags?post=3696"}],"curies":[{"name":"wp","href":"https:\/\/api.w.org\/{rel}","templated":true}]}}