{"id":3679,"date":"2019-03-22T07:00:41","date_gmt":"2019-03-22T11:00:41","guid":{"rendered":"http:\/\/bottesetvelo.com\/blog\/?p=3679"},"modified":"2019-03-21T22:04:07","modified_gmt":"2019-03-22T02:04:07","slug":"ces-pas-qui-racontent","status":"publish","type":"post","link":"https:\/\/bottesetvelo.com\/blog\/2019\/03\/22\/ces-pas-qui-racontent\/","title":{"rendered":"Ces pas qui racontent"},"content":{"rendered":"\n<blockquote style=\"text-align:right\" class=\"wp-block-quote is-layout-flow wp-block-quote-is-layout-flow\"><p> <br><em>Danser, c\u2019est comme parler en silence. <\/em><\/p><p><em>C\u2019est dire plein de choses sans dire un mot<\/em>.<\/p><cite> Yuri Buenaventura <\/cite><\/blockquote>\n\n\n\n<div class=\"wp-block-image\"><figure class=\"alignright is-resized\"><img data-recalc-dims=\"1\" loading=\"lazy\" decoding=\"async\" data-attachment-id=\"3680\" data-permalink=\"https:\/\/bottesetvelo.com\/blog\/2019\/03\/22\/ces-pas-qui-racontent\/beach-1868332_1920\/\" data-orig-file=\"https:\/\/i0.wp.com\/bottesetvelo.com\/blog\/wp-content\/uploads\/2019\/03\/beach-1868332_1920.jpg?fit=1920%2C1279&amp;ssl=1\" data-orig-size=\"1920,1279\" data-comments-opened=\"1\" data-image-meta=\"{&quot;aperture&quot;:&quot;1.8&quot;,&quot;credit&quot;:&quot;&quot;,&quot;camera&quot;:&quot;Canon EOS 6D&quot;,&quot;caption&quot;:&quot;&quot;,&quot;created_timestamp&quot;:&quot;0&quot;,&quot;copyright&quot;:&quot;&quot;,&quot;focal_length&quot;:&quot;35&quot;,&quot;iso&quot;:&quot;100&quot;,&quot;shutter_speed&quot;:&quot;0.0008&quot;,&quot;title&quot;:&quot;&quot;,&quot;orientation&quot;:&quot;0&quot;}\" data-image-title=\"beach-1868332_1920\" data-image-description=\"\" data-image-caption=\"\" data-large-file=\"https:\/\/i0.wp.com\/bottesetvelo.com\/blog\/wp-content\/uploads\/2019\/03\/beach-1868332_1920.jpg?fit=1024%2C682&amp;ssl=1\" src=\"https:\/\/i0.wp.com\/bottesetvelo.com\/blog\/wp-content\/uploads\/2019\/03\/beach-1868332_1920.jpg?resize=300%2C189&#038;ssl=1\" alt=\"\" class=\"wp-image-3680\" width=\"300\" height=\"189\"\/><\/figure><\/div>\n\n\n\n<p class=\"has-drop-cap has-medium-font-size\">Pas perdus. Pas press\u00e9s. Pas\ndansant. Pas qui mart\u00e8lent. Pas qui trainassent. Pas h\u00e9sitants. Pas reculants.\nPas qui pi\u00e9tinent. Pas divergents. Pas rassembleurs. Pas euphoriques. Pas\ninquiets. Notre mani\u00e8re de passer d\u2019un lieu \u00e0 un autre parle et dit plus qu\u2019on\nne pourrait l\u2019imaginer. En reliant des lieux entre eux, nos pas racontent des histoires.\nIls \u00e9crivent, gribouillent, raturent, sur les pages de la vie.<\/p>\n\n\n\n<p>Pourquoi \u00e9viter cette ruelle?\nQu\u2019est-ce qui attire de ce c\u00f4t\u00e9 de la rue? Qu\u2019est-ce qui fait bifurquer? Pourquoi\ncouper \u00e0 travers champ? Chacun de nos pas structure un langage qui nous \u00e9chappe.\nIls sont le mouvement d\u2019un dire \u00e9non\u00e7ant un \u00e9lan, une fuite, une joie, une\ncuriosit\u00e9. Que disent-ils? Que racontent-ils?<\/p>\n\n\n\n<div class=\"wp-block-image\"><figure class=\"alignright is-resized\"><img data-recalc-dims=\"1\" loading=\"lazy\" decoding=\"async\" data-attachment-id=\"3682\" data-permalink=\"https:\/\/bottesetvelo.com\/blog\/2019\/03\/22\/ces-pas-qui-racontent\/snow-1148946_1920\/\" data-orig-file=\"https:\/\/i0.wp.com\/bottesetvelo.com\/blog\/wp-content\/uploads\/2019\/03\/snow-1148946_1920.jpg?fit=1920%2C1281&amp;ssl=1\" data-orig-size=\"1920,1281\" data-comments-opened=\"1\" data-image-meta=\"{&quot;aperture&quot;:&quot;0&quot;,&quot;credit&quot;:&quot;&quot;,&quot;camera&quot;:&quot;&quot;,&quot;caption&quot;:&quot;&quot;,&quot;created_timestamp&quot;:&quot;0&quot;,&quot;copyright&quot;:&quot;&quot;,&quot;focal_length&quot;:&quot;0&quot;,&quot;iso&quot;:&quot;0&quot;,&quot;shutter_speed&quot;:&quot;0&quot;,&quot;title&quot;:&quot;&quot;,&quot;orientation&quot;:&quot;0&quot;}\" data-image-title=\"snow-1148946_1920\" data-image-description=\"\" data-image-caption=\"\" data-large-file=\"https:\/\/i0.wp.com\/bottesetvelo.com\/blog\/wp-content\/uploads\/2019\/03\/snow-1148946_1920.jpg?fit=1024%2C683&amp;ssl=1\" src=\"https:\/\/i0.wp.com\/bottesetvelo.com\/blog\/wp-content\/uploads\/2019\/03\/snow-1148946_1920.jpg?resize=300%2C192&#038;ssl=1\" alt=\"\" class=\"wp-image-3682\" width=\"300\" height=\"192\"\/><\/figure><\/div>\n\n\n\n<p>Chaque pas conduit quelque part et chacun circule \u00e0 sa fa\u00e7on.\nTant\u00f4t avides de solitude, parfois gourmands de rencontres; nos pas se lancent\nsur divers chemins qui se font voies d\u2019\u00e9vitement ou voies qui rassurent. Marchez-vous\nsur les pelouses ou suivez-vous les trottoirs? Vous est-il d\u00e9j\u00e0 arriv\u00e9 de sauter\nune cl\u00f4ture pour prendre un raccourci? \u00cates-vous press\u00e9 d\u2019arriver? Dans un\ngroupe, marchez-vous devant, au milieu, \u00e0 l\u2019arri\u00e8re? Quand vous marchez, vous\nfixez-vous des r\u00e8gles comme&nbsp;: \u00ab&nbsp;Au troisi\u00e8me poteau, je traverse&nbsp;\u00bb?\nVotre mani\u00e8re de marcher parle de votre relation au monde. Dans leurs \u00e9lans,\nnos pas racontent une mani\u00e8re d\u2019\u00eatre. Ils sont instruments de relation, avec\nl\u2019autre, avec l\u2019environnement. Nos pas ouvrent et cr\u00e9ent des espaces. Marcher\n\u00e9loigne ou rapproche. Mais de quoi au juste? Ce jeu de distance et de\nproximit\u00e9, je l\u2019installe par rapport \u00e0 quoi? \u00c0 qui? Pourquoi? <\/p>\n\n\n\n<p>In\u00e9vitablement, questionner notre marche met \u00e0 jour une part de\nnotre inconscient; car, il ne faut pas se leurrer, c\u2019est bien lui qui nous fait\nmarcher! Aussi ai-je besoin de recul pour lire mes all\u00e9es et venues. Michel de\nCerteau \u00e9crivait \u00ab&nbsp;le marcheur est l\u2019auteur d\u2019un texte qu\u2019il ne peut pas\nlire&nbsp;\u00bb. Tout comme le danseur ne peut voir sa danse dans l\u2019instant, le\nmarcheur est appel\u00e9 \u00e0 regarder derri\u00e8re pour voir le trajet parcouru. C\u2019est\ndans cet apr\u00e8s qu\u2019il pourra voir ce qui dicte ses pas.<\/p>\n\n\n\n<div class=\"wp-block-image\"><figure class=\"alignright is-resized\"><img loading=\"lazy\" decoding=\"async\" data-attachment-id=\"3683\" data-permalink=\"https:\/\/bottesetvelo.com\/blog\/2019\/03\/22\/ces-pas-qui-racontent\/shoes-770420_1920\/\" data-orig-file=\"https:\/\/i0.wp.com\/bottesetvelo.com\/blog\/wp-content\/uploads\/2019\/03\/shoes-770420_1920.jpg?fit=1920%2C1280&amp;ssl=1\" data-orig-size=\"1920,1280\" data-comments-opened=\"1\" data-image-meta=\"{&quot;aperture&quot;:&quot;0&quot;,&quot;credit&quot;:&quot;&quot;,&quot;camera&quot;:&quot;&quot;,&quot;caption&quot;:&quot;&quot;,&quot;created_timestamp&quot;:&quot;0&quot;,&quot;copyright&quot;:&quot;&quot;,&quot;focal_length&quot;:&quot;0&quot;,&quot;iso&quot;:&quot;0&quot;,&quot;shutter_speed&quot;:&quot;0&quot;,&quot;title&quot;:&quot;&quot;,&quot;orientation&quot;:&quot;0&quot;}\" data-image-title=\"shoes-770420_1920\" data-image-description=\"\" data-image-caption=\"\" data-large-file=\"https:\/\/i0.wp.com\/bottesetvelo.com\/blog\/wp-content\/uploads\/2019\/03\/shoes-770420_1920.jpg?fit=1024%2C683&amp;ssl=1\" src=\"https:\/\/i2.wp.com\/bottesetvelo.com\/blog\/wp-content\/uploads\/2019\/03\/shoes-770420_1920.jpg?fit=1024%2C683\" alt=\"\" class=\"wp-image-3683\" width=\"300\" height=\"195\"\/><\/figure><\/div>\n\n\n\n<p>Enfin, si les pas d\u00e9placent, ils ont aussi le potentiel de\nd\u00e9centrer. Le \u00ab&nbsp;je&nbsp;\u00bb marcheur est toujours d\u00e9plac\u00e9 dans son rapport \u00e0\nun \u00ab&nbsp;autre&nbsp;\u00bb, r\u00e9duisant ou augmentant l\u2019\u00e9cart entre eux. C\u2019est dans\nce rapport de distance que tout se joue. Chaque d\u00e9placement offre la\npossibilit\u00e9 d\u2019\u00eatre d\u00e9stabilis\u00e9, d\u2019accueillir du neuf, de s\u2019ouvrir \u00e0 de\nl\u2019inattendu. Trop pr\u00e8s, peut \u00eatre envahissant. Trop loin, peut sembler indiff\u00e9rent.\nAussi, dans la mouvance, m\u00eame de mes chemins les plus s\u00fbrs, l\u2019\u00e9cart est\nin\u00e9vitable. Il s\u2019inscrit en rupture avec soi-m\u00eame. C\u2019est chaque fois une part\nde soi qui se joue dans ce mouvement; une part de moi que je quitte.<\/p>\n\n\n\n<div class=\"wp-block-image\"><figure class=\"alignright is-resized\"><img data-recalc-dims=\"1\" loading=\"lazy\" decoding=\"async\" data-attachment-id=\"3248\" data-permalink=\"https:\/\/bottesetvelo.com\/blog\/2018\/03\/30\/comme-un-grand-silence\/bottes-et-velo-embleme-3\/\" data-orig-file=\"https:\/\/i0.wp.com\/bottesetvelo.com\/blog\/wp-content\/uploads\/2018\/03\/Bottes-et-V%C3%A9lo-Embl%C3%AAme-1-e1522416719670.png?fit=100%2C79&amp;ssl=1\" data-orig-size=\"100,79\" data-comments-opened=\"1\" data-image-meta=\"{&quot;aperture&quot;:&quot;0&quot;,&quot;credit&quot;:&quot;&quot;,&quot;camera&quot;:&quot;&quot;,&quot;caption&quot;:&quot;&quot;,&quot;created_timestamp&quot;:&quot;0&quot;,&quot;copyright&quot;:&quot;&quot;,&quot;focal_length&quot;:&quot;0&quot;,&quot;iso&quot;:&quot;0&quot;,&quot;shutter_speed&quot;:&quot;0&quot;,&quot;title&quot;:&quot;&quot;,&quot;orientation&quot;:&quot;0&quot;}\" data-image-title=\"Bottes et V\u00e9lo &amp;#8211; Embl\u00eame\" data-image-description=\"\" data-image-caption=\"\" data-large-file=\"https:\/\/i0.wp.com\/bottesetvelo.com\/blog\/wp-content\/uploads\/2018\/03\/Bottes-et-V%C3%A9lo-Embl%C3%AAme-1-e1522416719670.png?fit=100%2C79&amp;ssl=1\" src=\"https:\/\/i0.wp.com\/bottesetvelo.com\/blog\/wp-content\/uploads\/2018\/03\/Bottes-et-V%C3%A9lo-Embl%C3%AAme-1-e1522416719670.png?resize=72%2C57&#038;ssl=1\" alt=\"\" class=\"wp-image-3248\" width=\"72\" height=\"57\"\/><\/figure><\/div>\n\n\n\n<p>\u00c9ric Lalibert\u00e9<\/p>\n","protected":false},"excerpt":{"rendered":"<p>Pas perdus. Pas press\u00e9s. Pas dansant. Pas qui mart\u00e8lent. Pas qui trainassent. Pas h\u00e9sitants. Pas reculants. Pas qui pi\u00e9tinent. Pas divergents. Pas rassembleurs. Pas euphoriques. Pas inquiets. Notre mani\u00e8re de passer d\u2019un lieu \u00e0 un autre parle et dit plus qu\u2019on ne pourrait l\u2019imaginer. En reliant des lieux entre eux, nos pas racontent des histoires. Ils \u00e9crivent, gribouillent, raturent, sur les pages de la vie.<\/p>\n","protected":false},"author":3,"featured_media":3680,"comment_status":"open","ping_status":"open","sticky":false,"template":"","format":"standard","meta":{"jetpack_post_was_ever_published":false,"_jetpack_newsletter_access":"","_jetpack_dont_email_post_to_subs":false,"_jetpack_newsletter_tier_id":0,"_jetpack_memberships_contains_paywalled_content":false,"_jetpack_memberships_contains_paid_content":false,"footnotes":"","jetpack_publicize_message":"Ces pas qui racontent\nEn reliant des lieux entre eux, nos pas #racontent des #histoires. Ils \u00e9crivent, gribouillent, raturent, sur les #pages de la #vie.","jetpack_publicize_feature_enabled":true,"jetpack_social_post_already_shared":true,"jetpack_social_options":{"image_generator_settings":{"template":"highway","default_image_id":0,"font":"","enabled":false},"version":2}},"categories":[50,379,3],"tags":[545,201,254,547,546],"class_list":["post-3679","post","type-post","status-publish","format-standard","has-post-thumbnail","hentry","category-art-de-vivre","category-chemin-de-transformation","category-reflexions","tag-decentrer-de-soi","tag-deplacement","tag-marcher","tag-raconter","tag-rencontrer-lautre"],"jetpack_publicize_connections":[],"jetpack_featured_media_url":"https:\/\/i0.wp.com\/bottesetvelo.com\/blog\/wp-content\/uploads\/2019\/03\/beach-1868332_1920.jpg?fit=1920%2C1279&ssl=1","jetpack_shortlink":"https:\/\/wp.me\/p4eY6z-Xl","jetpack_sharing_enabled":true,"jetpack_likes_enabled":true,"jetpack-related-posts":[],"_links":{"self":[{"href":"https:\/\/bottesetvelo.com\/blog\/wp-json\/wp\/v2\/posts\/3679","targetHints":{"allow":["GET"]}}],"collection":[{"href":"https:\/\/bottesetvelo.com\/blog\/wp-json\/wp\/v2\/posts"}],"about":[{"href":"https:\/\/bottesetvelo.com\/blog\/wp-json\/wp\/v2\/types\/post"}],"author":[{"embeddable":true,"href":"https:\/\/bottesetvelo.com\/blog\/wp-json\/wp\/v2\/users\/3"}],"replies":[{"embeddable":true,"href":"https:\/\/bottesetvelo.com\/blog\/wp-json\/wp\/v2\/comments?post=3679"}],"version-history":[{"count":4,"href":"https:\/\/bottesetvelo.com\/blog\/wp-json\/wp\/v2\/posts\/3679\/revisions"}],"predecessor-version":[{"id":3690,"href":"https:\/\/bottesetvelo.com\/blog\/wp-json\/wp\/v2\/posts\/3679\/revisions\/3690"}],"wp:featuredmedia":[{"embeddable":true,"href":"https:\/\/bottesetvelo.com\/blog\/wp-json\/wp\/v2\/media\/3680"}],"wp:attachment":[{"href":"https:\/\/bottesetvelo.com\/blog\/wp-json\/wp\/v2\/media?parent=3679"}],"wp:term":[{"taxonomy":"category","embeddable":true,"href":"https:\/\/bottesetvelo.com\/blog\/wp-json\/wp\/v2\/categories?post=3679"},{"taxonomy":"post_tag","embeddable":true,"href":"https:\/\/bottesetvelo.com\/blog\/wp-json\/wp\/v2\/tags?post=3679"}],"curies":[{"name":"wp","href":"https:\/\/api.w.org\/{rel}","templated":true}]}}