{"id":366,"date":"2014-03-06T19:00:27","date_gmt":"2014-03-07T00:00:27","guid":{"rendered":"http:\/\/bottesetvelo.com\/blog\/?p=366"},"modified":"2014-03-06T17:59:55","modified_gmt":"2014-03-06T22:59:55","slug":"mars-la-librairie-du-pelerin-vous-propose-trois-titres","status":"publish","type":"post","link":"https:\/\/bottesetvelo.com\/blog\/2014\/03\/06\/mars-la-librairie-du-pelerin-vous-propose-trois-titres\/","title":{"rendered":"Mars: La librairie du p\u00e8lerin vous propose trois titres"},"content":{"rendered":"<h2 style=\"text-align: left;\"><a title=\"Bottes et V\u00e9lo - La librairie du p\u00e8lerin\" href=\"http:\/\/bottesetvelo.com\/bottes-et-velo-librairie\"><img data-recalc-dims=\"1\" loading=\"lazy\" decoding=\"async\" data-attachment-id=\"367\" data-permalink=\"https:\/\/bottesetvelo.com\/blog\/2014\/03\/06\/mars-la-librairie-du-pelerin-vous-propose-trois-titres\/librairie-parution-de-mars\/\" data-orig-file=\"https:\/\/i0.wp.com\/bottesetvelo.com\/blog\/wp-content\/uploads\/2014\/03\/Librairie-Parution-de-mars.jpg?fit=934%2C468&amp;ssl=1\" data-orig-size=\"934,468\" data-comments-opened=\"1\" data-image-meta=\"{&quot;aperture&quot;:&quot;0&quot;,&quot;credit&quot;:&quot;Rouni et Rico&quot;,&quot;camera&quot;:&quot;&quot;,&quot;caption&quot;:&quot;&quot;,&quot;created_timestamp&quot;:&quot;1394102391&quot;,&quot;copyright&quot;:&quot;&quot;,&quot;focal_length&quot;:&quot;0&quot;,&quot;iso&quot;:&quot;0&quot;,&quot;shutter_speed&quot;:&quot;0&quot;,&quot;title&quot;:&quot;&quot;}\" data-image-title=\"Librairie &amp;#8211; Parution de mars\" data-image-description=\"\" data-image-caption=\"\" data-large-file=\"https:\/\/i0.wp.com\/bottesetvelo.com\/blog\/wp-content\/uploads\/2014\/03\/Librairie-Parution-de-mars.jpg?fit=934%2C468&amp;ssl=1\" class=\"size-medium wp-image-367 aligncenter\" alt=\"Librairie - Parution de mars\" src=\"https:\/\/i0.wp.com\/bottesetvelo.com\/blog\/wp-content\/uploads\/2014\/03\/Librairie-Parution-de-mars.jpg?resize=500%2C250&#038;ssl=1\" width=\"500\" height=\"250\" srcset=\"https:\/\/i0.wp.com\/bottesetvelo.com\/blog\/wp-content\/uploads\/2014\/03\/Librairie-Parution-de-mars.jpg?resize=500%2C250&amp;ssl=1 500w, https:\/\/i0.wp.com\/bottesetvelo.com\/blog\/wp-content\/uploads\/2014\/03\/Librairie-Parution-de-mars.jpg?resize=624%2C312&amp;ssl=1 624w, https:\/\/i0.wp.com\/bottesetvelo.com\/blog\/wp-content\/uploads\/2014\/03\/Librairie-Parution-de-mars.jpg?w=934&amp;ssl=1 934w\" sizes=\"auto, (max-width: 500px) 100vw, 500px\" \/><\/a><strong>Faire confiance \u00e0 la vie &#8211; Hans K\u00fcng<\/strong><\/h2>\n<p style=\"text-align: justify;\">\u00ab J\u2019\u00e9cris pour des hommes qui sont en recherche. Ceux qui ne savent que faire avec la foi traditionnelle de provenance romaine ou protestante. Ceux qui pourtant ne sont pas non plus satisfaits de leur incroyance ou de leurs doutes. Ceux qui ne se contentent pas d\u2019une \u00ab\u00a0spiritualit\u00e9 de bien-\u00eatre\u00a0\u00bb ou ne demandent pas une \u00ab\u00a0b\u00e9quille existentielle\u00a0\u00bb \u00e0 court terme. J\u2019\u00e9cris aussi pour tous ceux qui <a title=\"Bottes et V\u00e9lo - La librairie du p\u00e8lerin\" href=\"http:\/\/bottesetvelo.com\/bottes-et-velo-librairie\"><img data-recalc-dims=\"1\" loading=\"lazy\" decoding=\"async\" data-attachment-id=\"368\" data-permalink=\"https:\/\/bottesetvelo.com\/blog\/2014\/03\/06\/mars-la-librairie-du-pelerin-vous-propose-trois-titres\/kung-faire-confiance-a-la-vie\/\" data-orig-file=\"https:\/\/i0.wp.com\/bottesetvelo.com\/blog\/wp-content\/uploads\/2014\/03\/Kung-Faire-confiance-%C3%A0-la-vie.jpg?fit=210%2C303&amp;ssl=1\" data-orig-size=\"210,303\" data-comments-opened=\"1\" data-image-meta=\"{&quot;aperture&quot;:&quot;0&quot;,&quot;credit&quot;:&quot;Rouni et Rico&quot;,&quot;camera&quot;:&quot;&quot;,&quot;caption&quot;:&quot;&quot;,&quot;created_timestamp&quot;:&quot;1394101200&quot;,&quot;copyright&quot;:&quot;&quot;,&quot;focal_length&quot;:&quot;0&quot;,&quot;iso&quot;:&quot;0&quot;,&quot;shutter_speed&quot;:&quot;0&quot;,&quot;title&quot;:&quot;&quot;}\" data-image-title=\"Kung &amp;#8211; Faire confiance \u00e0 la vie\" data-image-description=\"\" data-image-caption=\"\" data-large-file=\"https:\/\/i0.wp.com\/bottesetvelo.com\/blog\/wp-content\/uploads\/2014\/03\/Kung-Faire-confiance-%C3%A0-la-vie.jpg?fit=210%2C303&amp;ssl=1\" class=\"wp-image-368 alignright\" alt=\"Kung - Faire confiance \u00e0 la vie\" src=\"https:\/\/i0.wp.com\/bottesetvelo.com\/blog\/wp-content\/uploads\/2014\/03\/Kung-Faire-confiance-%C3%A0-la-vie.jpg?resize=177%2C256&#038;ssl=1\" width=\"177\" height=\"256\" \/><\/a>vivent leur foi, mais veulent pouvoir en rendre compte. Ceux qui ne se contentent pas de \u00ab\u00a0croire\u00a0\u00bb, mais encore veulent \u00ab\u00a0savoir\u00a0\u00bb et donc attendent une conception de la foi fond\u00e9e du point de vue philosophique, th\u00e9ologique, ex\u00e9g\u00e9tique et historique, avec des cons\u00e9quences pratiques. \u00bbPrenant pour th\u00e8me central la \u00ab vie \u00bb, le \u00ab vivre \u00bb, K\u00fcng en d\u00e9ploie les diverses facettes : confiance dans la vie, joie de vivre, chemin de vie, sens de la vie, raisons de vivre, souffrance de vivre, art de vivre&#8230; Un livre inhabituel de Hans K\u00fcng : livre de sagesse, de spiritualit\u00e9, de s\u00e9r\u00e9nit\u00e9, de foi, de r\u00e9capitulation \u2014 d\u2019un contestataire dans l\u2019\u00c9glise parvenu \u00e0 la \u00ab\u00a0neuvi\u00e8me d\u00e9cennie\u00a0\u00bb de sa vie.<\/p>\n<h2 style=\"text-align: justify;\">Trop vite! &#8211; Jean-Louis Servan-Schreiber<\/h2>\n<p style=\"text-align: justify;\"><a title=\"Bottes et V\u00e9lo - La librairie du p\u00e8lerin\" href=\"http:\/\/bottesetvelo.com\/bottes-et-velo-librairie\"><img data-recalc-dims=\"1\" loading=\"lazy\" decoding=\"async\" data-attachment-id=\"369\" data-permalink=\"https:\/\/bottesetvelo.com\/blog\/2014\/03\/06\/mars-la-librairie-du-pelerin-vous-propose-trois-titres\/servan-schreiber-trop-vite\/\" data-orig-file=\"https:\/\/i0.wp.com\/bottesetvelo.com\/blog\/wp-content\/uploads\/2014\/03\/Servan-Schreiber-Trop-vite.jpg?fit=184%2C283&amp;ssl=1\" data-orig-size=\"184,283\" data-comments-opened=\"1\" data-image-meta=\"{&quot;aperture&quot;:&quot;0&quot;,&quot;credit&quot;:&quot;Rouni et Rico&quot;,&quot;camera&quot;:&quot;&quot;,&quot;caption&quot;:&quot;&quot;,&quot;created_timestamp&quot;:&quot;1394100482&quot;,&quot;copyright&quot;:&quot;&quot;,&quot;focal_length&quot;:&quot;0&quot;,&quot;iso&quot;:&quot;0&quot;,&quot;shutter_speed&quot;:&quot;0&quot;,&quot;title&quot;:&quot;&quot;}\" data-image-title=\"Servan-Schreiber &amp;#8211; Trop vite\" data-image-description=\"\" data-image-caption=\"\" data-large-file=\"https:\/\/i0.wp.com\/bottesetvelo.com\/blog\/wp-content\/uploads\/2014\/03\/Servan-Schreiber-Trop-vite.jpg?fit=184%2C283&amp;ssl=1\" class=\" wp-image-369 alignright\" alt=\"Servan-Schreiber - Trop vite\" src=\"https:\/\/i0.wp.com\/bottesetvelo.com\/blog\/wp-content\/uploads\/2014\/03\/Servan-Schreiber-Trop-vite.jpg?resize=162%2C249&#038;ssl=1\" width=\"162\" height=\"249\" \/><\/a>Aujourd&rsquo;hui, non seulement chacun a l&rsquo;impression de manquer de temps, mais c&rsquo;est toute notre soci\u00e9t\u00e9 qui en souffre. Et les cons\u00e9quences deviennent de plus en plus lourdes. L&rsquo;urgence de l&rsquo;action, de la d\u00e9cision, domine l&rsquo;horizon des dirigeants, comme des citoyens que nous sommes. Il en r\u00e9sulte un nouveau syndrome: le \u00abcourt-termisme\u00bb, qui affecte la politique, l&rsquo;\u00e9conomie, le rythme de nos vies et, plus grave encore, notre rapport \u00e0 l&rsquo;environnement. Cette enqu\u00eate et les t\u00e9moignages que l&rsquo;on y trouve ont pour but d&rsquo;aider chacun de nous \u00e0 prendre conscience de cette redoutable spirale pour essayer d&rsquo;en sortir.<\/p>\n<h2 style=\"text-align: justify;\">Le Why Caf\u00e9 &#8211; John P. Strelecky<\/h2>\n<p style=\"text-align: justify;\"><a title=\"Bottes et V\u00e9lo - La librairie du p\u00e8lerin\" href=\"http:\/\/bottesetvelo.com\/bottes-et-velo-librairie\"><img data-recalc-dims=\"1\" loading=\"lazy\" decoding=\"async\" data-attachment-id=\"370\" data-permalink=\"https:\/\/bottesetvelo.com\/blog\/2014\/03\/06\/mars-la-librairie-du-pelerin-vous-propose-trois-titres\/strelecky-le-why-cafe\/\" data-orig-file=\"https:\/\/i0.wp.com\/bottesetvelo.com\/blog\/wp-content\/uploads\/2014\/03\/Strelecky-Le-Why-Caf%C3%A9.jpg?fit=213%2C303&amp;ssl=1\" data-orig-size=\"213,303\" data-comments-opened=\"1\" data-image-meta=\"{&quot;aperture&quot;:&quot;0&quot;,&quot;credit&quot;:&quot;Rouni et Rico&quot;,&quot;camera&quot;:&quot;&quot;,&quot;caption&quot;:&quot;&quot;,&quot;created_timestamp&quot;:&quot;0&quot;,&quot;copyright&quot;:&quot;&quot;,&quot;focal_length&quot;:&quot;0&quot;,&quot;iso&quot;:&quot;0&quot;,&quot;shutter_speed&quot;:&quot;0&quot;,&quot;title&quot;:&quot;&quot;}\" data-image-title=\"Strelecky &amp;#8211; Le Why Caf\u00e9\" data-image-description=\"\" data-image-caption=\"\" data-large-file=\"https:\/\/i0.wp.com\/bottesetvelo.com\/blog\/wp-content\/uploads\/2014\/03\/Strelecky-Le-Why-Caf%C3%A9.jpg?fit=213%2C303&amp;ssl=1\" class=\" wp-image-370 alignright\" alt=\"Strelecky - Le Why Caf\u00e9\" src=\"https:\/\/i0.wp.com\/bottesetvelo.com\/blog\/wp-content\/uploads\/2014\/03\/Strelecky-Le-Why-Caf%C3%A9.jpg?resize=166%2C236&#038;ssl=1\" width=\"166\" height=\"236\" \/><\/a>Pour fuir le stress et la pression au travail et dans la vie quotidienne, John prend la route pour quelques jours de vacances. Retard\u00e9 par un accident, il se voit contraint de modifier son itin\u00e9raire et d&#8217;emprunter un chemin inconnu et isol\u00e9 sur lequel il se perd. Contre toute attente, alors qu&rsquo;il est sur le point de manquer d&rsquo;essence et qu&rsquo;il est affam\u00e9, il aboutit \u00e0 un caf\u00e9 au milieu de nulle part et dans lequel il fait la connaissance de trois personnes qui l&rsquo;am\u00e8neront \u00e0 r\u00e9fl\u00e9chir sur la vie d&rsquo;un point de vue diff\u00e9rent. Mais surtout, il d\u00e9couvre sur le menu du caf\u00e9 trois questions qui le porteront \u00e0 r\u00e9\u00e9valuer sa propre existence : Pourquoi \u00eates-vous ici? Craignez-vous la mort? \u00cates-vous pleinement \u00e9panoui? De discussion en discussion, de r\u00e9flexion en r\u00e9flexion, l&rsquo;homme voit sa vision de la vie se transformer. Lorsqu&rsquo;il quitte le caf\u00e9, tard dans la nuit, il sait qu&rsquo;il ne sera plus jamais le m\u00eame homme et que sa vie vient de prendre un tournant majeur. Bestseller international vendu \u00e0 plus de 300,000 exemplaires et traduit en 18 langues, Le Why caf\u00e9 est une histoire au sujet des occasions que l&rsquo;on trouve \u00e0 la crois\u00e9e des chemins. Ce livre, v\u00e9ritable ph\u00e9nom\u00e8ne international de l&rsquo;\u00e9dition, inspirera les lecteurs qui, dans la foul\u00e9e du personnage principal, partiront eux aussi \u00e0 la d\u00e9couverte d&rsquo;eux-m\u00eames et transformeront leur propre existence.<\/p>\n","protected":false},"excerpt":{"rendered":"<p>Faire confiance \u00e0 la vie &#8211; Hans K\u00fcng \u00ab J\u2019\u00e9cris pour des hommes qui sont en recherche. Ceux qui ne savent que faire avec la foi traditionnelle de provenance romaine ou protestante. Ceux qui pourtant ne sont pas non plus satisfaits de leur incroyance ou de leurs doutes. Ceux qui ne se contentent pas d\u2019une&hellip;<\/p>\n","protected":false},"author":1,"featured_media":0,"comment_status":"open","ping_status":"open","sticky":false,"template":"","format":"standard","meta":{"jetpack_post_was_ever_published":false,"_jetpack_newsletter_access":"","_jetpack_dont_email_post_to_subs":false,"_jetpack_newsletter_tier_id":0,"_jetpack_memberships_contains_paywalled_content":false,"_jetpack_memberships_contains_paid_content":false,"footnotes":"","jetpack_publicize_message":"","jetpack_publicize_feature_enabled":true,"jetpack_social_post_already_shared":true,"jetpack_social_options":{"image_generator_settings":{"template":"highway","default_image_id":0,"font":"","enabled":false},"version":2}},"categories":[8],"tags":[43,45,46,47,42,35,38,44],"class_list":["post-366","post","type-post","status-publish","format-standard","hentry","category-revue-litteraire","tag-faire-confiance-a-la-vie","tag-hans-kung","tag-jean-louis-servan-schreiber","tag-john-p-strelecky","tag-le-why-cafe","tag-livre","tag-reflexion","tag-trop-vite"],"jetpack_publicize_connections":[],"jetpack_featured_media_url":"","jetpack_shortlink":"https:\/\/wp.me\/p4eY6z-5U","jetpack_sharing_enabled":true,"jetpack_likes_enabled":true,"jetpack-related-posts":[],"_links":{"self":[{"href":"https:\/\/bottesetvelo.com\/blog\/wp-json\/wp\/v2\/posts\/366","targetHints":{"allow":["GET"]}}],"collection":[{"href":"https:\/\/bottesetvelo.com\/blog\/wp-json\/wp\/v2\/posts"}],"about":[{"href":"https:\/\/bottesetvelo.com\/blog\/wp-json\/wp\/v2\/types\/post"}],"author":[{"embeddable":true,"href":"https:\/\/bottesetvelo.com\/blog\/wp-json\/wp\/v2\/users\/1"}],"replies":[{"embeddable":true,"href":"https:\/\/bottesetvelo.com\/blog\/wp-json\/wp\/v2\/comments?post=366"}],"version-history":[{"count":1,"href":"https:\/\/bottesetvelo.com\/blog\/wp-json\/wp\/v2\/posts\/366\/revisions"}],"predecessor-version":[{"id":371,"href":"https:\/\/bottesetvelo.com\/blog\/wp-json\/wp\/v2\/posts\/366\/revisions\/371"}],"wp:attachment":[{"href":"https:\/\/bottesetvelo.com\/blog\/wp-json\/wp\/v2\/media?parent=366"}],"wp:term":[{"taxonomy":"category","embeddable":true,"href":"https:\/\/bottesetvelo.com\/blog\/wp-json\/wp\/v2\/categories?post=366"},{"taxonomy":"post_tag","embeddable":true,"href":"https:\/\/bottesetvelo.com\/blog\/wp-json\/wp\/v2\/tags?post=366"}],"curies":[{"name":"wp","href":"https:\/\/api.w.org\/{rel}","templated":true}]}}