{"id":3655,"date":"2019-03-08T07:00:48","date_gmt":"2019-03-08T12:00:48","guid":{"rendered":"http:\/\/bottesetvelo.com\/blog\/?p=3655"},"modified":"2019-03-07T20:21:02","modified_gmt":"2019-03-08T01:21:02","slug":"peleriner-entre-solitude-et-rencontre","status":"publish","type":"post","link":"https:\/\/bottesetvelo.com\/blog\/2019\/03\/08\/peleriner-entre-solitude-et-rencontre\/","title":{"rendered":"P\u00e8leriner entre solitude et rencontre"},"content":{"rendered":"\n<blockquote style=\"text-align:right\" class=\"wp-block-quote is-layout-flow wp-block-quote-is-layout-flow\"><p><em>C\u2019est la nuit qu\u2019il est beau de croire \u00e0 la lumi\u00e8re.<\/em> <\/p><cite>Edmond Rostand<\/cite><\/blockquote>\n\n\n\n<p class=\"has-text-color has-drop-cap has-very-dark-gray-color\"><strong>La richesse d\u2019un p\u00e8lerinage nait des rencontres qui s\u2019y vivent. \u00c9ph\u00e9m\u00e8res, spontan\u00e9es, profondes, sinc\u00e8res, ces relations durent le temps qu\u2019elles passent. Certaines seront courtes, et d\u2019autres s\u2019\u00e9tireront dans le temps, allant au-del\u00e0 du chemin. Mais qu\u2019est-ce qui rend ces rencontres m\u00e9morables? Pourquoi sont-elles si marquantes?<\/strong><\/p>\n\n\n\n<figure class=\"wp-block-image\"><img data-recalc-dims=\"1\" loading=\"lazy\" decoding=\"async\" width=\"1024\" height=\"768\" data-attachment-id=\"3660\" data-permalink=\"https:\/\/bottesetvelo.com\/blog\/2019\/03\/08\/peleriner-entre-solitude-et-rencontre\/dscn0470-3-2\/\" data-orig-file=\"https:\/\/i0.wp.com\/bottesetvelo.com\/blog\/wp-content\/uploads\/2019\/03\/DSCN0470-3.jpg?fit=4608%2C3456&amp;ssl=1\" data-orig-size=\"4608,3456\" data-comments-opened=\"1\" data-image-meta=\"{&quot;aperture&quot;:&quot;4.2&quot;,&quot;credit&quot;:&quot;&quot;,&quot;camera&quot;:&quot;COOLPIX S9900&quot;,&quot;caption&quot;:&quot;&quot;,&quot;created_timestamp&quot;:&quot;1466282272&quot;,&quot;copyright&quot;:&quot;&quot;,&quot;focal_length&quot;:&quot;7.6&quot;,&quot;iso&quot;:&quot;125&quot;,&quot;shutter_speed&quot;:&quot;0.0166666666667&quot;,&quot;title&quot;:&quot;&quot;,&quot;orientation&quot;:&quot;1&quot;}\" data-image-title=\"DSCN0470 (3)\" data-image-description=\"\" data-image-caption=\"\" data-large-file=\"https:\/\/i0.wp.com\/bottesetvelo.com\/blog\/wp-content\/uploads\/2019\/03\/DSCN0470-3.jpg?fit=1024%2C768&amp;ssl=1\" src=\"https:\/\/i0.wp.com\/bottesetvelo.com\/blog\/wp-content\/uploads\/2019\/03\/DSCN0470-3.jpg?resize=1024%2C768&#038;ssl=1\" alt=\"\" class=\"wp-image-3660\" srcset=\"https:\/\/i0.wp.com\/bottesetvelo.com\/blog\/wp-content\/uploads\/2019\/03\/DSCN0470-3.jpg?resize=1024%2C768&amp;ssl=1 1024w, https:\/\/i0.wp.com\/bottesetvelo.com\/blog\/wp-content\/uploads\/2019\/03\/DSCN0470-3.jpg?resize=500%2C375&amp;ssl=1 500w, https:\/\/i0.wp.com\/bottesetvelo.com\/blog\/wp-content\/uploads\/2019\/03\/DSCN0470-3.jpg?resize=768%2C576&amp;ssl=1 768w, https:\/\/i0.wp.com\/bottesetvelo.com\/blog\/wp-content\/uploads\/2019\/03\/DSCN0470-3.jpg?resize=120%2C90&amp;ssl=1 120w, https:\/\/i0.wp.com\/bottesetvelo.com\/blog\/wp-content\/uploads\/2019\/03\/DSCN0470-3.jpg?w=2340&amp;ssl=1 2340w, https:\/\/i0.wp.com\/bottesetvelo.com\/blog\/wp-content\/uploads\/2019\/03\/DSCN0470-3.jpg?w=3510&amp;ssl=1 3510w\" sizes=\"auto, (max-width: 1024px) 100vw, 1024px\" \/><\/figure>\n\n\n\n<p class=\"has-text-color has-very-dark-gray-color\"><strong>Sur le chemin, tout est mouvement.<\/strong> Certaines personnes rencontr\u00e9es en d\u00e9but de parcours ne recroiseront plus notre route, tandis que d\u2019autres r\u00e9apparaitront au d\u00e9tour d\u2019un village. Parfois un simple \u00ab&nbsp;bonjour!&nbsp;\u00bb sera \u00e9chang\u00e9. Alors qu\u2019avec d\u2019autres, on choisira de partager quelques kilom\u00e8tres, quelques minutes ou quelques heures. Le temps d\u2019un caf\u00e9 ou le reste du voyage. Plus la relation est longue et plus nos paroles nous r\u00e9v\u00e8lent. On se d\u00e9nude. On s\u2019expose. Vuln\u00e9rable devant cette personne qui nous est pourtant \u00e9trang\u00e8re. <\/p>\n\n\n\n<div class=\"wp-block-image\"><figure class=\"alignright\"><img data-recalc-dims=\"1\" loading=\"lazy\" decoding=\"async\" width=\"1024\" height=\"768\" data-attachment-id=\"3657\" data-permalink=\"https:\/\/bottesetvelo.com\/blog\/2019\/03\/08\/peleriner-entre-solitude-et-rencontre\/dscn0522\/\" data-orig-file=\"https:\/\/i0.wp.com\/bottesetvelo.com\/blog\/wp-content\/uploads\/2019\/03\/DSCN0522.jpg?fit=4608%2C3456&amp;ssl=1\" data-orig-size=\"4608,3456\" data-comments-opened=\"1\" data-image-meta=\"{&quot;aperture&quot;:&quot;6&quot;,&quot;credit&quot;:&quot;&quot;,&quot;camera&quot;:&quot;COOLPIX S9900&quot;,&quot;caption&quot;:&quot;&quot;,&quot;created_timestamp&quot;:&quot;1466340912&quot;,&quot;copyright&quot;:&quot;&quot;,&quot;focal_length&quot;:&quot;12.6&quot;,&quot;iso&quot;:&quot;125&quot;,&quot;shutter_speed&quot;:&quot;0.0125&quot;,&quot;title&quot;:&quot;&quot;,&quot;orientation&quot;:&quot;1&quot;}\" data-image-title=\"DSCN0522\" data-image-description=\"\" data-image-caption=\"\" data-large-file=\"https:\/\/i0.wp.com\/bottesetvelo.com\/blog\/wp-content\/uploads\/2019\/03\/DSCN0522.jpg?fit=1024%2C768&amp;ssl=1\" src=\"https:\/\/i0.wp.com\/bottesetvelo.com\/blog\/wp-content\/uploads\/2019\/03\/DSCN0522.jpg?resize=1024%2C768&#038;ssl=1\" alt=\"\" class=\"wp-image-3657\" srcset=\"https:\/\/i0.wp.com\/bottesetvelo.com\/blog\/wp-content\/uploads\/2019\/03\/DSCN0522.jpg?resize=1024%2C768&amp;ssl=1 1024w, https:\/\/i0.wp.com\/bottesetvelo.com\/blog\/wp-content\/uploads\/2019\/03\/DSCN0522.jpg?resize=500%2C375&amp;ssl=1 500w, https:\/\/i0.wp.com\/bottesetvelo.com\/blog\/wp-content\/uploads\/2019\/03\/DSCN0522.jpg?resize=768%2C576&amp;ssl=1 768w, https:\/\/i0.wp.com\/bottesetvelo.com\/blog\/wp-content\/uploads\/2019\/03\/DSCN0522.jpg?resize=120%2C90&amp;ssl=1 120w, https:\/\/i0.wp.com\/bottesetvelo.com\/blog\/wp-content\/uploads\/2019\/03\/DSCN0522.jpg?w=2340&amp;ssl=1 2340w, https:\/\/i0.wp.com\/bottesetvelo.com\/blog\/wp-content\/uploads\/2019\/03\/DSCN0522.jpg?w=3510&amp;ssl=1 3510w\" sizes=\"auto, (max-width: 1024px) 100vw, 1024px\" \/><\/figure><\/div>\n\n\n\n<p>Les journ\u00e9es oscillent entre les temps de marche solitaire et les temps de contact humain. <strong>C\u2019est de ces temps de solitude que germe le d\u00e9sir de rencontrer.<\/strong> Rassasi\u00e9 de silence et de paix int\u00e9rieure durant sa marche, le p\u00e8lerin accueille l\u2019arriv\u00e9e dans le village comme un plaisir de retrouver l\u2019autre. Sans attaches, sans obligations, il a le pouvoir de choisir ce qu\u2019il veut vivre comme rapport \u00e0 l\u2019autre. Chaque rencontre a un d\u00e9but, une fin et donc une dur\u00e9e. Voyageant seul et \u00e9tant constamment en d\u00e9placement, le p\u00e8lerin arrive et quitte \u00e0 sa guise. Son rythme de marche donne la cadence aux rencontres. Repu de certains \u00e9changes, il quitte l\u2019autre pour continuer sa route seul. Avide de vivre davantage de temps avec cette autre personne, il se permettra d\u2019\u00e9tirer ce temps en sa compagnie. &nbsp;<\/p>\n\n\n\n<figure class=\"wp-block-image\"><img loading=\"lazy\" decoding=\"async\" width=\"2694\" height=\"993\" data-attachment-id=\"3658\" data-permalink=\"https:\/\/bottesetvelo.com\/blog\/2019\/03\/08\/peleriner-entre-solitude-et-rencontre\/2017-07-03-14-27-36-2-2\/\" data-orig-file=\"https:\/\/i0.wp.com\/bottesetvelo.com\/blog\/wp-content\/uploads\/2019\/03\/2017-07-03-14.27.36-2.jpg?fit=2694%2C993&amp;ssl=1\" data-orig-size=\"2694,993\" data-comments-opened=\"1\" data-image-meta=\"{&quot;aperture&quot;:&quot;2&quot;,&quot;credit&quot;:&quot;&quot;,&quot;camera&quot;:&quot;SM-A500W&quot;,&quot;caption&quot;:&quot;&quot;,&quot;created_timestamp&quot;:&quot;1499092056&quot;,&quot;copyright&quot;:&quot;&quot;,&quot;focal_length&quot;:&quot;3.69&quot;,&quot;iso&quot;:&quot;50&quot;,&quot;shutter_speed&quot;:&quot;0.000233045910044&quot;,&quot;title&quot;:&quot;&quot;,&quot;orientation&quot;:&quot;1&quot;}\" data-image-title=\"2017-07-03 14.27.36 (2)\" data-image-description=\"\" data-image-caption=\"\" data-large-file=\"https:\/\/i0.wp.com\/bottesetvelo.com\/blog\/wp-content\/uploads\/2019\/03\/2017-07-03-14.27.36-2.jpg?fit=1024%2C377&amp;ssl=1\" src=\"https:\/\/i0.wp.com\/bottesetvelo.com\/blog\/wp-content\/uploads\/2019\/03\/2017-07-03-14.27.36-2.jpg?fit=1024%2C377\" alt=\"\" class=\"wp-image-3658\" srcset=\"https:\/\/i0.wp.com\/bottesetvelo.com\/blog\/wp-content\/uploads\/2019\/03\/2017-07-03-14.27.36-2.jpg?w=2694&amp;ssl=1 2694w, https:\/\/i0.wp.com\/bottesetvelo.com\/blog\/wp-content\/uploads\/2019\/03\/2017-07-03-14.27.36-2.jpg?resize=500%2C184&amp;ssl=1 500w, https:\/\/i0.wp.com\/bottesetvelo.com\/blog\/wp-content\/uploads\/2019\/03\/2017-07-03-14.27.36-2.jpg?resize=768%2C283&amp;ssl=1 768w, https:\/\/i0.wp.com\/bottesetvelo.com\/blog\/wp-content\/uploads\/2019\/03\/2017-07-03-14.27.36-2.jpg?resize=1024%2C377&amp;ssl=1 1024w, https:\/\/i0.wp.com\/bottesetvelo.com\/blog\/wp-content\/uploads\/2019\/03\/2017-07-03-14.27.36-2.jpg?w=2340&amp;ssl=1 2340w\" sizes=\"auto, (max-width: 1170px) 100vw, 1170px\" \/><\/figure>\n\n\n\n<p>Dans notre quotidien, nous sommes satur\u00e9s de rapports humains. Ces relations sont class\u00e9es, \u00e9tiquet\u00e9es m\u00eame parfois hi\u00e9rarchis\u00e9es. Celui-ci est une connaissance, un coll\u00e8gue de travail, une fr\u00e9quentation. Cet autre est un ami. Lui, mon \u00ab&nbsp;meilleur&nbsp;\u00bb ami. La relation vient avec des obligations, voire m\u00eame des incontournables. \u00ab&nbsp;On se connait depuis la maternelle&nbsp;\u00bb. \u00ab&nbsp;Elle a toujours \u00e9t\u00e9 l\u00e0 pour moi&nbsp;\u00bb. \u00ab&nbsp;J\u2019\u00e9tais \u00e0 son mariage&nbsp;\u00bb. <strong>Plusieurs relations ne sont pas reconsid\u00e9r\u00e9es, s\u2019\u00e9tirent au-del\u00e0 de leur date de p\u00e9remption.<\/strong> Les rencontres ne sont plus forc\u00e9ment faites par plaisir. Plusieurs surviennent par obligations, par devoir. On se sent redevable \u00e0 l\u2019autre. Les temps de r\u00e9elle solitude sont rares. Entre le travail, les enfants, le couple, les amis et les activit\u00e9s sociales, il reste peu de temps pour \u00eatre seul avec soi. <\/p>\n\n\n\n<p>Et pour certaines personnes, il en va tout autrement. Leur quotidien est\ntout \u00e0 fait le contraire. Les temps de solitude sont tellement nombreux. Sans travail,\nsans conjoint, seul \u00e0 la maison, le temps parait interminable. La vie manque un\npeu de vie. Alors on fait du b\u00e9n\u00e9volat, on s\u2019inscrit \u00e0 des cours de yoga, de\npeinture, de natation. On lance des invitations pour se retrouver entre amis ou\nen famille. On cr\u00e9e des occasions pour se nourrir et savourer le plaisir d\u2019\u00eatre\navec l\u2019autre. <\/p>\n\n\n\n<figure class=\"wp-block-image\"><img loading=\"lazy\" decoding=\"async\" width=\"4032\" height=\"1960\" data-attachment-id=\"3663\" data-permalink=\"https:\/\/bottesetvelo.com\/blog\/2019\/03\/08\/peleriner-entre-solitude-et-rencontre\/2018-09-20-08-41-30\/\" data-orig-file=\"https:\/\/i0.wp.com\/bottesetvelo.com\/blog\/wp-content\/uploads\/2019\/03\/2018-09-20-08.41.30.jpg?fit=4032%2C1960&amp;ssl=1\" data-orig-size=\"4032,1960\" data-comments-opened=\"1\" data-image-meta=\"{&quot;aperture&quot;:&quot;1.7&quot;,&quot;credit&quot;:&quot;&quot;,&quot;camera&quot;:&quot;SM-G950W&quot;,&quot;caption&quot;:&quot;&quot;,&quot;created_timestamp&quot;:&quot;1537432890&quot;,&quot;copyright&quot;:&quot;&quot;,&quot;focal_length&quot;:&quot;4.25&quot;,&quot;iso&quot;:&quot;50&quot;,&quot;shutter_speed&quot;:&quot;0.00125&quot;,&quot;title&quot;:&quot;&quot;,&quot;orientation&quot;:&quot;1&quot;}\" data-image-title=\"2018-09-20 08.41.30\" data-image-description=\"\" data-image-caption=\"\" data-large-file=\"https:\/\/i0.wp.com\/bottesetvelo.com\/blog\/wp-content\/uploads\/2019\/03\/2018-09-20-08.41.30.jpg?fit=1024%2C498&amp;ssl=1\" src=\"https:\/\/i1.wp.com\/bottesetvelo.com\/blog\/wp-content\/uploads\/2019\/03\/2018-09-20-08.41.30.jpg?fit=1024%2C498\" alt=\"\" class=\"wp-image-3663\" srcset=\"https:\/\/i0.wp.com\/bottesetvelo.com\/blog\/wp-content\/uploads\/2019\/03\/2018-09-20-08.41.30.jpg?w=4032&amp;ssl=1 4032w, https:\/\/i0.wp.com\/bottesetvelo.com\/blog\/wp-content\/uploads\/2019\/03\/2018-09-20-08.41.30.jpg?resize=500%2C243&amp;ssl=1 500w, https:\/\/i0.wp.com\/bottesetvelo.com\/blog\/wp-content\/uploads\/2019\/03\/2018-09-20-08.41.30.jpg?resize=768%2C373&amp;ssl=1 768w, https:\/\/i0.wp.com\/bottesetvelo.com\/blog\/wp-content\/uploads\/2019\/03\/2018-09-20-08.41.30.jpg?resize=1024%2C498&amp;ssl=1 1024w, https:\/\/i0.wp.com\/bottesetvelo.com\/blog\/wp-content\/uploads\/2019\/03\/2018-09-20-08.41.30.jpg?w=2340&amp;ssl=1 2340w, https:\/\/i0.wp.com\/bottesetvelo.com\/blog\/wp-content\/uploads\/2019\/03\/2018-09-20-08.41.30.jpg?w=3510&amp;ssl=1 3510w\" sizes=\"auto, (max-width: 1170px) 100vw, 1170px\" \/><\/figure>\n\n\n\n<p>La richesse des rencontres r\u00e9side dans cet \u00e9quilibre entre temps de solitude et temps avec l\u2019autre. Lorsque la rencontre r\u00e9pond \u00e0 mon d\u00e9sir d\u2019\u00eatre avec l\u2019autre, elle prend tout son sens. On est alors ouvert, disponible, dispos\u00e9, r\u00e9ceptif, \u00e0 accueillir ce qu\u2019elle nous r\u00e9serve de bon. <strong>La force du p\u00e8lerin est d\u2019avoir le privil\u00e8ge de pouvoir d\u00e9terminer son \u00ab&nbsp;juste assez&nbsp;\u00bb pour ne pas tomber dans le manque ou dans l\u2019exc\u00e8s. <\/strong>Ce \u00ab&nbsp;juste assez&nbsp;\u00bb entre solitude et compagnie qui lui est propre et qui nourrit sainement son \u00e2me. <\/p>\n\n\n\n<div class=\"wp-block-image\"><figure class=\"alignright\"><img data-recalc-dims=\"1\" loading=\"lazy\" decoding=\"async\" width=\"100\" height=\"79\" data-attachment-id=\"3248\" data-permalink=\"https:\/\/bottesetvelo.com\/blog\/2018\/03\/30\/comme-un-grand-silence\/bottes-et-velo-embleme-3\/\" data-orig-file=\"https:\/\/i0.wp.com\/bottesetvelo.com\/blog\/wp-content\/uploads\/2018\/03\/Bottes-et-V%C3%A9lo-Embl%C3%AAme-1-e1522416719670.png?fit=100%2C79&amp;ssl=1\" data-orig-size=\"100,79\" data-comments-opened=\"1\" data-image-meta=\"{&quot;aperture&quot;:&quot;0&quot;,&quot;credit&quot;:&quot;&quot;,&quot;camera&quot;:&quot;&quot;,&quot;caption&quot;:&quot;&quot;,&quot;created_timestamp&quot;:&quot;0&quot;,&quot;copyright&quot;:&quot;&quot;,&quot;focal_length&quot;:&quot;0&quot;,&quot;iso&quot;:&quot;0&quot;,&quot;shutter_speed&quot;:&quot;0&quot;,&quot;title&quot;:&quot;&quot;,&quot;orientation&quot;:&quot;0&quot;}\" data-image-title=\"Bottes et V\u00e9lo &amp;#8211; Embl\u00eame\" data-image-description=\"\" data-image-caption=\"\" data-large-file=\"https:\/\/i0.wp.com\/bottesetvelo.com\/blog\/wp-content\/uploads\/2018\/03\/Bottes-et-V%C3%A9lo-Embl%C3%AAme-1-e1522416719670.png?fit=100%2C79&amp;ssl=1\" src=\"https:\/\/i0.wp.com\/bottesetvelo.com\/blog\/wp-content\/uploads\/2018\/03\/Bottes-et-V%C3%A9lo-Embl%C3%AAme-1-e1522416719670.png?resize=100%2C79&#038;ssl=1\" alt=\"\" class=\"wp-image-3248\"\/><\/figure><\/div>\n\n\n\n<p>Brigitte Harouni<\/p>\n","protected":false},"excerpt":{"rendered":"<p>C\u2019est la nuit qu\u2019il est beau de croire \u00e0 la lumi\u00e8re. Edmond Rostand La richesse d\u2019un p\u00e8lerinage nait des rencontres qui s\u2019y vivent. \u00c9ph\u00e9m\u00e8res, spontan\u00e9es, profondes, sinc\u00e8res, ces relations durent le temps qu\u2019elles passent. Certaines seront courtes, et d\u2019autres s\u2019\u00e9tireront dans le temps, allant au-del\u00e0 du chemin. Mais qu\u2019est-ce qui rend ces rencontres m\u00e9morables? Pourquoi&hellip;<\/p>\n","protected":false},"author":2,"featured_media":0,"comment_status":"open","ping_status":"open","sticky":false,"template":"","format":"standard","meta":{"jetpack_post_was_ever_published":false,"_jetpack_newsletter_access":"","_jetpack_dont_email_post_to_subs":false,"_jetpack_newsletter_tier_id":0,"_jetpack_memberships_contains_paywalled_content":false,"_jetpack_memberships_contains_paid_content":false,"footnotes":"","jetpack_publicize_message":"P\u00e8leriner entre #solitude et #rencontre.\nLa richesse d\u2019un #p\u00e8lerinage nait des rencontres qui s\u2019y vivent. Mais qu\u2019est-ce qui rend ces rencontres m\u00e9morables? Pourquoi sont-elles si marquantes?","jetpack_publicize_feature_enabled":true,"jetpack_social_post_already_shared":true,"jetpack_social_options":{"image_generator_settings":{"template":"highway","default_image_id":0,"font":"","enabled":false},"version":2}},"categories":[50,39,171,3],"tags":[104,539,541,538],"class_list":["post-3655","post","type-post","status-publish","format-standard","hentry","category-art-de-vivre","category-croissance-personnelle","category-pelerinage","category-reflexions","tag-relation","tag-rencontres","tag-significatif","tag-solitude"],"jetpack_publicize_connections":[],"jetpack_featured_media_url":"","jetpack_shortlink":"https:\/\/wp.me\/p4eY6z-WX","jetpack_sharing_enabled":true,"jetpack_likes_enabled":true,"jetpack-related-posts":[],"_links":{"self":[{"href":"https:\/\/bottesetvelo.com\/blog\/wp-json\/wp\/v2\/posts\/3655","targetHints":{"allow":["GET"]}}],"collection":[{"href":"https:\/\/bottesetvelo.com\/blog\/wp-json\/wp\/v2\/posts"}],"about":[{"href":"https:\/\/bottesetvelo.com\/blog\/wp-json\/wp\/v2\/types\/post"}],"author":[{"embeddable":true,"href":"https:\/\/bottesetvelo.com\/blog\/wp-json\/wp\/v2\/users\/2"}],"replies":[{"embeddable":true,"href":"https:\/\/bottesetvelo.com\/blog\/wp-json\/wp\/v2\/comments?post=3655"}],"version-history":[{"count":5,"href":"https:\/\/bottesetvelo.com\/blog\/wp-json\/wp\/v2\/posts\/3655\/revisions"}],"predecessor-version":[{"id":3668,"href":"https:\/\/bottesetvelo.com\/blog\/wp-json\/wp\/v2\/posts\/3655\/revisions\/3668"}],"wp:attachment":[{"href":"https:\/\/bottesetvelo.com\/blog\/wp-json\/wp\/v2\/media?parent=3655"}],"wp:term":[{"taxonomy":"category","embeddable":true,"href":"https:\/\/bottesetvelo.com\/blog\/wp-json\/wp\/v2\/categories?post=3655"},{"taxonomy":"post_tag","embeddable":true,"href":"https:\/\/bottesetvelo.com\/blog\/wp-json\/wp\/v2\/tags?post=3655"}],"curies":[{"name":"wp","href":"https:\/\/api.w.org\/{rel}","templated":true}]}}