{"id":3649,"date":"2019-03-07T10:43:05","date_gmt":"2019-03-07T15:43:05","guid":{"rendered":"http:\/\/bottesetvelo.com\/blog\/?p=3649"},"modified":"2019-03-07T11:44:11","modified_gmt":"2019-03-07T16:44:11","slug":"les-guides-du-pelerin-2019","status":"publish","type":"post","link":"https:\/\/bottesetvelo.com\/blog\/2019\/03\/07\/les-guides-du-pelerin-2019\/","title":{"rendered":"Les guides du p\u00e8lerin 2019"},"content":{"rendered":"\n<p class=\"has-drop-cap\">Le p\u00e8lerinage peut se vivre de diverses mani\u00e8res: en groupe, seul, \u00e0 pied, \u00e0 v\u00e9lo, \u00e0 cheval, de mani\u00e8re organis\u00e9e&#8230; ou autonome. Bottes et V\u00e9lo d\u00e9sire favoriser la pratique p\u00e8lerine autonome en d\u00e9mocratisant l&rsquo;exercice afin de rendre accessible les diff\u00e9rents chemins de p\u00e8lerinage existant au Qu\u00e9bec.  Nos crit\u00e8res : le chemin est public, il offre les services n\u00e9cessaires pour vivre l&rsquo;exp\u00e9rience p\u00e8lerine et il n&rsquo;a pas de guide pour orienter et soutenir le p\u00e8lerin dans sa d\u00e9marche.<\/p>\n\n\n\n<p style=\"text-align:right\" class=\"has-medium-font-size\"><a href=\"http:\/\/bottesetvelo.com\/index.php\/les-guides-du-pelerin\/\"><strong>Les guides du p\u00e8lerin 2019<\/strong><\/a><\/p>\n\n\n\n<div class=\"wp-block-image\"><figure class=\"alignright is-resized\"><img loading=\"lazy\" decoding=\"async\" data-attachment-id=\"3651\" data-permalink=\"https:\/\/bottesetvelo.com\/blog\/2019\/03\/07\/les-guides-du-pelerin-2019\/la-voie-du-st-laurent-couverture-2019\/\" data-orig-file=\"https:\/\/i0.wp.com\/bottesetvelo.com\/blog\/wp-content\/uploads\/2019\/03\/La-Voie-du-St-Laurent-Couverture-2019.png?fit=834%2C1056&amp;ssl=1\" data-orig-size=\"834,1056\" data-comments-opened=\"1\" data-image-meta=\"{&quot;aperture&quot;:&quot;0&quot;,&quot;credit&quot;:&quot;&quot;,&quot;camera&quot;:&quot;&quot;,&quot;caption&quot;:&quot;&quot;,&quot;created_timestamp&quot;:&quot;0&quot;,&quot;copyright&quot;:&quot;&quot;,&quot;focal_length&quot;:&quot;0&quot;,&quot;iso&quot;:&quot;0&quot;,&quot;shutter_speed&quot;:&quot;0&quot;,&quot;title&quot;:&quot;&quot;,&quot;orientation&quot;:&quot;0&quot;}\" data-image-title=\"La Voie du St-Laurent &amp;#8211; Couverture 2019\" data-image-description=\"\" data-image-caption=\"\" data-large-file=\"https:\/\/i0.wp.com\/bottesetvelo.com\/blog\/wp-content\/uploads\/2019\/03\/La-Voie-du-St-Laurent-Couverture-2019.png?fit=809%2C1024&amp;ssl=1\" src=\"https:\/\/i2.wp.com\/bottesetvelo.com\/blog\/wp-content\/uploads\/2019\/03\/La-Voie-du-St-Laurent-Couverture-2019.png?fit=809%2C1024\" alt=\"\" class=\"wp-image-3651\" width=\"239\" height=\"302\" srcset=\"https:\/\/i0.wp.com\/bottesetvelo.com\/blog\/wp-content\/uploads\/2019\/03\/La-Voie-du-St-Laurent-Couverture-2019.png?w=834&amp;ssl=1 834w, https:\/\/i0.wp.com\/bottesetvelo.com\/blog\/wp-content\/uploads\/2019\/03\/La-Voie-du-St-Laurent-Couverture-2019.png?resize=395%2C500&amp;ssl=1 395w, https:\/\/i0.wp.com\/bottesetvelo.com\/blog\/wp-content\/uploads\/2019\/03\/La-Voie-du-St-Laurent-Couverture-2019.png?resize=768%2C972&amp;ssl=1 768w, https:\/\/i0.wp.com\/bottesetvelo.com\/blog\/wp-content\/uploads\/2019\/03\/La-Voie-du-St-Laurent-Couverture-2019.png?resize=809%2C1024&amp;ssl=1 809w\" sizes=\"auto, (max-width: 239px) 100vw, 239px\" \/><figcaption>Les guides du p\u00e8lerin 2019, avec liste d&rsquo;h\u00e9bergements r\u00e9vis\u00e9e, sont maintenant disponible!<\/figcaption><\/figure><\/div>\n\n\n\n<p>Le p\u00e8lerinage est un exercice libre et tout chemin se doit d&rsquo;\u00eatre accessible \u00e0 tous! Aussi, chaque ann\u00e9e, nous mettons \u00e0 jour les <a href=\"http:\/\/bottesetvelo.com\/index.php\/les-guides-du-pelerin\/\"><strong>guides du p\u00e8lerin<\/strong><\/a>, que nous offrons gratuitement en r\u00e9visant les listes d&rsquo;h\u00e9bergements. (Si certaines informations venaient \u00e0 nous \u00e9chapper, merci de nous en aviser.) <\/p>\n\n\n\n<blockquote class=\"wp-block-quote is-layout-flow wp-block-quote-is-layout-flow\"><p>L&rsquo;an dernier, vous avez \u00e9t\u00e9 plus de 1000 \u00e0 t\u00e9l\u00e9charger nos guides! C&rsquo;est dire combien l&rsquo;activit\u00e9 est florissante au Qu\u00e9bec!<\/p><\/blockquote>\n\n\n\n<p>Le p\u00e8lerinage de longue randonn\u00e9e est un exercice qui touche et rejoint de plus en plus de gens, un exercice qui enrichit toutes les facettes de notre humanit\u00e9: physique, psychique et spirituelle. Comme le yoga, il se d\u00e9veloppe ind\u00e9pendamment de toutes structures religieuses, tout en continuant de d\u00e9velopper l&rsquo;art de vivre qu&rsquo;il pr\u00e9suppose. Le p\u00e8lerinage se la\u00efcise, tout en conservant sa spiritualit\u00e9.<\/p>\n\n\n\n<p>N&rsquo;oubliez pas de jeter un oeil sur notre section <strong><a href=\"http:\/\/bottesetvelo.com\/index.php\/les-guides-du-pelerin\/autres-pelerinages-autonomes\/\">\u00ab\u00a0Autres p\u00e8lerinages autonomes\u00a0\u00bb<\/a><\/strong>. Elle contient diff\u00e9rents parcours en Am\u00e9rique du Nord offrant un guide les rendant accessibles de mani\u00e8re autonome. Cette ann\u00e9e nous avons ajout\u00e9 \u00e0 notre liste, le Greenway, un parcours de sentiers p\u00e9destres et de pistes cyclables qui va de l&rsquo;\u00e9tat du Maine jusqu&rsquo;\u00e0 la Floride, en longeant la C\u00f4te Est. Magnifique parcours \u00e0 r\u00e9aliser!<\/p>\n\n\n\n<p>Enfin, pour 2019, nous vous souhaitons des routes et des parcours qui sauront r\u00e9pondre \u00e0 vos attentes; des chemins de rencontres signifiantes et du temps pour les appr\u00e9cier!<\/p>\n\n\n\n<p>Bonne saison p\u00e8lerine 2019!<\/p>\n\n\n\n<div class=\"wp-block-image\"><figure class=\"alignright\"><img data-recalc-dims=\"1\" loading=\"lazy\" decoding=\"async\" width=\"100\" height=\"79\" data-attachment-id=\"3248\" data-permalink=\"https:\/\/bottesetvelo.com\/blog\/2018\/03\/30\/comme-un-grand-silence\/bottes-et-velo-embleme-3\/\" data-orig-file=\"https:\/\/i0.wp.com\/bottesetvelo.com\/blog\/wp-content\/uploads\/2018\/03\/Bottes-et-V%C3%A9lo-Embl%C3%AAme-1-e1522416719670.png?fit=100%2C79&amp;ssl=1\" data-orig-size=\"100,79\" data-comments-opened=\"1\" data-image-meta=\"{&quot;aperture&quot;:&quot;0&quot;,&quot;credit&quot;:&quot;&quot;,&quot;camera&quot;:&quot;&quot;,&quot;caption&quot;:&quot;&quot;,&quot;created_timestamp&quot;:&quot;0&quot;,&quot;copyright&quot;:&quot;&quot;,&quot;focal_length&quot;:&quot;0&quot;,&quot;iso&quot;:&quot;0&quot;,&quot;shutter_speed&quot;:&quot;0&quot;,&quot;title&quot;:&quot;&quot;,&quot;orientation&quot;:&quot;0&quot;}\" data-image-title=\"Bottes et V\u00e9lo &amp;#8211; Embl\u00eame\" data-image-description=\"\" data-image-caption=\"\" data-large-file=\"https:\/\/i0.wp.com\/bottesetvelo.com\/blog\/wp-content\/uploads\/2018\/03\/Bottes-et-V%C3%A9lo-Embl%C3%AAme-1-e1522416719670.png?fit=100%2C79&amp;ssl=1\" src=\"https:\/\/i0.wp.com\/bottesetvelo.com\/blog\/wp-content\/uploads\/2018\/03\/Bottes-et-V%C3%A9lo-Embl%C3%AAme-1-e1522416719670.png?resize=100%2C79&#038;ssl=1\" alt=\"\" class=\"wp-image-3248\"\/><\/figure><\/div>\n\n\n\n<p>\u00c9ric Lalibert\u00e9 et Brigitte Harouni<br><\/p>\n","protected":false},"excerpt":{"rendered":"<p>Le p\u00e8lerinage peut se vivre de diverses mani\u00e8res: en groupe, seul, \u00e0 pied, \u00e0 v\u00e9lo, \u00e0 cheval, de mani\u00e8re organis\u00e9e&#8230; ou autonome. Bottes et V\u00e9lo d\u00e9sire favoriser la pratique p\u00e8lerine autonome en d\u00e9mocratisant l&rsquo;exercice afin de rendre accessible les diff\u00e9rents chemins de p\u00e8lerinage existant au Qu\u00e9bec. Nos crit\u00e8res : le chemin est public, il offre&hellip;<\/p>\n","protected":false},"author":1,"featured_media":3170,"comment_status":"open","ping_status":"open","sticky":false,"template":"","format":"standard","meta":{"jetpack_post_was_ever_published":false,"_jetpack_newsletter_access":"","_jetpack_dont_email_post_to_subs":false,"_jetpack_newsletter_tier_id":0,"_jetpack_memberships_contains_paywalled_content":false,"_jetpack_memberships_contains_paid_content":false,"footnotes":"","jetpack_publicize_message":"Les guides du p\u00e8lerin 2019!\nPour favoriser l'autonomie du #p\u00e8lerinage de longue #randonn\u00e9e au #Qu\u00e9bec.\n@RandoQuebec @GeoPleinAir_ @radiocamino @PelerinsCompos @tourismgaspesie @ATRIM @QuebecVacances @TourismRimouski @TourismeOttawa @Mauricie @TourismeBSL","jetpack_publicize_feature_enabled":true,"jetpack_social_post_already_shared":true,"jetpack_social_options":{"image_generator_settings":{"template":"highway","default_image_id":0,"font":"","enabled":false},"version":2}},"categories":[176],"tags":[177,57,14,92,19,537],"class_list":["post-3649","post","type-post","status-publish","format-standard","has-post-thumbnail","hentry","category-guides-du-pelerin","tag-chemins-de-pelerinage","tag-guide-du-pelerin","tag-marche","tag-piste-cyclable","tag-randonnee","tag-sentier-pedestre"],"jetpack_publicize_connections":[],"jetpack_featured_media_url":"https:\/\/i0.wp.com\/bottesetvelo.com\/blog\/wp-content\/uploads\/2018\/01\/DSCN3287-2.jpg?fit=3186%2C1564&ssl=1","jetpack_shortlink":"https:\/\/wp.me\/p4eY6z-WR","jetpack_sharing_enabled":true,"jetpack_likes_enabled":true,"jetpack-related-posts":[],"_links":{"self":[{"href":"https:\/\/bottesetvelo.com\/blog\/wp-json\/wp\/v2\/posts\/3649","targetHints":{"allow":["GET"]}}],"collection":[{"href":"https:\/\/bottesetvelo.com\/blog\/wp-json\/wp\/v2\/posts"}],"about":[{"href":"https:\/\/bottesetvelo.com\/blog\/wp-json\/wp\/v2\/types\/post"}],"author":[{"embeddable":true,"href":"https:\/\/bottesetvelo.com\/blog\/wp-json\/wp\/v2\/users\/1"}],"replies":[{"embeddable":true,"href":"https:\/\/bottesetvelo.com\/blog\/wp-json\/wp\/v2\/comments?post=3649"}],"version-history":[{"count":2,"href":"https:\/\/bottesetvelo.com\/blog\/wp-json\/wp\/v2\/posts\/3649\/revisions"}],"predecessor-version":[{"id":3654,"href":"https:\/\/bottesetvelo.com\/blog\/wp-json\/wp\/v2\/posts\/3649\/revisions\/3654"}],"wp:featuredmedia":[{"embeddable":true,"href":"https:\/\/bottesetvelo.com\/blog\/wp-json\/wp\/v2\/media\/3170"}],"wp:attachment":[{"href":"https:\/\/bottesetvelo.com\/blog\/wp-json\/wp\/v2\/media?parent=3649"}],"wp:term":[{"taxonomy":"category","embeddable":true,"href":"https:\/\/bottesetvelo.com\/blog\/wp-json\/wp\/v2\/categories?post=3649"},{"taxonomy":"post_tag","embeddable":true,"href":"https:\/\/bottesetvelo.com\/blog\/wp-json\/wp\/v2\/tags?post=3649"}],"curies":[{"name":"wp","href":"https:\/\/api.w.org\/{rel}","templated":true}]}}