{"id":3613,"date":"2019-02-08T07:00:33","date_gmt":"2019-02-08T12:00:33","guid":{"rendered":"http:\/\/bottesetvelo.com\/blog\/?p=3613"},"modified":"2019-02-07T11:20:28","modified_gmt":"2019-02-07T16:20:28","slug":"un-espace-temps-dincubation","status":"publish","type":"post","link":"https:\/\/bottesetvelo.com\/blog\/2019\/02\/08\/un-espace-temps-dincubation\/","title":{"rendered":"Un espace-temps d\u2019incubation"},"content":{"rendered":"\n<p style=\"text-align:right\" class=\"has-small-font-size\"><em><strong>Qu&rsquo;est-ce que l&rsquo;impossible ? C&rsquo;est le f\u0153tus du possible. La nature fait la gestation, les g\u00e9nies font l&rsquo;accouchement.<\/strong><\/em> <\/p>\n\n\n\n<p style=\"text-align:right\" class=\"has-small-font-size\"><strong><em>Victor Hugo<\/em><\/strong> <\/p>\n\n\n\n<p><em><strong> <\/strong><\/em><\/p>\n\n\n\n<p>Dans un monde o\u00f9 tout va de plus\nen plus vite et o\u00f9 efficacit\u00e9 rime avec rapidit\u00e9 d\u2019ex\u00e9cution, prendre une pause\nest bien mal per\u00e7u; \u00eatre \u00e0 la derni\u00e8re minute est un d\u00e9faut; \u00eatre lent devient\nun irritant pour autrui; s\u2019amuser et ne rien faire de constructif fait naitre\nun sentiment de culpabilit\u00e9. Pourtant, plusieurs \u00e9tudes le d\u00e9montrent bien, pour\n\u00eatre cr\u00e9atif et productif, il est b\u00e9n\u00e9fique d\u2019offrir des temps de loisir et de\nsaine d\u00e9tente \u00e0 notre cerveau. <\/p>\n\n\n\n<figure class=\"wp-block-image\"><img data-recalc-dims=\"1\" loading=\"lazy\" decoding=\"async\" width=\"1024\" height=\"768\" data-attachment-id=\"3341\" data-permalink=\"https:\/\/bottesetvelo.com\/blog\/2018\/06\/08\/bien-plus-quune-simple-marche\/2017-07-10-13-54-33\/\" data-orig-file=\"https:\/\/i0.wp.com\/bottesetvelo.com\/blog\/wp-content\/uploads\/2018\/06\/2017-07-10-13.54.33.jpg?fit=3264%2C2448&amp;ssl=1\" data-orig-size=\"3264,2448\" data-comments-opened=\"1\" data-image-meta=\"{&quot;aperture&quot;:&quot;2&quot;,&quot;credit&quot;:&quot;&quot;,&quot;camera&quot;:&quot;SM-A500W&quot;,&quot;caption&quot;:&quot;&quot;,&quot;created_timestamp&quot;:&quot;1499694873&quot;,&quot;copyright&quot;:&quot;&quot;,&quot;focal_length&quot;:&quot;3.69&quot;,&quot;iso&quot;:&quot;50&quot;,&quot;shutter_speed&quot;:&quot;0.000720461095101&quot;,&quot;title&quot;:&quot;&quot;,&quot;orientation&quot;:&quot;1&quot;}\" data-image-title=\"Bottes et V\u00e9lo &amp;#8211; \u00celes-de-la-Madeleine\" data-image-description=\"\" data-image-caption=\"\" data-large-file=\"https:\/\/i0.wp.com\/bottesetvelo.com\/blog\/wp-content\/uploads\/2018\/06\/2017-07-10-13.54.33.jpg?fit=1024%2C768&amp;ssl=1\" src=\"https:\/\/i0.wp.com\/bottesetvelo.com\/blog\/wp-content\/uploads\/2018\/06\/2017-07-10-13.54.33.jpg?resize=1024%2C768&#038;ssl=1\" alt=\"\" class=\"wp-image-3341\" srcset=\"https:\/\/i0.wp.com\/bottesetvelo.com\/blog\/wp-content\/uploads\/2018\/06\/2017-07-10-13.54.33.jpg?resize=1024%2C768&amp;ssl=1 1024w, https:\/\/i0.wp.com\/bottesetvelo.com\/blog\/wp-content\/uploads\/2018\/06\/2017-07-10-13.54.33.jpg?resize=500%2C375&amp;ssl=1 500w, https:\/\/i0.wp.com\/bottesetvelo.com\/blog\/wp-content\/uploads\/2018\/06\/2017-07-10-13.54.33.jpg?resize=768%2C576&amp;ssl=1 768w, https:\/\/i0.wp.com\/bottesetvelo.com\/blog\/wp-content\/uploads\/2018\/06\/2017-07-10-13.54.33.jpg?w=2340&amp;ssl=1 2340w\" sizes=\"auto, (max-width: 1024px) 100vw, 1024px\" \/><\/figure>\n\n\n\n<p>Face \u00e0 une situation dans\nlaquelle vous avez l\u2019impression de tourner en rond, quand les solutions rapides\nparaissent d\u00e9su\u00e8tes et ne vous s\u00e9duisent pas, il peut \u00eatre avantageux de tout\nlaisser en plan et d\u2019aller vous changer les id\u00e9es. Ce temps d\u2019arr\u00eat qui peut\nsembler aux yeux de certains \u00eatre de la d\u00e9responsabilisation, de la procrastination,\nvoire une perte de temps, permet pourtant \u00e0 celui qui le vit de trouver des\nr\u00e9ponses plus cr\u00e9atives et efficaces. Ce temps de recul, permet de cueillir un\nplus vaste \u00e9ventail de possibilit\u00e9s de solutions, de laisser \u00e9merger des id\u00e9es\nalternatives, parfois m\u00eame un peu folles. M\u00eame sans chercher activement, un\ntravail continue de se faire dans l\u2019arri\u00e8re-boutique de votre cerveau. Vous\n\u00eates en train de couver quelque chose!<\/p>\n\n\n\n<p>Certains s\u2019\u00e9vaderont \u00e0 travers\nles arts ou les sports, en dansant, en jouant grattant la guitare, en faisant\nde la photo, en joggant, en jouant au hockey&#8230; Pour d\u2019autres, la r\u00e9alisation\nmanuelle offrira cet espace de repos&nbsp;: restauration de meubles, travail du\nbois, couture, jardinage, r\u00e9alisation culinaire, m\u00e9canique des moteurs\u2026. Mais\nquand le quotidien embrouille et embrume nos pens\u00e9es, s\u2019extraire physiquement de\nson monde devient la solution pour y voir plus clair. <\/p>\n\n\n\n<figure class=\"wp-block-image\"><img data-recalc-dims=\"1\" loading=\"lazy\" decoding=\"async\" width=\"1024\" height=\"768\" data-attachment-id=\"3239\" data-permalink=\"https:\/\/bottesetvelo.com\/blog\/2018\/03\/16\/cet-ete-marchez-local\/dscn4114\/\" data-orig-file=\"https:\/\/i0.wp.com\/bottesetvelo.com\/blog\/wp-content\/uploads\/2018\/03\/DSCN4114.jpg?fit=4504%2C3377&amp;ssl=1\" data-orig-size=\"4504,3377\" data-comments-opened=\"1\" data-image-meta=\"{&quot;aperture&quot;:&quot;5&quot;,&quot;credit&quot;:&quot;&quot;,&quot;camera&quot;:&quot;COOLPIX S9900&quot;,&quot;caption&quot;:&quot;&quot;,&quot;created_timestamp&quot;:&quot;1505735264&quot;,&quot;copyright&quot;:&quot;&quot;,&quot;focal_length&quot;:&quot;14.9&quot;,&quot;iso&quot;:&quot;125&quot;,&quot;shutter_speed&quot;:&quot;0.00625&quot;,&quot;title&quot;:&quot;&quot;,&quot;orientation&quot;:&quot;1&quot;}\" data-image-title=\"Bottes et V\u00e9lo &amp;#8211; La Voie du Saint-Laurent\" data-image-description=\"\" data-image-caption=\"\" data-large-file=\"https:\/\/i0.wp.com\/bottesetvelo.com\/blog\/wp-content\/uploads\/2018\/03\/DSCN4114.jpg?fit=1024%2C768&amp;ssl=1\" src=\"https:\/\/i0.wp.com\/bottesetvelo.com\/blog\/wp-content\/uploads\/2018\/03\/DSCN4114.jpg?resize=1024%2C768&#038;ssl=1\" alt=\"\" class=\"wp-image-3239\" srcset=\"https:\/\/i0.wp.com\/bottesetvelo.com\/blog\/wp-content\/uploads\/2018\/03\/DSCN4114.jpg?resize=1024%2C768&amp;ssl=1 1024w, https:\/\/i0.wp.com\/bottesetvelo.com\/blog\/wp-content\/uploads\/2018\/03\/DSCN4114.jpg?resize=500%2C375&amp;ssl=1 500w, https:\/\/i0.wp.com\/bottesetvelo.com\/blog\/wp-content\/uploads\/2018\/03\/DSCN4114.jpg?resize=768%2C576&amp;ssl=1 768w, https:\/\/i0.wp.com\/bottesetvelo.com\/blog\/wp-content\/uploads\/2018\/03\/DSCN4114.jpg?w=2340&amp;ssl=1 2340w, https:\/\/i0.wp.com\/bottesetvelo.com\/blog\/wp-content\/uploads\/2018\/03\/DSCN4114.jpg?w=3510&amp;ssl=1 3510w\" sizes=\"auto, (max-width: 1024px) 100vw, 1024px\" \/><\/figure>\n\n\n\n<p>Le chemin devient alors un incubateur. Au gr\u00e9 des pas, l\u2019esprit vagabonde. Sautant d\u2019une id\u00e9e \u00e0 l\u2019autre. Librement. Il n\u2019est plus dans l\u2019urgence de produire une r\u00e9ponse. Il prend le temps de traiter la question en la consid\u00e9rant sous diff\u00e9rents angles. Sans pression, il s\u2019offre le luxe de quitter ces raisonnements traditionnels-pr\u00e9fabriqu\u00e9s install\u00e9s par d\u00e9faut depuis la naissance, pour aller vers l\u2019inattendu, l\u2019original, le \u00ab&nbsp;personnalis\u00e9 \u00e0 soi&nbsp;\u00bb. Il part et revient tout le long du chemin. Imaginant et r\u00eavant. Sans censure. Il butine d\u2019une r\u00e9flexion \u00e0 une autre, cr\u00e9ant des liens entre elles, tissant un r\u00e9seau de possibles. Et plus le temps passe, sans forc\u00e9ment penser, en savourant m\u00eame parfois le plaisir de ne pas penser, plus le p\u00e8lerin se rapproche d\u2019une r\u00e9ponse qui lui sera tricot\u00e9e sur-mesure. <\/p>\n\n\n\n<figure class=\"wp-block-image\"><img data-recalc-dims=\"1\" loading=\"lazy\" decoding=\"async\" width=\"1024\" height=\"498\" data-attachment-id=\"3615\" data-permalink=\"https:\/\/bottesetvelo.com\/blog\/2019\/02\/08\/un-espace-temps-dincubation\/2018-07-07-08-28-29\/\" data-orig-file=\"https:\/\/i0.wp.com\/bottesetvelo.com\/blog\/wp-content\/uploads\/2019\/02\/2018-07-07-08.28.29.jpg?fit=4608%2C2240&amp;ssl=1\" data-orig-size=\"4608,2240\" data-comments-opened=\"1\" data-image-meta=\"{&quot;aperture&quot;:&quot;1.7&quot;,&quot;credit&quot;:&quot;&quot;,&quot;camera&quot;:&quot;SM-A530W&quot;,&quot;caption&quot;:&quot;&quot;,&quot;created_timestamp&quot;:&quot;1530952109&quot;,&quot;copyright&quot;:&quot;&quot;,&quot;focal_length&quot;:&quot;3.93&quot;,&quot;iso&quot;:&quot;40&quot;,&quot;shutter_speed&quot;:&quot;0.00307692307692&quot;,&quot;title&quot;:&quot;&quot;,&quot;orientation&quot;:&quot;1&quot;}\" data-image-title=\"Bottes et V\u00e9lo &amp;#8211; Compostelle\" data-image-description=\"\" data-image-caption=\"\" data-large-file=\"https:\/\/i0.wp.com\/bottesetvelo.com\/blog\/wp-content\/uploads\/2019\/02\/2018-07-07-08.28.29.jpg?fit=1024%2C498&amp;ssl=1\" src=\"https:\/\/i0.wp.com\/bottesetvelo.com\/blog\/wp-content\/uploads\/2019\/02\/2018-07-07-08.28.29.jpg?resize=1024%2C498&#038;ssl=1\" alt=\"\" class=\"wp-image-3615\" srcset=\"https:\/\/i0.wp.com\/bottesetvelo.com\/blog\/wp-content\/uploads\/2019\/02\/2018-07-07-08.28.29.jpg?resize=1024%2C498&amp;ssl=1 1024w, https:\/\/i0.wp.com\/bottesetvelo.com\/blog\/wp-content\/uploads\/2019\/02\/2018-07-07-08.28.29.jpg?resize=500%2C243&amp;ssl=1 500w, https:\/\/i0.wp.com\/bottesetvelo.com\/blog\/wp-content\/uploads\/2019\/02\/2018-07-07-08.28.29.jpg?resize=768%2C373&amp;ssl=1 768w, https:\/\/i0.wp.com\/bottesetvelo.com\/blog\/wp-content\/uploads\/2019\/02\/2018-07-07-08.28.29.jpg?w=2340&amp;ssl=1 2340w, https:\/\/i0.wp.com\/bottesetvelo.com\/blog\/wp-content\/uploads\/2019\/02\/2018-07-07-08.28.29.jpg?w=3510&amp;ssl=1 3510w\" sizes=\"auto, (max-width: 1024px) 100vw, 1024px\" \/><\/figure>\n\n\n\n<p>Le temps est une composante incontournable\net bien souvent incontr\u00f4lable de la vie. On dit bien \u00ab&nbsp;Prendre SON\ntemps&nbsp;\u00bb. &nbsp;Car chaque chose a un\ntemps qui lui est propre. P\u00e8lerin, backpacker, migrant, randonneur. Celui qui\npart marcher plusieurs jours avec un sac au dos est en qu\u00eate d\u2019un espace-temps d\u2019incubation.\nUn temps d\u2019arr\u00eat, en retrait, \u00e0 l\u2019abri des assauts intrusifs et envahissants de\nsa vie quotidienne, pour se r\u00e9fl\u00e9chir, reconsid\u00e9rer, r\u00eaver, et s\u2019\u00e9couter vivre!<\/p>\n\n\n\n<div class=\"wp-block-image\"><figure class=\"alignright\"><img data-recalc-dims=\"1\" loading=\"lazy\" decoding=\"async\" width=\"100\" height=\"79\" data-attachment-id=\"3248\" data-permalink=\"https:\/\/bottesetvelo.com\/blog\/2018\/03\/30\/comme-un-grand-silence\/bottes-et-velo-embleme-3\/\" data-orig-file=\"https:\/\/i0.wp.com\/bottesetvelo.com\/blog\/wp-content\/uploads\/2018\/03\/Bottes-et-V%C3%A9lo-Embl%C3%AAme-1-e1522416719670.png?fit=100%2C79&amp;ssl=1\" data-orig-size=\"100,79\" data-comments-opened=\"1\" data-image-meta=\"{&quot;aperture&quot;:&quot;0&quot;,&quot;credit&quot;:&quot;&quot;,&quot;camera&quot;:&quot;&quot;,&quot;caption&quot;:&quot;&quot;,&quot;created_timestamp&quot;:&quot;0&quot;,&quot;copyright&quot;:&quot;&quot;,&quot;focal_length&quot;:&quot;0&quot;,&quot;iso&quot;:&quot;0&quot;,&quot;shutter_speed&quot;:&quot;0&quot;,&quot;title&quot;:&quot;&quot;,&quot;orientation&quot;:&quot;0&quot;}\" data-image-title=\"Bottes et V\u00e9lo &amp;#8211; Embl\u00eame\" data-image-description=\"\" data-image-caption=\"\" data-large-file=\"https:\/\/i0.wp.com\/bottesetvelo.com\/blog\/wp-content\/uploads\/2018\/03\/Bottes-et-V%C3%A9lo-Embl%C3%AAme-1-e1522416719670.png?fit=100%2C79&amp;ssl=1\" src=\"https:\/\/i0.wp.com\/bottesetvelo.com\/blog\/wp-content\/uploads\/2018\/03\/Bottes-et-V%C3%A9lo-Embl%C3%AAme-1-e1522416719670.png?resize=100%2C79&#038;ssl=1\" alt=\"\" class=\"wp-image-3248\"\/><\/figure><\/div>\n\n\n\n<p>Brigitte Harouni<\/p>\n\n\n\n<p><br><\/p>\n","protected":false},"excerpt":{"rendered":"<p>Qu&rsquo;est-ce que l&rsquo;impossible ? C&rsquo;est le f\u0153tus du possible. La nature fait la gestation, les g\u00e9nies font l&rsquo;accouchement. Victor Hugo Dans un monde o\u00f9 tout va de plus en plus vite et o\u00f9 efficacit\u00e9 rime avec rapidit\u00e9 d\u2019ex\u00e9cution, prendre une pause est bien mal per\u00e7u; \u00eatre \u00e0 la derni\u00e8re minute est un d\u00e9faut; \u00eatre lent&hellip;<\/p>\n","protected":false},"author":2,"featured_media":3239,"comment_status":"open","ping_status":"open","sticky":false,"template":"","format":"standard","meta":{"jetpack_post_was_ever_published":false,"_jetpack_newsletter_access":"","_jetpack_dont_email_post_to_subs":false,"_jetpack_newsletter_tier_id":0,"_jetpack_memberships_contains_paywalled_content":false,"_jetpack_memberships_contains_paid_content":false,"footnotes":"","jetpack_publicize_message":"Un espace-temps d\u2019incubation\nDans un monde o\u00f9 tout va de plus en plus vite et o\u00f9 #efficacit\u00e9 rime avec rapidit\u00e9 d\u2019ex\u00e9cution, prendre une #pause est bien mal per\u00e7u.","jetpack_publicize_feature_enabled":true,"jetpack_social_post_already_shared":true,"jetpack_social_options":{"image_generator_settings":{"template":"highway","default_image_id":0,"font":"","enabled":false},"version":2}},"categories":[50,379,9,39,171,3,381,1],"tags":[527,528,526,525,304],"class_list":["post-3613","post","type-post","status-publish","format-standard","has-post-thumbnail","hentry","category-art-de-vivre","category-chemin-de-transformation","category-chemins-de-pelerinage","category-croissance-personnelle","category-pelerinage","category-reflexions","category-transformation","category-uncategorized","tag-cerveau","tag-creativite","tag-procrastination","tag-reflechir","tag-temps"],"jetpack_publicize_connections":[],"jetpack_featured_media_url":"https:\/\/i0.wp.com\/bottesetvelo.com\/blog\/wp-content\/uploads\/2018\/03\/DSCN4114.jpg?fit=4504%2C3377&ssl=1","jetpack_shortlink":"https:\/\/wp.me\/p4eY6z-Wh","jetpack_sharing_enabled":true,"jetpack_likes_enabled":true,"jetpack-related-posts":[],"_links":{"self":[{"href":"https:\/\/bottesetvelo.com\/blog\/wp-json\/wp\/v2\/posts\/3613","targetHints":{"allow":["GET"]}}],"collection":[{"href":"https:\/\/bottesetvelo.com\/blog\/wp-json\/wp\/v2\/posts"}],"about":[{"href":"https:\/\/bottesetvelo.com\/blog\/wp-json\/wp\/v2\/types\/post"}],"author":[{"embeddable":true,"href":"https:\/\/bottesetvelo.com\/blog\/wp-json\/wp\/v2\/users\/2"}],"replies":[{"embeddable":true,"href":"https:\/\/bottesetvelo.com\/blog\/wp-json\/wp\/v2\/comments?post=3613"}],"version-history":[{"count":4,"href":"https:\/\/bottesetvelo.com\/blog\/wp-json\/wp\/v2\/posts\/3613\/revisions"}],"predecessor-version":[{"id":3620,"href":"https:\/\/bottesetvelo.com\/blog\/wp-json\/wp\/v2\/posts\/3613\/revisions\/3620"}],"wp:featuredmedia":[{"embeddable":true,"href":"https:\/\/bottesetvelo.com\/blog\/wp-json\/wp\/v2\/media\/3239"}],"wp:attachment":[{"href":"https:\/\/bottesetvelo.com\/blog\/wp-json\/wp\/v2\/media?parent=3613"}],"wp:term":[{"taxonomy":"category","embeddable":true,"href":"https:\/\/bottesetvelo.com\/blog\/wp-json\/wp\/v2\/categories?post=3613"},{"taxonomy":"post_tag","embeddable":true,"href":"https:\/\/bottesetvelo.com\/blog\/wp-json\/wp\/v2\/tags?post=3613"}],"curies":[{"name":"wp","href":"https:\/\/api.w.org\/{rel}","templated":true}]}}