{"id":3602,"date":"2019-01-25T08:16:28","date_gmt":"2019-01-25T13:16:28","guid":{"rendered":"http:\/\/bottesetvelo.com\/blog\/?p=3602"},"modified":"2019-01-25T09:34:01","modified_gmt":"2019-01-25T14:34:01","slug":"a-pas-dhumain","status":"publish","type":"post","link":"https:\/\/bottesetvelo.com\/blog\/2019\/01\/25\/a-pas-dhumain\/","title":{"rendered":"\u00c0 pas d&rsquo;humain"},"content":{"rendered":"\n<blockquote style=\"text-align:right\" class=\"wp-block-quote is-layout-flow wp-block-quote-is-layout-flow\"><p>Au plus fort de l\u2019orage, il y a toujours un oiseau pour nous rassurer. <\/p><cite>Ren\u00e9 Char<\/cite><\/blockquote>\n\n\n\n<p style=\"color:#034d6c\" class=\"has-text-color has-drop-cap\">Notre humanit\u00e9 est faite de petits pas. De milliards de petits pas. Aucun train, aucun avion, aucune fus\u00e9e ne sauraient les pr\u00e9cipiter. Et m\u00eame si nos tailles varient un tant soit peu, nos enjamb\u00e9es demeurent, \u00e0 toutes fins pratiques, les m\u00eames. Que voulez-vous, nous avan\u00e7ons \u00e0 pas d\u2019humain. Des pas bien charnels, bien incarn\u00e9s, qui nous rappellent que la vie\u2026 n\u2019est pas press\u00e9e! <\/p>\n\n\n\n<div class=\"wp-block-image\"><figure class=\"alignright is-resized\"><img data-recalc-dims=\"1\" loading=\"lazy\" decoding=\"async\" data-attachment-id=\"3595\" data-permalink=\"https:\/\/bottesetvelo.com\/blog\/in-love-2503412_1920-2\/\" data-orig-file=\"https:\/\/i0.wp.com\/bottesetvelo.com\/blog\/wp-content\/uploads\/2019\/01\/in-love-2503412_1920-1.jpg?fit=1920%2C1182&amp;ssl=1\" data-orig-size=\"1920,1182\" data-comments-opened=\"1\" data-image-meta=\"{&quot;aperture&quot;:&quot;0&quot;,&quot;credit&quot;:&quot;&quot;,&quot;camera&quot;:&quot;&quot;,&quot;caption&quot;:&quot;&quot;,&quot;created_timestamp&quot;:&quot;0&quot;,&quot;copyright&quot;:&quot;&quot;,&quot;focal_length&quot;:&quot;0&quot;,&quot;iso&quot;:&quot;0&quot;,&quot;shutter_speed&quot;:&quot;0&quot;,&quot;title&quot;:&quot;&quot;,&quot;orientation&quot;:&quot;0&quot;}\" data-image-title=\"in-love-2503412_1920\" data-image-description=\"\" data-image-caption=\"\" data-large-file=\"https:\/\/i0.wp.com\/bottesetvelo.com\/blog\/wp-content\/uploads\/2019\/01\/in-love-2503412_1920-1.jpg?fit=1024%2C630&amp;ssl=1\" src=\"https:\/\/i0.wp.com\/bottesetvelo.com\/blog\/wp-content\/uploads\/2019\/01\/in-love-2503412_1920-1.jpg?resize=300%2C190&#038;ssl=1\" alt=\"\" class=\"wp-image-3595\" width=\"300\" height=\"190\"\/><\/figure><\/div>\n\n\n\n<p>S\u2019il en est ainsi, c\u2019est que l\u2019enjeu est ailleurs et que la vitesse n\u2019y  changera rien. <\/p>\n\n\n\n<p>Aucune fuite en avant ne saura nous rassasier.   <\/p>\n\n\n\n<p>Angoiss\u00e9 par ce qui l\u2019attend, fissur\u00e9 par milles blessures, fragilis\u00e9 dans sa chair, l\u2019humain est humain par la lenteur de ses pas qui s\u2019articulent tel un langage. En chacun d\u2019eux s\u2019aligne la construction d\u2019un unique chemin&nbsp;: celui de la rencontre. Ce chemin, l\u2019humain en est l\u2019\u00e9nonc\u00e9 vivant. Il s\u2019y situe dans l\u2019esp\u00e9rance d\u2019une crois\u00e9e. \u00c0 t\u00e2tons, il avance et cherche du bout des pieds, une surface solide o\u00f9 risquer de se poser, l\u2019instant d\u2019un dire qui soit entendu. <\/p>\n\n\n\n<blockquote class=\"wp-block-quote is-layout-flow wp-block-quote-is-layout-flow\"><p>Marche, marche, marche, jusqu\u2019\u00e0 cet espace, <\/p><p>co\u00eft impromptu d\u2019une parole jaillissant dans le noir, <\/p><p>marquant le ciel de sa lumi\u00e8re \u00e9ph\u00e9m\u00e8re. <\/p><\/blockquote>\n\n\n\n<div class=\"wp-block-image\"><figure class=\"alignright is-resized\"><img data-recalc-dims=\"1\" loading=\"lazy\" decoding=\"async\" data-attachment-id=\"3596\" data-permalink=\"https:\/\/bottesetvelo.com\/blog\/people-2567915_1920\/\" data-orig-file=\"https:\/\/i0.wp.com\/bottesetvelo.com\/blog\/wp-content\/uploads\/2019\/01\/people-2567915_1920.jpg?fit=1920%2C1280&amp;ssl=1\" data-orig-size=\"1920,1280\" data-comments-opened=\"1\" data-image-meta=\"{&quot;aperture&quot;:&quot;0&quot;,&quot;credit&quot;:&quot;&quot;,&quot;camera&quot;:&quot;&quot;,&quot;caption&quot;:&quot;&quot;,&quot;created_timestamp&quot;:&quot;0&quot;,&quot;copyright&quot;:&quot;&quot;,&quot;focal_length&quot;:&quot;0&quot;,&quot;iso&quot;:&quot;0&quot;,&quot;shutter_speed&quot;:&quot;0&quot;,&quot;title&quot;:&quot;&quot;,&quot;orientation&quot;:&quot;0&quot;}\" data-image-title=\"people-2567915_1920\" data-image-description=\"\" data-image-caption=\"\" data-large-file=\"https:\/\/i0.wp.com\/bottesetvelo.com\/blog\/wp-content\/uploads\/2019\/01\/people-2567915_1920.jpg?fit=1024%2C683&amp;ssl=1\" src=\"https:\/\/i0.wp.com\/bottesetvelo.com\/blog\/wp-content\/uploads\/2019\/01\/people-2567915_1920.jpg?resize=300%2C226&#038;ssl=1\" alt=\"\" class=\"wp-image-3596\" width=\"300\" height=\"226\" srcset=\"https:\/\/i0.wp.com\/bottesetvelo.com\/blog\/wp-content\/uploads\/2019\/01\/people-2567915_1920.jpg?resize=120%2C90&amp;ssl=1 120w, https:\/\/i0.wp.com\/bottesetvelo.com\/blog\/wp-content\/uploads\/2019\/01\/people-2567915_1920.jpg?zoom=2&amp;resize=300%2C226&amp;ssl=1 600w, https:\/\/i0.wp.com\/bottesetvelo.com\/blog\/wp-content\/uploads\/2019\/01\/people-2567915_1920.jpg?zoom=3&amp;resize=300%2C226&amp;ssl=1 900w\" sizes=\"auto, (max-width: 300px) 100vw, 300px\" \/><\/figure><\/div>\n\n\n\n<p>Guid\u00e9es par le myst\u00e8re de cette rencontre attendue, le d\u00e9sir d\u2019une parole partag\u00e9e, nos routes se construisent et se croisent. Au courage de ce risque, l\u2019humain poursuit lentement son chemin. Aucun texto, aucun courriel, aucun portable, n\u2019y changera rien. Limace sous le soleil, l\u2019humain progresse dans ce dire qui esp\u00e8re l\u2019espace de la rencontre. Une rencontre bien sentie, bien charnelle. Un espace qui demande du temps, de prendre le temps, de marcher lentement. Le p\u00e8lerin le sait bien&nbsp;: mettre un pied devant l\u2019autre demande du temps. Il suffit de marcher pour que tout bascule, que le monde chavire dans cet espace de lenteur. D\u00e8s l\u2019instant o\u00f9 le p\u00e8lerin se fait marche, il go\u00fbte l\u2019univers. La vuln\u00e9rabilit\u00e9 de son rythme d\u00e9cal\u00e9 le capte tout entier et le projette dans ce tout autre\u2026  <\/p>\n\n\n\n<blockquote class=\"wp-block-quote is-layout-flow wp-block-quote-is-layout-flow\"><p>Marche, marche, marche, jusqu\u2019\u00e0 cet espace, <\/p><p>au go\u00fbt de chair et de sang, <\/p><p>o\u00f9 r\u00e9sonnent encore les pas des vivants. <\/p><\/blockquote>\n\n\n\n<div class=\"wp-block-image\"><figure class=\"alignright is-resized\"><img data-recalc-dims=\"1\" loading=\"lazy\" decoding=\"async\" data-attachment-id=\"3597\" data-permalink=\"https:\/\/bottesetvelo.com\/blog\/pensioners-2500846_1920\/\" data-orig-file=\"https:\/\/i0.wp.com\/bottesetvelo.com\/blog\/wp-content\/uploads\/2019\/01\/pensioners-2500846_1920.jpg?fit=1920%2C1440&amp;ssl=1\" data-orig-size=\"1920,1440\" data-comments-opened=\"1\" data-image-meta=\"{&quot;aperture&quot;:&quot;4.5&quot;,&quot;credit&quot;:&quot;&quot;,&quot;camera&quot;:&quot;Canon PowerShot G12&quot;,&quot;caption&quot;:&quot;&quot;,&quot;created_timestamp&quot;:&quot;0&quot;,&quot;copyright&quot;:&quot;&quot;,&quot;focal_length&quot;:&quot;30.5&quot;,&quot;iso&quot;:&quot;125&quot;,&quot;shutter_speed&quot;:&quot;0.003125&quot;,&quot;title&quot;:&quot;&quot;,&quot;orientation&quot;:&quot;0&quot;}\" data-image-title=\"pensioners-2500846_1920\" data-image-description=\"\" data-image-caption=\"\" data-large-file=\"https:\/\/i0.wp.com\/bottesetvelo.com\/blog\/wp-content\/uploads\/2019\/01\/pensioners-2500846_1920.jpg?fit=1024%2C768&amp;ssl=1\" src=\"https:\/\/i0.wp.com\/bottesetvelo.com\/blog\/wp-content\/uploads\/2019\/01\/pensioners-2500846_1920.jpg?resize=300%2C236&#038;ssl=1\" alt=\"\" class=\"wp-image-3597\" width=\"300\" height=\"236\"\/><\/figure><\/div>\n\n\n\n<p>Le bruit du pas qui foule le gravier. L\u2019odeur de la ros\u00e9e. Le bruissement d\u2019aile du chardonneret. Des voix dans le lointain. La main sur une \u00e9paule. Le sourire esquiss\u00e9. Tous ces gestes sont langages. Ils tracent l\u2019espace de la rencontre au potentiel d\u2019une parole. En eux, la vie avance \u00e0 pas d\u2019humain. <\/p>\n\n\n\n<blockquote class=\"wp-block-quote is-layout-flow wp-block-quote-is-layout-flow\"><p>Marche, marche, marche, jusqu\u2019\u00e0 cet espace <\/p><p>qui lib\u00e8re de l\u2019angoisse et o\u00f9<\/p><p>prendre son temps devient rassurant. <\/p><\/blockquote>\n\n\n\n<div class=\"wp-block-media-text alignwide has-media-on-the-right\" style=\"grid-template-columns:auto 13%\"><figure class=\"wp-block-media-text__media\"><img data-recalc-dims=\"1\" loading=\"lazy\" decoding=\"async\" width=\"100\" height=\"79\" data-attachment-id=\"3180\" data-permalink=\"https:\/\/bottesetvelo.com\/blog\/2018\/01\/26\/sortir-de-la-confusion\/bottes-et-velo-embleme-transparent\/\" data-orig-file=\"https:\/\/i0.wp.com\/bottesetvelo.com\/blog\/wp-content\/uploads\/2018\/01\/Bottes-et-V%C3%A9lo-Embl%C3%AAme-transparent-e1522417779346.png?fit=100%2C79&amp;ssl=1\" data-orig-size=\"100,79\" data-comments-opened=\"1\" data-image-meta=\"{&quot;aperture&quot;:&quot;0&quot;,&quot;credit&quot;:&quot;&quot;,&quot;camera&quot;:&quot;&quot;,&quot;caption&quot;:&quot;&quot;,&quot;created_timestamp&quot;:&quot;0&quot;,&quot;copyright&quot;:&quot;&quot;,&quot;focal_length&quot;:&quot;0&quot;,&quot;iso&quot;:&quot;0&quot;,&quot;shutter_speed&quot;:&quot;0&quot;,&quot;title&quot;:&quot;&quot;,&quot;orientation&quot;:&quot;0&quot;}\" data-image-title=\"Bottes et V\u00e9lo &amp;#8211; Embl\u00eame &amp;#8211; transparent\" data-image-description=\"\" data-image-caption=\"\" data-large-file=\"https:\/\/i0.wp.com\/bottesetvelo.com\/blog\/wp-content\/uploads\/2018\/01\/Bottes-et-V%C3%A9lo-Embl%C3%AAme-transparent-e1522417779346.png?fit=100%2C79&amp;ssl=1\" src=\"https:\/\/i0.wp.com\/bottesetvelo.com\/blog\/wp-content\/uploads\/2018\/01\/Bottes-et-V%C3%A9lo-Embl%C3%AAme-transparent-e1522417779346.png?resize=100%2C79&#038;ssl=1\" alt=\"\" class=\"wp-image-3180\"\/><\/figure><div class=\"wp-block-media-text__content\">\n<p>\u00c9ric Lalibert\u00e9<\/p>\n<\/div><\/div>\n","protected":false},"excerpt":{"rendered":"<p>Au plus fort de l\u2019orage, il y a toujours un oiseau pour nous rassurer. Ren\u00e9 Char Notre humanit\u00e9 est faite de petits pas. De milliards de petits pas. Aucun train, aucun avion, aucune fus\u00e9e ne sauraient les pr\u00e9cipiter. Et m\u00eame si nos tailles varient un tant soit peu, nos enjamb\u00e9es demeurent, \u00e0 toutes fins pratiques,&hellip;<\/p>\n","protected":false},"author":3,"featured_media":3595,"comment_status":"open","ping_status":"open","sticky":false,"template":"","format":"standard","meta":{"jetpack_post_was_ever_published":false,"_jetpack_newsletter_access":"","_jetpack_dont_email_post_to_subs":false,"_jetpack_newsletter_tier_id":0,"_jetpack_memberships_contains_paywalled_content":false,"_jetpack_memberships_contains_paid_content":false,"footnotes":"","jetpack_publicize_message":"\u00c0 pas d'humain\nNotre #humanit\u00e9 est faite de petits pas. De milliards de petits pas. Aucun train, aucun avion, aucune fus\u00e9e ne sauraient les pr\u00e9cipiter. #prendreletemps #hygge","jetpack_publicize_feature_enabled":true,"jetpack_social_post_already_shared":true,"jetpack_social_options":{"image_generator_settings":{"template":"highway","default_image_id":0,"font":"","enabled":false},"version":2}},"categories":[50,3,37],"tags":[85,254,481,151,180],"class_list":["post-3602","post","type-post","status-publish","format-standard","has-post-thumbnail","hentry","category-art-de-vivre","category-reflexions","category-spiritualite-2","tag-humanite","tag-marcher","tag-parole","tag-prendre-le-temps","tag-vivre-ensemble"],"jetpack_publicize_connections":[],"jetpack_featured_media_url":"https:\/\/i0.wp.com\/bottesetvelo.com\/blog\/wp-content\/uploads\/2019\/01\/in-love-2503412_1920-1.jpg?fit=1920%2C1182&ssl=1","jetpack_shortlink":"https:\/\/wp.me\/p4eY6z-W6","jetpack_sharing_enabled":true,"jetpack_likes_enabled":true,"jetpack-related-posts":[],"_links":{"self":[{"href":"https:\/\/bottesetvelo.com\/blog\/wp-json\/wp\/v2\/posts\/3602","targetHints":{"allow":["GET"]}}],"collection":[{"href":"https:\/\/bottesetvelo.com\/blog\/wp-json\/wp\/v2\/posts"}],"about":[{"href":"https:\/\/bottesetvelo.com\/blog\/wp-json\/wp\/v2\/types\/post"}],"author":[{"embeddable":true,"href":"https:\/\/bottesetvelo.com\/blog\/wp-json\/wp\/v2\/users\/3"}],"replies":[{"embeddable":true,"href":"https:\/\/bottesetvelo.com\/blog\/wp-json\/wp\/v2\/comments?post=3602"}],"version-history":[{"count":3,"href":"https:\/\/bottesetvelo.com\/blog\/wp-json\/wp\/v2\/posts\/3602\/revisions"}],"predecessor-version":[{"id":3607,"href":"https:\/\/bottesetvelo.com\/blog\/wp-json\/wp\/v2\/posts\/3602\/revisions\/3607"}],"wp:featuredmedia":[{"embeddable":true,"href":"https:\/\/bottesetvelo.com\/blog\/wp-json\/wp\/v2\/media\/3595"}],"wp:attachment":[{"href":"https:\/\/bottesetvelo.com\/blog\/wp-json\/wp\/v2\/media?parent=3602"}],"wp:term":[{"taxonomy":"category","embeddable":true,"href":"https:\/\/bottesetvelo.com\/blog\/wp-json\/wp\/v2\/categories?post=3602"},{"taxonomy":"post_tag","embeddable":true,"href":"https:\/\/bottesetvelo.com\/blog\/wp-json\/wp\/v2\/tags?post=3602"}],"curies":[{"name":"wp","href":"https:\/\/api.w.org\/{rel}","templated":true}]}}