{"id":3581,"date":"2019-01-11T14:52:20","date_gmt":"2019-01-11T19:52:20","guid":{"rendered":"http:\/\/bottesetvelo.com\/blog\/?p=3581"},"modified":"2019-01-11T14:52:28","modified_gmt":"2019-01-11T19:52:28","slug":"un-grain-de-folie","status":"publish","type":"post","link":"https:\/\/bottesetvelo.com\/blog\/2019\/01\/11\/un-grain-de-folie\/","title":{"rendered":"Un grain de folie"},"content":{"rendered":"\n<blockquote style=\"text-align:right\" class=\"wp-block-quote is-layout-flow wp-block-quote-is-layout-flow\"><p>J\u2019ai l\u2019air de plaisanter, mais je ne rigole pas du tout,<\/p><p>\u00eatre une fois cingl\u00e9, une fois vraiment fou!<\/p><p><\/p><cite>Michel Sardou<\/cite><\/blockquote>\n\n\n\n<div class=\"wp-block-image\"><figure class=\"alignright is-resized\"><img data-recalc-dims=\"1\" loading=\"lazy\" decoding=\"async\" data-attachment-id=\"3583\" data-permalink=\"https:\/\/bottesetvelo.com\/blog\/2019\/01\/11\/un-grain-de-folie\/dog-1557957_19201\/\" data-orig-file=\"https:\/\/i0.wp.com\/bottesetvelo.com\/blog\/wp-content\/uploads\/2019\/01\/dog-1557957_19201.jpg?fit=1920%2C1318&amp;ssl=1\" data-orig-size=\"1920,1318\" data-comments-opened=\"1\" data-image-meta=\"{&quot;aperture&quot;:&quot;2&quot;,&quot;credit&quot;:&quot;&quot;,&quot;camera&quot;:&quot;COOLPIX P7800&quot;,&quot;caption&quot;:&quot;&quot;,&quot;created_timestamp&quot;:&quot;0&quot;,&quot;copyright&quot;:&quot;&quot;,&quot;focal_length&quot;:&quot;6&quot;,&quot;iso&quot;:&quot;80&quot;,&quot;shutter_speed&quot;:&quot;0.0015625&quot;,&quot;title&quot;:&quot;&quot;,&quot;orientation&quot;:&quot;0&quot;}\" data-image-title=\"dog-1557957_1920(1)\" data-image-description=\"\" data-image-caption=\"\" data-large-file=\"https:\/\/i0.wp.com\/bottesetvelo.com\/blog\/wp-content\/uploads\/2019\/01\/dog-1557957_19201.jpg?fit=1024%2C703&amp;ssl=1\" src=\"https:\/\/i0.wp.com\/bottesetvelo.com\/blog\/wp-content\/uploads\/2019\/01\/dog-1557957_19201.jpg?resize=300%2C170&#038;ssl=1\" alt=\"\" class=\"wp-image-3583\" width=\"300\" height=\"170\" srcset=\"https:\/\/i0.wp.com\/bottesetvelo.com\/blog\/wp-content\/uploads\/2019\/01\/dog-1557957_19201.jpg?resize=1140%2C641&amp;ssl=1 1140w, https:\/\/i0.wp.com\/bottesetvelo.com\/blog\/wp-content\/uploads\/2019\/01\/dog-1557957_19201.jpg?resize=540%2C304&amp;ssl=1 540w, https:\/\/i0.wp.com\/bottesetvelo.com\/blog\/wp-content\/uploads\/2019\/01\/dog-1557957_19201.jpg?zoom=2&amp;resize=300%2C170&amp;ssl=1 600w, https:\/\/i0.wp.com\/bottesetvelo.com\/blog\/wp-content\/uploads\/2019\/01\/dog-1557957_19201.jpg?zoom=3&amp;resize=300%2C170&amp;ssl=1 900w\" sizes=\"auto, (max-width: 300px) 100vw, 300px\" \/><\/figure><\/div>\n\n\n\n<p style=\"color:#045172\" class=\"has-text-color has-drop-cap\">C\u2019est le premier pas qui est le plus difficile \u00e0 faire. C\u2019est ce pas qui  vous met en mouvement, celui qui vous sort de cet immobilisme qui  commen\u00e7ait \u00e0 vous sembler engourdissant, cette l\u00e9thargie devenue  ennuyante. Partir en p\u00e8lerinage, c\u2019est sortir des sentiers battus pour  vivre en marge d\u2019un monde o\u00f9 tout bouge trop vite sans pour autant aller  quelque part. Partir parcourir 800 kilom\u00e8tres\u2026 \u00e0 pied\u2026 avec un sac \u00e0  dos !? Mais quelle folie! <\/p>\n\n\n\n<p>Nous avons tous un petit grain de folie au creux de notre poche que\nnous t\u00e2tons du bout des doigts sans oser le mettre en terre; Cette d\u00e9cision, un\npeu folle, qui pourtant nous semble \u00eatre la bonne voie \u00e0 suivre. <\/p>\n\n\n\n<div class=\"wp-block-image\"><figure class=\"alignright is-resized\"><img data-recalc-dims=\"1\" loading=\"lazy\" decoding=\"async\" data-attachment-id=\"3586\" data-permalink=\"https:\/\/bottesetvelo.com\/blog\/2019\/01\/11\/un-grain-de-folie\/hiking-207484_1920\/\" data-orig-file=\"https:\/\/i0.wp.com\/bottesetvelo.com\/blog\/wp-content\/uploads\/2019\/01\/hiking-207484_1920.jpg?fit=1920%2C1440&amp;ssl=1\" data-orig-size=\"1920,1440\" data-comments-opened=\"1\" data-image-meta=\"{&quot;aperture&quot;:&quot;0&quot;,&quot;credit&quot;:&quot;&quot;,&quot;camera&quot;:&quot;&quot;,&quot;caption&quot;:&quot;&quot;,&quot;created_timestamp&quot;:&quot;0&quot;,&quot;copyright&quot;:&quot;&quot;,&quot;focal_length&quot;:&quot;0&quot;,&quot;iso&quot;:&quot;0&quot;,&quot;shutter_speed&quot;:&quot;0&quot;,&quot;title&quot;:&quot;&quot;,&quot;orientation&quot;:&quot;0&quot;}\" data-image-title=\"hiking-207484_1920\" data-image-description=\"\" data-image-caption=\"\" data-large-file=\"https:\/\/i0.wp.com\/bottesetvelo.com\/blog\/wp-content\/uploads\/2019\/01\/hiking-207484_1920.jpg?fit=1024%2C768&amp;ssl=1\" src=\"https:\/\/i0.wp.com\/bottesetvelo.com\/blog\/wp-content\/uploads\/2019\/01\/hiking-207484_1920.jpg?resize=300%2C214&#038;ssl=1\" alt=\"\" class=\"wp-image-3586\" width=\"300\" height=\"214\"\/><\/figure><\/div>\n\n\n\n<p><em>Se s\u00e9parer pour vivre avec un conjoint 15 ans plus jeune que soi \/ avoir un septi\u00e8me enfant \/ tout vendre pour partir avec la famille faire le tour du monde pendant un an \/ quitter, apr\u00e8s 17 ans de service, sa situation d\u2019ing\u00e9nieur informatique pour devenir c\u00e9ramiste \/ \u00e0 25 ans, quitter sa famille et son pays pour \u00e9pouser un coup de foudre rencontr\u00e9 en \u00c9cosse \/ Vendre la confortable maison familiale pour s\u2019installer dans un condo au centre-ville \/ \u00e0 67 ans, s\u2019engager dans un programme d\u2019aide humanitaire au Burkina Faso \/ Acheter un vignoble! \u2026<\/em><\/p>\n\n\n\n<p>Petite folie ou grande folie, sortir de la masse c\u2019est accepter que nous sommes tous diff\u00e9rents et choisir d\u2019afficher la n\u00f4tre. Sortir de cet espace convenu de tous, quitter le troupeau, c\u2019est oser se respecter et s\u2019\u00e9couter. Aller \u00e0 contrecourant demande de l\u2019audace, du courage. <\/p>\n\n\n\n<p><em>C\u2019est ma route. Ce n\u2019est peut-\u00eatre pas la bonne, mais c\u2019est la mienne, celle que je choisis, celle qui me rend heureux. Qui d\u2019autre que moi est apte \u00e0 en juger?<\/em><\/p>\n\n\n\n<div class=\"wp-block-image\"><figure class=\"alignright is-resized\"><img data-recalc-dims=\"1\" loading=\"lazy\" decoding=\"async\" data-attachment-id=\"3587\" data-permalink=\"https:\/\/bottesetvelo.com\/blog\/2019\/01\/11\/un-grain-de-folie\/girl-63643_1920\/\" data-orig-file=\"https:\/\/i0.wp.com\/bottesetvelo.com\/blog\/wp-content\/uploads\/2019\/01\/girl-63643_1920.jpg?fit=1920%2C1440&amp;ssl=1\" data-orig-size=\"1920,1440\" data-comments-opened=\"1\" data-image-meta=\"{&quot;aperture&quot;:&quot;0&quot;,&quot;credit&quot;:&quot;&quot;,&quot;camera&quot;:&quot;&quot;,&quot;caption&quot;:&quot;&quot;,&quot;created_timestamp&quot;:&quot;0&quot;,&quot;copyright&quot;:&quot;&quot;,&quot;focal_length&quot;:&quot;0&quot;,&quot;iso&quot;:&quot;0&quot;,&quot;shutter_speed&quot;:&quot;0&quot;,&quot;title&quot;:&quot;&quot;,&quot;orientation&quot;:&quot;0&quot;}\" data-image-title=\"girl-63643_1920\" data-image-description=\"\" data-image-caption=\"\" data-large-file=\"https:\/\/i0.wp.com\/bottesetvelo.com\/blog\/wp-content\/uploads\/2019\/01\/girl-63643_1920.jpg?fit=1024%2C768&amp;ssl=1\" src=\"https:\/\/i0.wp.com\/bottesetvelo.com\/blog\/wp-content\/uploads\/2019\/01\/girl-63643_1920.jpg?resize=300%2C228&#038;ssl=1\" alt=\"\" class=\"wp-image-3587\" width=\"300\" height=\"228\" srcset=\"https:\/\/i0.wp.com\/bottesetvelo.com\/blog\/wp-content\/uploads\/2019\/01\/girl-63643_1920.jpg?resize=120%2C90&amp;ssl=1 120w, https:\/\/i0.wp.com\/bottesetvelo.com\/blog\/wp-content\/uploads\/2019\/01\/girl-63643_1920.jpg?zoom=2&amp;resize=300%2C228&amp;ssl=1 600w, https:\/\/i0.wp.com\/bottesetvelo.com\/blog\/wp-content\/uploads\/2019\/01\/girl-63643_1920.jpg?zoom=3&amp;resize=300%2C228&amp;ssl=1 900w\" sizes=\"auto, (max-width: 300px) 100vw, 300px\" \/><\/figure><\/div>\n\n\n\n<p>Ce premier pas n\u2019est pas que le plus difficile, il est aussi le plus long. Se laisser guider par cette boussole sensorielle int\u00e9rieure n\u2019est pas une t\u00e2che des plus faciles; nous qui sommes habitu\u00e9s, \u00e9duqu\u00e9s, conditionn\u00e9s, \u00e0 aborder notre vie avec notre t\u00eate, \u00e0 la rationaliser. Une approche cart\u00e9sienne \u00e0 une r\u00e9alit\u00e9 \u00e9motive! Il faut parfois que le malaise devienne trop grand, que l\u2019inconfort nous envahisse, que le corps commence \u00e0 crier qu\u2019il est mal, qu\u2019il a mal, pour que l\u2019on se mette en marche. Apr\u00e8s un temps interminable pass\u00e9 \u00e0 surmonter les doutes et les peurs, on se laisse porter par ce grain de folie vers ce d\u00e9sir qui nous tenaille tant.<\/p>\n\n\n\n<p>Ce changement demande d\u2019avoir un sac bien pr\u00e9par\u00e9. Pour bien vivre cette\ntransformation et arriver \u00e0 bon terme, pour que ce grain de folie que nous nous\nappr\u00eatons \u00e0 planter puisse prendre racine, germer et porter fruit, plusieurs\ningr\u00e9dients sont n\u00e9cessaires. <\/p>\n\n\n\n<ul class=\"wp-block-list\"><li>De la conviction, pour faire face \u00e0 la pluie de\nd\u00e9couragements qui risque de s\u2019abattre sur soi. <\/li><li>De la d\u00e9termination, pour affronter les vents\ndes \u00ab&nbsp;qu\u2019en-dira-t-on&nbsp;\u00bb qui souffleront sournoisement.<\/li><li>De la pers\u00e9v\u00e9rance, pour arroser et nourrir\nchaque jour un peu plus ce plan un peu fou.<\/li><li>De la patience, pour laisser au temps le temps\nde faire son \u0153uvre.<\/li><li>De l\u2019amour, pour \u00e9loigner les \u00e9l\u00e9ments nuisibles\nqui pourraient saper les jeunes pousses.<\/li><\/ul>\n\n\n\n<p>Michel Foucault disait&nbsp;: \u00ab&nbsp;De l&rsquo;homme \u00e0 l&rsquo;homme vrai, le\nchemin passe par l&rsquo;homme fou.&nbsp;\u00bb Et si c\u2019\u00e9tait \u00e7a Compostelle, quelques\nfous sur un chemin de transition? Et vous, quelle folie mettrait de la vie sur\nvotre route? Et si vous osiez\u2026?<\/p>\n\n\n\n<div class=\"wp-block-image\"><figure class=\"alignright\"><img data-recalc-dims=\"1\" loading=\"lazy\" decoding=\"async\" width=\"100\" height=\"79\" data-attachment-id=\"3180\" data-permalink=\"https:\/\/bottesetvelo.com\/blog\/2018\/01\/26\/sortir-de-la-confusion\/bottes-et-velo-embleme-transparent\/\" data-orig-file=\"https:\/\/i0.wp.com\/bottesetvelo.com\/blog\/wp-content\/uploads\/2018\/01\/Bottes-et-V%C3%A9lo-Embl%C3%AAme-transparent-e1522417779346.png?fit=100%2C79&amp;ssl=1\" data-orig-size=\"100,79\" data-comments-opened=\"1\" data-image-meta=\"{&quot;aperture&quot;:&quot;0&quot;,&quot;credit&quot;:&quot;&quot;,&quot;camera&quot;:&quot;&quot;,&quot;caption&quot;:&quot;&quot;,&quot;created_timestamp&quot;:&quot;0&quot;,&quot;copyright&quot;:&quot;&quot;,&quot;focal_length&quot;:&quot;0&quot;,&quot;iso&quot;:&quot;0&quot;,&quot;shutter_speed&quot;:&quot;0&quot;,&quot;title&quot;:&quot;&quot;,&quot;orientation&quot;:&quot;0&quot;}\" data-image-title=\"Bottes et V\u00e9lo &amp;#8211; Embl\u00eame &amp;#8211; transparent\" data-image-description=\"\" data-image-caption=\"\" data-large-file=\"https:\/\/i0.wp.com\/bottesetvelo.com\/blog\/wp-content\/uploads\/2018\/01\/Bottes-et-V%C3%A9lo-Embl%C3%AAme-transparent-e1522417779346.png?fit=100%2C79&amp;ssl=1\" src=\"https:\/\/i0.wp.com\/bottesetvelo.com\/blog\/wp-content\/uploads\/2018\/01\/Bottes-et-V%C3%A9lo-Embl%C3%AAme-transparent-e1522417779346.png?resize=100%2C79&#038;ssl=1\" alt=\"\" class=\"wp-image-3180\"\/><\/figure><\/div>\n\n\n\n<p>Brigitte Harouni<\/p>\n","protected":false},"excerpt":{"rendered":"<p>J\u2019ai l\u2019air de plaisanter, mais je ne rigole pas du tout, \u00eatre une fois cingl\u00e9, une fois vraiment fou! Michel Sardou C\u2019est le premier pas qui est le plus difficile \u00e0 faire. C\u2019est ce pas qui vous met en mouvement, celui qui vous sort de cet immobilisme qui commen\u00e7ait \u00e0 vous sembler engourdissant, cette l\u00e9thargie&hellip;<\/p>\n","protected":false},"author":2,"featured_media":3587,"comment_status":"open","ping_status":"open","sticky":false,"template":"","format":"standard","meta":{"jetpack_post_was_ever_published":false,"_jetpack_newsletter_access":"","_jetpack_dont_email_post_to_subs":false,"_jetpack_newsletter_tier_id":0,"_jetpack_memberships_contains_paywalled_content":false,"_jetpack_memberships_contains_paid_content":false,"footnotes":"","jetpack_publicize_message":"Un grain de folie.\nNous avons tous un petit grain de folie au creux de notre poche que nous t\u00e2tons du bout des doigts sans #oser le mettre en terre.","jetpack_publicize_feature_enabled":true,"jetpack_social_post_already_shared":true,"jetpack_social_options":{"image_generator_settings":{"template":"highway","default_image_id":0,"font":"","enabled":false},"version":2}},"categories":[52,50,379,3,381],"tags":[524,80,522,523,336],"class_list":["post-3581","post","type-post","status-publish","format-standard","has-post-thumbnail","hentry","category-alternatives-de-vie","category-art-de-vivre","category-chemin-de-transformation","category-reflexions","category-transformation","tag-changer","tag-compostelle","tag-folie","tag-oser","tag-transformation"],"jetpack_publicize_connections":[],"jetpack_featured_media_url":"https:\/\/i0.wp.com\/bottesetvelo.com\/blog\/wp-content\/uploads\/2019\/01\/girl-63643_1920.jpg?fit=1920%2C1440&ssl=1","jetpack_shortlink":"https:\/\/wp.me\/p4eY6z-VL","jetpack_sharing_enabled":true,"jetpack_likes_enabled":true,"jetpack-related-posts":[],"_links":{"self":[{"href":"https:\/\/bottesetvelo.com\/blog\/wp-json\/wp\/v2\/posts\/3581","targetHints":{"allow":["GET"]}}],"collection":[{"href":"https:\/\/bottesetvelo.com\/blog\/wp-json\/wp\/v2\/posts"}],"about":[{"href":"https:\/\/bottesetvelo.com\/blog\/wp-json\/wp\/v2\/types\/post"}],"author":[{"embeddable":true,"href":"https:\/\/bottesetvelo.com\/blog\/wp-json\/wp\/v2\/users\/2"}],"replies":[{"embeddable":true,"href":"https:\/\/bottesetvelo.com\/blog\/wp-json\/wp\/v2\/comments?post=3581"}],"version-history":[{"count":3,"href":"https:\/\/bottesetvelo.com\/blog\/wp-json\/wp\/v2\/posts\/3581\/revisions"}],"predecessor-version":[{"id":3590,"href":"https:\/\/bottesetvelo.com\/blog\/wp-json\/wp\/v2\/posts\/3581\/revisions\/3590"}],"wp:featuredmedia":[{"embeddable":true,"href":"https:\/\/bottesetvelo.com\/blog\/wp-json\/wp\/v2\/media\/3587"}],"wp:attachment":[{"href":"https:\/\/bottesetvelo.com\/blog\/wp-json\/wp\/v2\/media?parent=3581"}],"wp:term":[{"taxonomy":"category","embeddable":true,"href":"https:\/\/bottesetvelo.com\/blog\/wp-json\/wp\/v2\/categories?post=3581"},{"taxonomy":"post_tag","embeddable":true,"href":"https:\/\/bottesetvelo.com\/blog\/wp-json\/wp\/v2\/tags?post=3581"}],"curies":[{"name":"wp","href":"https:\/\/api.w.org\/{rel}","templated":true}]}}