{"id":3572,"date":"2019-01-04T19:30:32","date_gmt":"2019-01-05T00:30:32","guid":{"rendered":"http:\/\/bottesetvelo.com\/blog\/?p=3572"},"modified":"2019-01-04T17:34:28","modified_gmt":"2019-01-04T22:34:28","slug":"compostelle-2019-descriptif","status":"publish","type":"post","link":"https:\/\/bottesetvelo.com\/blog\/2019\/01\/04\/compostelle-2019-descriptif\/","title":{"rendered":"Compostelle 2019 &#8211; Descriptif"},"content":{"rendered":"\n<h3 class=\"wp-block-heading\" style=\"text-align:left\"><strong>Qu&rsquo;est-ce qu&rsquo;un voyage p\u00e8lerin avec Bottes et V\u00e9lo? <\/strong> <\/h3>\n\n\n\n<p class=\"has-medium-font-size\">D\u00e9couvrez les faits  saillants de ce que nous vous proposons comme d\u00e9marche, en juillet 2019,  sur le Camino Franc\u00e8s (Espagne) &#8211; l&rsquo;un des Chemins de Compostelle. <\/p>\n\n\n\n<figure class=\"wp-block-embed-youtube wp-block-embed is-type-video is-provider-youtube wp-embed-aspect-16-9 wp-has-aspect-ratio\"><div class=\"wp-block-embed__wrapper\">\n<span class=\"embed-youtube\" style=\"text-align:center; display: block;\"><iframe loading=\"lazy\" class=\"youtube-player\" width=\"1170\" height=\"659\" src=\"https:\/\/www.youtube.com\/embed\/6j-ttHJVZ3Q?version=3&#038;rel=1&#038;showsearch=0&#038;showinfo=1&#038;iv_load_policy=1&#038;fs=1&#038;hl=fr-FR&#038;autohide=2&#038;wmode=transparent\" allowfullscreen=\"true\" style=\"border:0;\" sandbox=\"allow-scripts allow-same-origin allow-popups allow-presentation allow-popups-to-escape-sandbox\"><\/iframe><\/span>\n<\/div><\/figure>\n","protected":false},"excerpt":{"rendered":"<p>Qu&rsquo;est-ce qu&rsquo;un voyage p\u00e8lerin avec Bottes et V\u00e9lo? D\u00e9couvrez les faits saillants de ce que nous vous proposons comme d\u00e9marche, en juillet 2019, sur le Camino Franc\u00e8s (Espagne) &#8211; l&rsquo;un des Chemins de Compostelle.<\/p>\n","protected":false},"author":1,"featured_media":3573,"comment_status":"open","ping_status":"open","sticky":false,"template":"","format":"standard","meta":{"jetpack_post_was_ever_published":false,"_jetpack_newsletter_access":"","_jetpack_dont_email_post_to_subs":false,"_jetpack_newsletter_tier_id":0,"_jetpack_memberships_contains_paywalled_content":false,"_jetpack_memberships_contains_paid_content":false,"footnotes":"","jetpack_publicize_message":"Bottes et V\u00e9lo - #Compostelle #2019 - Commentaire Descriptif\n@RandoQuebec @GeoPleinAir_ @PelerinsCompos @radiocamino @CarnetPleinAir @Alb_SanMiguel ","jetpack_publicize_feature_enabled":true,"jetpack_social_post_already_shared":true,"jetpack_social_options":{"image_generator_settings":{"template":"highway","default_image_id":0,"font":"","enabled":false},"version":2}},"categories":[390],"tags":[80,19,20,392],"class_list":["post-3572","post","type-post","status-publish","format-standard","has-post-thumbnail","hentry","category-voyages-pelerins","tag-compostelle","tag-randonnee","tag-spiritualite","tag-voyages-pelerins"],"jetpack_publicize_connections":[],"jetpack_featured_media_url":"https:\/\/i0.wp.com\/bottesetvelo.com\/blog\/wp-content\/uploads\/2019\/01\/2018-07-22-15.05.39.jpg?fit=4032%2C1960&ssl=1","jetpack_shortlink":"https:\/\/wp.me\/p4eY6z-VC","jetpack_sharing_enabled":true,"jetpack_likes_enabled":true,"jetpack-related-posts":[],"_links":{"self":[{"href":"https:\/\/bottesetvelo.com\/blog\/wp-json\/wp\/v2\/posts\/3572","targetHints":{"allow":["GET"]}}],"collection":[{"href":"https:\/\/bottesetvelo.com\/blog\/wp-json\/wp\/v2\/posts"}],"about":[{"href":"https:\/\/bottesetvelo.com\/blog\/wp-json\/wp\/v2\/types\/post"}],"author":[{"embeddable":true,"href":"https:\/\/bottesetvelo.com\/blog\/wp-json\/wp\/v2\/users\/1"}],"replies":[{"embeddable":true,"href":"https:\/\/bottesetvelo.com\/blog\/wp-json\/wp\/v2\/comments?post=3572"}],"version-history":[{"count":2,"href":"https:\/\/bottesetvelo.com\/blog\/wp-json\/wp\/v2\/posts\/3572\/revisions"}],"predecessor-version":[{"id":3575,"href":"https:\/\/bottesetvelo.com\/blog\/wp-json\/wp\/v2\/posts\/3572\/revisions\/3575"}],"wp:featuredmedia":[{"embeddable":true,"href":"https:\/\/bottesetvelo.com\/blog\/wp-json\/wp\/v2\/media\/3573"}],"wp:attachment":[{"href":"https:\/\/bottesetvelo.com\/blog\/wp-json\/wp\/v2\/media?parent=3572"}],"wp:term":[{"taxonomy":"category","embeddable":true,"href":"https:\/\/bottesetvelo.com\/blog\/wp-json\/wp\/v2\/categories?post=3572"},{"taxonomy":"post_tag","embeddable":true,"href":"https:\/\/bottesetvelo.com\/blog\/wp-json\/wp\/v2\/tags?post=3572"}],"curies":[{"name":"wp","href":"https:\/\/api.w.org\/{rel}","templated":true}]}}