{"id":3523,"date":"2018-12-28T08:58:50","date_gmt":"2018-12-28T13:58:50","guid":{"rendered":"http:\/\/bottesetvelo.com\/blog\/?p=3523"},"modified":"2018-12-29T14:07:47","modified_gmt":"2018-12-29T19:07:47","slug":"regarder-derriere-pour-mieux-voir-devant","status":"publish","type":"post","link":"https:\/\/bottesetvelo.com\/blog\/2018\/12\/28\/regarder-derriere-pour-mieux-voir-devant\/","title":{"rendered":"Regarder derri\u00e8re pour mieux voir devant"},"content":{"rendered":"\n<blockquote style=\"text-align:right\" class=\"wp-block-quote is-style-default is-layout-flow wp-block-quote-is-layout-flow\"><p>Sans point d\u2019appui, sans limite autour de soi pour ressaisir le sens de la pr\u00e9sence, l\u2019homme se dissout dans l\u2019espace.<\/p><cite>David Le Breton  <\/cite><\/blockquote>\n\n\n\n<div class=\"wp-block-image\"><figure class=\"alignright is-resized\"><img data-recalc-dims=\"1\" loading=\"lazy\" decoding=\"async\" data-attachment-id=\"3529\" data-permalink=\"https:\/\/bottesetvelo.com\/blog\/2018\/12\/28\/regarder-derriere-pour-mieux-voir-devant\/car-933269_1920\/\" data-orig-file=\"https:\/\/i0.wp.com\/bottesetvelo.com\/blog\/wp-content\/uploads\/2018\/12\/car-933269_1920.jpg?fit=1920%2C1280&amp;ssl=1\" data-orig-size=\"1920,1280\" data-comments-opened=\"1\" data-image-meta=\"{&quot;aperture&quot;:&quot;0&quot;,&quot;credit&quot;:&quot;&quot;,&quot;camera&quot;:&quot;&quot;,&quot;caption&quot;:&quot;&quot;,&quot;created_timestamp&quot;:&quot;0&quot;,&quot;copyright&quot;:&quot;&quot;,&quot;focal_length&quot;:&quot;0&quot;,&quot;iso&quot;:&quot;0&quot;,&quot;shutter_speed&quot;:&quot;0&quot;,&quot;title&quot;:&quot;&quot;,&quot;orientation&quot;:&quot;0&quot;}\" data-image-title=\"car-933269_1920\" data-image-description=\"\" data-image-caption=\"\" data-large-file=\"https:\/\/i0.wp.com\/bottesetvelo.com\/blog\/wp-content\/uploads\/2018\/12\/car-933269_1920.jpg?fit=1024%2C683&amp;ssl=1\" src=\"https:\/\/i0.wp.com\/bottesetvelo.com\/blog\/wp-content\/uploads\/2018\/12\/car-933269_1920.jpg?resize=300%2C183&#038;ssl=1\" alt=\"\" class=\"wp-image-3529\" width=\"300\" height=\"183\"\/><\/figure><\/div>\n\n\n\n<p style=\"color:#0c4c67\" class=\"has-text-color has-drop-cap\">Vous est-il d\u00e9j\u00e0 arriv\u00e9 de vous r\u00e9veiller au volant de votre voiture,  perdu dans vos pens\u00e9es, vous demandant o\u00f9 vous \u00e9tiez et comment vous  aviez fait pour arriver l\u00e0? M\u00eame en marchant cela m\u2019arrive! Quelle  sensation \u00e9trange que cette \u00ab&nbsp;absence&nbsp;\u00bb. Comme si notre esprit avait mis  nos r\u00e9flexes sur le \u00ab&nbsp;pilote automatique&nbsp;\u00bb et que nous avions perdu le fil de la r\u00e9alit\u00e9. O\u00f9 nos vies vont-elles dans ces moments? 2019 serait-il arriv\u00e9 de cette mani\u00e8re dans nos vies?  <\/p>\n\n\n\n<p>Prenons le temps de refaire le parcours\u2026 O\u00f9 \u00e9tais-je ces derniers\nmois? Que s\u2019est-il pass\u00e9? Comment ai-je men\u00e9 ma vie? <\/p>\n\n\n\n<p>Avec effort et concentration, quelques souvenirs \u00e9parses nous reviennent en m\u00e9moire. Des r\u00eaves fugaces, quelques \u00e9v\u00e9nements marquants, rien de vraiment pr\u00e9cis. <strong>La raison structure notre quotidien avec une telle efficacit\u00e9, qu&rsquo;il en reste bien peu de choses.<\/strong> Absorb\u00e9s par mille projections, mille gestes m\u00e9caniques, de grands pans de nos vies d\u00e9filent sans nous en rendre compte. <\/p>\n\n\n\n<p>Encore une fois, prenons le temps de refaire le parcours. Arr\u00eatez-vous et observez. De quoi votre chemin est-il fait? De quoi s&rsquo;habille votre quotidien? <\/p>\n\n\n\n<div class=\"wp-block-image\"><figure class=\"alignright is-resized\"><img data-recalc-dims=\"1\" loading=\"lazy\" decoding=\"async\" data-attachment-id=\"3530\" data-permalink=\"https:\/\/bottesetvelo.com\/blog\/2018\/12\/28\/regarder-derriere-pour-mieux-voir-devant\/photoshop-2845779_1920-3\/\" data-orig-file=\"https:\/\/i0.wp.com\/bottesetvelo.com\/blog\/wp-content\/uploads\/2018\/12\/photoshop-2845779_1920-2.jpg?fit=1920%2C1277&amp;ssl=1\" data-orig-size=\"1920,1277\" data-comments-opened=\"1\" data-image-meta=\"{&quot;aperture&quot;:&quot;0&quot;,&quot;credit&quot;:&quot;&quot;,&quot;camera&quot;:&quot;&quot;,&quot;caption&quot;:&quot;&quot;,&quot;created_timestamp&quot;:&quot;0&quot;,&quot;copyright&quot;:&quot;&quot;,&quot;focal_length&quot;:&quot;0&quot;,&quot;iso&quot;:&quot;0&quot;,&quot;shutter_speed&quot;:&quot;0&quot;,&quot;title&quot;:&quot;&quot;,&quot;orientation&quot;:&quot;0&quot;}\" data-image-title=\"photoshop-2845779_1920\" data-image-description=\"\" data-image-caption=\"\" data-large-file=\"https:\/\/i0.wp.com\/bottesetvelo.com\/blog\/wp-content\/uploads\/2018\/12\/photoshop-2845779_1920-2.jpg?fit=1024%2C681&amp;ssl=1\" src=\"https:\/\/i0.wp.com\/bottesetvelo.com\/blog\/wp-content\/uploads\/2018\/12\/photoshop-2845779_1920-2.jpg?resize=300%2C192&#038;ssl=1\" alt=\"\" class=\"wp-image-3530\" width=\"300\" height=\"192\"\/><\/figure><\/div>\n\n\n\n<p>Regardez plus loin derri\u00e8re. Encore plus loin.<\/p>\n\n\n\n<p>Que voyez-vous? <\/p>\n\n\n\n<p>Des images commencent \u00e0 se pr\u00e9ciser. Des \u00e9v\u00e9nements, heureux ou malheureux, se ravivent. Examinez-les, consid\u00e9rez l\u2019effet qu\u2019ils ont sur vous. <strong>Notez combien ils sont d\u2019abord marqu\u00e9s par un ressenti, une saveur inscrite dans votre chair.<\/strong> Go\u00fbtez la douceur du sourire qui se forme sur vos l\u00e8vres en vous rappelant cette rencontre. Sentez l\u2019amertume de vos sourcils qui se durcissent en visitant cet instant troublant. Observez le frisson qui vous parcourt en revoyant cette sc\u00e8ne. <\/p>\n\n\n\n<p>Maintenant, regardez devant. <\/p>\n\n\n\n<p>O\u00f9 allez-vous ainsi? Qu\u2019est-ce qui vous incite \u00e0 aller de l\u2019avant? Sur quoi se fonde votre route? Quels sont vos r\u00eaves, vos d\u00e9sirs? D&rsquo;o\u00f9 les tenez-vous? Qu\u2019attendez-vous de la vie? Quels sentiments \u00e9veillent cette r\u00e9flexion?<\/p>\n\n\n\n<p><strong>Peu importe la nature de notre r\u00e9flexion, pr\u00e9sente, pass\u00e9e ou \u00e0 venir, la seule trace r\u00e9elle qu\u2019elle laisse est de l\u2019ordre du ressenti. <\/strong>Voyez ce souvenir, il peut vous para\u00eetre d\u00e9vastateur, enivrant, chaleureux, insolent. Pourtant, certains diront que non. Ce qui importe, c\u2019est la m\u00e9moire qu\u2019en garde votre corps. Elle est votre r\u00e9alit\u00e9. C\u2019est \u00e0 partir de cette m\u00e9moire que vous avez appris \u00e0 n\u00e9gocier votre mani\u00e8re de vivre. C\u2019est sur elle que vous avez fond\u00e9 votre mani\u00e8re d\u2019affronter la vie. <strong>Tout souvenir est la m\u00e9moire d\u2019un sentiment. Toute anticipation \u00e9veille cette m\u00e9moire.&nbsp;<\/strong>Ce faisant, ces \u00e9motions deviennent de pr\u00e9cieux indicateurs de votre destination, car, ou vous chercherez ce sentiment qui vous manque, ou vous fuirez cette sensation qui vous hante. L\u2019\u00e9lan de votre vie s\u2019\u00e9crit sur cette multitude de ressentis.<\/p>\n\n\n\n<div class=\"wp-block-image\"><figure class=\"alignright is-resized\"><img loading=\"lazy\" decoding=\"async\" data-attachment-id=\"3531\" data-permalink=\"https:\/\/bottesetvelo.com\/blog\/2018\/12\/28\/regarder-derriere-pour-mieux-voir-devant\/hipster-869222_1920\/\" data-orig-file=\"https:\/\/i0.wp.com\/bottesetvelo.com\/blog\/wp-content\/uploads\/2018\/12\/hipster-869222_1920.jpg?fit=1920%2C1280&amp;ssl=1\" data-orig-size=\"1920,1280\" data-comments-opened=\"1\" data-image-meta=\"{&quot;aperture&quot;:&quot;0&quot;,&quot;credit&quot;:&quot;&quot;,&quot;camera&quot;:&quot;&quot;,&quot;caption&quot;:&quot;&quot;,&quot;created_timestamp&quot;:&quot;0&quot;,&quot;copyright&quot;:&quot;&quot;,&quot;focal_length&quot;:&quot;0&quot;,&quot;iso&quot;:&quot;0&quot;,&quot;shutter_speed&quot;:&quot;0&quot;,&quot;title&quot;:&quot;&quot;,&quot;orientation&quot;:&quot;0&quot;}\" data-image-title=\"hipster-869222_1920\" data-image-description=\"\" data-image-caption=\"\" data-large-file=\"https:\/\/i0.wp.com\/bottesetvelo.com\/blog\/wp-content\/uploads\/2018\/12\/hipster-869222_1920.jpg?fit=1024%2C683&amp;ssl=1\" src=\"https:\/\/i2.wp.com\/bottesetvelo.com\/blog\/wp-content\/uploads\/2018\/12\/hipster-869222_1920.jpg?fit=1024%2C683\" alt=\"\" class=\"wp-image-3531\" width=\"300\" height=\"157\"\/><\/figure><\/div>\n\n\n\n<p>Nous nous situons toujours \u00e0 mi-chemin entre notre histoire pass\u00e9e, celle qui est \u00e9crite dans notre chair, et ce d\u00e9sir qui nous tient par les tripes et nous tire en avant. <strong>Ce n\u2019est pas la raison qui dirige nos vies, mais bien l\u2019exp\u00e9rience dans la chair.<\/strong> C\u2019est ce v\u00e9cu ressenti que nous tentons ensuite de raisonner, structurer, pour construire du sens et nous donner de l&rsquo;\u00e9lan.<\/p>\n\n\n\n<p>Regardez derri\u00e8re permet de revenir go\u00fbter les sentiments qui nous habitent. Le faire avec lucidit\u00e9 permet de les nommer et de pr\u00e9ciser le d\u00e9sir qui nous porte. Tant que ces derniers ne seront pas nomm\u00e9s, ils nous charrieront comme le vent balaie les feuilles d\u2019automne et nos vies erreront sur le pilote automatique. Prendre le temps de ce retournement lucide, fait du pr\u00e9sent le pivot d\u2019un \u00e9lan \u00e0 venir plein de promesses. <\/p>\n\n\n\n<div class=\"wp-block-media-text alignwide has-media-on-the-right\" style=\"grid-template-columns:auto 15%\"><figure class=\"wp-block-media-text__media\"><img data-recalc-dims=\"1\" loading=\"lazy\" decoding=\"async\" width=\"100\" height=\"79\" data-attachment-id=\"3180\" data-permalink=\"https:\/\/bottesetvelo.com\/blog\/2018\/01\/26\/sortir-de-la-confusion\/bottes-et-velo-embleme-transparent\/\" data-orig-file=\"https:\/\/i0.wp.com\/bottesetvelo.com\/blog\/wp-content\/uploads\/2018\/01\/Bottes-et-V%C3%A9lo-Embl%C3%AAme-transparent-e1522417779346.png?fit=100%2C79&amp;ssl=1\" data-orig-size=\"100,79\" data-comments-opened=\"1\" data-image-meta=\"{&quot;aperture&quot;:&quot;0&quot;,&quot;credit&quot;:&quot;&quot;,&quot;camera&quot;:&quot;&quot;,&quot;caption&quot;:&quot;&quot;,&quot;created_timestamp&quot;:&quot;0&quot;,&quot;copyright&quot;:&quot;&quot;,&quot;focal_length&quot;:&quot;0&quot;,&quot;iso&quot;:&quot;0&quot;,&quot;shutter_speed&quot;:&quot;0&quot;,&quot;title&quot;:&quot;&quot;,&quot;orientation&quot;:&quot;0&quot;}\" data-image-title=\"Bottes et V\u00e9lo &amp;#8211; Embl\u00eame &amp;#8211; transparent\" data-image-description=\"\" data-image-caption=\"\" data-large-file=\"https:\/\/i0.wp.com\/bottesetvelo.com\/blog\/wp-content\/uploads\/2018\/01\/Bottes-et-V%C3%A9lo-Embl%C3%AAme-transparent-e1522417779346.png?fit=100%2C79&amp;ssl=1\" src=\"https:\/\/i0.wp.com\/bottesetvelo.com\/blog\/wp-content\/uploads\/2018\/01\/Bottes-et-V%C3%A9lo-Embl%C3%AAme-transparent-e1522417779346.png?resize=100%2C79&#038;ssl=1\" alt=\"\" class=\"wp-image-3180\"\/><\/figure><div class=\"wp-block-media-text__content\">\n<p style=\"text-align:left\">\u00c9ric Lalibert\u00e9<\/p>\n<\/div><\/div>\n","protected":false},"excerpt":{"rendered":"<p>Sans point d\u2019appui, sans limite autour de soi pour ressaisir le sens de la pr\u00e9sence, l\u2019homme se dissout dans l\u2019espace. David Le Breton Vous est-il d\u00e9j\u00e0 arriv\u00e9 de vous r\u00e9veiller au volant de votre voiture, perdu dans vos pens\u00e9es, vous demandant o\u00f9 vous \u00e9tiez et comment vous aviez fait pour arriver l\u00e0? M\u00eame en marchant&hellip;<\/p>\n","protected":false},"author":3,"featured_media":3530,"comment_status":"open","ping_status":"open","sticky":false,"template":"","format":"standard","meta":{"jetpack_post_was_ever_published":false,"_jetpack_newsletter_access":"","_jetpack_dont_email_post_to_subs":false,"_jetpack_newsletter_tier_id":0,"_jetpack_memberships_contains_paywalled_content":false,"_jetpack_memberships_contains_paid_content":false,"footnotes":"","jetpack_publicize_message":"Regarder derri\u00e8re pour mieux voir devant. \"Peu importe la nature de notre r\u00e9flexion, pr\u00e9sente, pass\u00e9e ou \u00e0 venir, la seule trace r\u00e9elle qu\u2019elle laisse est de l\u2019ordre du ressenti.\" ","jetpack_publicize_feature_enabled":true,"jetpack_social_post_already_shared":true,"jetpack_social_options":{"image_generator_settings":{"template":"highway","default_image_id":0,"font":"","enabled":false},"version":2}},"categories":[422,50,380,3],"tags":[512,114,519,475,518],"class_list":["post-3523","post","type-post","status-publish","format-standard","has-post-thumbnail","hentry","category-accompagnement","category-art-de-vivre","category-conscientisation","category-reflexions","tag-512","tag-chemin-de-vie","tag-emotion","tag-relecture","tag-sentiment"],"jetpack_publicize_connections":[],"jetpack_featured_media_url":"https:\/\/i0.wp.com\/bottesetvelo.com\/blog\/wp-content\/uploads\/2018\/12\/photoshop-2845779_1920-2.jpg?fit=1920%2C1277&ssl=1","jetpack_shortlink":"https:\/\/wp.me\/p4eY6z-UP","jetpack_sharing_enabled":true,"jetpack_likes_enabled":true,"jetpack-related-posts":[],"_links":{"self":[{"href":"https:\/\/bottesetvelo.com\/blog\/wp-json\/wp\/v2\/posts\/3523","targetHints":{"allow":["GET"]}}],"collection":[{"href":"https:\/\/bottesetvelo.com\/blog\/wp-json\/wp\/v2\/posts"}],"about":[{"href":"https:\/\/bottesetvelo.com\/blog\/wp-json\/wp\/v2\/types\/post"}],"author":[{"embeddable":true,"href":"https:\/\/bottesetvelo.com\/blog\/wp-json\/wp\/v2\/users\/3"}],"replies":[{"embeddable":true,"href":"https:\/\/bottesetvelo.com\/blog\/wp-json\/wp\/v2\/comments?post=3523"}],"version-history":[{"count":13,"href":"https:\/\/bottesetvelo.com\/blog\/wp-json\/wp\/v2\/posts\/3523\/revisions"}],"predecessor-version":[{"id":3571,"href":"https:\/\/bottesetvelo.com\/blog\/wp-json\/wp\/v2\/posts\/3523\/revisions\/3571"}],"wp:featuredmedia":[{"embeddable":true,"href":"https:\/\/bottesetvelo.com\/blog\/wp-json\/wp\/v2\/media\/3530"}],"wp:attachment":[{"href":"https:\/\/bottesetvelo.com\/blog\/wp-json\/wp\/v2\/media?parent=3523"}],"wp:term":[{"taxonomy":"category","embeddable":true,"href":"https:\/\/bottesetvelo.com\/blog\/wp-json\/wp\/v2\/categories?post=3523"},{"taxonomy":"post_tag","embeddable":true,"href":"https:\/\/bottesetvelo.com\/blog\/wp-json\/wp\/v2\/tags?post=3523"}],"curies":[{"name":"wp","href":"https:\/\/api.w.org\/{rel}","templated":true}]}}