{"id":3491,"date":"2018-11-23T09:20:52","date_gmt":"2018-11-23T14:20:52","guid":{"rendered":"http:\/\/bottesetvelo.com\/blog\/?p=3491"},"modified":"2018-11-24T18:31:02","modified_gmt":"2018-11-24T23:31:02","slug":"la-ou-le-temps-a-un-gout-deternite","status":"publish","type":"post","link":"https:\/\/bottesetvelo.com\/blog\/2018\/11\/23\/la-ou-le-temps-a-un-gout-deternite\/","title":{"rendered":"L\u00e0 o\u00f9 le temps a un go\u00fbt d\u2019\u00e9ternit\u00e9."},"content":{"rendered":"<h6 style=\"text-align: right;\"><em>Marcher vraiment, c\u2019est aller au rythme de la fleur qui s\u2019ouvre.<\/em><br \/>\n<em>Michel Jourdan<\/em><\/h6>\n<h5 style=\"text-align: justify;\"><span style=\"color: #003366;\">Dans tous les domaines la vitesse ne cesse de gagner du terrain. Nous sommes pass\u00e9s du train au TGV, du four conventionnel au micro-ondes, de la commande manuelle \u00e0 la t\u00e9l\u00e9commande, du courrier postal au courriel, de l\u2019appel t\u00e9l\u00e9phonique aux textos. En 1920, un Finlandais d\u00e9tenait le record du monde des marathoniens avec un temps de 2h38. En septembre dernier (2018), ce record \u00e9tait loin derri\u00e8re avec la performance d\u2019un Kenyan \u00e0 Berlin\u00a0: 2h01. M\u00eame le corps humain parvient \u00e0 des vitesses insoup\u00e7onn\u00e9es! Mais avec toute cette vitesse, qu\u2019advient-il de notre humanit\u00e9?<\/span><\/h5>\n<p style=\"text-align: justify;\"><a href=\"https:\/\/i0.wp.com\/bottesetvelo.com\/blog\/wp-content\/uploads\/2018\/11\/blur-1239439_1920.jpg?ssl=1\"><img data-recalc-dims=\"1\" loading=\"lazy\" decoding=\"async\" data-attachment-id=\"3493\" data-permalink=\"https:\/\/bottesetvelo.com\/blog\/2018\/11\/23\/la-ou-le-temps-a-un-gout-deternite\/blur-1239439_1920\/\" data-orig-file=\"https:\/\/i0.wp.com\/bottesetvelo.com\/blog\/wp-content\/uploads\/2018\/11\/blur-1239439_1920.jpg?fit=1920%2C1258&amp;ssl=1\" data-orig-size=\"1920,1258\" data-comments-opened=\"1\" data-image-meta=\"{&quot;aperture&quot;:&quot;0&quot;,&quot;credit&quot;:&quot;&quot;,&quot;camera&quot;:&quot;&quot;,&quot;caption&quot;:&quot;&quot;,&quot;created_timestamp&quot;:&quot;0&quot;,&quot;copyright&quot;:&quot;&quot;,&quot;focal_length&quot;:&quot;0&quot;,&quot;iso&quot;:&quot;0&quot;,&quot;shutter_speed&quot;:&quot;0&quot;,&quot;title&quot;:&quot;&quot;,&quot;orientation&quot;:&quot;0&quot;}\" data-image-title=\"blur-1239439_1920\" data-image-description=\"\" data-image-caption=\"\" data-large-file=\"https:\/\/i0.wp.com\/bottesetvelo.com\/blog\/wp-content\/uploads\/2018\/11\/blur-1239439_1920.jpg?fit=1024%2C671&amp;ssl=1\" class=\"alignright wp-image-3493\" src=\"https:\/\/i0.wp.com\/bottesetvelo.com\/blog\/wp-content\/uploads\/2018\/11\/blur-1239439_1920.jpg?resize=400%2C262&#038;ssl=1\" alt=\"\" width=\"400\" height=\"262\" srcset=\"https:\/\/i0.wp.com\/bottesetvelo.com\/blog\/wp-content\/uploads\/2018\/11\/blur-1239439_1920.jpg?resize=500%2C328&amp;ssl=1 500w, https:\/\/i0.wp.com\/bottesetvelo.com\/blog\/wp-content\/uploads\/2018\/11\/blur-1239439_1920.jpg?resize=768%2C503&amp;ssl=1 768w, https:\/\/i0.wp.com\/bottesetvelo.com\/blog\/wp-content\/uploads\/2018\/11\/blur-1239439_1920.jpg?resize=1024%2C671&amp;ssl=1 1024w, https:\/\/i0.wp.com\/bottesetvelo.com\/blog\/wp-content\/uploads\/2018\/11\/blur-1239439_1920.jpg?w=1920&amp;ssl=1 1920w\" sizes=\"auto, (max-width: 400px) 100vw, 400px\" \/><\/a>Dans Le Devoir du 17 novembre dernier, Laurie Noreau r\u00e9digeait un article intitul\u00e9\u00a0: \u00ab\u00a0<a href=\"https:\/\/www.ledevoir.com\/societe\/541469\/ou-est-passee-l-empathie\">O\u00f9 est pass\u00e9 l\u2019empathie?<\/a>\u00a0\u00bb. Elle s\u2019interrogeait alors sur les travaux de Charles-Antoine Barbeau-Meunier, \u00e9tudiant en m\u00e9decine \u00e0 l\u2019Universit\u00e9 de Sherbrooke, et retenait de leur entretien qu\u2019il <strong><span style=\"color: #003366;\">existe une relation entre \u00ab\u00a0degr\u00e9 d\u2019empathie\u00a0\u00bb et \u00ab\u00a0temps\u00a0\u00bb<\/span><\/strong>. Qu\u2019en r\u00e9duisant le temps consacr\u00e9 aux t\u00e2ches, s\u2019ensuit une augmentation de la vitesse d\u2019ex\u00e9cution, faisant d\u00e9cro\u00eetre le degr\u00e9 d\u2019empathie des intervenants.<\/p>\n<p style=\"text-align: justify;\">Plus vite, plus performant, plus productif, plus rentable. Le moindre impond\u00e9rable est un croc-en-jambe sur le marathon de la vie. Impond\u00e9rable? C\u2019est l\u2019humain pratiquement \u00e0 tous les coups. L\u2019humain dans toute son humanit\u00e9! Distractions, cafards, angoisses, peurs, oublis, blessures, \u00e2ges, ces traces d\u2019humanit\u00e9 viennent troubler la cadence. Mais comment les g\u00e9rer? On va au plus court. Une tape dans le dos pour encourager, un texto pour dire que je pense \u00e0 toi, des pens\u00e9es heureuses sur ton Facebook. Ne surtout pas s\u2019apitoyer ou pleurnicher! <span style=\"color: #003366;\"><strong>Il y a un malaise face \u00e0 la souffrance de l&rsquo;autre. Face \u00e0 la sienne aussi&#8230;<a href=\"https:\/\/i0.wp.com\/bottesetvelo.com\/blog\/wp-content\/uploads\/2018\/11\/hospice-1761276_1920.jpg?ssl=1\"><img data-recalc-dims=\"1\" loading=\"lazy\" decoding=\"async\" data-attachment-id=\"3494\" data-permalink=\"https:\/\/bottesetvelo.com\/blog\/2018\/11\/23\/la-ou-le-temps-a-un-gout-deternite\/hospice-1761276_1920\/\" data-orig-file=\"https:\/\/i0.wp.com\/bottesetvelo.com\/blog\/wp-content\/uploads\/2018\/11\/hospice-1761276_1920.jpg?fit=1920%2C1280&amp;ssl=1\" data-orig-size=\"1920,1280\" data-comments-opened=\"1\" data-image-meta=\"{&quot;aperture&quot;:&quot;5.6&quot;,&quot;credit&quot;:&quot;&quot;,&quot;camera&quot;:&quot;Canon EOS 1100D&quot;,&quot;caption&quot;:&quot;&quot;,&quot;created_timestamp&quot;:&quot;0&quot;,&quot;copyright&quot;:&quot;&quot;,&quot;focal_length&quot;:&quot;42&quot;,&quot;iso&quot;:&quot;2500&quot;,&quot;shutter_speed&quot;:&quot;0.04&quot;,&quot;title&quot;:&quot;&quot;,&quot;orientation&quot;:&quot;0&quot;}\" data-image-title=\"hospice-1761276_1920\" data-image-description=\"\" data-image-caption=\"\" data-large-file=\"https:\/\/i0.wp.com\/bottesetvelo.com\/blog\/wp-content\/uploads\/2018\/11\/hospice-1761276_1920.jpg?fit=1024%2C683&amp;ssl=1\" class=\"alignright wp-image-3494\" src=\"https:\/\/i0.wp.com\/bottesetvelo.com\/blog\/wp-content\/uploads\/2018\/11\/hospice-1761276_1920.jpg?resize=400%2C267&#038;ssl=1\" alt=\"\" width=\"400\" height=\"267\" srcset=\"https:\/\/i0.wp.com\/bottesetvelo.com\/blog\/wp-content\/uploads\/2018\/11\/hospice-1761276_1920.jpg?resize=500%2C333&amp;ssl=1 500w, https:\/\/i0.wp.com\/bottesetvelo.com\/blog\/wp-content\/uploads\/2018\/11\/hospice-1761276_1920.jpg?resize=768%2C512&amp;ssl=1 768w, https:\/\/i0.wp.com\/bottesetvelo.com\/blog\/wp-content\/uploads\/2018\/11\/hospice-1761276_1920.jpg?resize=1024%2C683&amp;ssl=1 1024w, https:\/\/i0.wp.com\/bottesetvelo.com\/blog\/wp-content\/uploads\/2018\/11\/hospice-1761276_1920.jpg?w=1920&amp;ssl=1 1920w\" sizes=\"auto, (max-width: 400px) 100vw, 400px\" \/><\/a><\/strong><\/span><\/p>\n<p style=\"text-align: justify;\">Ces observations, comme vous le voyez, d\u00e9passent les milieux de la sant\u00e9. Barack Obama les signalait d\u00e9j\u00e0 comme v\u00e9ritables enjeux de soci\u00e9t\u00e9. C\u2019est ce que rappelle Laurie Noreau dans son article. Pour ajouter, les recherches de Mary Gordon, fondatrice du programme \u00e9ducatif <em>Roots of Empathy<\/em>, abondent dans le m\u00eame sens et soutiennent que <span style=\"color: #003366;\"><strong>l\u2019empathie sera la comp\u00e9tence la plus recherch\u00e9e de ce si\u00e8cle.<\/strong><\/span> La rapidit\u00e9 gagne sur le relationnel et l\u2019empathie se voit lentement gliss\u00e9e vers la liste des qualit\u00e9s en voie d\u2019extinction. Tout cela, parce que nous faisons et allons trop vite!<\/p>\n<p style=\"text-align: justify;\">Chaque espace lib\u00e9r\u00e9 par exc\u00e8s de vitesse est aussit\u00f4t combl\u00e9 pour faire plus. Le temps ainsi r\u00e9cup\u00e9r\u00e9 est rarement utilis\u00e9 pour \u00eatre savour\u00e9. Au contraire! Il est de plus en plus r\u00e9duit, press\u00e9, condens\u00e9, \u00e0 un point tel que c\u2019est l\u2019essence m\u00eame de notre humanit\u00e9 qui est ainsi centrifug\u00e9e. Il n\u2019en reste qu\u2019un triste concentr\u00e9.<a href=\"https:\/\/i0.wp.com\/bottesetvelo.com\/blog\/wp-content\/uploads\/2018\/11\/children-1822704.jpg?ssl=1\"><img data-recalc-dims=\"1\" loading=\"lazy\" decoding=\"async\" data-attachment-id=\"3492\" data-permalink=\"https:\/\/bottesetvelo.com\/blog\/2018\/11\/23\/la-ou-le-temps-a-un-gout-deternite\/children-1822704\/\" data-orig-file=\"https:\/\/i0.wp.com\/bottesetvelo.com\/blog\/wp-content\/uploads\/2018\/11\/children-1822704.jpg?fit=6844%2C4489&amp;ssl=1\" data-orig-size=\"6844,4489\" data-comments-opened=\"1\" data-image-meta=\"{&quot;aperture&quot;:&quot;2.8&quot;,&quot;credit&quot;:&quot;&quot;,&quot;camera&quot;:&quot;NIKON D810&quot;,&quot;caption&quot;:&quot;&quot;,&quot;created_timestamp&quot;:&quot;0&quot;,&quot;copyright&quot;:&quot;&quot;,&quot;focal_length&quot;:&quot;155&quot;,&quot;iso&quot;:&quot;125&quot;,&quot;shutter_speed&quot;:&quot;0.00125&quot;,&quot;title&quot;:&quot;&quot;,&quot;orientation&quot;:&quot;0&quot;}\" data-image-title=\"children-1822704\" data-image-description=\"\" data-image-caption=\"\" data-large-file=\"https:\/\/i0.wp.com\/bottesetvelo.com\/blog\/wp-content\/uploads\/2018\/11\/children-1822704.jpg?fit=1024%2C672&amp;ssl=1\" class=\"alignright wp-image-3492\" src=\"https:\/\/i0.wp.com\/bottesetvelo.com\/blog\/wp-content\/uploads\/2018\/11\/children-1822704.jpg?resize=400%2C262&#038;ssl=1\" alt=\"\" width=\"400\" height=\"262\" srcset=\"https:\/\/i0.wp.com\/bottesetvelo.com\/blog\/wp-content\/uploads\/2018\/11\/children-1822704.jpg?resize=500%2C328&amp;ssl=1 500w, https:\/\/i0.wp.com\/bottesetvelo.com\/blog\/wp-content\/uploads\/2018\/11\/children-1822704.jpg?resize=768%2C504&amp;ssl=1 768w, https:\/\/i0.wp.com\/bottesetvelo.com\/blog\/wp-content\/uploads\/2018\/11\/children-1822704.jpg?resize=1024%2C672&amp;ssl=1 1024w, https:\/\/i0.wp.com\/bottesetvelo.com\/blog\/wp-content\/uploads\/2018\/11\/children-1822704.jpg?w=2340&amp;ssl=1 2340w, https:\/\/i0.wp.com\/bottesetvelo.com\/blog\/wp-content\/uploads\/2018\/11\/children-1822704.jpg?w=3510&amp;ssl=1 3510w\" sizes=\"auto, (max-width: 400px) 100vw, 400px\" \/><\/a><\/p>\n<p style=\"text-align: justify;\"><span style=\"color: #003366;\"><strong>La lenteur est gage de notre humanit\u00e9.<\/strong> <\/span>Elle inscrit un rythme et une qualit\u00e9 de vie, met en contact avec nos sens, ravive les d\u00e9tails du quotidien. Elle autorise le d\u00eener prolong\u00e9. Elle a du temps pour discuter et tenir la main. Elle remet \u00e0 plus tard ce qui devient \u00e9nervant; rend attentif aux enjeux de ce qui se vit, ici et maintenant, et jusque dans ses prolongements. La lenteur affine le regard. Elle rend visionnaire. Elle installe dans l\u2019instant, non dans l\u2019instantan\u00e9it\u00e9. L\u00e0 o\u00f9 le temps a un go\u00fbt d\u2019\u00e9ternit\u00e9.<a href=\"https:\/\/i0.wp.com\/bottesetvelo.com\/blog\/wp-content\/uploads\/2018\/01\/Bottes-et-V%C3%A9lo-Embl%C3%AAme-transparent-e1522417779346.png?ssl=1\"><img data-recalc-dims=\"1\" loading=\"lazy\" decoding=\"async\" data-attachment-id=\"3180\" data-permalink=\"https:\/\/bottesetvelo.com\/blog\/2018\/01\/26\/sortir-de-la-confusion\/bottes-et-velo-embleme-transparent\/\" data-orig-file=\"https:\/\/i0.wp.com\/bottesetvelo.com\/blog\/wp-content\/uploads\/2018\/01\/Bottes-et-V%C3%A9lo-Embl%C3%AAme-transparent-e1522417779346.png?fit=100%2C79&amp;ssl=1\" data-orig-size=\"100,79\" data-comments-opened=\"1\" data-image-meta=\"{&quot;aperture&quot;:&quot;0&quot;,&quot;credit&quot;:&quot;&quot;,&quot;camera&quot;:&quot;&quot;,&quot;caption&quot;:&quot;&quot;,&quot;created_timestamp&quot;:&quot;0&quot;,&quot;copyright&quot;:&quot;&quot;,&quot;focal_length&quot;:&quot;0&quot;,&quot;iso&quot;:&quot;0&quot;,&quot;shutter_speed&quot;:&quot;0&quot;,&quot;title&quot;:&quot;&quot;,&quot;orientation&quot;:&quot;0&quot;}\" data-image-title=\"Bottes et V\u00e9lo &amp;#8211; Embl\u00eame &amp;#8211; transparent\" data-image-description=\"\" data-image-caption=\"\" data-large-file=\"https:\/\/i0.wp.com\/bottesetvelo.com\/blog\/wp-content\/uploads\/2018\/01\/Bottes-et-V%C3%A9lo-Embl%C3%AAme-transparent-e1522417779346.png?fit=100%2C79&amp;ssl=1\" class=\"size-full wp-image-3180 alignright\" src=\"https:\/\/i0.wp.com\/bottesetvelo.com\/blog\/wp-content\/uploads\/2018\/01\/Bottes-et-V%C3%A9lo-Embl%C3%AAme-transparent-e1522417779346.png?resize=100%2C79&#038;ssl=1\" alt=\"\" width=\"100\" height=\"79\" \/><\/a><\/p>\n<p style=\"text-align: justify;\">\u00c9ric Lalibert\u00e9<\/p>\n","protected":false},"excerpt":{"rendered":"<p>Marcher vraiment, c\u2019est aller au rythme de la fleur qui s\u2019ouvre. Michel Jourdan Dans tous les domaines la vitesse ne cesse de gagner du terrain. Nous sommes pass\u00e9s du train au TGV, du four conventionnel au micro-ondes, de la commande manuelle \u00e0 la t\u00e9l\u00e9commande, du courrier postal au courriel, de l\u2019appel t\u00e9l\u00e9phonique aux textos. En&hellip;<\/p>\n","protected":false},"author":3,"featured_media":3492,"comment_status":"open","ping_status":"open","sticky":false,"template":"","format":"standard","meta":{"jetpack_post_was_ever_published":false,"_jetpack_newsletter_access":"","_jetpack_dont_email_post_to_subs":false,"_jetpack_newsletter_tier_id":0,"_jetpack_memberships_contains_paywalled_content":false,"_jetpack_memberships_contains_paid_content":false,"footnotes":"","jetpack_publicize_message":"L\u00e0 o\u00f9 le temps a un go\u00fbt d\u2019\u00e9ternit\u00e9.","jetpack_publicize_feature_enabled":true,"jetpack_social_post_already_shared":true,"jetpack_social_options":{"image_generator_settings":{"template":"highway","default_image_id":0,"font":"","enabled":false},"version":2}},"categories":[422,345,3,446],"tags":[515,513,514,151,77],"class_list":["post-3491","post","type-post","status-publish","format-standard","has-post-thumbnail","hentry","category-accompagnement","category-culture-de-consommation","category-reflexions","category-societe","tag-compassion","tag-empathie","tag-lenteur","tag-prendre-le-temps","tag-vitesse"],"jetpack_publicize_connections":[],"jetpack_featured_media_url":"https:\/\/i0.wp.com\/bottesetvelo.com\/blog\/wp-content\/uploads\/2018\/11\/children-1822704.jpg?fit=6844%2C4489&ssl=1","jetpack_shortlink":"https:\/\/wp.me\/p4eY6z-Uj","jetpack_sharing_enabled":true,"jetpack_likes_enabled":true,"jetpack-related-posts":[],"_links":{"self":[{"href":"https:\/\/bottesetvelo.com\/blog\/wp-json\/wp\/v2\/posts\/3491","targetHints":{"allow":["GET"]}}],"collection":[{"href":"https:\/\/bottesetvelo.com\/blog\/wp-json\/wp\/v2\/posts"}],"about":[{"href":"https:\/\/bottesetvelo.com\/blog\/wp-json\/wp\/v2\/types\/post"}],"author":[{"embeddable":true,"href":"https:\/\/bottesetvelo.com\/blog\/wp-json\/wp\/v2\/users\/3"}],"replies":[{"embeddable":true,"href":"https:\/\/bottesetvelo.com\/blog\/wp-json\/wp\/v2\/comments?post=3491"}],"version-history":[{"count":5,"href":"https:\/\/bottesetvelo.com\/blog\/wp-json\/wp\/v2\/posts\/3491\/revisions"}],"predecessor-version":[{"id":3499,"href":"https:\/\/bottesetvelo.com\/blog\/wp-json\/wp\/v2\/posts\/3491\/revisions\/3499"}],"wp:featuredmedia":[{"embeddable":true,"href":"https:\/\/bottesetvelo.com\/blog\/wp-json\/wp\/v2\/media\/3492"}],"wp:attachment":[{"href":"https:\/\/bottesetvelo.com\/blog\/wp-json\/wp\/v2\/media?parent=3491"}],"wp:term":[{"taxonomy":"category","embeddable":true,"href":"https:\/\/bottesetvelo.com\/blog\/wp-json\/wp\/v2\/categories?post=3491"},{"taxonomy":"post_tag","embeddable":true,"href":"https:\/\/bottesetvelo.com\/blog\/wp-json\/wp\/v2\/tags?post=3491"}],"curies":[{"name":"wp","href":"https:\/\/api.w.org\/{rel}","templated":true}]}}