{"id":3429,"date":"2018-11-09T19:00:28","date_gmt":"2018-11-10T00:00:28","guid":{"rendered":"http:\/\/bottesetvelo.com\/blog\/?p=3429"},"modified":"2018-11-10T13:40:11","modified_gmt":"2018-11-10T18:40:11","slug":"le-vide-necessaire","status":"publish","type":"post","link":"https:\/\/bottesetvelo.com\/blog\/2018\/11\/09\/le-vide-necessaire\/","title":{"rendered":"Le vide n\u00e9cessaire"},"content":{"rendered":"<h5 style=\"text-align: right;\"><em>Vivre est la chose la plus rare. La plupart des gens se contente d&rsquo;exister. <\/em><br \/>\n<em>Oscar Wilde<\/em><\/h5>\n<p style=\"text-align: justify;\"><span style=\"color: #003366;\"><strong>La vie est ainsi faite que nous la recevons sans vraiment savoir pourquoi. Pourquoi moi? pourquoi maintenant? pourquoi ici? Et nous ne savons pas non plus pourquoi elle nous quitte, ni quand elle le fera, ni comment. Alors jusque-l\u00e0, on vit. Mais qu\u2019est-ce exactement que vivre?<\/strong><\/span><\/p>\n<p style=\"text-align: justify;\"><a href=\"https:\/\/i0.wp.com\/bottesetvelo.com\/blog\/wp-content\/uploads\/2018\/11\/woman-1829503_1920.jpg?ssl=1\"><img data-recalc-dims=\"1\" loading=\"lazy\" decoding=\"async\" data-attachment-id=\"3430\" data-permalink=\"https:\/\/bottesetvelo.com\/blog\/2018\/11\/09\/le-vide-necessaire\/woman-1829503_1920\/\" data-orig-file=\"https:\/\/i0.wp.com\/bottesetvelo.com\/blog\/wp-content\/uploads\/2018\/11\/woman-1829503_1920.jpg?fit=1920%2C855&amp;ssl=1\" data-orig-size=\"1920,855\" data-comments-opened=\"1\" data-image-meta=\"{&quot;aperture&quot;:&quot;0&quot;,&quot;credit&quot;:&quot;&quot;,&quot;camera&quot;:&quot;&quot;,&quot;caption&quot;:&quot;&quot;,&quot;created_timestamp&quot;:&quot;0&quot;,&quot;copyright&quot;:&quot;&quot;,&quot;focal_length&quot;:&quot;0&quot;,&quot;iso&quot;:&quot;0&quot;,&quot;shutter_speed&quot;:&quot;0&quot;,&quot;title&quot;:&quot;&quot;,&quot;orientation&quot;:&quot;0&quot;}\" data-image-title=\"Bottese et V\u00e9lo &amp;#8211; Routine\" data-image-description=\"\" data-image-caption=\"\" data-large-file=\"https:\/\/i0.wp.com\/bottesetvelo.com\/blog\/wp-content\/uploads\/2018\/11\/woman-1829503_1920.jpg?fit=1024%2C456&amp;ssl=1\" class=\"wp-image-3430 alignleft\" src=\"https:\/\/i0.wp.com\/bottesetvelo.com\/blog\/wp-content\/uploads\/2018\/11\/woman-1829503_1920.jpg?resize=300%2C134&#038;ssl=1\" alt=\"\" width=\"300\" height=\"134\" srcset=\"https:\/\/i0.wp.com\/bottesetvelo.com\/blog\/wp-content\/uploads\/2018\/11\/woman-1829503_1920.jpg?resize=500%2C223&amp;ssl=1 500w, https:\/\/i0.wp.com\/bottesetvelo.com\/blog\/wp-content\/uploads\/2018\/11\/woman-1829503_1920.jpg?resize=768%2C342&amp;ssl=1 768w, https:\/\/i0.wp.com\/bottesetvelo.com\/blog\/wp-content\/uploads\/2018\/11\/woman-1829503_1920.jpg?resize=1024%2C456&amp;ssl=1 1024w, https:\/\/i0.wp.com\/bottesetvelo.com\/blog\/wp-content\/uploads\/2018\/11\/woman-1829503_1920.jpg?w=1920&amp;ssl=1 1920w\" sizes=\"auto, (max-width: 300px) 100vw, 300px\" \/><\/a>Dans cette urgence de vivre des temps modernes, on consomme la vie sans prendre le temps de la go\u00fbter, de la savourer. On avance, le regard dans notre agenda, viss\u00e9 \u00e0 un \u00e9cran, concentr\u00e9 sur l\u2019urgence de l\u2019imm\u00e9diat. Auto-m\u00e9tro-boulot-texto-dodo. Tellement en qu\u00eate d\u2019\u00e9quilibre et de stabilit\u00e9 dans nos vies qu&rsquo;elles en deviennent statiques. Est-ce \u00e7a la vie? <span style=\"color: #003366;\"><strong>Un rythme de croisi\u00e8re vers nulle part\u00a0?<\/strong><\/span><\/p>\n<p style=\"text-align: justify;\">Alors pour combattre la routine, on multiplie les activit\u00e9s, les sorties, les voyages. On magasine, on r\u00e9nove, on se paie des g\u00e2teries. On revient content, fatigu\u00e9, les poches un peu trop vides, d\u00e9courag\u00e9 ou m\u00eame angoiss\u00e9 \u00e0 l&rsquo;id\u00e9e de r\u00e9int\u00e9grer le train-train quotidien. Serait-ce \u00e7a la vie? L\u2019alternance entre obligations contraignantes et d\u00e9sirs un peu fous?<\/p>\n<p style=\"text-align: justify;\"><a href=\"https:\/\/i0.wp.com\/bottesetvelo.com\/blog\/wp-content\/uploads\/2018\/11\/egg-1600502_1920.jpg?ssl=1\"><img data-recalc-dims=\"1\" loading=\"lazy\" decoding=\"async\" data-attachment-id=\"3431\" data-permalink=\"https:\/\/bottesetvelo.com\/blog\/2018\/11\/09\/le-vide-necessaire\/egg-1600502_1920-2\/\" data-orig-file=\"https:\/\/i0.wp.com\/bottesetvelo.com\/blog\/wp-content\/uploads\/2018\/11\/egg-1600502_1920.jpg?fit=1920%2C1280&amp;ssl=1\" data-orig-size=\"1920,1280\" data-comments-opened=\"1\" data-image-meta=\"{&quot;aperture&quot;:&quot;9&quot;,&quot;credit&quot;:&quot;&quot;,&quot;camera&quot;:&quot;NIKON D5200&quot;,&quot;caption&quot;:&quot;&quot;,&quot;created_timestamp&quot;:&quot;0&quot;,&quot;copyright&quot;:&quot;&quot;,&quot;focal_length&quot;:&quot;260&quot;,&quot;iso&quot;:&quot;100&quot;,&quot;shutter_speed&quot;:&quot;0.00125&quot;,&quot;title&quot;:&quot;&quot;,&quot;orientation&quot;:&quot;0&quot;}\" data-image-title=\"Bottes et V\u00e9lo &amp;#8211; vide\" data-image-description=\"\" data-image-caption=\"\" data-large-file=\"https:\/\/i0.wp.com\/bottesetvelo.com\/blog\/wp-content\/uploads\/2018\/11\/egg-1600502_1920.jpg?fit=1024%2C683&amp;ssl=1\" class=\"wp-image-3431 alignright\" src=\"https:\/\/i0.wp.com\/bottesetvelo.com\/blog\/wp-content\/uploads\/2018\/11\/egg-1600502_1920.jpg?resize=300%2C200&#038;ssl=1\" alt=\"\" width=\"300\" height=\"200\" srcset=\"https:\/\/i0.wp.com\/bottesetvelo.com\/blog\/wp-content\/uploads\/2018\/11\/egg-1600502_1920.jpg?resize=500%2C333&amp;ssl=1 500w, https:\/\/i0.wp.com\/bottesetvelo.com\/blog\/wp-content\/uploads\/2018\/11\/egg-1600502_1920.jpg?resize=768%2C512&amp;ssl=1 768w, https:\/\/i0.wp.com\/bottesetvelo.com\/blog\/wp-content\/uploads\/2018\/11\/egg-1600502_1920.jpg?resize=1024%2C683&amp;ssl=1 1024w, https:\/\/i0.wp.com\/bottesetvelo.com\/blog\/wp-content\/uploads\/2018\/11\/egg-1600502_1920.jpg?w=1920&amp;ssl=1 1920w\" sizes=\"auto, (max-width: 300px) 100vw, 300px\" \/><\/a>Quand on acc\u00e8de \u00e0 un instant de bonheur, on souhaite spontan\u00e9ment le figer, le saisir, le retenir pour en faire durer ce d\u00e9licieux ressenti. Pourtant tout autour de nous est changement. Tout est en perp\u00e9tuel mouvement. Alors pourquoi en serait-il autrement dans nos vies? L\u2019\u00e9motion du premier baiser ne reviendra pas. La soir\u00e9e remplie d\u2019\u00e9clats de rire entre amis est pass\u00e9e. Notre mignon petit b\u00e9b\u00e9 rentre maintenant \u00e0 l\u2019universit\u00e9. <span style=\"color: #003366;\"><strong>La vie est faite d&rsquo;une succession de petites morts, de constants petits deuils.<\/strong> <\/span>De chacune de ces morts d\u00e9coulera une naissance, une opportunit\u00e9 de changement. Cette absence, ce vide, lib\u00e8re la place pour qu\u2019une nouveaut\u00e9, un impr\u00e9vu, un inconnu puisse \u00e9merger.<\/p>\n<p style=\"text-align: justify;\">Ces p\u00e9riodes de transitions, ces passages \u00e0 vide, parfois m\u00eame \u00e0 vide de sens, peuvent sembler parfois interminables, douloureuses ou difficiles \u00e0 traverser. Cette peine d\u2019amour insurmontable, ce d\u00e9part trop pr\u00e9matur\u00e9 d\u2019un \u00eatre cher, cet accident malheureux qui change l\u2019itin\u00e9raire qu\u2019on s\u2019\u00e9tait imagin\u00e9, sont autant de deuils qui font partie de la vie. Mais aussi souffrants que ces moments soient, la vie continue. Dans toute cette d\u00e9tresse int\u00e9rieure, un seul d\u00e9sir: retrouver l\u2019\u00e9quilibre, le plaisir de vivre. Alors pour survivre \u00e0 l\u2019\u00e9preuve, on se met en marche!<a href=\"https:\/\/i0.wp.com\/bottesetvelo.com\/blog\/wp-content\/uploads\/2018\/11\/man-3591572_1920.jpg?ssl=1\"><img data-recalc-dims=\"1\" loading=\"lazy\" decoding=\"async\" data-attachment-id=\"3432\" data-permalink=\"https:\/\/bottesetvelo.com\/blog\/2018\/11\/09\/le-vide-necessaire\/man-3591572_1920\/\" data-orig-file=\"https:\/\/i0.wp.com\/bottesetvelo.com\/blog\/wp-content\/uploads\/2018\/11\/man-3591572_1920.jpg?fit=1920%2C1279&amp;ssl=1\" data-orig-size=\"1920,1279\" data-comments-opened=\"1\" data-image-meta=\"{&quot;aperture&quot;:&quot;0&quot;,&quot;credit&quot;:&quot;&quot;,&quot;camera&quot;:&quot;&quot;,&quot;caption&quot;:&quot;&quot;,&quot;created_timestamp&quot;:&quot;0&quot;,&quot;copyright&quot;:&quot;&quot;,&quot;focal_length&quot;:&quot;0&quot;,&quot;iso&quot;:&quot;0&quot;,&quot;shutter_speed&quot;:&quot;0&quot;,&quot;title&quot;:&quot;&quot;,&quot;orientation&quot;:&quot;0&quot;}\" data-image-title=\"Bottes et V\u00e9lo &amp;#8211; boussole\" data-image-description=\"\" data-image-caption=\"\" data-large-file=\"https:\/\/i0.wp.com\/bottesetvelo.com\/blog\/wp-content\/uploads\/2018\/11\/man-3591572_1920.jpg?fit=1024%2C682&amp;ssl=1\" class=\"wp-image-3432 alignleft\" src=\"https:\/\/i0.wp.com\/bottesetvelo.com\/blog\/wp-content\/uploads\/2018\/11\/man-3591572_1920.jpg?resize=300%2C200&#038;ssl=1\" alt=\"\" width=\"300\" height=\"200\" srcset=\"https:\/\/i0.wp.com\/bottesetvelo.com\/blog\/wp-content\/uploads\/2018\/11\/man-3591572_1920.jpg?resize=500%2C333&amp;ssl=1 500w, https:\/\/i0.wp.com\/bottesetvelo.com\/blog\/wp-content\/uploads\/2018\/11\/man-3591572_1920.jpg?resize=768%2C512&amp;ssl=1 768w, https:\/\/i0.wp.com\/bottesetvelo.com\/blog\/wp-content\/uploads\/2018\/11\/man-3591572_1920.jpg?resize=1024%2C682&amp;ssl=1 1024w, https:\/\/i0.wp.com\/bottesetvelo.com\/blog\/wp-content\/uploads\/2018\/11\/man-3591572_1920.jpg?w=1920&amp;ssl=1 1920w\" sizes=\"auto, (max-width: 300px) 100vw, 300px\" \/><\/a><\/p>\n<p style=\"text-align: justify;\">Se mettre en marche, c&rsquo;est red\u00e9finir sa trajectoire de vie pour qu\u2019elle soit signifiante pour soi. P\u00e8lerin sur l\u2019intra\u00e7able route de la vie, temporairement d\u00e9boussol\u00e9, on prend le temps de s\u2019arr\u00eater, de questionner l\u2019orientation de sa route. On apprend \u00e0 faire confiance, \u00e0 oser\u00a0! Oser le changement. <span style=\"color: #003366;\"><strong>Non plus seulement pour le subir mais aussi pour l\u2019initier.<\/strong><\/span> Marcher c\u2019est passer \u00e0 l\u2019action pour plus de vie. Faire un petit pas, si petit soit-il, dans la direction de ce r\u00eave, de cette promesse de mieux-\u00eatre qui scintille en moi et m\u2019appelle au mouvement. Car plus que tout, la vie est mouvement. Elle est dans cette nouvelle pluie qui irrigue le sol, dans le bourgeonnement de feuilles nouvelles au printemps, dans le mouvement constant et inconscient de ma respiration. La vie se ressent. Avec ses hauts et ses bas. Ses plaisirs et ses peines. Elle est insaisissable, incontr\u00f4lable. Tenter de la retenir, c&rsquo;est comme retenir son souffle, on finit par manquer d\u2019air.<\/p>\n<p style=\"text-align: justify;\"><a href=\"https:\/\/i0.wp.com\/bottesetvelo.com\/blog\/wp-content\/uploads\/2018\/01\/Bottes-et-V%C3%A9lo-Embl%C3%AAme-transparent-e1522417779346.png?ssl=1\"><img data-recalc-dims=\"1\" loading=\"lazy\" decoding=\"async\" data-attachment-id=\"3180\" data-permalink=\"https:\/\/bottesetvelo.com\/blog\/2018\/01\/26\/sortir-de-la-confusion\/bottes-et-velo-embleme-transparent\/\" data-orig-file=\"https:\/\/i0.wp.com\/bottesetvelo.com\/blog\/wp-content\/uploads\/2018\/01\/Bottes-et-V%C3%A9lo-Embl%C3%AAme-transparent-e1522417779346.png?fit=100%2C79&amp;ssl=1\" data-orig-size=\"100,79\" data-comments-opened=\"1\" data-image-meta=\"{&quot;aperture&quot;:&quot;0&quot;,&quot;credit&quot;:&quot;&quot;,&quot;camera&quot;:&quot;&quot;,&quot;caption&quot;:&quot;&quot;,&quot;created_timestamp&quot;:&quot;0&quot;,&quot;copyright&quot;:&quot;&quot;,&quot;focal_length&quot;:&quot;0&quot;,&quot;iso&quot;:&quot;0&quot;,&quot;shutter_speed&quot;:&quot;0&quot;,&quot;title&quot;:&quot;&quot;,&quot;orientation&quot;:&quot;0&quot;}\" data-image-title=\"Bottes et V\u00e9lo &amp;#8211; Embl\u00eame &amp;#8211; transparent\" data-image-description=\"\" data-image-caption=\"\" data-large-file=\"https:\/\/i0.wp.com\/bottesetvelo.com\/blog\/wp-content\/uploads\/2018\/01\/Bottes-et-V%C3%A9lo-Embl%C3%AAme-transparent-e1522417779346.png?fit=100%2C79&amp;ssl=1\" class=\"alignright wp-image-3180\" src=\"https:\/\/i0.wp.com\/bottesetvelo.com\/blog\/wp-content\/uploads\/2018\/01\/Bottes-et-V%C3%A9lo-Embl%C3%AAme-transparent-e1522417779346.png?resize=75%2C59&#038;ssl=1\" alt=\"\" width=\"75\" height=\"59\" \/><\/a><\/p>\n<p>Brigitte Harouni<\/p>\n","protected":false},"excerpt":{"rendered":"<p>Vivre est la chose la plus rare. La plupart des gens se contente d&rsquo;exister. Oscar Wilde La vie est ainsi faite que nous la recevons sans vraiment savoir pourquoi. Pourquoi moi? pourquoi maintenant? pourquoi ici? Et nous ne savons pas non plus pourquoi elle nous quitte, ni quand elle le fera, ni comment. Alors jusque-l\u00e0,&hellip;<\/p>\n","protected":false},"author":2,"featured_media":3430,"comment_status":"open","ping_status":"open","sticky":false,"template":"","format":"standard","meta":{"jetpack_post_was_ever_published":false,"_jetpack_newsletter_access":"","_jetpack_dont_email_post_to_subs":false,"_jetpack_newsletter_tier_id":0,"_jetpack_memberships_contains_paywalled_content":false,"_jetpack_memberships_contains_paid_content":false,"footnotes":"","jetpack_publicize_message":"Le vide n\u00e9cessaire","jetpack_publicize_feature_enabled":true,"jetpack_social_post_already_shared":true,"jetpack_social_options":{"image_generator_settings":{"template":"highway","default_image_id":0,"font":"","enabled":false},"version":2}},"categories":[50,39,3,381],"tags":[103,43,285,273,96,192,38],"class_list":["post-3429","post","type-post","status-publish","format-standard","has-post-thumbnail","hentry","category-art-de-vivre","category-croissance-personnelle","category-reflexions","category-transformation","tag-bien-etre","tag-faire-confiance-a-la-vie","tag-gout-de-vivre","tag-gouter-la-vie","tag-qualite-de-vie","tag-quete-spirituelle","tag-reflexion"],"jetpack_publicize_connections":[],"jetpack_featured_media_url":"https:\/\/i0.wp.com\/bottesetvelo.com\/blog\/wp-content\/uploads\/2018\/11\/woman-1829503_1920.jpg?fit=1920%2C855&ssl=1","jetpack_shortlink":"https:\/\/wp.me\/p4eY6z-Tj","jetpack_sharing_enabled":true,"jetpack_likes_enabled":true,"jetpack-related-posts":[],"_links":{"self":[{"href":"https:\/\/bottesetvelo.com\/blog\/wp-json\/wp\/v2\/posts\/3429","targetHints":{"allow":["GET"]}}],"collection":[{"href":"https:\/\/bottesetvelo.com\/blog\/wp-json\/wp\/v2\/posts"}],"about":[{"href":"https:\/\/bottesetvelo.com\/blog\/wp-json\/wp\/v2\/types\/post"}],"author":[{"embeddable":true,"href":"https:\/\/bottesetvelo.com\/blog\/wp-json\/wp\/v2\/users\/2"}],"replies":[{"embeddable":true,"href":"https:\/\/bottesetvelo.com\/blog\/wp-json\/wp\/v2\/comments?post=3429"}],"version-history":[{"count":4,"href":"https:\/\/bottesetvelo.com\/blog\/wp-json\/wp\/v2\/posts\/3429\/revisions"}],"predecessor-version":[{"id":3436,"href":"https:\/\/bottesetvelo.com\/blog\/wp-json\/wp\/v2\/posts\/3429\/revisions\/3436"}],"wp:featuredmedia":[{"embeddable":true,"href":"https:\/\/bottesetvelo.com\/blog\/wp-json\/wp\/v2\/media\/3430"}],"wp:attachment":[{"href":"https:\/\/bottesetvelo.com\/blog\/wp-json\/wp\/v2\/media?parent=3429"}],"wp:term":[{"taxonomy":"category","embeddable":true,"href":"https:\/\/bottesetvelo.com\/blog\/wp-json\/wp\/v2\/categories?post=3429"},{"taxonomy":"post_tag","embeddable":true,"href":"https:\/\/bottesetvelo.com\/blog\/wp-json\/wp\/v2\/tags?post=3429"}],"curies":[{"name":"wp","href":"https:\/\/api.w.org\/{rel}","templated":true}]}}