{"id":3415,"date":"2018-10-26T08:53:22","date_gmt":"2018-10-26T12:53:22","guid":{"rendered":"http:\/\/bottesetvelo.com\/blog\/?p=3415"},"modified":"2018-10-26T08:58:11","modified_gmt":"2018-10-26T12:58:11","slug":"le-bon-chemin","status":"publish","type":"post","link":"https:\/\/bottesetvelo.com\/blog\/2018\/10\/26\/le-bon-chemin\/","title":{"rendered":"Le bon chemin"},"content":{"rendered":"<h6 style=\"text-align: right;\"><em>Dans la vie, ce n&rsquo;est pas ce qui nous arrive qui compte, c&rsquo;est comment on y r\u00e9agit.<\/em><br \/>\n<em>Pierre Elliott Trudeau<\/em><\/h6>\n<p style=\"text-align: justify;\"><span style=\"color: #003366;\"><strong>Avec la grisaille automnale qui s\u2019installe, il m\u2019arrive souvent d\u2019avoir envie de tout plaquer, de partir et reprendre la route, l\u00e0 o\u00f9 je l\u2019avais laiss\u00e9. L\u00e0 o\u00f9 elle avait commenc\u00e9 \u00e0 me parler. Je ne suis pas du genre \u00e0 fuir mes probl\u00e8mes, mais la routine m\u2019ennuie et les dossiers qui s\u2019accumulent sur le coin de mon bureau me rappellent que j\u2019accepte encore trop de choses. Mon agenda se remplit sans que je me rende compte et les heures de travail se bousculent jusqu\u2019\u00e0 tard dans la nuit. Je ressens alors l\u2019urgent besoin de m\u2019arr\u00eater.<\/strong><\/span><\/p>\n<p style=\"text-align: justify;\"><a href=\"https:\/\/i0.wp.com\/bottesetvelo.com\/blog\/wp-content\/uploads\/2018\/10\/2018-09-03-10.37.49.jpg?ssl=1\"><img data-recalc-dims=\"1\" loading=\"lazy\" decoding=\"async\" data-attachment-id=\"3417\" data-permalink=\"https:\/\/bottesetvelo.com\/blog\/2018\/10\/26\/le-bon-chemin\/2018-09-03-10-37-49\/\" data-orig-file=\"https:\/\/i0.wp.com\/bottesetvelo.com\/blog\/wp-content\/uploads\/2018\/10\/2018-09-03-10.37.49.jpg?fit=4032%2C1960&amp;ssl=1\" data-orig-size=\"4032,1960\" data-comments-opened=\"1\" data-image-meta=\"{&quot;aperture&quot;:&quot;1.7&quot;,&quot;credit&quot;:&quot;&quot;,&quot;camera&quot;:&quot;SM-G950W&quot;,&quot;caption&quot;:&quot;&quot;,&quot;created_timestamp&quot;:&quot;1535971069&quot;,&quot;copyright&quot;:&quot;&quot;,&quot;focal_length&quot;:&quot;4.25&quot;,&quot;iso&quot;:&quot;50&quot;,&quot;shutter_speed&quot;:&quot;0.000431965442765&quot;,&quot;title&quot;:&quot;&quot;,&quot;orientation&quot;:&quot;1&quot;}\" data-image-title=\"Sentiers entre Vents et Mar\u00e9es &amp;#8211; 2018\" data-image-description=\"\" data-image-caption=\"\" data-large-file=\"https:\/\/i0.wp.com\/bottesetvelo.com\/blog\/wp-content\/uploads\/2018\/10\/2018-09-03-10.37.49.jpg?fit=1024%2C498&amp;ssl=1\" class=\" wp-image-3417 alignright\" src=\"https:\/\/i0.wp.com\/bottesetvelo.com\/blog\/wp-content\/uploads\/2018\/10\/2018-09-03-10.37.49.jpg?resize=348%2C169&#038;ssl=1\" alt=\"\" width=\"348\" height=\"169\" srcset=\"https:\/\/i0.wp.com\/bottesetvelo.com\/blog\/wp-content\/uploads\/2018\/10\/2018-09-03-10.37.49.jpg?resize=500%2C243&amp;ssl=1 500w, https:\/\/i0.wp.com\/bottesetvelo.com\/blog\/wp-content\/uploads\/2018\/10\/2018-09-03-10.37.49.jpg?resize=768%2C373&amp;ssl=1 768w, https:\/\/i0.wp.com\/bottesetvelo.com\/blog\/wp-content\/uploads\/2018\/10\/2018-09-03-10.37.49.jpg?resize=1024%2C498&amp;ssl=1 1024w, https:\/\/i0.wp.com\/bottesetvelo.com\/blog\/wp-content\/uploads\/2018\/10\/2018-09-03-10.37.49.jpg?w=2340&amp;ssl=1 2340w, https:\/\/i0.wp.com\/bottesetvelo.com\/blog\/wp-content\/uploads\/2018\/10\/2018-09-03-10.37.49.jpg?w=3510&amp;ssl=1 3510w\" sizes=\"auto, (max-width: 348px) 100vw, 348px\" \/><\/a>J\u2019ai besoin de cases vides dans mon agenda, de ces espaces qu\u2019il n\u2019est pas n\u00e9cessaire de combler. Dans mes moments d\u2019exc\u00e8s, il suffit que je l\u00e8ve la t\u00eate en direction de la fen\u00eatre pour go\u00fbter cet instant de libert\u00e9\u00a0: le chemin est l\u00e0!\u00a0 Il m\u2019appelle comme la promesse d\u2019une belle rencontre, avec ses joies et ses souffrances. Chacun de ses enseignements me rappellent qu\u2019en lui mes pas s\u2019alignent sur le sanctuaire de ma vie. Dans mes moments d\u2019agitation, serais-je en train de m\u2019\u00e9garer\u2026?<\/p>\n<p style=\"text-align: justify;\"><strong><span style=\"color: #003366;\">Manquer sa cible.<\/span> <\/strong>Je me rappelle ce jour de marche alors que j\u2019\u00e9tais seul sur la route. Aucun p\u00e8lerin \u00e0 l\u2019horizon. Je me demandais bien ce qui les avait retenus de si bon matin. La journ\u00e9e s\u2019annon\u00e7ait magnifique et le soleil resplendissait. O\u00f9 pouvaient-ils bien \u00eatre? D\u2019ailleurs, ce soleil, je le trouvais bien lumineux. Plus qu\u2019\u00e0 l\u2019accoutum\u00e9. Il m\u2019aveuglait. Il y avait bien une heure que j\u2019ajustais \u00e0 tout moment la palette de ma casquette pour ne pas l\u2019avoir dans les yeux. <a href=\"https:\/\/i0.wp.com\/bottesetvelo.com\/blog\/wp-content\/uploads\/2018\/10\/2018-08-28-09.29.42-2.jpg?ssl=1\"><img data-recalc-dims=\"1\" loading=\"lazy\" decoding=\"async\" data-attachment-id=\"3421\" data-permalink=\"https:\/\/bottesetvelo.com\/blog\/2018\/10\/26\/le-bon-chemin\/2018-08-28-09-29-42-2\/\" data-orig-file=\"https:\/\/i0.wp.com\/bottesetvelo.com\/blog\/wp-content\/uploads\/2018\/10\/2018-08-28-09.29.42-2.jpg?fit=4032%2C1960&amp;ssl=1\" data-orig-size=\"4032,1960\" data-comments-opened=\"1\" data-image-meta=\"{&quot;aperture&quot;:&quot;1.7&quot;,&quot;credit&quot;:&quot;&quot;,&quot;camera&quot;:&quot;SM-G950W&quot;,&quot;caption&quot;:&quot;&quot;,&quot;created_timestamp&quot;:&quot;1535448582&quot;,&quot;copyright&quot;:&quot;&quot;,&quot;focal_length&quot;:&quot;4.25&quot;,&quot;iso&quot;:&quot;50&quot;,&quot;shutter_speed&quot;:&quot;0.000127291242363&quot;,&quot;title&quot;:&quot;&quot;,&quot;orientation&quot;:&quot;1&quot;}\" data-image-title=\"Sentiers entre Vents et Mar\u00e9es &amp;#8211; 2018\" data-image-description=\"\" data-image-caption=\"\" data-large-file=\"https:\/\/i0.wp.com\/bottesetvelo.com\/blog\/wp-content\/uploads\/2018\/10\/2018-08-28-09.29.42-2.jpg?fit=1024%2C498&amp;ssl=1\" class=\" wp-image-3421 alignright\" src=\"https:\/\/i0.wp.com\/bottesetvelo.com\/blog\/wp-content\/uploads\/2018\/10\/2018-08-28-09.29.42-2.jpg?resize=348%2C169&#038;ssl=1\" alt=\"\" width=\"348\" height=\"169\" srcset=\"https:\/\/i0.wp.com\/bottesetvelo.com\/blog\/wp-content\/uploads\/2018\/10\/2018-08-28-09.29.42-2.jpg?resize=500%2C243&amp;ssl=1 500w, https:\/\/i0.wp.com\/bottesetvelo.com\/blog\/wp-content\/uploads\/2018\/10\/2018-08-28-09.29.42-2.jpg?resize=768%2C373&amp;ssl=1 768w, https:\/\/i0.wp.com\/bottesetvelo.com\/blog\/wp-content\/uploads\/2018\/10\/2018-08-28-09.29.42-2.jpg?resize=1024%2C498&amp;ssl=1 1024w, https:\/\/i0.wp.com\/bottesetvelo.com\/blog\/wp-content\/uploads\/2018\/10\/2018-08-28-09.29.42-2.jpg?w=2340&amp;ssl=1 2340w, https:\/\/i0.wp.com\/bottesetvelo.com\/blog\/wp-content\/uploads\/2018\/10\/2018-08-28-09.29.42-2.jpg?w=3510&amp;ssl=1 3510w\" sizes=\"auto, (max-width: 348px) 100vw, 348px\" \/><\/a>C\u2019est en faisant ce geste pour la \u00e9ni\u00e8me fois que j\u2019ai r\u00e9alis\u00e9 ne pas \u00eatre sur le bon chemin! Sur les chemins de Compostelle, nous marchons g\u00e9n\u00e9ralement vers l\u2019ouest. Le soleil, on l\u2019a dans le dos!<\/p>\n<p style=\"text-align: justify;\">Ce matin-l\u00e0, j\u2019ai pris cette \u00ab\u00a0iluminaci\u00f3n\u00a0\u00bb en plein visage. Sans prendre garde, je m\u2019\u00e9tais retrouv\u00e9 \u00e0 marcher sur une route qui ne correspondait pas \u00e0 ce que je cherchais. Combien de fois dans ma vie ai-je pris le mauvais chemin? Fais des d\u00e9tours? Combien de fois me suis-je compliqu\u00e9 la vie parce que je ne demeurais pas attentif \u00e0 ce qui vibrait en moi? Parce que je n\u2019osais pas l\u2019\u00e9couter? Ma route a souvent bifurqu\u00e9, pour toutes sortes de raison, m\u2019\u00e9loignant de ma cible. \u00c9tais-je pour autant sur le mauvais chemin?<\/p>\n<blockquote>\n<p style=\"text-align: center;\">Qu\u2019est-ce que le \u00ab\u00a0bon chemin\u00a0\u00bb, le \u00ab\u00a0vrai Compostelle\u00a0\u00bb?<br \/>\nY a-t-il une bonne et une mauvaise route?<\/p>\n<\/blockquote>\n<p style=\"text-align: justify;\"><span style=\"color: #003366;\"><strong>Distinguer le chemin physique du chemin spirituel.<\/strong><\/span> La multitude des chemins qui conduisent \u00e0 Compostelle nous enseigne qu\u2019il n\u2019y a pas de bon chemin, mais plusieurs possibilit\u00e9s. C\u2019est pourquoi il est important de distinguer le chemin physique, celui qui me conduit \u00e0 Compostelle, du chemin spirituel, celui qui mon conduit au Sanctuaire de ma r\u00e9solution. <a href=\"https:\/\/i0.wp.com\/bottesetvelo.com\/blog\/wp-content\/uploads\/2018\/10\/2018-08-31-11.22.43.jpg?ssl=1\"><img data-recalc-dims=\"1\" loading=\"lazy\" decoding=\"async\" data-attachment-id=\"3418\" data-permalink=\"https:\/\/bottesetvelo.com\/blog\/2018\/10\/26\/le-bon-chemin\/2018-08-31-11-22-43\/\" data-orig-file=\"https:\/\/i0.wp.com\/bottesetvelo.com\/blog\/wp-content\/uploads\/2018\/10\/2018-08-31-11.22.43.jpg?fit=4032%2C1960&amp;ssl=1\" data-orig-size=\"4032,1960\" data-comments-opened=\"1\" data-image-meta=\"{&quot;aperture&quot;:&quot;1.7&quot;,&quot;credit&quot;:&quot;&quot;,&quot;camera&quot;:&quot;SM-G950W&quot;,&quot;caption&quot;:&quot;&quot;,&quot;created_timestamp&quot;:&quot;1535714563&quot;,&quot;copyright&quot;:&quot;&quot;,&quot;focal_length&quot;:&quot;4.25&quot;,&quot;iso&quot;:&quot;50&quot;,&quot;shutter_speed&quot;:&quot;0.000259336099585&quot;,&quot;title&quot;:&quot;&quot;,&quot;orientation&quot;:&quot;1&quot;}\" data-image-title=\"Sentiers entre Vents et Mar\u00e9es &amp;#8211; 2018\" data-image-description=\"\" data-image-caption=\"\" data-large-file=\"https:\/\/i0.wp.com\/bottesetvelo.com\/blog\/wp-content\/uploads\/2018\/10\/2018-08-31-11.22.43.jpg?fit=1024%2C498&amp;ssl=1\" class=\" wp-image-3418 alignright\" src=\"https:\/\/i0.wp.com\/bottesetvelo.com\/blog\/wp-content\/uploads\/2018\/10\/2018-08-31-11.22.43.jpg?resize=348%2C169&#038;ssl=1\" alt=\"\" width=\"348\" height=\"169\" srcset=\"https:\/\/i0.wp.com\/bottesetvelo.com\/blog\/wp-content\/uploads\/2018\/10\/2018-08-31-11.22.43.jpg?resize=500%2C243&amp;ssl=1 500w, https:\/\/i0.wp.com\/bottesetvelo.com\/blog\/wp-content\/uploads\/2018\/10\/2018-08-31-11.22.43.jpg?resize=768%2C373&amp;ssl=1 768w, https:\/\/i0.wp.com\/bottesetvelo.com\/blog\/wp-content\/uploads\/2018\/10\/2018-08-31-11.22.43.jpg?resize=1024%2C498&amp;ssl=1 1024w, https:\/\/i0.wp.com\/bottesetvelo.com\/blog\/wp-content\/uploads\/2018\/10\/2018-08-31-11.22.43.jpg?w=2340&amp;ssl=1 2340w, https:\/\/i0.wp.com\/bottesetvelo.com\/blog\/wp-content\/uploads\/2018\/10\/2018-08-31-11.22.43.jpg?w=3510&amp;ssl=1 3510w\" sizes=\"auto, (max-width: 348px) 100vw, 348px\" \/><\/a>Ce n\u2019est pas tant \u00ab\u00a0l\u00e0 o\u00f9 je vais\u00a0\u00bb qui importe, que \u00ab\u00a0l\u00e0 o\u00f9 me conduit l\u2019exp\u00e9rience\u00a0\u00bb. Ainsi, ce qui peut sembler en rallonger quelques-uns, peut devenir un d\u00e9tour b\u00e9n\u00e9fique pour d\u2019autres, m\u00eame par \u00e9garement. Le chemin est d\u2019abord le lieu de l\u2019exp\u00e9rimentation. \u00c0 travers lui, je d\u00e9couvre, j\u2019apprends, je pr\u00e9cise, l\u2019espace du sanctuaire que je cherche.<\/p>\n<p style=\"text-align: justify;\">Ce qui compte en bout de ligne, c\u2019est de faire la relecture de son parcours et de ce qui nous appelait \u00e0 prendre la route. Qu\u2019en est-il de cet \u00e9lan? A-t-il chang\u00e9? \u00c9volu\u00e9? O\u00f9 en suis-je? Ce moment de route, ou de d\u00e9route, m\u2019enseigne quoi sur le sanctuaire qui m\u2019appelle? Comment cela m\u2019aide-t-il \u00e0 le pr\u00e9ciser davantage?<\/p>\n<p style=\"text-align: justify;\">Les d\u00e9tours nous enseignent, les erreurs nous forgent. Chaque pas nous rapproche de notre sanctuaire, m\u00eame quand ils ne sont pas dans la bonne direction. Lorsque je l\u00e8ve la t\u00eate et cesse de me regarder les pieds, je ne peux que constater combien j\u2019ai fait du chemin et m\u2019en suis rapproch\u00e9.<a href=\"https:\/\/i0.wp.com\/bottesetvelo.com\/blog\/wp-content\/uploads\/2018\/01\/Bottes-et-V%C3%A9lo-Embl%C3%AAme-transparent-e1522417779346.png?ssl=1\"><img data-recalc-dims=\"1\" loading=\"lazy\" decoding=\"async\" data-attachment-id=\"3180\" data-permalink=\"https:\/\/bottesetvelo.com\/blog\/2018\/01\/26\/sortir-de-la-confusion\/bottes-et-velo-embleme-transparent\/\" data-orig-file=\"https:\/\/i0.wp.com\/bottesetvelo.com\/blog\/wp-content\/uploads\/2018\/01\/Bottes-et-V%C3%A9lo-Embl%C3%AAme-transparent-e1522417779346.png?fit=100%2C79&amp;ssl=1\" data-orig-size=\"100,79\" data-comments-opened=\"1\" data-image-meta=\"{&quot;aperture&quot;:&quot;0&quot;,&quot;credit&quot;:&quot;&quot;,&quot;camera&quot;:&quot;&quot;,&quot;caption&quot;:&quot;&quot;,&quot;created_timestamp&quot;:&quot;0&quot;,&quot;copyright&quot;:&quot;&quot;,&quot;focal_length&quot;:&quot;0&quot;,&quot;iso&quot;:&quot;0&quot;,&quot;shutter_speed&quot;:&quot;0&quot;,&quot;title&quot;:&quot;&quot;,&quot;orientation&quot;:&quot;0&quot;}\" data-image-title=\"Bottes et V\u00e9lo &amp;#8211; Embl\u00eame &amp;#8211; transparent\" data-image-description=\"\" data-image-caption=\"\" data-large-file=\"https:\/\/i0.wp.com\/bottesetvelo.com\/blog\/wp-content\/uploads\/2018\/01\/Bottes-et-V%C3%A9lo-Embl%C3%AAme-transparent-e1522417779346.png?fit=100%2C79&amp;ssl=1\" class=\"size-full wp-image-3180 alignright\" src=\"https:\/\/i0.wp.com\/bottesetvelo.com\/blog\/wp-content\/uploads\/2018\/01\/Bottes-et-V%C3%A9lo-Embl%C3%AAme-transparent-e1522417779346.png?resize=100%2C79&#038;ssl=1\" alt=\"\" width=\"100\" height=\"79\" \/><\/a><\/p>\n<p>\u00c9ric Lalibert\u00e9<\/p>\n","protected":false},"excerpt":{"rendered":"<p>Dans la vie, ce n&rsquo;est pas ce qui nous arrive qui compte, c&rsquo;est comment on y r\u00e9agit. Pierre Elliott Trudeau Avec la grisaille automnale qui s\u2019installe, il m\u2019arrive souvent d\u2019avoir envie de tout plaquer, de partir et reprendre la route, l\u00e0 o\u00f9 je l\u2019avais laiss\u00e9. L\u00e0 o\u00f9 elle avait commenc\u00e9 \u00e0 me parler. Je ne&hellip;<\/p>\n","protected":false},"author":3,"featured_media":3417,"comment_status":"open","ping_status":"open","sticky":false,"template":"","format":"standard","meta":{"jetpack_post_was_ever_published":false,"_jetpack_newsletter_access":"","_jetpack_dont_email_post_to_subs":false,"_jetpack_newsletter_tier_id":0,"_jetpack_memberships_contains_paywalled_content":false,"_jetpack_memberships_contains_paid_content":false,"footnotes":"","jetpack_publicize_message":"","jetpack_publicize_feature_enabled":true,"jetpack_social_post_already_shared":true,"jetpack_social_options":{"image_generator_settings":{"template":"highway","default_image_id":0,"font":"","enabled":false},"version":2}},"categories":[3],"tags":[203,80,322,475],"class_list":["post-3415","post","type-post","status-publish","format-standard","has-post-thumbnail","hentry","category-reflexions","tag-chemin","tag-compostelle","tag-discernement","tag-relecture"],"jetpack_publicize_connections":[],"jetpack_featured_media_url":"https:\/\/i0.wp.com\/bottesetvelo.com\/blog\/wp-content\/uploads\/2018\/10\/2018-09-03-10.37.49.jpg?fit=4032%2C1960&ssl=1","jetpack_shortlink":"https:\/\/wp.me\/p4eY6z-T5","jetpack_sharing_enabled":true,"jetpack_likes_enabled":true,"jetpack-related-posts":[],"_links":{"self":[{"href":"https:\/\/bottesetvelo.com\/blog\/wp-json\/wp\/v2\/posts\/3415","targetHints":{"allow":["GET"]}}],"collection":[{"href":"https:\/\/bottesetvelo.com\/blog\/wp-json\/wp\/v2\/posts"}],"about":[{"href":"https:\/\/bottesetvelo.com\/blog\/wp-json\/wp\/v2\/types\/post"}],"author":[{"embeddable":true,"href":"https:\/\/bottesetvelo.com\/blog\/wp-json\/wp\/v2\/users\/3"}],"replies":[{"embeddable":true,"href":"https:\/\/bottesetvelo.com\/blog\/wp-json\/wp\/v2\/comments?post=3415"}],"version-history":[{"count":3,"href":"https:\/\/bottesetvelo.com\/blog\/wp-json\/wp\/v2\/posts\/3415\/revisions"}],"predecessor-version":[{"id":3422,"href":"https:\/\/bottesetvelo.com\/blog\/wp-json\/wp\/v2\/posts\/3415\/revisions\/3422"}],"wp:featuredmedia":[{"embeddable":true,"href":"https:\/\/bottesetvelo.com\/blog\/wp-json\/wp\/v2\/media\/3417"}],"wp:attachment":[{"href":"https:\/\/bottesetvelo.com\/blog\/wp-json\/wp\/v2\/media?parent=3415"}],"wp:term":[{"taxonomy":"category","embeddable":true,"href":"https:\/\/bottesetvelo.com\/blog\/wp-json\/wp\/v2\/categories?post=3415"},{"taxonomy":"post_tag","embeddable":true,"href":"https:\/\/bottesetvelo.com\/blog\/wp-json\/wp\/v2\/tags?post=3415"}],"curies":[{"name":"wp","href":"https:\/\/api.w.org\/{rel}","templated":true}]}}