{"id":3406,"date":"2018-10-12T11:40:32","date_gmt":"2018-10-12T15:40:32","guid":{"rendered":"http:\/\/bottesetvelo.com\/blog\/?p=3406"},"modified":"2018-11-12T20:13:35","modified_gmt":"2018-11-13T01:13:35","slug":"plus-je-marche-plus-je-suis","status":"publish","type":"post","link":"https:\/\/bottesetvelo.com\/blog\/2018\/10\/12\/plus-je-marche-plus-je-suis\/","title":{"rendered":"Plus je marche, plus je suis"},"content":{"rendered":"<h5 style=\"text-align: right;\"><em>Changer n&rsquo;est pas devenir quelqu&rsquo;un d&rsquo;autre, c&rsquo;est devenir qui on est et l&rsquo;accepter. <\/em><br \/>\n<em>Jacques Salom\u00e9<\/em><\/h5>\n<h4 style=\"text-align: justify;\"><span style=\"color: #003366;\">Afin de pouvoir d\u00e9terminer clairement ce \u00ab\u00a0o\u00f9 vais-je\u00a0\u00bb dans ma vie, afin d\u2019\u00eatre sensible aux signes qui donnent une orientation \u00e0 mes choix, pour bien saisir l\u2019essence de mon sanctuaire, cet espace vers lequel j\u2019avance dans la vie, promesse de mieux-\u00eatre, lieu d\u2019\u00e9panouissement qui m\u2019est fait sur mesure, il m\u2019importe de savoir me regarder telle que je suis r\u00e9ellement. Un exercice de franchise envers soi-m\u00eame qui n\u2019est pas toujours facile \u00e0 r\u00e9aliser. Qui suis-je <u>vraiment<\/u>?<\/span><\/h4>\n<p style=\"text-align: justify;\">Qui suis-je quand je m\u2019\u00e9pluche et que je retire une \u00e0 une toutes ces couches d\u2019influence qui grandissent avec moi et m\u2019habillent? Quand je <a href=\"https:\/\/i0.wp.com\/bottesetvelo.com\/blog\/wp-content\/uploads\/2018\/10\/business-card-2056019_1920.jpg?ssl=1\"><img data-recalc-dims=\"1\" loading=\"lazy\" decoding=\"async\" data-attachment-id=\"3412\" data-permalink=\"https:\/\/bottesetvelo.com\/blog\/2018\/10\/12\/plus-je-marche-plus-je-suis\/business-card-2056019_1920\/\" data-orig-file=\"https:\/\/i0.wp.com\/bottesetvelo.com\/blog\/wp-content\/uploads\/2018\/10\/business-card-2056019_1920.jpg?fit=1920%2C1278&amp;ssl=1\" data-orig-size=\"1920,1278\" data-comments-opened=\"1\" data-image-meta=\"{&quot;aperture&quot;:&quot;2.8&quot;,&quot;credit&quot;:&quot;&quot;,&quot;camera&quot;:&quot;ILCE-5000&quot;,&quot;caption&quot;:&quot;&quot;,&quot;created_timestamp&quot;:&quot;0&quot;,&quot;copyright&quot;:&quot;&quot;,&quot;focal_length&quot;:&quot;50&quot;,&quot;iso&quot;:&quot;160&quot;,&quot;shutter_speed&quot;:&quot;0.0125&quot;,&quot;title&quot;:&quot;&quot;,&quot;orientation&quot;:&quot;0&quot;}\" data-image-title=\"qui suis-je?\" data-image-description=\"\" data-image-caption=\"\" data-large-file=\"https:\/\/i0.wp.com\/bottesetvelo.com\/blog\/wp-content\/uploads\/2018\/10\/business-card-2056019_1920.jpg?fit=1024%2C682&amp;ssl=1\" class=\"wp-image-3412 alignright\" src=\"https:\/\/i0.wp.com\/bottesetvelo.com\/blog\/wp-content\/uploads\/2018\/10\/business-card-2056019_1920.jpg?resize=300%2C200&#038;ssl=1\" alt=\"\" width=\"300\" height=\"200\" srcset=\"https:\/\/i0.wp.com\/bottesetvelo.com\/blog\/wp-content\/uploads\/2018\/10\/business-card-2056019_1920.jpg?resize=500%2C333&amp;ssl=1 500w, https:\/\/i0.wp.com\/bottesetvelo.com\/blog\/wp-content\/uploads\/2018\/10\/business-card-2056019_1920.jpg?resize=768%2C511&amp;ssl=1 768w, https:\/\/i0.wp.com\/bottesetvelo.com\/blog\/wp-content\/uploads\/2018\/10\/business-card-2056019_1920.jpg?resize=1024%2C682&amp;ssl=1 1024w, https:\/\/i0.wp.com\/bottesetvelo.com\/blog\/wp-content\/uploads\/2018\/10\/business-card-2056019_1920.jpg?w=1920&amp;ssl=1 1920w\" sizes=\"auto, (max-width: 300px) 100vw, 300px\" \/><\/a>me pr\u00e9sente, que dis-je de moi en premier? Est-ce mon travail, ma profession que je mets de l\u2019avant? Et si j\u2019avais un autre emploi, serais-je toujours la m\u00eame? Et si je ne travaille pas, si je suis \u00e0 la retraite, m\u00e8re au foyer, en arr\u00eat de maladie ou au ch\u00f4mage, ne suis-je que cela? Certaines personnes se d\u00e9finissent par leurs possessions\u00a0: ma voiture, ma maison, mon v\u00e9lo, mes v\u00eatements refl\u00e8tent-ils vraiment celle que je suis? Sont-ils le reflet des influences de la mode ou de l\u2019image que je d\u00e9sire projeter? Ne serais-je pas plus que ces accessoires d\u2019apparat? Qui se cache sous ce costume? Je peux aussi me d\u00e9finir en fonction d\u2019un trait de personnalit\u00e9 qui me caract\u00e9rise\u00a0: patiente, organis\u00e9e, serviable, \u2026. des caract\u00e9ristiques assez communes et qui sont certainement restreignantes. <strong><span style=\"color: #003366;\">Je suis assur\u00e9ment plus que \u00e7a!<\/span><\/strong><\/p>\n<p style=\"text-align: justify;\"><a href=\"https:\/\/i0.wp.com\/bottesetvelo.com\/blog\/wp-content\/uploads\/2018\/10\/tiger-2430625_1920.jpg?ssl=1\"><img data-recalc-dims=\"1\" loading=\"lazy\" decoding=\"async\" data-attachment-id=\"3411\" data-permalink=\"https:\/\/bottesetvelo.com\/blog\/2018\/10\/12\/plus-je-marche-plus-je-suis\/tiger-2430625_1920\/\" data-orig-file=\"https:\/\/i0.wp.com\/bottesetvelo.com\/blog\/wp-content\/uploads\/2018\/10\/tiger-2430625_1920.jpg?fit=1920%2C1279&amp;ssl=1\" data-orig-size=\"1920,1279\" data-comments-opened=\"1\" data-image-meta=\"{&quot;aperture&quot;:&quot;0&quot;,&quot;credit&quot;:&quot;&quot;,&quot;camera&quot;:&quot;&quot;,&quot;caption&quot;:&quot;&quot;,&quot;created_timestamp&quot;:&quot;0&quot;,&quot;copyright&quot;:&quot;&quot;,&quot;focal_length&quot;:&quot;0&quot;,&quot;iso&quot;:&quot;0&quot;,&quot;shutter_speed&quot;:&quot;0&quot;,&quot;title&quot;:&quot;&quot;,&quot;orientation&quot;:&quot;0&quot;}\" data-image-title=\"perruche-tigre\" data-image-description=\"\" data-image-caption=\"\" data-large-file=\"https:\/\/i0.wp.com\/bottesetvelo.com\/blog\/wp-content\/uploads\/2018\/10\/tiger-2430625_1920.jpg?fit=1024%2C682&amp;ssl=1\" class=\"wp-image-3411 alignleft\" src=\"https:\/\/i0.wp.com\/bottesetvelo.com\/blog\/wp-content\/uploads\/2018\/10\/tiger-2430625_1920.jpg?resize=300%2C200&#038;ssl=1\" alt=\"\" width=\"300\" height=\"200\" srcset=\"https:\/\/i0.wp.com\/bottesetvelo.com\/blog\/wp-content\/uploads\/2018\/10\/tiger-2430625_1920.jpg?resize=500%2C333&amp;ssl=1 500w, https:\/\/i0.wp.com\/bottesetvelo.com\/blog\/wp-content\/uploads\/2018\/10\/tiger-2430625_1920.jpg?resize=768%2C512&amp;ssl=1 768w, https:\/\/i0.wp.com\/bottesetvelo.com\/blog\/wp-content\/uploads\/2018\/10\/tiger-2430625_1920.jpg?resize=1024%2C682&amp;ssl=1 1024w, https:\/\/i0.wp.com\/bottesetvelo.com\/blog\/wp-content\/uploads\/2018\/10\/tiger-2430625_1920.jpg?w=1920&amp;ssl=1 1920w\" sizes=\"auto, (max-width: 300px) 100vw, 300px\" \/><\/a>Toutes ces d\u00e9finitions de moi viennent confiner celle que je suis vraiment. Elles m\u2019emprisonnent dans des cases convenues. Cependant, elles me donnent acc\u00e8s \u00e0 un certain prestige, \u00e0 une image valoris\u00e9e et valorisante. Dans la course \u00e0 la perfection et \u00e0 la comp\u00e9tition de notre soci\u00e9t\u00e9 moderne, <span style=\"color: #003366;\"><strong>cette image dont je m\u2019affuble fi\u00e8rement, me conf\u00e8re un certain statut, une certaine valeur.<\/strong> <\/span>Nous \u00e9voluons dans un environnement qui nous laisse croire que nous ne sommes jamais assez. Pas assez intelligente, pas assez mince, pas assez riche, pas assez d\u00e9brouillarde\u2026 La d\u00e9finition que nous nous donnons de nous-m\u00eames, cette image que l\u2019on s\u2019est confectionn\u00e9e, met un baume sur ce \u00ab\u00a0pas assez\u00a0\u00bb en nous offrant de la reconnaissance sociale, de la reconnaissance aux yeux de cet autre, de mes parents et de mes amis. Elle me sert, tout en me nuisant, car elle n\u2019est pas moi et donc par le fait m\u00eame, m\u2019emp\u00eache de le devenir pleinement.<\/p>\n<p style=\"text-align: justify;\"><a href=\"https:\/\/i0.wp.com\/bottesetvelo.com\/blog\/wp-content\/uploads\/2018\/10\/russian-1090697_1920.jpg?ssl=1\"><img data-recalc-dims=\"1\" loading=\"lazy\" decoding=\"async\" data-attachment-id=\"3409\" data-permalink=\"https:\/\/bottesetvelo.com\/blog\/2018\/10\/12\/plus-je-marche-plus-je-suis\/russian-1090697_1920\/\" data-orig-file=\"https:\/\/i0.wp.com\/bottesetvelo.com\/blog\/wp-content\/uploads\/2018\/10\/russian-1090697_1920.jpg?fit=1920%2C1280&amp;ssl=1\" data-orig-size=\"1920,1280\" data-comments-opened=\"1\" data-image-meta=\"{&quot;aperture&quot;:&quot;0&quot;,&quot;credit&quot;:&quot;&quot;,&quot;camera&quot;:&quot;&quot;,&quot;caption&quot;:&quot;&quot;,&quot;created_timestamp&quot;:&quot;0&quot;,&quot;copyright&quot;:&quot;&quot;,&quot;focal_length&quot;:&quot;0&quot;,&quot;iso&quot;:&quot;0&quot;,&quot;shutter_speed&quot;:&quot;0&quot;,&quot;title&quot;:&quot;&quot;,&quot;orientation&quot;:&quot;0&quot;}\" data-image-title=\"poup\u00e9es russes\" data-image-description=\"\" data-image-caption=\"\" data-large-file=\"https:\/\/i0.wp.com\/bottesetvelo.com\/blog\/wp-content\/uploads\/2018\/10\/russian-1090697_1920.jpg?fit=1024%2C683&amp;ssl=1\" class=\"wp-image-3409 alignright\" src=\"https:\/\/i0.wp.com\/bottesetvelo.com\/blog\/wp-content\/uploads\/2018\/10\/russian-1090697_1920.jpg?resize=300%2C200&#038;ssl=1\" alt=\"\" width=\"300\" height=\"200\" srcset=\"https:\/\/i0.wp.com\/bottesetvelo.com\/blog\/wp-content\/uploads\/2018\/10\/russian-1090697_1920.jpg?resize=500%2C333&amp;ssl=1 500w, https:\/\/i0.wp.com\/bottesetvelo.com\/blog\/wp-content\/uploads\/2018\/10\/russian-1090697_1920.jpg?resize=768%2C512&amp;ssl=1 768w, https:\/\/i0.wp.com\/bottesetvelo.com\/blog\/wp-content\/uploads\/2018\/10\/russian-1090697_1920.jpg?resize=1024%2C683&amp;ssl=1 1024w, https:\/\/i0.wp.com\/bottesetvelo.com\/blog\/wp-content\/uploads\/2018\/10\/russian-1090697_1920.jpg?w=1920&amp;ssl=1 1920w\" sizes=\"auto, (max-width: 300px) 100vw, 300px\" \/><\/a>Sur le chemin de p\u00e8lerinage, plusieurs masques tombent rapidement. Pour tout p\u00e8lerin que je rencontre, mon m\u00e9tier n\u2019est d\u2019aucun int\u00e9r\u00eat. Mes possessions sont loin de moi. D\u00e9pouill\u00e9e de mes parures, sans maquillage et sans parfum, tel un jeu de poup\u00e9es russes, mes personnages se d\u00e9font et je m\u2019ouvre de plus en plus, jusqu\u2019\u00e0 me rapprocher de l\u2019essence m\u00eame de mon \u00eatre authentique. La plus petite des poup\u00e9es russes. Comme l\u2019eau trouble qui s\u2019\u00e9claircit quand on cesse de l\u2019agiter, <span style=\"color: #003366;\"><strong>mon esprit s\u2019apaise et voit plus clair gr\u00e2ce au vide g\u00e9n\u00e9r\u00e9 par ma marche.<\/strong> <\/span>Entour\u00e9e d\u2019inconnus, accept\u00e9e telle que je suis, le corps fatigu\u00e9e et l\u2019esprit l\u00e9ger, je tends \u00e0 me rapprocher le plus possible d\u2019\u00eatre simplement moi.<\/p>\n<p style=\"text-align: justify;\">Il faut du courage, de l\u2019audace et parfois un brin de folie pour oser ainsi afficher sa vraie couleur, et surmonter sa crainte des commentaires et du jugement. Il faut savoir atteindre cet \u00e9tat d\u2019acceptation de qui on est, avec nos forces et nos imperfections. Un processus qui demande de l\u2019humilit\u00e9, de l\u2019amour et de l\u2019accueil. Il faut apprendre \u00e0 accepter tout ce que nous sommes r\u00e9ellement, atteindre ce niveau de confiance en soi et en la vie, o\u00f9 le regard de l\u2019autre n\u2019a plus d\u2019emprise sur qui je suis. Une lib\u00e9ration qui permet d\u2019<strong><span style=\"color: #003366;\">avancer sur une route qui me ressemble pleinement.<\/span> <\/strong>C\u2019est ma route. C\u2019est la bonne pour moi!<\/p>\n<p>Brigitte Harouni<a href=\"https:\/\/i0.wp.com\/bottesetvelo.com\/blog\/wp-content\/uploads\/2018\/03\/Bottes-et-V%C3%A9lo-Embl%C3%AAme-1-e1522416719670.png?ssl=1\"><img data-recalc-dims=\"1\" loading=\"lazy\" decoding=\"async\" data-attachment-id=\"3248\" data-permalink=\"https:\/\/bottesetvelo.com\/blog\/2018\/03\/30\/comme-un-grand-silence\/bottes-et-velo-embleme-3\/\" data-orig-file=\"https:\/\/i0.wp.com\/bottesetvelo.com\/blog\/wp-content\/uploads\/2018\/03\/Bottes-et-V%C3%A9lo-Embl%C3%AAme-1-e1522416719670.png?fit=100%2C79&amp;ssl=1\" data-orig-size=\"100,79\" data-comments-opened=\"1\" data-image-meta=\"{&quot;aperture&quot;:&quot;0&quot;,&quot;credit&quot;:&quot;&quot;,&quot;camera&quot;:&quot;&quot;,&quot;caption&quot;:&quot;&quot;,&quot;created_timestamp&quot;:&quot;0&quot;,&quot;copyright&quot;:&quot;&quot;,&quot;focal_length&quot;:&quot;0&quot;,&quot;iso&quot;:&quot;0&quot;,&quot;shutter_speed&quot;:&quot;0&quot;,&quot;title&quot;:&quot;&quot;,&quot;orientation&quot;:&quot;0&quot;}\" data-image-title=\"Bottes et V\u00e9lo &amp;#8211; Embl\u00eame\" data-image-description=\"\" data-image-caption=\"\" data-large-file=\"https:\/\/i0.wp.com\/bottesetvelo.com\/blog\/wp-content\/uploads\/2018\/03\/Bottes-et-V%C3%A9lo-Embl%C3%AAme-1-e1522416719670.png?fit=100%2C79&amp;ssl=1\" class=\"wp-image-3248 alignright\" src=\"https:\/\/i0.wp.com\/bottesetvelo.com\/blog\/wp-content\/uploads\/2018\/03\/Bottes-et-V%C3%A9lo-Embl%C3%AAme-1.png?resize=50%2C39&#038;ssl=1\" alt=\"\" width=\"50\" height=\"39\" \/><\/a><\/p>\n","protected":false},"excerpt":{"rendered":"<p>Changer n&rsquo;est pas devenir quelqu&rsquo;un d&rsquo;autre, c&rsquo;est devenir qui on est et l&rsquo;accepter. Jacques Salom\u00e9 Afin de pouvoir d\u00e9terminer clairement ce \u00ab\u00a0o\u00f9 vais-je\u00a0\u00bb dans ma vie, afin d\u2019\u00eatre sensible aux signes qui donnent une orientation \u00e0 mes choix, pour bien saisir l\u2019essence de mon sanctuaire, cet espace vers lequel j\u2019avance dans la vie, promesse de&hellip;<\/p>\n","protected":false},"author":2,"featured_media":3409,"comment_status":"open","ping_status":"open","sticky":false,"template":"","format":"standard","meta":{"jetpack_post_was_ever_published":false,"_jetpack_newsletter_access":"","_jetpack_dont_email_post_to_subs":false,"_jetpack_newsletter_tier_id":0,"_jetpack_memberships_contains_paywalled_content":false,"_jetpack_memberships_contains_paid_content":false,"footnotes":"","jetpack_publicize_message":"","jetpack_publicize_feature_enabled":true,"jetpack_social_post_already_shared":true,"jetpack_social_options":{"image_generator_settings":{"template":"highway","default_image_id":0,"font":"","enabled":false},"version":2}},"categories":[9,380,39,3],"tags":[275,103,40,273,14,13,96,192,94],"class_list":["post-3406","post","type-post","status-publish","format-standard","has-post-thumbnail","hentry","category-chemins-de-pelerinage","category-conscientisation","category-croissance-personnelle","category-reflexions","tag-art-de-vivre","tag-bien-etre","tag-croissance-personnelle-2","tag-gouter-la-vie","tag-marche","tag-pelerinage","tag-qualite-de-vie","tag-quete-spirituelle","tag-vivre-simplement"],"jetpack_publicize_connections":[],"jetpack_featured_media_url":"https:\/\/i0.wp.com\/bottesetvelo.com\/blog\/wp-content\/uploads\/2018\/10\/russian-1090697_1920.jpg?fit=1920%2C1280&ssl=1","jetpack_shortlink":"https:\/\/wp.me\/p4eY6z-SW","jetpack_sharing_enabled":true,"jetpack_likes_enabled":true,"jetpack-related-posts":[],"_links":{"self":[{"href":"https:\/\/bottesetvelo.com\/blog\/wp-json\/wp\/v2\/posts\/3406","targetHints":{"allow":["GET"]}}],"collection":[{"href":"https:\/\/bottesetvelo.com\/blog\/wp-json\/wp\/v2\/posts"}],"about":[{"href":"https:\/\/bottesetvelo.com\/blog\/wp-json\/wp\/v2\/types\/post"}],"author":[{"embeddable":true,"href":"https:\/\/bottesetvelo.com\/blog\/wp-json\/wp\/v2\/users\/2"}],"replies":[{"embeddable":true,"href":"https:\/\/bottesetvelo.com\/blog\/wp-json\/wp\/v2\/comments?post=3406"}],"version-history":[{"count":4,"href":"https:\/\/bottesetvelo.com\/blog\/wp-json\/wp\/v2\/posts\/3406\/revisions"}],"predecessor-version":[{"id":3413,"href":"https:\/\/bottesetvelo.com\/blog\/wp-json\/wp\/v2\/posts\/3406\/revisions\/3413"}],"wp:featuredmedia":[{"embeddable":true,"href":"https:\/\/bottesetvelo.com\/blog\/wp-json\/wp\/v2\/media\/3409"}],"wp:attachment":[{"href":"https:\/\/bottesetvelo.com\/blog\/wp-json\/wp\/v2\/media?parent=3406"}],"wp:term":[{"taxonomy":"category","embeddable":true,"href":"https:\/\/bottesetvelo.com\/blog\/wp-json\/wp\/v2\/categories?post=3406"},{"taxonomy":"post_tag","embeddable":true,"href":"https:\/\/bottesetvelo.com\/blog\/wp-json\/wp\/v2\/tags?post=3406"}],"curies":[{"name":"wp","href":"https:\/\/api.w.org\/{rel}","templated":true}]}}