{"id":340,"date":"2014-02-21T14:29:30","date_gmt":"2014-02-21T19:29:30","guid":{"rendered":"http:\/\/bottesetvelo.com\/blog\/?p=340"},"modified":"2014-02-21T17:30:40","modified_gmt":"2014-02-21T22:30:40","slug":"weekend-dinitiation-au-pelerinage","status":"publish","type":"post","link":"https:\/\/bottesetvelo.com\/blog\/2014\/02\/21\/weekend-dinitiation-au-pelerinage\/","title":{"rendered":"Weekend d&rsquo;initiation au p\u00e8lerinage"},"content":{"rendered":"<h2 style=\"text-align: center;\"><a title=\"Inscription - Weekend d'initiaion au p\u00e8lerinage\" href=\"http:\/\/bottesetvelo.com\/bottes-et-v\u00e9lo---weekend-initiation\" target=\"_blank\"><img data-recalc-dims=\"1\" loading=\"lazy\" decoding=\"async\" data-attachment-id=\"341\" data-permalink=\"https:\/\/bottesetvelo.com\/blog\/2014\/02\/21\/weekend-dinitiation-au-pelerinage\/pub-weekend-dinitation-au-pelerinage\/\" data-orig-file=\"https:\/\/i0.wp.com\/bottesetvelo.com\/blog\/wp-content\/uploads\/2014\/02\/Pub-weekend-dinitation-au-p%C3%A8lerinage.jpg?fit=768%2C539&amp;ssl=1\" data-orig-size=\"768,539\" data-comments-opened=\"1\" data-image-meta=\"{&quot;aperture&quot;:&quot;0&quot;,&quot;credit&quot;:&quot;Rouni et Rico&quot;,&quot;camera&quot;:&quot;&quot;,&quot;caption&quot;:&quot;&quot;,&quot;created_timestamp&quot;:&quot;1392989064&quot;,&quot;copyright&quot;:&quot;&quot;,&quot;focal_length&quot;:&quot;0&quot;,&quot;iso&quot;:&quot;0&quot;,&quot;shutter_speed&quot;:&quot;0&quot;,&quot;title&quot;:&quot;&quot;}\" data-image-title=\"Affiche &amp;#8211; weekend d&amp;rsquo;initation au p\u00e8lerinage\" data-image-description=\"\" data-image-caption=\"\" data-large-file=\"https:\/\/i0.wp.com\/bottesetvelo.com\/blog\/wp-content\/uploads\/2014\/02\/Pub-weekend-dinitation-au-p%C3%A8lerinage.jpg?fit=768%2C539&amp;ssl=1\" class=\"size-medium wp-image-341 aligncenter\" title=\"Weekend d'initation au p\u00e8lerinage\" alt=\"Affiche - weekend d'initation au p\u00e8lerinage\" src=\"https:\/\/i0.wp.com\/bottesetvelo.com\/blog\/wp-content\/uploads\/2014\/02\/Pub-weekend-dinitation-au-p%C3%A8lerinage.jpg?resize=500%2C350&#038;ssl=1\" width=\"500\" height=\"350\" srcset=\"https:\/\/i0.wp.com\/bottesetvelo.com\/blog\/wp-content\/uploads\/2014\/02\/Pub-weekend-dinitation-au-p%C3%A8lerinage.jpg?resize=500%2C350&amp;ssl=1 500w, https:\/\/i0.wp.com\/bottesetvelo.com\/blog\/wp-content\/uploads\/2014\/02\/Pub-weekend-dinitation-au-p%C3%A8lerinage.jpg?resize=624%2C437&amp;ssl=1 624w, https:\/\/i0.wp.com\/bottesetvelo.com\/blog\/wp-content\/uploads\/2014\/02\/Pub-weekend-dinitation-au-p%C3%A8lerinage.jpg?w=768&amp;ssl=1 768w\" sizes=\"auto, (max-width: 500px) 100vw, 500px\" \/><\/a><span style=\"color: #ff9900;\">Bottes et V\u00e9lo vous annonce la tenue de son premier atelier<br \/>\nde formation: un weekend d&rsquo;initiation au p\u00e8lerinage p\u00e9destre<br \/>\nles 17-18-19 mai, lors du long cong\u00e9 de la F\u00eate des Patriotes.<\/span><\/h2>\n<p style=\"text-align: justify;\">Cet atelier s&rsquo;adresse \u00e0 tous ceux et celles que le p\u00e8lerinage interpelle, mais aimeraient se familiariser avec la d\u00e9marche avant d&rsquo;entreprendre le long p\u00e9riple. Un weekend pour apprivoiser, \u00e9valuer ses capacit\u00e9s et s&rsquo;impr\u00e9gner de l&rsquo;esprit du p\u00e8lerinage. Ceci, en toute s\u00e9curit\u00e9 et en notre compagnie!<\/p>\n<p>Pour vous inscrire, visitez la page d&rsquo;information sur le site de <span style=\"color: #000000;\"><strong>Bottes et V\u00e9lo<\/strong>:<\/span><br \/>\n<strong><a title=\"Inscription - Weekend d'initiation au p\u00e8lerinage\" href=\"http:\/\/bottesetvelo.com\/bottes-et-v\u00e9lo---weekend-initiation\" target=\"_blank\">Inscription &#8211; Weekend d&rsquo;initiation au p\u00e8lerinage<\/a><\/strong><\/p>\n<p style=\"text-align: center;\"><span style=\"font-size: 12.0pt; mso-bidi-font-size: 13.5pt; line-height: 115%; font-family: 'Calibri','sans-serif'; mso-ascii-theme-font: minor-latin; mso-fareast-font-family: Calibri; mso-fareast-theme-font: minor-latin; mso-hansi-theme-font: minor-latin; mso-bidi-font-family: 'Times New Roman'; mso-bidi-theme-font: minor-bidi; mso-ansi-language: FR-CA; mso-fareast-language: EN-US; mso-bidi-language: AR-SA;\"><span style=\"color: #993366;\">Les date ne vous conviennent pas?<\/span><br \/>\n<span style=\"color: #993366;\"> Vous \u00eates un groupe (min. 6 pers.)?<\/span><br \/>\n<span style=\"color: #993366;\">Vous \u00eates retrait\u00e9s et une initiation au p\u00e8lerinage sur semaine vous conviendrait mieux?<\/span><br \/>\n<\/span><\/p>\n<p style=\"text-align: center;\"><span style=\"font-size: 12.0pt; mso-bidi-font-size: 13.5pt; line-height: 115%; font-family: 'Calibri','sans-serif'; mso-ascii-theme-font: minor-latin; mso-fareast-font-family: Calibri; mso-fareast-theme-font: minor-latin; mso-hansi-theme-font: minor-latin; mso-bidi-font-family: 'Times New Roman'; mso-bidi-theme-font: minor-bidi; mso-ansi-language: FR-CA; mso-fareast-language: EN-US; mso-bidi-language: AR-SA;\"><span style=\"color: #993366;\">Faites-nous part de vos attentes en compl\u00e9tant le formulaire d&rsquo;inscription sur le site de Bottes et V\u00e9lo et en le mentionnant dans la section message. Il nous fera plaisir de communiquer avec vous pour r\u00e9pondre \u00e0 votre demande.<\/span><\/span><\/p>\n<h3 style=\"text-align: center;\">\u00c9ric Lalibert\u00e9 et Brigitte Harouni\u00a0\u00a0 <a href=\"https:\/\/i0.wp.com\/bottesetvelo.com\/blog\/wp-content\/uploads\/2014\/01\/Bottes-et-V%C3%A9lo-Embl%C3%AAme.jpg?ssl=1\"><img data-recalc-dims=\"1\" loading=\"lazy\" decoding=\"async\" data-attachment-id=\"14\" data-permalink=\"https:\/\/bottesetvelo.com\/blog\/bottes-et-velo-le-blog\/bottes-et-velo-embleme\/\" data-orig-file=\"https:\/\/i0.wp.com\/bottesetvelo.com\/blog\/wp-content\/uploads\/2014\/01\/Bottes-et-V%C3%A9lo-Embl%C3%AAme-e1454083414631.jpg?fit=100%2C79&amp;ssl=1\" data-orig-size=\"100,79\" data-comments-opened=\"1\" data-image-meta=\"{&quot;aperture&quot;:&quot;0&quot;,&quot;credit&quot;:&quot;&quot;,&quot;camera&quot;:&quot;&quot;,&quot;caption&quot;:&quot;&quot;,&quot;created_timestamp&quot;:&quot;0&quot;,&quot;copyright&quot;:&quot;&quot;,&quot;focal_length&quot;:&quot;0&quot;,&quot;iso&quot;:&quot;0&quot;,&quot;shutter_speed&quot;:&quot;0&quot;,&quot;title&quot;:&quot;&quot;}\" data-image-title=\"Bottes et V\u00e9lo &amp;#8211; Embl\u00eame\" data-image-description=\"\" data-image-caption=\"\" data-large-file=\"https:\/\/i0.wp.com\/bottesetvelo.com\/blog\/wp-content\/uploads\/2014\/01\/Bottes-et-V%C3%A9lo-Embl%C3%AAme-e1454083414631.jpg?fit=100%2C79&amp;ssl=1\" class=\"alignnone  wp-image-14\" alt=\"Bottes et V\u00e9lo - Embl\u00eame\" src=\"https:\/\/i0.wp.com\/bottesetvelo.com\/blog\/wp-content\/uploads\/2014\/01\/Bottes-et-V%C3%A9lo-Embl%C3%AAme.jpg?resize=50%2C39&#038;ssl=1\" width=\"50\" height=\"39\" \/><\/a><\/h3>\n","protected":false},"excerpt":{"rendered":"<p>Bottes et V\u00e9lo vous annonce la tenue de son premier atelier de formation: un weekend d&rsquo;initiation au p\u00e8lerinage p\u00e9destre les 17-18-19 mai, lors du long cong\u00e9 de la F\u00eate des Patriotes. Cet atelier s&rsquo;adresse \u00e0 tous ceux et celles que le p\u00e8lerinage interpelle, mais aimeraient se familiariser avec la d\u00e9marche avant d&rsquo;entreprendre le long p\u00e9riple.&hellip;<\/p>\n","protected":false},"author":1,"featured_media":0,"comment_status":"open","ping_status":"open","sticky":false,"template":"","format":"standard","meta":{"jetpack_post_was_ever_published":false,"_jetpack_newsletter_access":"","_jetpack_dont_email_post_to_subs":false,"_jetpack_newsletter_tier_id":0,"_jetpack_memberships_contains_paywalled_content":false,"_jetpack_memberships_contains_paid_content":false,"footnotes":"","jetpack_publicize_message":"","jetpack_publicize_feature_enabled":true,"jetpack_social_post_already_shared":true,"jetpack_social_options":{"image_generator_settings":{"template":"highway","default_image_id":0,"font":"","enabled":false},"version":2}},"categories":[6],"tags":[33,36,41,13,19,38],"class_list":["post-340","post","type-post","status-publish","format-standard","hentry","category-formations","tag-entrainement-physique","tag-equipement","tag-formation","tag-pelerinage","tag-randonnee","tag-reflexion"],"jetpack_publicize_connections":[],"jetpack_featured_media_url":"","jetpack_shortlink":"https:\/\/wp.me\/p4eY6z-5u","jetpack_sharing_enabled":true,"jetpack_likes_enabled":true,"jetpack-related-posts":[],"_links":{"self":[{"href":"https:\/\/bottesetvelo.com\/blog\/wp-json\/wp\/v2\/posts\/340","targetHints":{"allow":["GET"]}}],"collection":[{"href":"https:\/\/bottesetvelo.com\/blog\/wp-json\/wp\/v2\/posts"}],"about":[{"href":"https:\/\/bottesetvelo.com\/blog\/wp-json\/wp\/v2\/types\/post"}],"author":[{"embeddable":true,"href":"https:\/\/bottesetvelo.com\/blog\/wp-json\/wp\/v2\/users\/1"}],"replies":[{"embeddable":true,"href":"https:\/\/bottesetvelo.com\/blog\/wp-json\/wp\/v2\/comments?post=340"}],"version-history":[{"count":3,"href":"https:\/\/bottesetvelo.com\/blog\/wp-json\/wp\/v2\/posts\/340\/revisions"}],"predecessor-version":[{"id":344,"href":"https:\/\/bottesetvelo.com\/blog\/wp-json\/wp\/v2\/posts\/340\/revisions\/344"}],"wp:attachment":[{"href":"https:\/\/bottesetvelo.com\/blog\/wp-json\/wp\/v2\/media?parent=340"}],"wp:term":[{"taxonomy":"category","embeddable":true,"href":"https:\/\/bottesetvelo.com\/blog\/wp-json\/wp\/v2\/categories?post=340"},{"taxonomy":"post_tag","embeddable":true,"href":"https:\/\/bottesetvelo.com\/blog\/wp-json\/wp\/v2\/tags?post=340"}],"curies":[{"name":"wp","href":"https:\/\/api.w.org\/{rel}","templated":true}]}}