{"id":3390,"date":"2018-09-28T10:52:06","date_gmt":"2018-09-28T14:52:06","guid":{"rendered":"http:\/\/bottesetvelo.com\/blog\/?p=3390"},"modified":"2018-11-12T20:16:36","modified_gmt":"2018-11-13T01:16:36","slug":"mystique-de-la-marche","status":"publish","type":"post","link":"https:\/\/bottesetvelo.com\/blog\/2018\/09\/28\/mystique-de-la-marche\/","title":{"rendered":"Mystique de la marche"},"content":{"rendered":"<h6 style=\"text-align: right;\"><em>Le d\u00e9sir cr\u00e9e un exc\u00e8s. Il exc\u00e8de, passe et perd les lieux. <\/em><br \/>\n<em>Il fait aller plus loin, ailleurs. Il n\u2019habite nulle part\u2026<\/em><br \/>\n<em>Michel de Certeau<\/em><\/h6>\n<h5 style=\"text-align: justify;\"><span style=\"color: #003366;\">Les lieux nous permettent de passer d\u2019un endroit \u00e0 un autre. Les mots de faire avancer notre pens\u00e9e. Les notes de musique de conduire une m\u00e9lodie. Les gouttes d\u2019eau tombent pour mieux remontrer vers le ciel. Tout est mouvement! Bloquez ne serait-ce qu\u2019un seul des mouvements vivants inscrits dans votre corps et vous verrez combien il en co\u00fbte d\u2019arr\u00eater le mouvement de la vie!<\/span><\/h5>\n<p style=\"text-align: justify;\"><a href=\"https:\/\/i0.wp.com\/bottesetvelo.com\/blog\/wp-content\/uploads\/2018\/09\/20180718_073727.jpg?ssl=1\"><img data-recalc-dims=\"1\" loading=\"lazy\" decoding=\"async\" data-attachment-id=\"3393\" data-permalink=\"https:\/\/bottesetvelo.com\/blog\/2018\/09\/28\/mystique-de-la-marche\/20180718_073727\/\" data-orig-file=\"https:\/\/i0.wp.com\/bottesetvelo.com\/blog\/wp-content\/uploads\/2018\/09\/20180718_073727.jpg?fit=4032%2C1960&amp;ssl=1\" data-orig-size=\"4032,1960\" data-comments-opened=\"1\" data-image-meta=\"{&quot;aperture&quot;:&quot;1.7&quot;,&quot;credit&quot;:&quot;&quot;,&quot;camera&quot;:&quot;SM-G950W&quot;,&quot;caption&quot;:&quot;&quot;,&quot;created_timestamp&quot;:&quot;1531899447&quot;,&quot;copyright&quot;:&quot;&quot;,&quot;focal_length&quot;:&quot;4.25&quot;,&quot;iso&quot;:&quot;50&quot;,&quot;shutter_speed&quot;:&quot;9.0000900009E-5&quot;,&quot;title&quot;:&quot;&quot;,&quot;orientation&quot;:&quot;1&quot;}\" data-image-title=\"Compostelle 2018\" data-image-description=\"\" data-image-caption=\"\" data-large-file=\"https:\/\/i0.wp.com\/bottesetvelo.com\/blog\/wp-content\/uploads\/2018\/09\/20180718_073727.jpg?fit=1024%2C498&amp;ssl=1\" class=\"alignright wp-image-3393\" src=\"https:\/\/i0.wp.com\/bottesetvelo.com\/blog\/wp-content\/uploads\/2018\/09\/20180718_073727.jpg?resize=400%2C194&#038;ssl=1\" alt=\"\" width=\"400\" height=\"194\" srcset=\"https:\/\/i0.wp.com\/bottesetvelo.com\/blog\/wp-content\/uploads\/2018\/09\/20180718_073727.jpg?resize=500%2C243&amp;ssl=1 500w, https:\/\/i0.wp.com\/bottesetvelo.com\/blog\/wp-content\/uploads\/2018\/09\/20180718_073727.jpg?resize=768%2C373&amp;ssl=1 768w, https:\/\/i0.wp.com\/bottesetvelo.com\/blog\/wp-content\/uploads\/2018\/09\/20180718_073727.jpg?resize=1024%2C498&amp;ssl=1 1024w, https:\/\/i0.wp.com\/bottesetvelo.com\/blog\/wp-content\/uploads\/2018\/09\/20180718_073727.jpg?w=2340&amp;ssl=1 2340w, https:\/\/i0.wp.com\/bottesetvelo.com\/blog\/wp-content\/uploads\/2018\/09\/20180718_073727.jpg?w=3510&amp;ssl=1 3510w\" sizes=\"auto, (max-width: 400px) 100vw, 400px\" \/><\/a>Vivre est port\u00e9 par le d\u00e9sir de notre insatisfaction\u00a0: le d\u00e9sir de ce qui nous manque et que nous ne saurions combler. Je ne pourrai jamais manger assez pour \u00eatre rassasi\u00e9 jusqu\u2019\u00e0 la fin de mes jours. Je ne peux pas respirer un bon coup et me dire que j\u2019en serai dor\u00e9navant dispens\u00e9. Chaque objet finit par lasser. Chaque mode vient \u00e0 passer. Chaque minute est compt\u00e9e. Tout passe.<\/p>\n<p style=\"text-align: justify;\">Michel de Certeau \u00e9crivait\u00a0: \u00ab\u00a0Est mystique celui ou celle qui ne peut s\u2019arr\u00eater de marcher et qui, avec la certitude de ce qui lui manque, sait de chaque lieu et de chaque objet que ce n\u2019est pas \u00e7a, qu\u2019on ne peut r\u00e9sider ici ni se contenter de cela\u00a0\u00bb (La faiblesse de croire, p.18). Le p\u00e8lerin entre dans ce d\u00e9pouillement qui lentement ne s\u2019attache plus \u00e0 rien car il sait d\u2019avance que rien ne pourra assouvir sa soif, sinon tendre vers ce qu\u2019il recherche dans un mouvement perp\u00e9tuel.<\/p>\n<p style=\"text-align: justify;\">Alors le chemin, le cheminement, mais vers quoi? Qu\u2019est-ce qui m\u2019appelle de mani\u00e8re insatiable \u00e0 l\u2019horizon de ce chemin?<a href=\"https:\/\/i0.wp.com\/bottesetvelo.com\/blog\/wp-content\/uploads\/2018\/09\/20180718_093934.jpg?ssl=1\"><img data-recalc-dims=\"1\" loading=\"lazy\" decoding=\"async\" data-attachment-id=\"3394\" data-permalink=\"https:\/\/bottesetvelo.com\/blog\/2018\/09\/28\/mystique-de-la-marche\/20180718_093934\/\" data-orig-file=\"https:\/\/i0.wp.com\/bottesetvelo.com\/blog\/wp-content\/uploads\/2018\/09\/20180718_093934.jpg?fit=4032%2C1960&amp;ssl=1\" data-orig-size=\"4032,1960\" data-comments-opened=\"1\" data-image-meta=\"{&quot;aperture&quot;:&quot;1.7&quot;,&quot;credit&quot;:&quot;&quot;,&quot;camera&quot;:&quot;SM-G950W&quot;,&quot;caption&quot;:&quot;&quot;,&quot;created_timestamp&quot;:&quot;1531906773&quot;,&quot;copyright&quot;:&quot;&quot;,&quot;focal_length&quot;:&quot;4.25&quot;,&quot;iso&quot;:&quot;50&quot;,&quot;shutter_speed&quot;:&quot;0.000341997264022&quot;,&quot;title&quot;:&quot;&quot;,&quot;orientation&quot;:&quot;1&quot;}\" data-image-title=\"Compostelle 2018\" data-image-description=\"\" data-image-caption=\"\" data-large-file=\"https:\/\/i0.wp.com\/bottesetvelo.com\/blog\/wp-content\/uploads\/2018\/09\/20180718_093934.jpg?fit=1024%2C498&amp;ssl=1\" class=\"alignright wp-image-3394\" src=\"https:\/\/i0.wp.com\/bottesetvelo.com\/blog\/wp-content\/uploads\/2018\/09\/20180718_093934.jpg?resize=400%2C194&#038;ssl=1\" alt=\"\" width=\"400\" height=\"194\" srcset=\"https:\/\/i0.wp.com\/bottesetvelo.com\/blog\/wp-content\/uploads\/2018\/09\/20180718_093934.jpg?resize=500%2C243&amp;ssl=1 500w, https:\/\/i0.wp.com\/bottesetvelo.com\/blog\/wp-content\/uploads\/2018\/09\/20180718_093934.jpg?resize=768%2C373&amp;ssl=1 768w, https:\/\/i0.wp.com\/bottesetvelo.com\/blog\/wp-content\/uploads\/2018\/09\/20180718_093934.jpg?resize=1024%2C498&amp;ssl=1 1024w, https:\/\/i0.wp.com\/bottesetvelo.com\/blog\/wp-content\/uploads\/2018\/09\/20180718_093934.jpg?w=2340&amp;ssl=1 2340w, https:\/\/i0.wp.com\/bottesetvelo.com\/blog\/wp-content\/uploads\/2018\/09\/20180718_093934.jpg?w=3510&amp;ssl=1 3510w\" sizes=\"auto, (max-width: 400px) 100vw, 400px\" \/><\/a><\/p>\n<p style=\"text-align: justify;\">Chaque jour de sa marche, le p\u00e8lerin est appel\u00e9 \u00e0 red\u00e9finir l\u2019horizon de sa route. Transcendant les limites de l\u2019\u00e9ternel \u00ab\u00a0Qui suis-je?\u00a0\u00bb, il entre dans un \u00ab\u00a0O\u00f9 vas-tu?\u00a0\u00bb qui le resitue en relation avec le monde. Marcher est une mani\u00e8re de relier des lieux entre eux. De tracer des liens. Se mettre en marche est ainsi relationnel.<\/p>\n<p style=\"text-align: justify;\">Revenons \u00e0 ce \u00ab\u00a0Qui suis-je?\u00a0\u00bb. Le questionnement qu\u2019il suscite se fait en vase clos. La personne se parle \u00e0 elle-m\u00eame. Alors que le \u00ab\u00a0O\u00f9 vas-tu?\u00a0\u00bb d\u00e9centre de soi. Pour le p\u00e8lerin, cette question peut sembler banale \u00e0 premi\u00e8re vue. Pourtant, elle ne l\u2019est pas. Quand le p\u00e8lerin prend le temps de l\u2019accueillir, il constate rapidement qu\u2019il ne va pas seulement \u00e0 Compostelle, au Machu Pichu ou \u00e0 Shikoku.<\/p>\n<p style=\"text-align: justify;\"><a href=\"https:\/\/i0.wp.com\/bottesetvelo.com\/blog\/wp-content\/uploads\/2018\/09\/20180708_084353.jpg?ssl=1\"><img data-recalc-dims=\"1\" loading=\"lazy\" decoding=\"async\" data-attachment-id=\"3391\" data-permalink=\"https:\/\/bottesetvelo.com\/blog\/2018\/09\/28\/mystique-de-la-marche\/20180708_084353\/\" data-orig-file=\"https:\/\/i0.wp.com\/bottesetvelo.com\/blog\/wp-content\/uploads\/2018\/09\/20180708_084353.jpg?fit=3185%2C1445&amp;ssl=1\" data-orig-size=\"3185,1445\" data-comments-opened=\"1\" data-image-meta=\"{&quot;aperture&quot;:&quot;1.7&quot;,&quot;credit&quot;:&quot;&quot;,&quot;camera&quot;:&quot;SM-G950W&quot;,&quot;caption&quot;:&quot;&quot;,&quot;created_timestamp&quot;:&quot;1531039433&quot;,&quot;copyright&quot;:&quot;&quot;,&quot;focal_length&quot;:&quot;4.25&quot;,&quot;iso&quot;:&quot;50&quot;,&quot;shutter_speed&quot;:&quot;0.00167785234899&quot;,&quot;title&quot;:&quot;&quot;,&quot;orientation&quot;:&quot;1&quot;}\" data-image-title=\"Compostelle 2018\" data-image-description=\"\" data-image-caption=\"\" data-large-file=\"https:\/\/i0.wp.com\/bottesetvelo.com\/blog\/wp-content\/uploads\/2018\/09\/20180708_084353.jpg?fit=1024%2C465&amp;ssl=1\" class=\"alignright wp-image-3391\" src=\"https:\/\/i0.wp.com\/bottesetvelo.com\/blog\/wp-content\/uploads\/2018\/09\/20180708_084353.jpg?resize=400%2C181&#038;ssl=1\" alt=\"\" width=\"400\" height=\"181\" srcset=\"https:\/\/i0.wp.com\/bottesetvelo.com\/blog\/wp-content\/uploads\/2018\/09\/20180708_084353.jpg?resize=500%2C227&amp;ssl=1 500w, https:\/\/i0.wp.com\/bottesetvelo.com\/blog\/wp-content\/uploads\/2018\/09\/20180708_084353.jpg?resize=768%2C348&amp;ssl=1 768w, https:\/\/i0.wp.com\/bottesetvelo.com\/blog\/wp-content\/uploads\/2018\/09\/20180708_084353.jpg?resize=1024%2C465&amp;ssl=1 1024w, https:\/\/i0.wp.com\/bottesetvelo.com\/blog\/wp-content\/uploads\/2018\/09\/20180708_084353.jpg?w=2340&amp;ssl=1 2340w\" sizes=\"auto, (max-width: 400px) 100vw, 400px\" \/><\/a>La question venant de l\u2019ext\u00e9rieur, elle met en relation avec un Autre qui interroge sur une destination. D\u00e9tourn\u00e9s d\u2019un rapport de performance qui confronte sur le plan des identit\u00e9s, dans nos \u00ab\u00a0Qui suis-je?\u00a0\u00bb, les regards de nos interlocuteurs sont tourn\u00e9s vers cet horizon qui interpelle, d\u00e9range et questionne. Le \u00ab\u00a0O\u00f9 vas-tu?\u00a0\u00bb de cet Autre interroge les aspirations qui m\u2019habitent tout en offrant la possibilit\u00e9 de nommer et questionner mon insatisfaction.<\/p>\n<p style=\"text-align: justify;\">En recevant ce \u00ab\u00a0O\u00f9 vas-tu?\u00a0\u00bb, je prends conscience du souffle qui me porte. Que ce dernier m\u2019appelle et me vient d\u2019ailleurs, qu\u2019il prend sa source dans cet horizon. Que mes aspirations, ce qui m\u2019aspire et me tire en avant, me renvoient le message que je suis d\u00e9sir\u00e9, attendu, donc aim\u00e9.<\/p>\n<p style=\"text-align: justify;\"><span style=\"color: #003366;\"><strong>O\u00f9 vas-tu?<\/strong><\/span><a href=\"https:\/\/i0.wp.com\/bottesetvelo.com\/blog\/wp-content\/uploads\/2018\/03\/Bottes-et-V%C3%A9lo-Embl%C3%AAme-1-e1522416719670.png?ssl=1\"><img data-recalc-dims=\"1\" loading=\"lazy\" decoding=\"async\" data-attachment-id=\"3248\" data-permalink=\"https:\/\/bottesetvelo.com\/blog\/2018\/03\/30\/comme-un-grand-silence\/bottes-et-velo-embleme-3\/\" data-orig-file=\"https:\/\/i0.wp.com\/bottesetvelo.com\/blog\/wp-content\/uploads\/2018\/03\/Bottes-et-V%C3%A9lo-Embl%C3%AAme-1-e1522416719670.png?fit=100%2C79&amp;ssl=1\" data-orig-size=\"100,79\" data-comments-opened=\"1\" data-image-meta=\"{&quot;aperture&quot;:&quot;0&quot;,&quot;credit&quot;:&quot;&quot;,&quot;camera&quot;:&quot;&quot;,&quot;caption&quot;:&quot;&quot;,&quot;created_timestamp&quot;:&quot;0&quot;,&quot;copyright&quot;:&quot;&quot;,&quot;focal_length&quot;:&quot;0&quot;,&quot;iso&quot;:&quot;0&quot;,&quot;shutter_speed&quot;:&quot;0&quot;,&quot;title&quot;:&quot;&quot;,&quot;orientation&quot;:&quot;0&quot;}\" data-image-title=\"Bottes et V\u00e9lo &amp;#8211; Embl\u00eame\" data-image-description=\"\" data-image-caption=\"\" data-large-file=\"https:\/\/i0.wp.com\/bottesetvelo.com\/blog\/wp-content\/uploads\/2018\/03\/Bottes-et-V%C3%A9lo-Embl%C3%AAme-1-e1522416719670.png?fit=100%2C79&amp;ssl=1\" class=\"wp-image-3248 alignright\" src=\"https:\/\/i0.wp.com\/bottesetvelo.com\/blog\/wp-content\/uploads\/2018\/03\/Bottes-et-V%C3%A9lo-Embl%C3%AAme-1.png?resize=75%2C59&#038;ssl=1\" alt=\"\" width=\"75\" height=\"59\" \/><\/a><\/p>\n<p style=\"text-align: justify;\">\u00c9ric Lalibert\u00e9<\/p>\n","protected":false},"excerpt":{"rendered":"<p>Le d\u00e9sir cr\u00e9e un exc\u00e8s. Il exc\u00e8de, passe et perd les lieux. Il fait aller plus loin, ailleurs. Il n\u2019habite nulle part\u2026 Michel de Certeau Les lieux nous permettent de passer d\u2019un endroit \u00e0 un autre. Les mots de faire avancer notre pens\u00e9e. Les notes de musique de conduire une m\u00e9lodie. Les gouttes d\u2019eau tombent&hellip;<\/p>\n","protected":false},"author":3,"featured_media":3393,"comment_status":"open","ping_status":"open","sticky":false,"template":"","format":"standard","meta":{"jetpack_post_was_ever_published":false,"_jetpack_newsletter_access":"","_jetpack_dont_email_post_to_subs":false,"_jetpack_newsletter_tier_id":0,"_jetpack_memberships_contains_paywalled_content":false,"_jetpack_memberships_contains_paid_content":false,"footnotes":"","jetpack_publicize_message":"","jetpack_publicize_feature_enabled":true,"jetpack_social_post_already_shared":true,"jetpack_social_options":{"image_generator_settings":{"template":"highway","default_image_id":0,"font":"","enabled":false},"version":2}},"categories":[166,37],"tags":[508,153,509,507,401,20],"class_list":["post-3390","post","type-post","status-publish","format-standard","has-post-thumbnail","hentry","category-demarche-du-pelerin","category-spiritualite-2","tag-aspiration","tag-desir","tag-insatisfaction","tag-mystique","tag-quete-de-sens","tag-spiritualite"],"jetpack_publicize_connections":[],"jetpack_featured_media_url":"https:\/\/i0.wp.com\/bottesetvelo.com\/blog\/wp-content\/uploads\/2018\/09\/20180718_073727.jpg?fit=4032%2C1960&ssl=1","jetpack_shortlink":"https:\/\/wp.me\/p4eY6z-SG","jetpack_sharing_enabled":true,"jetpack_likes_enabled":true,"jetpack-related-posts":[],"_links":{"self":[{"href":"https:\/\/bottesetvelo.com\/blog\/wp-json\/wp\/v2\/posts\/3390","targetHints":{"allow":["GET"]}}],"collection":[{"href":"https:\/\/bottesetvelo.com\/blog\/wp-json\/wp\/v2\/posts"}],"about":[{"href":"https:\/\/bottesetvelo.com\/blog\/wp-json\/wp\/v2\/types\/post"}],"author":[{"embeddable":true,"href":"https:\/\/bottesetvelo.com\/blog\/wp-json\/wp\/v2\/users\/3"}],"replies":[{"embeddable":true,"href":"https:\/\/bottesetvelo.com\/blog\/wp-json\/wp\/v2\/comments?post=3390"}],"version-history":[{"count":1,"href":"https:\/\/bottesetvelo.com\/blog\/wp-json\/wp\/v2\/posts\/3390\/revisions"}],"predecessor-version":[{"id":3396,"href":"https:\/\/bottesetvelo.com\/blog\/wp-json\/wp\/v2\/posts\/3390\/revisions\/3396"}],"wp:featuredmedia":[{"embeddable":true,"href":"https:\/\/bottesetvelo.com\/blog\/wp-json\/wp\/v2\/media\/3393"}],"wp:attachment":[{"href":"https:\/\/bottesetvelo.com\/blog\/wp-json\/wp\/v2\/media?parent=3390"}],"wp:term":[{"taxonomy":"category","embeddable":true,"href":"https:\/\/bottesetvelo.com\/blog\/wp-json\/wp\/v2\/categories?post=3390"},{"taxonomy":"post_tag","embeddable":true,"href":"https:\/\/bottesetvelo.com\/blog\/wp-json\/wp\/v2\/tags?post=3390"}],"curies":[{"name":"wp","href":"https:\/\/api.w.org\/{rel}","templated":true}]}}