{"id":3374,"date":"2018-09-07T10:45:51","date_gmt":"2018-09-07T14:45:51","guid":{"rendered":"http:\/\/bottesetvelo.com\/blog\/?p=3374"},"modified":"2018-09-07T10:50:47","modified_gmt":"2018-09-07T14:50:47","slug":"recoltes-pelerines","status":"publish","type":"post","link":"https:\/\/bottesetvelo.com\/blog\/2018\/09\/07\/recoltes-pelerines\/","title":{"rendered":"R\u00e9coltes p\u00e8lerines"},"content":{"rendered":"<h6 style=\"text-align: right;\"><em>Du chaos na\u00eet une \u00e9toile.<br \/>\n<\/em><em>Charlie Chaplin<\/em><\/h6>\n<h5 style=\"text-align: justify;\"><span style=\"color: #003366;\">Depuis ma naissance, je grandis entour\u00e9e. On m\u2019\u00e9paule, on m\u2019\u00e9duque, on me couve, on me pousse. Volontairement, ou pas, on m\u2019influence. On me mod\u00e8le, on me fa\u00e7onne, on me construit. Tout mon environnement ext\u00e9rieur a teint\u00e9 et balis\u00e9 ma route. Je suis pr\u00e9sentement le produit de ce projet collectif. Mais suis-je vraiment moi?<\/span><\/h5>\n<p style=\"text-align: justify;\"><a href=\"https:\/\/i0.wp.com\/bottesetvelo.com\/blog\/wp-content\/uploads\/2018\/08\/received_2106431669568737.jpeg?ssl=1\"><img data-recalc-dims=\"1\" loading=\"lazy\" decoding=\"async\" data-attachment-id=\"3381\" data-permalink=\"https:\/\/bottesetvelo.com\/blog\/2018\/09\/07\/recoltes-pelerines\/received_2106431669568737\/\" data-orig-file=\"https:\/\/i0.wp.com\/bottesetvelo.com\/blog\/wp-content\/uploads\/2018\/08\/received_2106431669568737.jpeg?fit=4032%2C1960&amp;ssl=1\" data-orig-size=\"4032,1960\" data-comments-opened=\"1\" data-image-meta=\"{&quot;aperture&quot;:&quot;0&quot;,&quot;credit&quot;:&quot;&quot;,&quot;camera&quot;:&quot;&quot;,&quot;caption&quot;:&quot;&quot;,&quot;created_timestamp&quot;:&quot;0&quot;,&quot;copyright&quot;:&quot;&quot;,&quot;focal_length&quot;:&quot;0&quot;,&quot;iso&quot;:&quot;0&quot;,&quot;shutter_speed&quot;:&quot;0&quot;,&quot;title&quot;:&quot;&quot;,&quot;orientation&quot;:&quot;0&quot;}\" data-image-title=\"Iles-de-la-Madeleine 2018\" data-image-description=\"\" data-image-caption=\"\" data-large-file=\"https:\/\/i0.wp.com\/bottesetvelo.com\/blog\/wp-content\/uploads\/2018\/08\/received_2106431669568737.jpeg?fit=1024%2C498&amp;ssl=1\" class=\"wp-image-3381 alignright\" src=\"https:\/\/i0.wp.com\/bottesetvelo.com\/blog\/wp-content\/uploads\/2018\/08\/received_2106431669568737.jpeg?resize=300%2C146&#038;ssl=1\" alt=\"\" width=\"300\" height=\"146\" srcset=\"https:\/\/i0.wp.com\/bottesetvelo.com\/blog\/wp-content\/uploads\/2018\/08\/received_2106431669568737.jpeg?resize=500%2C243&amp;ssl=1 500w, https:\/\/i0.wp.com\/bottesetvelo.com\/blog\/wp-content\/uploads\/2018\/08\/received_2106431669568737.jpeg?resize=768%2C373&amp;ssl=1 768w, https:\/\/i0.wp.com\/bottesetvelo.com\/blog\/wp-content\/uploads\/2018\/08\/received_2106431669568737.jpeg?resize=1024%2C498&amp;ssl=1 1024w, https:\/\/i0.wp.com\/bottesetvelo.com\/blog\/wp-content\/uploads\/2018\/08\/received_2106431669568737.jpeg?w=2340&amp;ssl=1 2340w, https:\/\/i0.wp.com\/bottesetvelo.com\/blog\/wp-content\/uploads\/2018\/08\/received_2106431669568737.jpeg?w=3510&amp;ssl=1 3510w\" sizes=\"auto, (max-width: 300px) 100vw, 300px\" \/><\/a>Aujourd\u2019hui une adulte accomplie, il flotte en moi cette impression d\u2019inconfort. Un sentiment d\u2019incompl\u00e9tude. Ce besoin de changer de peau. Celle-ci ne me semble plus tout \u00e0 fait confortable. Je m\u2019y sens un peu \u00e0 l\u2019\u00e9troit. J\u2019y ai v\u00e9cu de bons moments. Elle m\u2019a bien servie. Mais je ne suis plus tout \u00e0 fait la m\u00eame. Elle appartient \u00e0 ce moi d\u2019un temps aujourd\u2019hui r\u00e9volu. J\u2019ai besoin d\u2019espace pour mieux respirer. Ouvrir une nouvelle fen\u00eatre. Recalculer ma trajectoire pour mettre le cap vers ce lieu qui me ressemble plus. <strong><span style=\"color: #003366;\">Un quelque chose d\u2019insaisissable me manque qui m\u2019incite \u00e0 me mettre en marche, \u00e0 lever l\u2019ancre.<\/span><\/strong><\/p>\n<p style=\"text-align: justify;\">Je prends le large. Je pars p\u00e8leriner de village en village, de rencontre en rencontre. Je profite des temps de solitude pour \u00e9couter le silence. Le silence de mes pens\u00e9es. Je savoure ce vide int\u00e9rieur. Je prends plaisir \u00e0 me retrouver. P\u00e8lerine, j\u2019all\u00e8ge et j\u2019ajuste mon sac \u00e0 dos. Les jours passent. Le temps et l\u2019\u00e9loignement aidant, je me d\u00e9pouille de ces b\u00e9quilles du pass\u00e9 devenue inutiles; je reconsid\u00e8re certaines r\u00e8gles ou obligations que je m\u2019impose qui sont parfois rendues d\u00e9su\u00e8tes voire m\u00eame enfermantes; je d\u00e9m\u00eale les valeurs et les croyances, celles des autres et les miennes; et je d\u00e9poussi\u00e8re souvent aussi des r\u00eaves et des d\u00e9sirs qui ont ponctu\u00e9 ma vie comme un doux refrain, attendant un jour de prendre forme. <strong><span style=\"color: #003366;\">Je red\u00e9finis mes assises.<\/span><\/strong> Et plusieurs jours durant, je m&rsquo;ajuste pour enfin marcher \u00e0 un rythme qui me fais du bien. Ce rythme de vie qui est le mien.<\/p>\n<p style=\"text-align: justify;\"><a href=\"https:\/\/i0.wp.com\/bottesetvelo.com\/blog\/wp-content\/uploads\/2018\/08\/received_1952615458107565.jpeg?ssl=1\"><img data-recalc-dims=\"1\" loading=\"lazy\" decoding=\"async\" data-attachment-id=\"3384\" data-permalink=\"https:\/\/bottesetvelo.com\/blog\/2018\/09\/07\/recoltes-pelerines\/received_1952615458107565\/\" data-orig-file=\"https:\/\/i0.wp.com\/bottesetvelo.com\/blog\/wp-content\/uploads\/2018\/08\/received_1952615458107565.jpeg?fit=4032%2C1960&amp;ssl=1\" data-orig-size=\"4032,1960\" data-comments-opened=\"1\" data-image-meta=\"{&quot;aperture&quot;:&quot;0&quot;,&quot;credit&quot;:&quot;&quot;,&quot;camera&quot;:&quot;&quot;,&quot;caption&quot;:&quot;&quot;,&quot;created_timestamp&quot;:&quot;0&quot;,&quot;copyright&quot;:&quot;&quot;,&quot;focal_length&quot;:&quot;0&quot;,&quot;iso&quot;:&quot;0&quot;,&quot;shutter_speed&quot;:&quot;0&quot;,&quot;title&quot;:&quot;&quot;,&quot;orientation&quot;:&quot;0&quot;}\" data-image-title=\"Iles-de-la-Madeleine 2018\" data-image-description=\"\" data-image-caption=\"\" data-large-file=\"https:\/\/i0.wp.com\/bottesetvelo.com\/blog\/wp-content\/uploads\/2018\/08\/received_1952615458107565.jpeg?fit=1024%2C498&amp;ssl=1\" class=\"alignright wp-image-3384\" src=\"https:\/\/i0.wp.com\/bottesetvelo.com\/blog\/wp-content\/uploads\/2018\/08\/received_1952615458107565.jpeg?resize=300%2C146&#038;ssl=1\" alt=\"\" width=\"300\" height=\"146\" srcset=\"https:\/\/i0.wp.com\/bottesetvelo.com\/blog\/wp-content\/uploads\/2018\/08\/received_1952615458107565.jpeg?resize=500%2C243&amp;ssl=1 500w, https:\/\/i0.wp.com\/bottesetvelo.com\/blog\/wp-content\/uploads\/2018\/08\/received_1952615458107565.jpeg?resize=768%2C373&amp;ssl=1 768w, https:\/\/i0.wp.com\/bottesetvelo.com\/blog\/wp-content\/uploads\/2018\/08\/received_1952615458107565.jpeg?resize=1024%2C498&amp;ssl=1 1024w, https:\/\/i0.wp.com\/bottesetvelo.com\/blog\/wp-content\/uploads\/2018\/08\/received_1952615458107565.jpeg?w=2340&amp;ssl=1 2340w, https:\/\/i0.wp.com\/bottesetvelo.com\/blog\/wp-content\/uploads\/2018\/08\/received_1952615458107565.jpeg?w=3510&amp;ssl=1 3510w\" sizes=\"auto, (max-width: 300px) 100vw, 300px\" \/><\/a>Mon p\u00e8lerinage s\u2019ach\u00e8ve et je vois venir avec inqui\u00e9tude mon retour dans ce quotidien certainement inchang\u00e9 que j\u2019ai laiss\u00e9 derri\u00e8re moi. Comment rentrer dans ce moule alors que j\u2019ai chang\u00e9 de forme? <strong><span style=\"color: #003366;\">Ma marche a fait rejaillir \u00e0 ma conscience des facettes de moi dont je ne peux plus, veux plus, faire abstraction.<\/span><\/strong> Certaines choses doivent mourir pour me permettre d\u2019avancer sur ma route. L\u00e2cher prise, laisser aller, red\u00e9finir le rapport que j\u2019entretiens avec certains \u00e9l\u00e9ments de mon quotidien pour mieux r\u00e9pondre \u00e0 ma r\u00e9alit\u00e9 actuelle et \u00e0 celle vers laquelle je d\u00e9sire me diriger. Actualiser des forces et des passions qui s\u2019\u00e9taient endormies, qui attendaient que je me lib\u00e8re du temps pour bien les vivre. Oser continuer d\u2019avancer avec assurance et d\u00e9termination avec cette nouvelle peau, celle dans laquelle je respire avec plus d\u2019aisance et de libert\u00e9 tout en conservant l\u2019harmonie avec ce qui est d\u00e9j\u00e0 bon autour de moi. Regarder devant et marcher cette nouvelle route un pas \u00e0 la fois.<\/p>\n<p style=\"text-align: justify;\">Comme le vent qui secoue l\u2019arbre de ses feuilles et de ses branches mortes, je me lib\u00e8re de ce qui m\u2019encombre et m\u2019alourdit pour permettre au cycle de ma vie de bien continuer. <strong><span style=\"color: #003366;\">Un vent de libert\u00e9 m\u2019habite.<\/span> <\/strong>J\u2019en profite pour lever mes voiles!<\/p>\n<p style=\"text-align: justify;\">Brigitte Harouni<a href=\"https:\/\/i0.wp.com\/bottesetvelo.com\/blog\/wp-content\/uploads\/2018\/03\/Bottes-et-V%C3%A9lo-Embl%C3%AAme-1-e1522416719670.png?ssl=1\"><img data-recalc-dims=\"1\" loading=\"lazy\" decoding=\"async\" data-attachment-id=\"3248\" data-permalink=\"https:\/\/bottesetvelo.com\/blog\/2018\/03\/30\/comme-un-grand-silence\/bottes-et-velo-embleme-3\/\" data-orig-file=\"https:\/\/i0.wp.com\/bottesetvelo.com\/blog\/wp-content\/uploads\/2018\/03\/Bottes-et-V%C3%A9lo-Embl%C3%AAme-1-e1522416719670.png?fit=100%2C79&amp;ssl=1\" data-orig-size=\"100,79\" data-comments-opened=\"1\" data-image-meta=\"{&quot;aperture&quot;:&quot;0&quot;,&quot;credit&quot;:&quot;&quot;,&quot;camera&quot;:&quot;&quot;,&quot;caption&quot;:&quot;&quot;,&quot;created_timestamp&quot;:&quot;0&quot;,&quot;copyright&quot;:&quot;&quot;,&quot;focal_length&quot;:&quot;0&quot;,&quot;iso&quot;:&quot;0&quot;,&quot;shutter_speed&quot;:&quot;0&quot;,&quot;title&quot;:&quot;&quot;,&quot;orientation&quot;:&quot;0&quot;}\" data-image-title=\"Bottes et V\u00e9lo &amp;#8211; Embl\u00eame\" data-image-description=\"\" data-image-caption=\"\" data-large-file=\"https:\/\/i0.wp.com\/bottesetvelo.com\/blog\/wp-content\/uploads\/2018\/03\/Bottes-et-V%C3%A9lo-Embl%C3%AAme-1-e1522416719670.png?fit=100%2C79&amp;ssl=1\" class=\"wp-image-3248 alignright\" src=\"https:\/\/i0.wp.com\/bottesetvelo.com\/blog\/wp-content\/uploads\/2018\/03\/Bottes-et-V%C3%A9lo-Embl%C3%AAme-1.png?resize=50%2C40&#038;ssl=1\" alt=\"\" width=\"50\" height=\"40\" \/><\/a><\/p>\n","protected":false},"excerpt":{"rendered":"<p>Du chaos na\u00eet une \u00e9toile. Charlie Chaplin Depuis ma naissance, je grandis entour\u00e9e. On m\u2019\u00e9paule, on m\u2019\u00e9duque, on me couve, on me pousse. Volontairement, ou pas, on m\u2019influence. On me mod\u00e8le, on me fa\u00e7onne, on me construit. Tout mon environnement ext\u00e9rieur a teint\u00e9 et balis\u00e9 ma route. Je suis pr\u00e9sentement le produit de ce projet&hellip;<\/p>\n","protected":false},"author":2,"featured_media":0,"comment_status":"open","ping_status":"open","sticky":false,"template":"","format":"standard","meta":{"jetpack_post_was_ever_published":false,"_jetpack_newsletter_access":"","_jetpack_dont_email_post_to_subs":false,"_jetpack_newsletter_tier_id":0,"_jetpack_memberships_contains_paywalled_content":false,"_jetpack_memberships_contains_paid_content":false,"footnotes":"","jetpack_publicize_message":"","jetpack_publicize_feature_enabled":true,"jetpack_social_post_already_shared":true,"jetpack_social_options":{"image_generator_settings":{"template":"highway","default_image_id":0,"font":"","enabled":false},"version":2}},"categories":[379,39,171,3,381],"tags":[80,40,168,285,96,20],"class_list":["post-3374","post","type-post","status-publish","format-standard","hentry","category-chemin-de-transformation","category-croissance-personnelle","category-pelerinage","category-reflexions","category-transformation","tag-compostelle","tag-croissance-personnelle-2","tag-demarche-du-pelerin","tag-gout-de-vivre","tag-qualite-de-vie","tag-spiritualite"],"jetpack_publicize_connections":[],"jetpack_featured_media_url":"","jetpack_shortlink":"https:\/\/wp.me\/p4eY6z-Sq","jetpack_sharing_enabled":true,"jetpack_likes_enabled":true,"jetpack-related-posts":[],"_links":{"self":[{"href":"https:\/\/bottesetvelo.com\/blog\/wp-json\/wp\/v2\/posts\/3374","targetHints":{"allow":["GET"]}}],"collection":[{"href":"https:\/\/bottesetvelo.com\/blog\/wp-json\/wp\/v2\/posts"}],"about":[{"href":"https:\/\/bottesetvelo.com\/blog\/wp-json\/wp\/v2\/types\/post"}],"author":[{"embeddable":true,"href":"https:\/\/bottesetvelo.com\/blog\/wp-json\/wp\/v2\/users\/2"}],"replies":[{"embeddable":true,"href":"https:\/\/bottesetvelo.com\/blog\/wp-json\/wp\/v2\/comments?post=3374"}],"version-history":[{"count":5,"href":"https:\/\/bottesetvelo.com\/blog\/wp-json\/wp\/v2\/posts\/3374\/revisions"}],"predecessor-version":[{"id":3387,"href":"https:\/\/bottesetvelo.com\/blog\/wp-json\/wp\/v2\/posts\/3374\/revisions\/3387"}],"wp:attachment":[{"href":"https:\/\/bottesetvelo.com\/blog\/wp-json\/wp\/v2\/media?parent=3374"}],"wp:term":[{"taxonomy":"category","embeddable":true,"href":"https:\/\/bottesetvelo.com\/blog\/wp-json\/wp\/v2\/categories?post=3374"},{"taxonomy":"post_tag","embeddable":true,"href":"https:\/\/bottesetvelo.com\/blog\/wp-json\/wp\/v2\/tags?post=3374"}],"curies":[{"name":"wp","href":"https:\/\/api.w.org\/{rel}","templated":true}]}}