{"id":3347,"date":"2018-06-22T07:00:47","date_gmt":"2018-06-22T11:00:47","guid":{"rendered":"http:\/\/bottesetvelo.com\/blog\/?p=3347"},"modified":"2018-06-23T12:22:38","modified_gmt":"2018-06-23T16:22:38","slug":"mythique-compostelle","status":"publish","type":"post","link":"https:\/\/bottesetvelo.com\/blog\/2018\/06\/22\/mythique-compostelle\/","title":{"rendered":"Mythique Compostelle"},"content":{"rendered":"<h6 style=\"text-align: right;\"><em>Voyageur, il n\u2019y a pas de chemin. Le chemin se fait en marchant.<\/em><br \/>\n<em>Antonio Machado<\/em><\/h6>\n<h5 style=\"text-align: justify;\"><span style=\"color: #003366;\">Dans une dizaine de jour, nous nous appr\u00eatons \u00e0 reprendre la route en direction de Santiago. D\u00e9j\u00e0 le Camino Franc\u00e8s nous fait r\u00eaver avec ses villages aux routes m\u00e9di\u00e9vales, ses vieux ponts et ses caf\u00e9s bond\u00e9s en fin de journ\u00e9e.<\/span><\/h5>\n<p style=\"text-align: justify;\"><a href=\"https:\/\/i0.wp.com\/bottesetvelo.com\/blog\/wp-content\/uploads\/2018\/06\/IMG_0880-2.jpg?ssl=1\"><img data-recalc-dims=\"1\" loading=\"lazy\" decoding=\"async\" data-attachment-id=\"3348\" data-permalink=\"https:\/\/bottesetvelo.com\/blog\/2018\/06\/22\/mythique-compostelle\/img_0880-2\/\" data-orig-file=\"https:\/\/i0.wp.com\/bottesetvelo.com\/blog\/wp-content\/uploads\/2018\/06\/IMG_0880-2.jpg?fit=1726%2C916&amp;ssl=1\" data-orig-size=\"1726,916\" data-comments-opened=\"1\" data-image-meta=\"{&quot;aperture&quot;:&quot;2.8&quot;,&quot;credit&quot;:&quot;&quot;,&quot;camera&quot;:&quot;iPhone 4&quot;,&quot;caption&quot;:&quot;&quot;,&quot;created_timestamp&quot;:&quot;1372923355&quot;,&quot;copyright&quot;:&quot;&quot;,&quot;focal_length&quot;:&quot;3.85&quot;,&quot;iso&quot;:&quot;80&quot;,&quot;shutter_speed&quot;:&quot;0.0166666666667&quot;,&quot;title&quot;:&quot;&quot;,&quot;orientation&quot;:&quot;1&quot;}\" data-image-title=\"IMG_0880 (2)\" data-image-description=\"\" data-image-caption=\"\" data-large-file=\"https:\/\/i0.wp.com\/bottesetvelo.com\/blog\/wp-content\/uploads\/2018\/06\/IMG_0880-2.jpg?fit=1024%2C543&amp;ssl=1\" class=\" wp-image-3348 alignright\" src=\"https:\/\/i0.wp.com\/bottesetvelo.com\/blog\/wp-content\/uploads\/2018\/06\/IMG_0880-2.jpg?resize=349%2C185&#038;ssl=1\" alt=\"\" width=\"349\" height=\"185\" srcset=\"https:\/\/i0.wp.com\/bottesetvelo.com\/blog\/wp-content\/uploads\/2018\/06\/IMG_0880-2.jpg?resize=500%2C265&amp;ssl=1 500w, https:\/\/i0.wp.com\/bottesetvelo.com\/blog\/wp-content\/uploads\/2018\/06\/IMG_0880-2.jpg?resize=768%2C408&amp;ssl=1 768w, https:\/\/i0.wp.com\/bottesetvelo.com\/blog\/wp-content\/uploads\/2018\/06\/IMG_0880-2.jpg?resize=1024%2C543&amp;ssl=1 1024w, https:\/\/i0.wp.com\/bottesetvelo.com\/blog\/wp-content\/uploads\/2018\/06\/IMG_0880-2.jpg?w=1726&amp;ssl=1 1726w\" sizes=\"auto, (max-width: 349px) 100vw, 349px\" \/><\/a>Mais Compostelle, c\u2019est bien plus que cela! Il y a ces coquelicots qui rougissent les abords de la route. Ces \u00e9glises aux pierres si fra\u00eeches qu\u2019il fait bon s\u2019y arr\u00eater par un jour de canicule. Il y a les tapas, la musique, les bons vins&#8230; Il y aussi les soir\u00e9es entre p\u00e8lerins, le rire des p\u00e8lerins, le chant des p\u00e8lerins, la camaraderie des p\u00e8lerins\u2026 Mais il y aussi, les gens qui habitent le chemin. Ces gens dont nous traversons la vie, qui nous sourient, nous tendent la main et nous accueillent chaleureusement. Sur les chemins de Compostelle tout nous transporte loin, bien plus loin que le chemin ne semble le faire. Mythique Compostelle, qu\u2019as-tu fait \u00e0 la modernit\u00e9?<\/p>\n<p style=\"text-align: justify;\">Si nous nous envolons vers les routes de Compostelle pour une quatri\u00e8me fois, ce n\u2019est pas pour le simple plaisir de l\u2019exercice, mais bien parce que nous croyons, en ce d\u00e9but de 21<sup>e<\/sup> si\u00e8cle, que Compostelle participe \u00e0 l\u2019\u00e9laboration de nouveaux rep\u00e8res. Au-del\u00e0 des \u00e9glises et des traditions, au-del\u00e0 du lieu, au-del\u00e0 du sport et des attraits touristiques; au-del\u00e0 mais aussi avec tout cela, puisque ces \u00e9l\u00e9ments contribuent \u00e0 l\u2019exp\u00e9rience \u2013 le Camino ouvre les portes d\u2019une spiritualit\u00e9 qui correspond, en plusieurs points, aux attentes de l\u2019humain ultramoderne.<\/p>\n<p style=\"text-align: justify;\">Espace de la marge, fluide et exp\u00e9rientiel, le mod\u00e8le Compostelle \u00ab\u00a0permet\u00a0\u00bb et, comme Michel de Certeau l\u2019\u00e9crivait,\u00a0ce qui permet \u00ab\u00a0autorise\u00a0\u00bb et ce qui \u00ab\u00a0autorise\u00a0\u00bb fait donc \u00ab\u00a0autorit\u00e9\u00a0\u00bb. Mais que permet-il au juste? <a href=\"https:\/\/i0.wp.com\/bottesetvelo.com\/blog\/wp-content\/uploads\/2018\/06\/panel-2340229_1920.jpg?ssl=1\"><img data-recalc-dims=\"1\" loading=\"lazy\" decoding=\"async\" data-attachment-id=\"3349\" data-permalink=\"https:\/\/bottesetvelo.com\/blog\/2018\/06\/22\/mythique-compostelle\/panel-2340229_1920\/\" data-orig-file=\"https:\/\/i0.wp.com\/bottesetvelo.com\/blog\/wp-content\/uploads\/2018\/06\/panel-2340229_1920.jpg?fit=1920%2C1440&amp;ssl=1\" data-orig-size=\"1920,1440\" data-comments-opened=\"1\" data-image-meta=\"{&quot;aperture&quot;:&quot;5.6&quot;,&quot;credit&quot;:&quot;&quot;,&quot;camera&quot;:&quot;DMC-FZ72&quot;,&quot;caption&quot;:&quot;&quot;,&quot;created_timestamp&quot;:&quot;0&quot;,&quot;copyright&quot;:&quot;&quot;,&quot;focal_length&quot;:&quot;64.93&quot;,&quot;iso&quot;:&quot;100&quot;,&quot;shutter_speed&quot;:&quot;0.005&quot;,&quot;title&quot;:&quot;&quot;,&quot;orientation&quot;:&quot;0&quot;}\" data-image-title=\"Compostelle &amp;#8211; Signalisation\" data-image-description=\"\" data-image-caption=\"\" data-large-file=\"https:\/\/i0.wp.com\/bottesetvelo.com\/blog\/wp-content\/uploads\/2018\/06\/panel-2340229_1920.jpg?fit=1024%2C768&amp;ssl=1\" class=\"alignright wp-image-3349\" src=\"https:\/\/i0.wp.com\/bottesetvelo.com\/blog\/wp-content\/uploads\/2018\/06\/panel-2340229_1920.jpg?resize=300%2C225&#038;ssl=1\" alt=\"\" width=\"300\" height=\"225\" srcset=\"https:\/\/i0.wp.com\/bottesetvelo.com\/blog\/wp-content\/uploads\/2018\/06\/panel-2340229_1920.jpg?resize=500%2C375&amp;ssl=1 500w, https:\/\/i0.wp.com\/bottesetvelo.com\/blog\/wp-content\/uploads\/2018\/06\/panel-2340229_1920.jpg?resize=768%2C576&amp;ssl=1 768w, https:\/\/i0.wp.com\/bottesetvelo.com\/blog\/wp-content\/uploads\/2018\/06\/panel-2340229_1920.jpg?resize=1024%2C768&amp;ssl=1 1024w, https:\/\/i0.wp.com\/bottesetvelo.com\/blog\/wp-content\/uploads\/2018\/06\/panel-2340229_1920.jpg?w=1920&amp;ssl=1 1920w\" sizes=\"auto, (max-width: 300px) 100vw, 300px\" \/><\/a>Qu\u2019esp\u00e9rons-nous trouver, sur ces chemins, que nous ne trouvons pas dans notre demeure? La paix? L\u2019amour? La libert\u00e9? La joie de vivre? L\u2019accueil? L\u2019entraide? Un peu de tout cela?<\/p>\n<p style=\"text-align: justify;\">Le chemin n\u2019est qu\u2019un chemin, un lieu sans vie. Il n\u2019autorise rien et ne fait rien de particulier. S\u2019il en \u00e9tait ainsi, nous pourrions dire\u00a0: \u00ab\u00a0La magie du marteau op\u00e8re, le clou s\u2019enfonce!\u00a0\u00bb Pourtant, nous savons tr\u00e8s bien que le marteau n\u2019est rien sans la main de celui qui le tient. M\u00eame chose pour le chemin! Le chemin, comme nous le dit si bien Antonio Machado, n\u2019existe pas. Le chemin se fait en marchant. C\u2019est dans le mouvement que l\u2019esprit du chemin \u00e9merge. C\u2019est par le d\u00e9placement, mon d\u00e9placement, que la magie s\u2019op\u00e8re. Lorsque je me mets en mouvement, tout mon \u00eatre bouge et se transforme. C\u2019est parce que le p\u00e8lerin chemine que le chemin prend forme.<\/p>\n<p style=\"text-align: justify;\">La grandeur de l\u2019exp\u00e9rience p\u00e8lerine est dans ce mouvement. C\u2019est mon inaction que je dois questionner lorsque j\u2019\u00e9prouve un mal \u00eatre. Ma souffrance est souvent le signe qu\u2019il doit y avoir un mouvement, que quelque chose doit changer, et que ce que je suis s\u2019anime lorsque je passe \u00e0 l\u2019action. Un grand\u00a0Livre disait\u00a0: \u00ab\u00a0Car plus que tout mouvement, la Sagesse est mobile.\u00a0\u00bb Soyez sage cet \u00e9t\u00e9, bougez!<a href=\"https:\/\/i0.wp.com\/bottesetvelo.com\/blog\/wp-content\/uploads\/2018\/03\/Bottes-et-V%C3%A9lo-Embl%C3%AAme-1-e1522416719670.png?ssl=1\"><img data-recalc-dims=\"1\" loading=\"lazy\" decoding=\"async\" data-attachment-id=\"3248\" data-permalink=\"https:\/\/bottesetvelo.com\/blog\/2018\/03\/30\/comme-un-grand-silence\/bottes-et-velo-embleme-3\/\" data-orig-file=\"https:\/\/i0.wp.com\/bottesetvelo.com\/blog\/wp-content\/uploads\/2018\/03\/Bottes-et-V%C3%A9lo-Embl%C3%AAme-1-e1522416719670.png?fit=100%2C79&amp;ssl=1\" data-orig-size=\"100,79\" data-comments-opened=\"1\" data-image-meta=\"{&quot;aperture&quot;:&quot;0&quot;,&quot;credit&quot;:&quot;&quot;,&quot;camera&quot;:&quot;&quot;,&quot;caption&quot;:&quot;&quot;,&quot;created_timestamp&quot;:&quot;0&quot;,&quot;copyright&quot;:&quot;&quot;,&quot;focal_length&quot;:&quot;0&quot;,&quot;iso&quot;:&quot;0&quot;,&quot;shutter_speed&quot;:&quot;0&quot;,&quot;title&quot;:&quot;&quot;,&quot;orientation&quot;:&quot;0&quot;}\" data-image-title=\"Bottes et V\u00e9lo &amp;#8211; Embl\u00eame\" data-image-description=\"\" data-image-caption=\"\" data-large-file=\"https:\/\/i0.wp.com\/bottesetvelo.com\/blog\/wp-content\/uploads\/2018\/03\/Bottes-et-V%C3%A9lo-Embl%C3%AAme-1-e1522416719670.png?fit=100%2C79&amp;ssl=1\" class=\"wp-image-3248 size-full alignright\" src=\"https:\/\/i0.wp.com\/bottesetvelo.com\/blog\/wp-content\/uploads\/2018\/03\/Bottes-et-V%C3%A9lo-Embl%C3%AAme-1-e1522416719670.png?resize=100%2C79&#038;ssl=1\" alt=\"\" width=\"100\" height=\"79\" \/><\/a><\/p>\n<p style=\"text-align: justify;\">\u00c9ric Lalibert\u00e9<\/p>\n<p style=\"text-align: justify;\"><em><strong><span style=\"color: #003366;\">N.B.\u00a0: Le blogue Bottes et V\u00e9lo fait rel\u00e2che pour l\u2019\u00e9t\u00e9. Nous serons de retour en septembre. Entre temps, nous vous invitons \u00e0 suivre nos aventures p\u00e8lerines sur notre page Facebook.<\/span><\/strong><\/em><\/p>\n<p>&nbsp;<\/p>\n","protected":false},"excerpt":{"rendered":"<p>Voyageur, il n\u2019y a pas de chemin. Le chemin se fait en marchant. Antonio Machado Dans une dizaine de jour, nous nous appr\u00eatons \u00e0 reprendre la route en direction de Santiago. D\u00e9j\u00e0 le Camino Franc\u00e8s nous fait r\u00eaver avec ses villages aux routes m\u00e9di\u00e9vales, ses vieux ponts et ses caf\u00e9s bond\u00e9s en fin de journ\u00e9e.&hellip;<\/p>\n","protected":false},"author":3,"featured_media":0,"comment_status":"open","ping_status":"open","sticky":false,"template":"","format":"standard","meta":{"jetpack_post_was_ever_published":false,"_jetpack_newsletter_access":"","_jetpack_dont_email_post_to_subs":false,"_jetpack_newsletter_tier_id":0,"_jetpack_memberships_contains_paywalled_content":false,"_jetpack_memberships_contains_paid_content":false,"footnotes":"","jetpack_publicize_message":"","jetpack_publicize_feature_enabled":true,"jetpack_social_post_already_shared":true,"jetpack_social_options":{"image_generator_settings":{"template":"highway","default_image_id":0,"font":"","enabled":false},"version":2}},"categories":[9,166,171,37],"tags":[169,203,80,254,498,225,506],"class_list":["post-3347","post","type-post","status-publish","format-standard","hentry","category-chemins-de-pelerinage","category-demarche-du-pelerin","category-pelerinage","category-spiritualite-2","tag-changement","tag-chemin","tag-compostelle","tag-marcher","tag-modernite","tag-mouvement","tag-pelerin-du-21e-siecle"],"jetpack_publicize_connections":[],"jetpack_featured_media_url":"","jetpack_shortlink":"https:\/\/wp.me\/p4eY6z-RZ","jetpack_sharing_enabled":true,"jetpack_likes_enabled":true,"jetpack-related-posts":[],"_links":{"self":[{"href":"https:\/\/bottesetvelo.com\/blog\/wp-json\/wp\/v2\/posts\/3347","targetHints":{"allow":["GET"]}}],"collection":[{"href":"https:\/\/bottesetvelo.com\/blog\/wp-json\/wp\/v2\/posts"}],"about":[{"href":"https:\/\/bottesetvelo.com\/blog\/wp-json\/wp\/v2\/types\/post"}],"author":[{"embeddable":true,"href":"https:\/\/bottesetvelo.com\/blog\/wp-json\/wp\/v2\/users\/3"}],"replies":[{"embeddable":true,"href":"https:\/\/bottesetvelo.com\/blog\/wp-json\/wp\/v2\/comments?post=3347"}],"version-history":[{"count":4,"href":"https:\/\/bottesetvelo.com\/blog\/wp-json\/wp\/v2\/posts\/3347\/revisions"}],"predecessor-version":[{"id":3354,"href":"https:\/\/bottesetvelo.com\/blog\/wp-json\/wp\/v2\/posts\/3347\/revisions\/3354"}],"wp:attachment":[{"href":"https:\/\/bottesetvelo.com\/blog\/wp-json\/wp\/v2\/media?parent=3347"}],"wp:term":[{"taxonomy":"category","embeddable":true,"href":"https:\/\/bottesetvelo.com\/blog\/wp-json\/wp\/v2\/categories?post=3347"},{"taxonomy":"post_tag","embeddable":true,"href":"https:\/\/bottesetvelo.com\/blog\/wp-json\/wp\/v2\/tags?post=3347"}],"curies":[{"name":"wp","href":"https:\/\/api.w.org\/{rel}","templated":true}]}}