{"id":3315,"date":"2018-05-11T21:13:27","date_gmt":"2018-05-12T01:13:27","guid":{"rendered":"http:\/\/bottesetvelo.com\/blog\/?p=3315"},"modified":"2018-05-11T21:13:27","modified_gmt":"2018-05-12T01:13:27","slug":"je-suis-le-resultat-dun-parcours-de-vie","status":"publish","type":"post","link":"https:\/\/bottesetvelo.com\/blog\/2018\/05\/11\/je-suis-le-resultat-dun-parcours-de-vie\/","title":{"rendered":"Je suis le r\u00e9sultat d\u2019un parcours de vie"},"content":{"rendered":"<h5 style=\"text-align: right;\">\u00a0<em>\u00ab\u00a0Accueillir toute situation comme occasion de se transformer, c\u2019est grandir v\u00e9ritablement.\u00a0\u00bb <\/em><br \/>\n<em>Yvan Amar<\/em><\/h5>\n<p style=\"text-align: justify;\"><strong><span style=\"color: #003366;\"><a href=\"https:\/\/i0.wp.com\/bottesetvelo.com\/blog\/wp-content\/uploads\/2018\/05\/2018-05-07-11.09.23.jpg?ssl=1\"><img data-recalc-dims=\"1\" loading=\"lazy\" decoding=\"async\" data-attachment-id=\"3316\" data-permalink=\"https:\/\/bottesetvelo.com\/blog\/2018\/05\/11\/je-suis-le-resultat-dun-parcours-de-vie\/2018-05-07-11-09-23\/\" data-orig-file=\"https:\/\/i0.wp.com\/bottesetvelo.com\/blog\/wp-content\/uploads\/2018\/05\/2018-05-07-11.09.23.jpg?fit=4608%2C3456&amp;ssl=1\" data-orig-size=\"4608,3456\" data-comments-opened=\"1\" data-image-meta=\"{&quot;aperture&quot;:&quot;6&quot;,&quot;credit&quot;:&quot;&quot;,&quot;camera&quot;:&quot;COOLPIX S9900&quot;,&quot;caption&quot;:&quot;&quot;,&quot;created_timestamp&quot;:&quot;1525691363&quot;,&quot;copyright&quot;:&quot;&quot;,&quot;focal_length&quot;:&quot;24.7&quot;,&quot;iso&quot;:&quot;125&quot;,&quot;shutter_speed&quot;:&quot;0.0025&quot;,&quot;title&quot;:&quot;&quot;,&quot;orientation&quot;:&quot;1&quot;}\" data-image-title=\"Bottes et V\u00e9lo &amp;#8211; Chicoutimi\" data-image-description=\"\" data-image-caption=\"\" data-large-file=\"https:\/\/i0.wp.com\/bottesetvelo.com\/blog\/wp-content\/uploads\/2018\/05\/2018-05-07-11.09.23.jpg?fit=1024%2C768&amp;ssl=1\" class=\"alignright wp-image-3316\" src=\"https:\/\/i0.wp.com\/bottesetvelo.com\/blog\/wp-content\/uploads\/2018\/05\/2018-05-07-11.09.23.jpg?resize=250%2C188&#038;ssl=1\" alt=\"\" width=\"250\" height=\"188\" srcset=\"https:\/\/i0.wp.com\/bottesetvelo.com\/blog\/wp-content\/uploads\/2018\/05\/2018-05-07-11.09.23.jpg?resize=500%2C375&amp;ssl=1 500w, https:\/\/i0.wp.com\/bottesetvelo.com\/blog\/wp-content\/uploads\/2018\/05\/2018-05-07-11.09.23.jpg?resize=768%2C576&amp;ssl=1 768w, https:\/\/i0.wp.com\/bottesetvelo.com\/blog\/wp-content\/uploads\/2018\/05\/2018-05-07-11.09.23.jpg?resize=1024%2C768&amp;ssl=1 1024w, https:\/\/i0.wp.com\/bottesetvelo.com\/blog\/wp-content\/uploads\/2018\/05\/2018-05-07-11.09.23.jpg?w=2340&amp;ssl=1 2340w, https:\/\/i0.wp.com\/bottesetvelo.com\/blog\/wp-content\/uploads\/2018\/05\/2018-05-07-11.09.23.jpg?w=3510&amp;ssl=1 3510w\" sizes=\"auto, (max-width: 250px) 100vw, 250px\" \/><\/a>Je marche dans cette ville, attentive \u00e0 ce qu\u2019elle me dit d\u2019elle. Tout autour de moi rappelle le passage du temps. Les cercles concentriques qui \u00e9manent du c\u0153ur historique de la ville, empreinte de l&rsquo;\u00e9volution des styles architecturaux. Ruines et vestiges pr\u00e9cieusement pr\u00e9serv\u00e9s, statues de personnages marquants, monuments historiques restaur\u00e9s. B\u00e2timents d\u00e9saffect\u00e9s, graffitis, nouveaux condos en construction, rails de tramways d\u00e9laiss\u00e9s et entr\u00e9es de m\u00e9tro. Tout autour de moi est signe du temps.<\/span><\/strong><\/p>\n<p style=\"text-align: justify;\">Comme cette ville, mon corps porte les traces de son histoire. Et si mon temps \u00e9tait cont\u00e9, que dirait-il de moi?&#8230;<\/p>\n<p style=\"text-align: justify;\">D\u00e8s ma naissance: le nombril! Premi\u00e8re cicatrice. Signe ineffa\u00e7able de mon arriv\u00e9e dans ce monde. Douleur et d\u00e9livrance! Puis au fil des ann\u00e9es, d&rsquo;autres marques s&rsquo;ajoutent. Certaines apparentes\u00a0: bras cass\u00e9, br\u00fblures, coupures, vergetures. Et d&rsquo;autres moins visibles\u00a0: deuil, \u00e9checs, fiert\u00e9s. Je suis cet amalgame d&rsquo;ancien et de nouveau. Ces couches se superposent et se c\u00f4toient, s&rsquo;entrem\u00ealant pour former \u00e0 chaque instant un moi plus actuel.<\/p>\n<p style=\"text-align: justify;\"><strong><span style=\"color: #003366;\"><a href=\"https:\/\/i0.wp.com\/bottesetvelo.com\/blog\/wp-content\/uploads\/2018\/05\/grandparents-2778661_1920.jpg?ssl=1\"><img data-recalc-dims=\"1\" loading=\"lazy\" decoding=\"async\" data-attachment-id=\"3317\" data-permalink=\"https:\/\/bottesetvelo.com\/blog\/2018\/05\/11\/je-suis-le-resultat-dun-parcours-de-vie\/grandparents-2778661_1920\/\" data-orig-file=\"https:\/\/i0.wp.com\/bottesetvelo.com\/blog\/wp-content\/uploads\/2018\/05\/grandparents-2778661_1920.jpg?fit=1920%2C1276&amp;ssl=1\" data-orig-size=\"1920,1276\" data-comments-opened=\"1\" data-image-meta=\"{&quot;aperture&quot;:&quot;6.3&quot;,&quot;credit&quot;:&quot;&quot;,&quot;camera&quot;:&quot;NIKON D100&quot;,&quot;caption&quot;:&quot;&quot;,&quot;created_timestamp&quot;:&quot;0&quot;,&quot;copyright&quot;:&quot;&quot;,&quot;focal_length&quot;:&quot;62&quot;,&quot;iso&quot;:&quot;0&quot;,&quot;shutter_speed&quot;:&quot;0.00555555555556&quot;,&quot;title&quot;:&quot;&quot;,&quot;orientation&quot;:&quot;0&quot;}\" data-image-title=\"Bottes et V\u00e9lo &amp;#8211; mains\" data-image-description=\"\" data-image-caption=\"\" data-large-file=\"https:\/\/i0.wp.com\/bottesetvelo.com\/blog\/wp-content\/uploads\/2018\/05\/grandparents-2778661_1920.jpg?fit=1024%2C681&amp;ssl=1\" class=\"wp-image-3317 alignleft\" src=\"https:\/\/i0.wp.com\/bottesetvelo.com\/blog\/wp-content\/uploads\/2018\/05\/grandparents-2778661_1920.jpg?resize=250%2C166&#038;ssl=1\" alt=\"\" width=\"250\" height=\"166\" srcset=\"https:\/\/i0.wp.com\/bottesetvelo.com\/blog\/wp-content\/uploads\/2018\/05\/grandparents-2778661_1920.jpg?resize=500%2C332&amp;ssl=1 500w, https:\/\/i0.wp.com\/bottesetvelo.com\/blog\/wp-content\/uploads\/2018\/05\/grandparents-2778661_1920.jpg?resize=768%2C510&amp;ssl=1 768w, https:\/\/i0.wp.com\/bottesetvelo.com\/blog\/wp-content\/uploads\/2018\/05\/grandparents-2778661_1920.jpg?resize=1024%2C681&amp;ssl=1 1024w, https:\/\/i0.wp.com\/bottesetvelo.com\/blog\/wp-content\/uploads\/2018\/05\/grandparents-2778661_1920.jpg?w=1920&amp;ssl=1 1920w\" sizes=\"auto, (max-width: 250px) 100vw, 250px\" \/><\/a>Mon visage refl\u00e8te l&rsquo;histoire de mon chemin de vie.<\/span> <\/strong>Rides, fatigue, s\u00e9rieux, rires et sourires. La courbure de ma bouche. Les rides autour de mes yeux. Les plis sur mon front. Tous ces d\u00e9tails expriment mes \u00e9motions pass\u00e9es et pr\u00e9sentes. Mes mains portent les marques de mes gestes\u00a0: douces, rugueuses, noueuses, effil\u00e9es, \u00e9corch\u00e9es, bronz\u00e9es, muscl\u00e9es. Fa\u00e7onn\u00e9es par mon m\u00e9tier, par mes passions qui les ont model\u00e9es geste apr\u00e8s geste, jour apr\u00e8s jour. Elles parlent de mon v\u00e9cu.<\/p>\n<p style=\"text-align: justify;\">Tout au long de ma vie, mon corps s\u2019est impr\u00e9gn\u00e9 des marques du temps. Mon esprit a gagn\u00e9 en exp\u00e9rience. Il est devenu plus outill\u00e9, plus aguerri, plus exp\u00e9riment\u00e9. Il faut savoir accepter le changement lorsque le moment est venu. Ne pas r\u00e9sister. Faire place \u00e0 la nouveaut\u00e9 qui cherche \u00e0 naitre, \u00e0 <strong><span style=\"color: #003366;\">prendre forme pour \u00eatre plus adapt\u00e9 \u00e0 la vie du moment<\/span><\/strong>, vivre dans son temps. Je fais partie de ce monde en constant mouvement, en \u00e9volution. Il faut de la souplesse pour rester en mouvement et se modeler graduellement en \u00e9tant <a href=\"https:\/\/i0.wp.com\/bottesetvelo.com\/blog\/wp-content\/uploads\/2018\/05\/ornament-3131097_1920.jpg?ssl=1\"><img data-recalc-dims=\"1\" loading=\"lazy\" decoding=\"async\" data-attachment-id=\"3318\" data-permalink=\"https:\/\/bottesetvelo.com\/blog\/2018\/05\/11\/je-suis-le-resultat-dun-parcours-de-vie\/ornament-3131097_1920\/\" data-orig-file=\"https:\/\/i0.wp.com\/bottesetvelo.com\/blog\/wp-content\/uploads\/2018\/05\/ornament-3131097_1920.jpg?fit=1920%2C1279&amp;ssl=1\" data-orig-size=\"1920,1279\" data-comments-opened=\"1\" data-image-meta=\"{&quot;aperture&quot;:&quot;8&quot;,&quot;credit&quot;:&quot;&quot;,&quot;camera&quot;:&quot;DSC-RX10M3&quot;,&quot;caption&quot;:&quot;&quot;,&quot;created_timestamp&quot;:&quot;0&quot;,&quot;copyright&quot;:&quot;&quot;,&quot;focal_length&quot;:&quot;28.91&quot;,&quot;iso&quot;:&quot;100&quot;,&quot;shutter_speed&quot;:&quot;1.6&quot;,&quot;title&quot;:&quot;&quot;,&quot;orientation&quot;:&quot;0&quot;}\" data-image-title=\"Bottes et V\u00e9lo &amp;#8211; poup\u00e9es russes\" data-image-description=\"\" data-image-caption=\"\" data-large-file=\"https:\/\/i0.wp.com\/bottesetvelo.com\/blog\/wp-content\/uploads\/2018\/05\/ornament-3131097_1920.jpg?fit=1024%2C682&amp;ssl=1\" class=\"wp-image-3318 alignright\" src=\"https:\/\/i0.wp.com\/bottesetvelo.com\/blog\/wp-content\/uploads\/2018\/05\/ornament-3131097_1920.jpg?resize=250%2C167&#038;ssl=1\" alt=\"\" width=\"250\" height=\"167\" srcset=\"https:\/\/i0.wp.com\/bottesetvelo.com\/blog\/wp-content\/uploads\/2018\/05\/ornament-3131097_1920.jpg?resize=500%2C333&amp;ssl=1 500w, https:\/\/i0.wp.com\/bottesetvelo.com\/blog\/wp-content\/uploads\/2018\/05\/ornament-3131097_1920.jpg?resize=768%2C512&amp;ssl=1 768w, https:\/\/i0.wp.com\/bottesetvelo.com\/blog\/wp-content\/uploads\/2018\/05\/ornament-3131097_1920.jpg?resize=1024%2C682&amp;ssl=1 1024w, https:\/\/i0.wp.com\/bottesetvelo.com\/blog\/wp-content\/uploads\/2018\/05\/ornament-3131097_1920.jpg?w=1920&amp;ssl=1 1920w\" sizes=\"auto, (max-width: 250px) 100vw, 250px\" \/><\/a>attentif \u00e0 ce qui se pr\u00e9sente sur notre route.<\/p>\n<p style=\"text-align: justify;\">Je suis un \u00eatre de changement, en constante transformation, en qu\u00eate d&rsquo;\u00e9quilibre et d&rsquo;adaptation avec ce qui m\u2019entoure. Toutes ces repr\u00e9sentations de moi que j\u2019ai rev\u00eatues, comme des poup\u00e9es russes, habitent la personne que je suis maintenant aujourd\u2019hui. Chacune \u00e0 sa fa\u00e7on m\u2019a permis d\u2019avancer dans la vie, de faire mon chemin pour tendre vers cet id\u00e9al de vie que je recherche et qui m\u2019appelle. Elles teintent le chemin que j\u2019\u00ab\u00a0empreinte\u00a0\u00bb.<\/p>\n<p>Brigitte Harouni<a href=\"https:\/\/i0.wp.com\/bottesetvelo.com\/blog\/wp-content\/uploads\/2018\/03\/Bottes-et-V%C3%A9lo-Embl%C3%AAme-1-e1522416719670.png?ssl=1\"><img data-recalc-dims=\"1\" loading=\"lazy\" decoding=\"async\" data-attachment-id=\"3248\" data-permalink=\"https:\/\/bottesetvelo.com\/blog\/2018\/03\/30\/comme-un-grand-silence\/bottes-et-velo-embleme-3\/\" data-orig-file=\"https:\/\/i0.wp.com\/bottesetvelo.com\/blog\/wp-content\/uploads\/2018\/03\/Bottes-et-V%C3%A9lo-Embl%C3%AAme-1-e1522416719670.png?fit=100%2C79&amp;ssl=1\" data-orig-size=\"100,79\" data-comments-opened=\"1\" data-image-meta=\"{&quot;aperture&quot;:&quot;0&quot;,&quot;credit&quot;:&quot;&quot;,&quot;camera&quot;:&quot;&quot;,&quot;caption&quot;:&quot;&quot;,&quot;created_timestamp&quot;:&quot;0&quot;,&quot;copyright&quot;:&quot;&quot;,&quot;focal_length&quot;:&quot;0&quot;,&quot;iso&quot;:&quot;0&quot;,&quot;shutter_speed&quot;:&quot;0&quot;,&quot;title&quot;:&quot;&quot;,&quot;orientation&quot;:&quot;0&quot;}\" data-image-title=\"Bottes et V\u00e9lo &amp;#8211; Embl\u00eame\" data-image-description=\"\" data-image-caption=\"\" data-large-file=\"https:\/\/i0.wp.com\/bottesetvelo.com\/blog\/wp-content\/uploads\/2018\/03\/Bottes-et-V%C3%A9lo-Embl%C3%AAme-1-e1522416719670.png?fit=100%2C79&amp;ssl=1\" class=\"wp-image-3248 alignright\" src=\"https:\/\/i0.wp.com\/bottesetvelo.com\/blog\/wp-content\/uploads\/2018\/03\/Bottes-et-V%C3%A9lo-Embl%C3%AAme-1.png?resize=50%2C39&#038;ssl=1\" alt=\"\" width=\"50\" height=\"39\" \/><\/a><\/p>\n","protected":false},"excerpt":{"rendered":"<p>\u00a0\u00ab\u00a0Accueillir toute situation comme occasion de se transformer, c\u2019est grandir v\u00e9ritablement.\u00a0\u00bb Yvan Amar Je marche dans cette ville, attentive \u00e0 ce qu\u2019elle me dit d\u2019elle. Tout autour de moi rappelle le passage du temps. Les cercles concentriques qui \u00e9manent du c\u0153ur historique de la ville, empreinte de l&rsquo;\u00e9volution des styles architecturaux. Ruines et vestiges pr\u00e9cieusement&hellip;<\/p>\n","protected":false},"author":2,"featured_media":0,"comment_status":"open","ping_status":"open","sticky":false,"template":"","format":"standard","meta":{"jetpack_post_was_ever_published":false,"_jetpack_newsletter_access":"","_jetpack_dont_email_post_to_subs":false,"_jetpack_newsletter_tier_id":0,"_jetpack_memberships_contains_paywalled_content":false,"_jetpack_memberships_contains_paid_content":false,"footnotes":"","jetpack_publicize_message":"","jetpack_publicize_feature_enabled":true,"jetpack_social_post_already_shared":true,"jetpack_social_options":{"image_generator_settings":{"template":"highway","default_image_id":0,"font":"","enabled":false},"version":2}},"categories":[379,3],"tags":[40,38],"class_list":["post-3315","post","type-post","status-publish","format-standard","hentry","category-chemin-de-transformation","category-reflexions","tag-croissance-personnelle-2","tag-reflexion"],"jetpack_publicize_connections":[],"jetpack_featured_media_url":"","jetpack_shortlink":"https:\/\/wp.me\/p4eY6z-Rt","jetpack_sharing_enabled":true,"jetpack_likes_enabled":true,"jetpack-related-posts":[],"_links":{"self":[{"href":"https:\/\/bottesetvelo.com\/blog\/wp-json\/wp\/v2\/posts\/3315","targetHints":{"allow":["GET"]}}],"collection":[{"href":"https:\/\/bottesetvelo.com\/blog\/wp-json\/wp\/v2\/posts"}],"about":[{"href":"https:\/\/bottesetvelo.com\/blog\/wp-json\/wp\/v2\/types\/post"}],"author":[{"embeddable":true,"href":"https:\/\/bottesetvelo.com\/blog\/wp-json\/wp\/v2\/users\/2"}],"replies":[{"embeddable":true,"href":"https:\/\/bottesetvelo.com\/blog\/wp-json\/wp\/v2\/comments?post=3315"}],"version-history":[{"count":3,"href":"https:\/\/bottesetvelo.com\/blog\/wp-json\/wp\/v2\/posts\/3315\/revisions"}],"predecessor-version":[{"id":3321,"href":"https:\/\/bottesetvelo.com\/blog\/wp-json\/wp\/v2\/posts\/3315\/revisions\/3321"}],"wp:attachment":[{"href":"https:\/\/bottesetvelo.com\/blog\/wp-json\/wp\/v2\/media?parent=3315"}],"wp:term":[{"taxonomy":"category","embeddable":true,"href":"https:\/\/bottesetvelo.com\/blog\/wp-json\/wp\/v2\/categories?post=3315"},{"taxonomy":"post_tag","embeddable":true,"href":"https:\/\/bottesetvelo.com\/blog\/wp-json\/wp\/v2\/tags?post=3315"}],"curies":[{"name":"wp","href":"https:\/\/api.w.org\/{rel}","templated":true}]}}