{"id":3302,"date":"2018-05-09T09:49:39","date_gmt":"2018-05-09T13:49:39","guid":{"rendered":"http:\/\/bottesetvelo.com\/blog\/?p=3302"},"modified":"2018-06-23T12:06:47","modified_gmt":"2018-06-23T16:06:47","slug":"une-pratique-pelerine-du-lieu-linternet","status":"publish","type":"post","link":"https:\/\/bottesetvelo.com\/blog\/2018\/05\/09\/une-pratique-pelerine-du-lieu-linternet\/","title":{"rendered":"Une pratique p\u00e8lerine du lieu internet"},"content":{"rendered":"<h5><span style=\"color: #003366;\"><em>Et si on fr\u00e9quentait l&rsquo;internet comme on part en p\u00e8lerinage sur les chemins de Compostelle&#8230;<\/em><\/span><\/h5>\n<p style=\"text-align: justify;\"><a href=\"https:\/\/i0.wp.com\/bottesetvelo.com\/blog\/wp-content\/uploads\/2018\/05\/Une-pratique-p%C3%A8lerine-du-lieu-internet.png?ssl=1\"><img data-recalc-dims=\"1\" loading=\"lazy\" decoding=\"async\" data-attachment-id=\"3307\" data-permalink=\"https:\/\/bottesetvelo.com\/blog\/2018\/05\/09\/une-pratique-pelerine-du-lieu-linternet\/une-pratique-pelerine-du-lieu-internet\/\" data-orig-file=\"https:\/\/i0.wp.com\/bottesetvelo.com\/blog\/wp-content\/uploads\/2018\/05\/Une-pratique-p%C3%A8lerine-du-lieu-internet.png?fit=1374%2C1086&amp;ssl=1\" data-orig-size=\"1374,1086\" data-comments-opened=\"1\" data-image-meta=\"{&quot;aperture&quot;:&quot;0&quot;,&quot;credit&quot;:&quot;&quot;,&quot;camera&quot;:&quot;&quot;,&quot;caption&quot;:&quot;&quot;,&quot;created_timestamp&quot;:&quot;0&quot;,&quot;copyright&quot;:&quot;&quot;,&quot;focal_length&quot;:&quot;0&quot;,&quot;iso&quot;:&quot;0&quot;,&quot;shutter_speed&quot;:&quot;0&quot;,&quot;title&quot;:&quot;&quot;,&quot;orientation&quot;:&quot;0&quot;}\" data-image-title=\"Une pratique p\u00e8lerine du lieu internet\" data-image-description=\"\" data-image-caption=\"\" data-large-file=\"https:\/\/i0.wp.com\/bottesetvelo.com\/blog\/wp-content\/uploads\/2018\/05\/Une-pratique-p%C3%A8lerine-du-lieu-internet.png?fit=1024%2C809&amp;ssl=1\" class=\" wp-image-3307 alignright\" src=\"https:\/\/i0.wp.com\/bottesetvelo.com\/blog\/wp-content\/uploads\/2018\/05\/Une-pratique-p%C3%A8lerine-du-lieu-internet.png?resize=292%2C231&#038;ssl=1\" alt=\"\" width=\"292\" height=\"231\" srcset=\"https:\/\/i0.wp.com\/bottesetvelo.com\/blog\/wp-content\/uploads\/2018\/05\/Une-pratique-p%C3%A8lerine-du-lieu-internet.png?resize=500%2C395&amp;ssl=1 500w, https:\/\/i0.wp.com\/bottesetvelo.com\/blog\/wp-content\/uploads\/2018\/05\/Une-pratique-p%C3%A8lerine-du-lieu-internet.png?resize=768%2C607&amp;ssl=1 768w, https:\/\/i0.wp.com\/bottesetvelo.com\/blog\/wp-content\/uploads\/2018\/05\/Une-pratique-p%C3%A8lerine-du-lieu-internet.png?resize=1024%2C809&amp;ssl=1 1024w, https:\/\/i0.wp.com\/bottesetvelo.com\/blog\/wp-content\/uploads\/2018\/05\/Une-pratique-p%C3%A8lerine-du-lieu-internet.png?w=1374&amp;ssl=1 1374w\" sizes=\"auto, (max-width: 292px) 100vw, 292px\" \/><\/a>Lundi dernier (7 mai 2018), \u00c9ric Lalibert\u00e9 participait au 86e Congr\u00e8s de l&rsquo;ACFAS (Association Canadienne Francophone pour l&rsquo;Avancement de la Science). Dans le cadre de ce congr\u00e8s, la SQER (Soci\u00e9t\u00e9 Qu\u00e9b\u00e9coise pour l&rsquo;\u00c9tude de la Religion) organisait un colloque intitul\u00e9: Les espaces du religieux, \u00e0 l&rsquo;int\u00e9tieur duquel, \u00c9ric Lalibert\u00e9 avan\u00e7ait l&rsquo;id\u00e9e que notre fr\u00e9quentation du cyberespace, dans certains cas, pourrait bien s&rsquo;apparenter \u00e0 une pratique p\u00e8lerine et toute la qu\u00eate de sens qu&rsquo;elle sous-entend.<\/p>\n<p style=\"text-align: justify;\">Pour en apprendre davantage, \u00e9coutez cette chronique de l&rsquo;\u00e9mission \u00ab\u00a0Questions d&rsquo;actualit\u00e9\u00a0\u00bb anim\u00e9e par Jean-Philippe Trottier de Radio VM: <span style=\"color: #003366;\"><strong><em>Une pratique p\u00e8lerine du lieu internet<\/em><\/strong><span style=\"color: #333333;\">, avec \u00c9ric Lalibert\u00e9.<\/span><strong><em><br \/>\n<\/em><\/strong><\/span><\/p>\n<audio class=\"wp-audio-shortcode\" id=\"audio-3302-1\" preload=\"none\" style=\"width: 100%;\" controls=\"controls\"><source type=\"audio\/mpeg\" src=\"https:\/\/bottesetvelo.com\/blog\/wp-content\/uploads\/2018\/05\/QUESTIONS-DACTUALIT\u00c9_Jean-Philippe-Trottier-20180507-1215_\u00c9ric-Lalibert\u00e9.mp3?_=1\" \/><a href=\"https:\/\/bottesetvelo.com\/blog\/wp-content\/uploads\/2018\/05\/QUESTIONS-DACTUALIT\u00c9_Jean-Philippe-Trottier-20180507-1215_\u00c9ric-Lalibert\u00e9.mp3\">https:\/\/bottesetvelo.com\/blog\/wp-content\/uploads\/2018\/05\/QUESTIONS-DACTUALIT\u00c9_Jean-Philippe-Trottier-20180507-1215_\u00c9ric-Lalibert\u00e9.mp3<\/a><\/audio>\n<p>&nbsp;<\/p>\n<p><a href=\"https:\/\/i0.wp.com\/bottesetvelo.com\/blog\/wp-content\/uploads\/2018\/03\/Bottes-et-V%C3%A9lo-Embl%C3%AAme-1-e1522416719670.png?ssl=1\"><img data-recalc-dims=\"1\" loading=\"lazy\" decoding=\"async\" data-attachment-id=\"3248\" data-permalink=\"https:\/\/bottesetvelo.com\/blog\/2018\/03\/30\/comme-un-grand-silence\/bottes-et-velo-embleme-3\/\" data-orig-file=\"https:\/\/i0.wp.com\/bottesetvelo.com\/blog\/wp-content\/uploads\/2018\/03\/Bottes-et-V%C3%A9lo-Embl%C3%AAme-1-e1522416719670.png?fit=100%2C79&amp;ssl=1\" data-orig-size=\"100,79\" data-comments-opened=\"1\" data-image-meta=\"{&quot;aperture&quot;:&quot;0&quot;,&quot;credit&quot;:&quot;&quot;,&quot;camera&quot;:&quot;&quot;,&quot;caption&quot;:&quot;&quot;,&quot;created_timestamp&quot;:&quot;0&quot;,&quot;copyright&quot;:&quot;&quot;,&quot;focal_length&quot;:&quot;0&quot;,&quot;iso&quot;:&quot;0&quot;,&quot;shutter_speed&quot;:&quot;0&quot;,&quot;title&quot;:&quot;&quot;,&quot;orientation&quot;:&quot;0&quot;}\" data-image-title=\"Bottes et V\u00e9lo &amp;#8211; Embl\u00eame\" data-image-description=\"\" data-image-caption=\"\" data-large-file=\"https:\/\/i0.wp.com\/bottesetvelo.com\/blog\/wp-content\/uploads\/2018\/03\/Bottes-et-V%C3%A9lo-Embl%C3%AAme-1-e1522416719670.png?fit=100%2C79&amp;ssl=1\" class=\"wp-image-3248 size-full alignright\" src=\"https:\/\/i0.wp.com\/bottesetvelo.com\/blog\/wp-content\/uploads\/2018\/03\/Bottes-et-V%C3%A9lo-Embl%C3%AAme-1-e1522416719670.png?resize=100%2C79&#038;ssl=1\" alt=\"\" width=\"100\" height=\"79\" \/><\/a><\/p>\n","protected":false},"excerpt":{"rendered":"<p>Et si on fr\u00e9quentait l&rsquo;internet comme on part en p\u00e8lerinage sur les chemins de Compostelle&#8230; Lundi dernier (7 mai 2018), \u00c9ric Lalibert\u00e9 participait au 86e Congr\u00e8s de l&rsquo;ACFAS (Association Canadienne Francophone pour l&rsquo;Avancement de la Science). Dans le cadre de ce congr\u00e8s, la SQER (Soci\u00e9t\u00e9 Qu\u00e9b\u00e9coise pour l&rsquo;\u00c9tude de la Religion) organisait un colloque intitul\u00e9:&hellip;<\/p>\n","protected":false},"author":1,"featured_media":0,"comment_status":"open","ping_status":"open","sticky":false,"template":"","format":"standard","meta":{"jetpack_post_was_ever_published":false,"_jetpack_newsletter_access":"","_jetpack_dont_email_post_to_subs":false,"_jetpack_newsletter_tier_id":0,"_jetpack_memberships_contains_paywalled_content":false,"_jetpack_memberships_contains_paid_content":false,"footnotes":"","jetpack_publicize_message":"","jetpack_publicize_feature_enabled":true,"jetpack_social_post_already_shared":true,"jetpack_social_options":{"image_generator_settings":{"template":"highway","default_image_id":0,"font":"","enabled":false},"version":2}},"categories":[453,9],"tags":[177,501,500,192],"class_list":["post-3302","post","type-post","status-publish","format-standard","hentry","category-actualite","category-chemins-de-pelerinage","tag-chemins-de-pelerinage","tag-cyberpelerinage","tag-internet","tag-quete-spirituelle"],"jetpack_publicize_connections":[],"jetpack_featured_media_url":"","jetpack_shortlink":"https:\/\/wp.me\/p4eY6z-Rg","jetpack_sharing_enabled":true,"jetpack_likes_enabled":true,"jetpack-related-posts":[],"_links":{"self":[{"href":"https:\/\/bottesetvelo.com\/blog\/wp-json\/wp\/v2\/posts\/3302","targetHints":{"allow":["GET"]}}],"collection":[{"href":"https:\/\/bottesetvelo.com\/blog\/wp-json\/wp\/v2\/posts"}],"about":[{"href":"https:\/\/bottesetvelo.com\/blog\/wp-json\/wp\/v2\/types\/post"}],"author":[{"embeddable":true,"href":"https:\/\/bottesetvelo.com\/blog\/wp-json\/wp\/v2\/users\/1"}],"replies":[{"embeddable":true,"href":"https:\/\/bottesetvelo.com\/blog\/wp-json\/wp\/v2\/comments?post=3302"}],"version-history":[{"count":11,"href":"https:\/\/bottesetvelo.com\/blog\/wp-json\/wp\/v2\/posts\/3302\/revisions"}],"predecessor-version":[{"id":3353,"href":"https:\/\/bottesetvelo.com\/blog\/wp-json\/wp\/v2\/posts\/3302\/revisions\/3353"}],"wp:attachment":[{"href":"https:\/\/bottesetvelo.com\/blog\/wp-json\/wp\/v2\/media?parent=3302"}],"wp:term":[{"taxonomy":"category","embeddable":true,"href":"https:\/\/bottesetvelo.com\/blog\/wp-json\/wp\/v2\/categories?post=3302"},{"taxonomy":"post_tag","embeddable":true,"href":"https:\/\/bottesetvelo.com\/blog\/wp-json\/wp\/v2\/tags?post=3302"}],"curies":[{"name":"wp","href":"https:\/\/api.w.org\/{rel}","templated":true}]}}