{"id":3293,"date":"2018-04-27T17:45:12","date_gmt":"2018-04-27T21:45:12","guid":{"rendered":"http:\/\/bottesetvelo.com\/blog\/?p=3293"},"modified":"2018-04-27T17:45:12","modified_gmt":"2018-04-27T21:45:12","slug":"wanderlust","status":"publish","type":"post","link":"https:\/\/bottesetvelo.com\/blog\/2018\/04\/27\/wanderlust\/","title":{"rendered":"Wanderlust"},"content":{"rendered":"<h6 style=\"text-align: right;\"><em>Le monde est un livre et ceux qui ne voyagent pas n\u2019en lisent qu\u2019une page.<\/em><br \/>\n<em>Saint Augustin<\/em><\/h6>\n<h5 style=\"text-align: justify;\"><span style=\"color: #003366;\">Dans les ann\u00e9es \u201880, Paul McCartney chantait\u00a0: <em>\u00ab\u00a0Light out wanderlust. Help us to be free. Light out wanderlust. Do it just for me.\u00a0\u00bb<\/em> Une bien mauvaise chanson, je dois avouer, mais dont les paroles expriment tr\u00e8s bien le sens de ce terme allemand. Alors que l\u2019expression <em>\u00ab\u00a0wanderlust\u00a0\u00bb<\/em> revient \u00e0 la mode et r\u00e9apparait un peu partout, que Tremblant et Whistler offre chaque \u00e9t\u00e9 un festival en son honneur, que signifie-t-elle? H\u00e9 bien, si la m\u00e9lancolie conduit \u00e0 l\u2019apathie, le <em>wanderlust<\/em> c\u2019est tout le contraire! Il est un sentiment, un d\u00e9sir si fort qu\u2019il abat les fronti\u00e8res, ouvre sur le monde. Le <em>wanderlust<\/em> aspire \u00e0 plus de libert\u00e9.<\/span><\/h5>\n<p style=\"text-align: justify;\"><a href=\"https:\/\/i0.wp.com\/bottesetvelo.com\/blog\/wp-content\/uploads\/2018\/04\/vw-camper-336606_1920.jpg?ssl=1\"><img data-recalc-dims=\"1\" loading=\"lazy\" decoding=\"async\" data-attachment-id=\"3294\" data-permalink=\"https:\/\/bottesetvelo.com\/blog\/2018\/04\/27\/wanderlust\/vw-camper-336606_1920\/\" data-orig-file=\"https:\/\/i0.wp.com\/bottesetvelo.com\/blog\/wp-content\/uploads\/2018\/04\/vw-camper-336606_1920.jpg?fit=1920%2C1271&amp;ssl=1\" data-orig-size=\"1920,1271\" data-comments-opened=\"1\" data-image-meta=\"{&quot;aperture&quot;:&quot;0&quot;,&quot;credit&quot;:&quot;&quot;,&quot;camera&quot;:&quot;&quot;,&quot;caption&quot;:&quot;&quot;,&quot;created_timestamp&quot;:&quot;0&quot;,&quot;copyright&quot;:&quot;&quot;,&quot;focal_length&quot;:&quot;0&quot;,&quot;iso&quot;:&quot;0&quot;,&quot;shutter_speed&quot;:&quot;0&quot;,&quot;title&quot;:&quot;&quot;,&quot;orientation&quot;:&quot;0&quot;}\" data-image-title=\"vw-camper-336606_1920\" data-image-description=\"\" data-image-caption=\"\" data-large-file=\"https:\/\/i0.wp.com\/bottesetvelo.com\/blog\/wp-content\/uploads\/2018\/04\/vw-camper-336606_1920.jpg?fit=1024%2C678&amp;ssl=1\" class=\"alignright wp-image-3294\" src=\"https:\/\/i0.wp.com\/bottesetvelo.com\/blog\/wp-content\/uploads\/2018\/04\/vw-camper-336606_1920.jpg?resize=300%2C199&#038;ssl=1\" alt=\"\" width=\"300\" height=\"199\" srcset=\"https:\/\/i0.wp.com\/bottesetvelo.com\/blog\/wp-content\/uploads\/2018\/04\/vw-camper-336606_1920.jpg?resize=500%2C331&amp;ssl=1 500w, https:\/\/i0.wp.com\/bottesetvelo.com\/blog\/wp-content\/uploads\/2018\/04\/vw-camper-336606_1920.jpg?resize=768%2C508&amp;ssl=1 768w, https:\/\/i0.wp.com\/bottesetvelo.com\/blog\/wp-content\/uploads\/2018\/04\/vw-camper-336606_1920.jpg?resize=1024%2C678&amp;ssl=1 1024w, https:\/\/i0.wp.com\/bottesetvelo.com\/blog\/wp-content\/uploads\/2018\/04\/vw-camper-336606_1920.jpg?w=1920&amp;ssl=1 1920w\" sizes=\"auto, (max-width: 300px) 100vw, 300px\" \/><\/a>Le ph\u00e9nom\u00e8ne wanderlust n\u2019a rien de nouveau. Il remonte au 12<sup>e<\/sup> si\u00e8cle alors que la jeunesse allemande l\u2019utilisait pour d\u00e9crire ce d\u00e9sir qui la saisissait et la troublait. Consid\u00e9r\u00e9 symptomatique d\u2019un mal de vivre, le <em>wanderlust<\/em> est d\u2019abord per\u00e7u comme une maladie dont le seul rem\u00e8de ne peut \u00eatre que la mise en route. D\u2019ailleurs, la traduction la plus juste de <em>wanderlust<\/em> serait \u00ab\u00a0bougeotte\u00a0\u00bb.\u00a0 Ainsi, au 16<sup>e<\/sup> et 17<sup>e<\/sup> si\u00e8cle, alors que les p\u00e8lerins affluaient vers Compostelle et que l\u2019autorit\u00e9 eccl\u00e9siale doutait de leur ferveur apostolique, on disait de ces p\u00e8lerins qu\u2019ils avaient la <em>\u00ab\u00a0heilige wanderlust\u00a0\u00bb<\/em>\u00a0: la sainte bougeotte!<\/p>\n<p style=\"text-align: justify;\"><span style=\"color: #003366;\"><strong>Mais quels sont les enjeux derri\u00e8re ce ph\u00e9nom\u00e8ne qui revient avec force?<\/strong> <\/span>Que cherchent p\u00e8lerins, backpackers et autres voyageurs saisis par ce mal qui, cette fois-ci, est typiquement moderne, pour ne pas dire ultramoderne?<\/p>\n<p style=\"text-align: justify;\">La modernit\u00e9 n\u2019est plus ce qu\u2019elle \u00e9tait. Ayant fait tomb\u00e9 les fronti\u00e8res de la tradition, elle est aujourd\u2019hui confront\u00e9e \u00e0 ses propres enfermements et, pour demeurer coh\u00e9rente, se voit dans l\u2019obligation d\u2019abolir ses propres structures. Cette modernit\u00e9 avanc\u00e9e, ou ultramodernit\u00e9, nous offre un monde aux fronti\u00e8res floues et aux rep\u00e8res fluides. <span style=\"color: #003366;\"><strong>Face \u00e0 une telle porosit\u00e9, tout semble fuir et rien ne suffit \u00e0 contenir la qu\u00eate de sens de l\u2019\u00eatre humain ultramoderne.<\/strong><\/span><\/p>\n<p style=\"text-align: justify;\"><a href=\"https:\/\/i0.wp.com\/bottesetvelo.com\/blog\/wp-content\/uploads\/2018\/04\/sunset-3118042_1920.jpg?ssl=1\"><img data-recalc-dims=\"1\" loading=\"lazy\" decoding=\"async\" data-attachment-id=\"3295\" data-permalink=\"https:\/\/bottesetvelo.com\/blog\/2018\/04\/27\/wanderlust\/sunset-3118042_1920\/\" data-orig-file=\"https:\/\/i0.wp.com\/bottesetvelo.com\/blog\/wp-content\/uploads\/2018\/04\/sunset-3118042_1920.jpg?fit=1920%2C1317&amp;ssl=1\" data-orig-size=\"1920,1317\" data-comments-opened=\"1\" data-image-meta=\"{&quot;aperture&quot;:&quot;4.5&quot;,&quot;credit&quot;:&quot;&quot;,&quot;camera&quot;:&quot;COOLPIX P90&quot;,&quot;caption&quot;:&quot;&quot;,&quot;created_timestamp&quot;:&quot;0&quot;,&quot;copyright&quot;:&quot;&quot;,&quot;focal_length&quot;:&quot;32.7&quot;,&quot;iso&quot;:&quot;192&quot;,&quot;shutter_speed&quot;:&quot;0.00952380952381&quot;,&quot;title&quot;:&quot;&quot;,&quot;orientation&quot;:&quot;0&quot;}\" data-image-title=\"sunset-3118042_1920\" data-image-description=\"\" data-image-caption=\"\" data-large-file=\"https:\/\/i0.wp.com\/bottesetvelo.com\/blog\/wp-content\/uploads\/2018\/04\/sunset-3118042_1920.jpg?fit=1024%2C702&amp;ssl=1\" class=\" wp-image-3295 alignright\" src=\"https:\/\/i0.wp.com\/bottesetvelo.com\/blog\/wp-content\/uploads\/2018\/04\/sunset-3118042_1920.jpg?resize=300%2C206&#038;ssl=1\" alt=\"\" width=\"300\" height=\"206\" srcset=\"https:\/\/i0.wp.com\/bottesetvelo.com\/blog\/wp-content\/uploads\/2018\/04\/sunset-3118042_1920.jpg?resize=500%2C343&amp;ssl=1 500w, https:\/\/i0.wp.com\/bottesetvelo.com\/blog\/wp-content\/uploads\/2018\/04\/sunset-3118042_1920.jpg?resize=768%2C527&amp;ssl=1 768w, https:\/\/i0.wp.com\/bottesetvelo.com\/blog\/wp-content\/uploads\/2018\/04\/sunset-3118042_1920.jpg?resize=1024%2C702&amp;ssl=1 1024w, https:\/\/i0.wp.com\/bottesetvelo.com\/blog\/wp-content\/uploads\/2018\/04\/sunset-3118042_1920.jpg?w=1920&amp;ssl=1 1920w\" sizes=\"auto, (max-width: 300px) 100vw, 300px\" \/><\/a>Comme l\u2019enfant sans cadre de vie se heurte \u00e0 l\u2019adulte pour y trouver des fronti\u00e8res et se sentir aimer, l\u2019humain ultramoderne cherche les fronti\u00e8res qui le contiendront et donneront sens \u00e0 sa vie. Son <em>wanderlust<\/em> le pousse \u00e0 sonder les limites de structures qui ne savent plus le rassurer. Le monde a vol\u00e9 en \u00e9clat et, aujourd\u2019hui, il collectionne des morceaux de sens pour les \u00e9changer avec d\u2019autres ou en tester la garantie.<\/p>\n<p style=\"text-align: justify;\">Que faire quand l\u2019illusoire contenance de nos institutions s\u2019effondre et qu\u2019il ne reste plus rien de croyable auquel s\u2019identifier, auquel se rattacher? Que faire d\u2019autre quand la carafe est bris\u00e9e? L\u2019eau ne peut que se r\u00e9pandre. En se lan\u00e7ant sur les routes du monde, p\u00e8lerins, backpackers et autres globetrotters semblent trouver-l\u00e0 une r\u00e9ponse \u00e0 leur <em>wanderlust<\/em>. <strong><span style=\"color: #003366;\">Et si le mouvement \u00e9tait le propre de l\u2019\u00eatre humain?<\/span> <\/strong>Et si, dans ce mouvement, l\u2019humain trouvait l\u2019assurance d\u2019une condition satisfaisante?<\/p>\n<p style=\"text-align: justify;\">En ces temps aux fronti\u00e8res dissoutes, demeurer en mouvement pourrait bien s\u2019av\u00e9rer une r\u00e9ponse salutaire pour notre \u00e9poque. Encore plus que les structures stagnantes qui ont conduit \u00e0 la modernit\u00e9 et \u00e0 son \u00e9clatement, mouvement semble s\u2019accorder avec vivant. Loin des certitudes de la modernit\u00e9, glissons-nous dans cette fluidit\u00e9 du temps et allons explorer ces rep\u00e8res qui rendent la vie signifiante\u00a0: <em>\u00ab\u00a0Light out wanderlust. <\/em><em>Help us to be free. Light out wanderlust. <\/em><em>Do it just for me.\u00a0\u00bb<a href=\"https:\/\/i0.wp.com\/bottesetvelo.com\/blog\/wp-content\/uploads\/2018\/03\/Bottes-et-V%C3%A9lo-Embl%C3%AAme-1-e1522416719670.png?ssl=1\"><img data-recalc-dims=\"1\" loading=\"lazy\" decoding=\"async\" data-attachment-id=\"3248\" data-permalink=\"https:\/\/bottesetvelo.com\/blog\/2018\/03\/30\/comme-un-grand-silence\/bottes-et-velo-embleme-3\/\" data-orig-file=\"https:\/\/i0.wp.com\/bottesetvelo.com\/blog\/wp-content\/uploads\/2018\/03\/Bottes-et-V%C3%A9lo-Embl%C3%AAme-1-e1522416719670.png?fit=100%2C79&amp;ssl=1\" data-orig-size=\"100,79\" data-comments-opened=\"1\" data-image-meta=\"{&quot;aperture&quot;:&quot;0&quot;,&quot;credit&quot;:&quot;&quot;,&quot;camera&quot;:&quot;&quot;,&quot;caption&quot;:&quot;&quot;,&quot;created_timestamp&quot;:&quot;0&quot;,&quot;copyright&quot;:&quot;&quot;,&quot;focal_length&quot;:&quot;0&quot;,&quot;iso&quot;:&quot;0&quot;,&quot;shutter_speed&quot;:&quot;0&quot;,&quot;title&quot;:&quot;&quot;,&quot;orientation&quot;:&quot;0&quot;}\" data-image-title=\"Bottes et V\u00e9lo &amp;#8211; Embl\u00eame\" data-image-description=\"\" data-image-caption=\"\" data-large-file=\"https:\/\/i0.wp.com\/bottesetvelo.com\/blog\/wp-content\/uploads\/2018\/03\/Bottes-et-V%C3%A9lo-Embl%C3%AAme-1-e1522416719670.png?fit=100%2C79&amp;ssl=1\" class=\"alignright wp-image-3248 size-full\" src=\"https:\/\/i0.wp.com\/bottesetvelo.com\/blog\/wp-content\/uploads\/2018\/03\/Bottes-et-V%C3%A9lo-Embl%C3%AAme-1-e1522416719670.png?resize=100%2C79&#038;ssl=1\" alt=\"\" width=\"100\" height=\"79\" \/><\/a><\/em><\/p>\n<p>\u00c9ric Lalibert\u00e9<\/p>\n","protected":false},"excerpt":{"rendered":"<p>Le monde est un livre et ceux qui ne voyagent pas n\u2019en lisent qu\u2019une page. Saint Augustin Dans les ann\u00e9es \u201880, Paul McCartney chantait\u00a0: \u00ab\u00a0Light out wanderlust. Help us to be free. Light out wanderlust. Do it just for me.\u00a0\u00bb Une bien mauvaise chanson, je dois avouer, mais dont les paroles expriment tr\u00e8s bien le&hellip;<\/p>\n","protected":false},"author":3,"featured_media":0,"comment_status":"open","ping_status":"open","sticky":false,"template":"","format":"standard","meta":{"jetpack_post_was_ever_published":false,"_jetpack_newsletter_access":"","_jetpack_dont_email_post_to_subs":false,"_jetpack_newsletter_tier_id":0,"_jetpack_memberships_contains_paywalled_content":false,"_jetpack_memberships_contains_paid_content":false,"footnotes":"","jetpack_publicize_message":"","jetpack_publicize_feature_enabled":true,"jetpack_social_post_already_shared":true,"jetpack_social_options":{"image_generator_settings":{"template":"highway","default_image_id":0,"font":"","enabled":false},"version":2}},"categories":[50,166,171,3,446],"tags":[471,498,296,499,145,497],"class_list":["post-3293","post","type-post","status-publish","format-standard","hentry","category-art-de-vivre","category-demarche-du-pelerin","category-pelerinage","category-reflexions","category-societe","tag-backpacker","tag-modernite","tag-pelerin","tag-ultramodernite","tag-voyage","tag-wanderlust"],"jetpack_publicize_connections":[],"jetpack_featured_media_url":"","jetpack_shortlink":"https:\/\/wp.me\/p4eY6z-R7","jetpack_sharing_enabled":true,"jetpack_likes_enabled":true,"jetpack-related-posts":[],"_links":{"self":[{"href":"https:\/\/bottesetvelo.com\/blog\/wp-json\/wp\/v2\/posts\/3293","targetHints":{"allow":["GET"]}}],"collection":[{"href":"https:\/\/bottesetvelo.com\/blog\/wp-json\/wp\/v2\/posts"}],"about":[{"href":"https:\/\/bottesetvelo.com\/blog\/wp-json\/wp\/v2\/types\/post"}],"author":[{"embeddable":true,"href":"https:\/\/bottesetvelo.com\/blog\/wp-json\/wp\/v2\/users\/3"}],"replies":[{"embeddable":true,"href":"https:\/\/bottesetvelo.com\/blog\/wp-json\/wp\/v2\/comments?post=3293"}],"version-history":[{"count":3,"href":"https:\/\/bottesetvelo.com\/blog\/wp-json\/wp\/v2\/posts\/3293\/revisions"}],"predecessor-version":[{"id":3298,"href":"https:\/\/bottesetvelo.com\/blog\/wp-json\/wp\/v2\/posts\/3293\/revisions\/3298"}],"wp:attachment":[{"href":"https:\/\/bottesetvelo.com\/blog\/wp-json\/wp\/v2\/media?parent=3293"}],"wp:term":[{"taxonomy":"category","embeddable":true,"href":"https:\/\/bottesetvelo.com\/blog\/wp-json\/wp\/v2\/categories?post=3293"},{"taxonomy":"post_tag","embeddable":true,"href":"https:\/\/bottesetvelo.com\/blog\/wp-json\/wp\/v2\/tags?post=3293"}],"curies":[{"name":"wp","href":"https:\/\/api.w.org\/{rel}","templated":true}]}}