{"id":3269,"date":"2018-04-13T20:38:20","date_gmt":"2018-04-14T00:38:20","guid":{"rendered":"http:\/\/bottesetvelo.com\/blog\/?p=3269"},"modified":"2018-04-13T20:38:20","modified_gmt":"2018-04-14T00:38:20","slug":"le-coming-out-du-pelerin","status":"publish","type":"post","link":"https:\/\/bottesetvelo.com\/blog\/2018\/04\/13\/le-coming-out-du-pelerin\/","title":{"rendered":"Le coming out du p\u00e8lerin"},"content":{"rendered":"<h5 style=\"text-align: right;\"><em>Quand nous perdons le droit d\u2019\u00eatre diff\u00e9rents, nous perdons le privil\u00e8ge d\u2019\u00eatre libres.<\/em><br \/>\n<em>Nelson Mandela<\/em><\/h5>\n<p style=\"text-align: justify;\"><strong><span style=\"color: #003366;\">En lisant tout r\u00e9cemment un article dans le journal, <em>Le placard de Vincent<\/em>, je suis rest\u00e9e accroch\u00e9e \u00e0 la derni\u00e8re phrase\u00a0: \u00ab\u00a0Un <em>coming out<\/em>, soutient Vincent (Mercier), c\u2019est d\u2019abord et avant tout reconnaitre, accepter et aimer qui on est vraiment\u00a0\u00bb. Reconnaitre, accepter et aimer qui on est vraiment&#8230;<\/span><\/strong><\/p>\n<p style=\"text-align: justify;\">On a tendance \u00e0 penser que le <em>coming out<\/em> est r\u00e9serv\u00e9 au d\u00e9voilement d\u2019une situation concernant l\u2019orientation sexuelle d\u2019un individu. Pourtant, par extension, cette expression est de plus en plus employ\u00e9e pour d\u00e9signer toute annonce publique d\u2019une <a href=\"https:\/\/i0.wp.com\/bottesetvelo.com\/blog\/wp-content\/uploads\/2018\/04\/sortir-1-1.jpg?ssl=1\"><img data-recalc-dims=\"1\" loading=\"lazy\" decoding=\"async\" data-attachment-id=\"3272\" data-permalink=\"https:\/\/bottesetvelo.com\/blog\/2018\/04\/13\/le-coming-out-du-pelerin\/sortir-1-2\/\" data-orig-file=\"https:\/\/i0.wp.com\/bottesetvelo.com\/blog\/wp-content\/uploads\/2018\/04\/sortir-1-1.jpg?fit=1463%2C868&amp;ssl=1\" data-orig-size=\"1463,868\" data-comments-opened=\"1\" data-image-meta=\"{&quot;aperture&quot;:&quot;0&quot;,&quot;credit&quot;:&quot;&quot;,&quot;camera&quot;:&quot;&quot;,&quot;caption&quot;:&quot;&quot;,&quot;created_timestamp&quot;:&quot;1523638712&quot;,&quot;copyright&quot;:&quot;&quot;,&quot;focal_length&quot;:&quot;0&quot;,&quot;iso&quot;:&quot;0&quot;,&quot;shutter_speed&quot;:&quot;0&quot;,&quot;title&quot;:&quot;&quot;,&quot;orientation&quot;:&quot;1&quot;}\" data-image-title=\"sortir 1\" data-image-description=\"\" data-image-caption=\"\" data-large-file=\"https:\/\/i0.wp.com\/bottesetvelo.com\/blog\/wp-content\/uploads\/2018\/04\/sortir-1-1.jpg?fit=1024%2C608&amp;ssl=1\" class=\"wp-image-3272 alignright\" src=\"https:\/\/i0.wp.com\/bottesetvelo.com\/blog\/wp-content\/uploads\/2018\/04\/sortir-1-1.jpg?resize=300%2C178&#038;ssl=1\" alt=\"\" width=\"300\" height=\"178\" srcset=\"https:\/\/i0.wp.com\/bottesetvelo.com\/blog\/wp-content\/uploads\/2018\/04\/sortir-1-1.jpg?resize=500%2C297&amp;ssl=1 500w, https:\/\/i0.wp.com\/bottesetvelo.com\/blog\/wp-content\/uploads\/2018\/04\/sortir-1-1.jpg?resize=768%2C456&amp;ssl=1 768w, https:\/\/i0.wp.com\/bottesetvelo.com\/blog\/wp-content\/uploads\/2018\/04\/sortir-1-1.jpg?resize=1024%2C608&amp;ssl=1 1024w, https:\/\/i0.wp.com\/bottesetvelo.com\/blog\/wp-content\/uploads\/2018\/04\/sortir-1-1.jpg?w=1463&amp;ssl=1 1463w\" sizes=\"auto, (max-width: 300px) 100vw, 300px\" \/><\/a>caract\u00e9ristique personnelle jusqu\u2019alors tenue cach\u00e9e ou secr\u00e8te.<\/p>\n<p style=\"text-align: justify;\">Si le <em>coming out<\/em> existe, s\u2019il se vit, c\u2019est que la pression contraire est pr\u00e9sente\u00a0: l\u2019enfermement, l\u2019\u00e9touffement. L\u2019\u00eatre humain, complexe machine en constante \u00e9volution, grandit dans un environnement qui paradoxalement incite \u00e0 un certain conformisme, \u00e0 un respect de r\u00e8gles statiques entendues et convenues. Pour diverses raisons personnelles, chacun de nous retient int\u00e9rieurement un \u00e9lan ou un d\u00e9sir de changement, qu\u2019il soit grand ou petit. Peur du rejet ou du jugement, des \u00ab\u00a0qu\u2019en dira-t-on\u00a0\u00bb. Peur de s\u2019afficher. Et on ne parle pas ici d\u2019orientation sexuelle. Avoir les cheveux mauves, vivre dans une mini-maison, \u00eatre p\u00e8re au foyer, avoir un conjoint nettement plus jeune que soi, \u2026 <strong><span style=\"color: #003366;\">Bien des d\u00e9cisions sont refoul\u00e9es, rel\u00e9gu\u00e9es au fond de notre placard par crainte du regard de l\u2019autre.<\/span><\/strong><\/p>\n<p style=\"text-align: justify;\"><a href=\"https:\/\/i0.wp.com\/bottesetvelo.com\/blog\/wp-content\/uploads\/2018\/04\/2015-07-11-14.22.58.jpg?ssl=1\"><img data-recalc-dims=\"1\" loading=\"lazy\" decoding=\"async\" data-attachment-id=\"3274\" data-permalink=\"https:\/\/bottesetvelo.com\/blog\/2018\/04\/13\/le-coming-out-du-pelerin\/2015-07-11-14-22-58-2\/\" data-orig-file=\"https:\/\/i0.wp.com\/bottesetvelo.com\/blog\/wp-content\/uploads\/2018\/04\/2015-07-11-14.22.58.jpg?fit=2824%2C2059&amp;ssl=1\" data-orig-size=\"2824,2059\" data-comments-opened=\"1\" data-image-meta=\"{&quot;aperture&quot;:&quot;2.6&quot;,&quot;credit&quot;:&quot;&quot;,&quot;camera&quot;:&quot;SGH-I747M&quot;,&quot;caption&quot;:&quot;&quot;,&quot;created_timestamp&quot;:&quot;1436624578&quot;,&quot;copyright&quot;:&quot;&quot;,&quot;focal_length&quot;:&quot;3.7&quot;,&quot;iso&quot;:&quot;50&quot;,&quot;shutter_speed&quot;:&quot;0.00281690140845&quot;,&quot;title&quot;:&quot;&quot;,&quot;orientation&quot;:&quot;1&quot;}\" data-image-title=\"Bottes et v\u00e9lo &amp;#8211; La Voie du Saint-Laurent\" data-image-description=\"\" data-image-caption=\"\" data-large-file=\"https:\/\/i0.wp.com\/bottesetvelo.com\/blog\/wp-content\/uploads\/2018\/04\/2015-07-11-14.22.58.jpg?fit=1024%2C747&amp;ssl=1\" class=\"wp-image-3274 alignright\" src=\"https:\/\/i0.wp.com\/bottesetvelo.com\/blog\/wp-content\/uploads\/2018\/04\/2015-07-11-14.22.58.jpg?resize=300%2C219&#038;ssl=1\" alt=\"\" width=\"300\" height=\"219\" srcset=\"https:\/\/i0.wp.com\/bottesetvelo.com\/blog\/wp-content\/uploads\/2018\/04\/2015-07-11-14.22.58.jpg?resize=500%2C365&amp;ssl=1 500w, https:\/\/i0.wp.com\/bottesetvelo.com\/blog\/wp-content\/uploads\/2018\/04\/2015-07-11-14.22.58.jpg?resize=768%2C560&amp;ssl=1 768w, https:\/\/i0.wp.com\/bottesetvelo.com\/blog\/wp-content\/uploads\/2018\/04\/2015-07-11-14.22.58.jpg?resize=1024%2C747&amp;ssl=1 1024w, https:\/\/i0.wp.com\/bottesetvelo.com\/blog\/wp-content\/uploads\/2018\/04\/2015-07-11-14.22.58.jpg?w=2340&amp;ssl=1 2340w\" sizes=\"auto, (max-width: 300px) 100vw, 300px\" \/><\/a>\u2026 <em>Reconnaitre, \u2026<\/em><\/p>\n<p style=\"text-align: justify;\">En p\u00e8lerinage, loin de tous ceux qui nous apposent une identit\u00e9, et nous imposent une marche \u00e0 suivre, loin des r\u00e8gles invent\u00e9es, des conventions, des traditions, des pressions sociales, du paraitre et du devoir, d\u00e9connect\u00e9 de sa routine de vie quotidienne, le p\u00e8lerin vit le privil\u00e8ge d\u2019\u00eatre libre. Libre de tous ces enchainements. Libre de choisir. Libre d\u2019\u00eatre tel qu\u2019il le souhaite. <span style=\"color: #003366;\"><strong>Le temps de cet exil est un temps de gestation.<\/strong><\/span> Un temps de franchise envers soi-m\u00eame. Des changements s\u2019op\u00e8rent. Des d\u00e9cisions se prennent. Au retour, plusieurs p\u00e8lerins vivent un <em>coming out<\/em>. Apr\u00e8s avoir go\u00fbt\u00e9, pendant plusieurs jours, \u00e0 ce vivre autrement avec soi-m\u00eame, la v\u00e9rit\u00e9 sort du sac\u2026 Certains r\u00f4les devront dor\u00e9navant changer, certains masques vont tomber, certaines pressions devront disparaitre.<\/p>\n<p style=\"text-align: justify;\"><em><a href=\"https:\/\/i0.wp.com\/bottesetvelo.com\/blog\/wp-content\/uploads\/2018\/04\/IMG_7999.jpg?ssl=1\"><img data-recalc-dims=\"1\" loading=\"lazy\" decoding=\"async\" data-attachment-id=\"3275\" data-permalink=\"https:\/\/bottesetvelo.com\/blog\/2018\/04\/13\/le-coming-out-du-pelerin\/img_7999-3\/\" data-orig-file=\"https:\/\/i0.wp.com\/bottesetvelo.com\/blog\/wp-content\/uploads\/2018\/04\/IMG_7999.jpg?fit=3191%2C2120&amp;ssl=1\" data-orig-size=\"3191,2120\" data-comments-opened=\"1\" data-image-meta=\"{&quot;aperture&quot;:&quot;9&quot;,&quot;credit&quot;:&quot;&quot;,&quot;camera&quot;:&quot;Canon PowerShot SD890 IS&quot;,&quot;caption&quot;:&quot;&quot;,&quot;created_timestamp&quot;:&quot;1437141731&quot;,&quot;copyright&quot;:&quot;&quot;,&quot;focal_length&quot;:&quot;6.6&quot;,&quot;iso&quot;:&quot;80&quot;,&quot;shutter_speed&quot;:&quot;0.005&quot;,&quot;title&quot;:&quot;&quot;,&quot;orientation&quot;:&quot;1&quot;}\" data-image-title=\"Bottes et V\u00e9lo &amp;#8211; La Voie du Saint-Laurent\" data-image-description=\"\" data-image-caption=\"\" data-large-file=\"https:\/\/i0.wp.com\/bottesetvelo.com\/blog\/wp-content\/uploads\/2018\/04\/IMG_7999.jpg?fit=1024%2C680&amp;ssl=1\" class=\"wp-image-3275 alignright\" src=\"https:\/\/i0.wp.com\/bottesetvelo.com\/blog\/wp-content\/uploads\/2018\/04\/IMG_7999.jpg?resize=300%2C199&#038;ssl=1\" alt=\"\" width=\"300\" height=\"199\" srcset=\"https:\/\/i0.wp.com\/bottesetvelo.com\/blog\/wp-content\/uploads\/2018\/04\/IMG_7999.jpg?resize=500%2C332&amp;ssl=1 500w, https:\/\/i0.wp.com\/bottesetvelo.com\/blog\/wp-content\/uploads\/2018\/04\/IMG_7999.jpg?resize=768%2C510&amp;ssl=1 768w, https:\/\/i0.wp.com\/bottesetvelo.com\/blog\/wp-content\/uploads\/2018\/04\/IMG_7999.jpg?resize=1024%2C680&amp;ssl=1 1024w, https:\/\/i0.wp.com\/bottesetvelo.com\/blog\/wp-content\/uploads\/2018\/04\/IMG_7999.jpg?w=2340&amp;ssl=1 2340w\" sizes=\"auto, (max-width: 300px) 100vw, 300px\" \/><\/a>\u2026, accepter\u2026 <\/em><\/p>\n<p style=\"text-align: justify;\">C\u2019est l\u2019inconfort, le sentiment d\u2019\u00e9touffer, d\u2019\u00eatre enferm\u00e9 dans un carcan qui met le p\u00e8lerin en marche, qui sonne le signal du d\u00e9part. Mais c\u2019est le retour, apr\u00e8s toutes les heures solitaires en t\u00eate-\u00e0-t\u00eate, apr\u00e8s le plaisir de go\u00fbter la libert\u00e9 de mouvement, le bonheur de respirer librement, que le p\u00e8lerin, pr\u00eat \u00e0 s\u2019accepter dans sa marginalit\u00e9 et sa diff\u00e9rence, trouve la force de faire son <em>coming out.<\/em> Confiant, il choisit d\u2019afficher ses couleurs.<\/p>\n<p style=\"text-align: justify;\"><em>\u2026 et aimer qui on est vraiment.<\/em><\/p>\n<p style=\"text-align: justify;\"><strong><span style=\"color: #003366;\">Que contient votre placard?<\/span><\/strong> Quelle d\u00e9cision repoussez-vous de jour en jour, de mois en mois, \u2026 d\u2019ann\u00e9e en ann\u00e9e\u2026 ? Qu\u2019est-ce qui vous retient de passer \u00e0 l\u2019action? \u00ab\u00a0Dans la vie, on a toujours le choix : aimer ou d\u00e9tester, assumer ou s\u2019enfuir, avouer ou mentir, \u00eatre soi-m\u00eame ou faire semblant\u00a0\u00bb (Nelson Mandela).<\/p>\n<p><a href=\"https:\/\/i0.wp.com\/bottesetvelo.com\/blog\/wp-content\/uploads\/2018\/03\/Bottes-et-V%C3%A9lo-Embl%C3%AAme-1-e1522416719670.png?ssl=1\"><img data-recalc-dims=\"1\" loading=\"lazy\" decoding=\"async\" data-attachment-id=\"3248\" data-permalink=\"https:\/\/bottesetvelo.com\/blog\/2018\/03\/30\/comme-un-grand-silence\/bottes-et-velo-embleme-3\/\" data-orig-file=\"https:\/\/i0.wp.com\/bottesetvelo.com\/blog\/wp-content\/uploads\/2018\/03\/Bottes-et-V%C3%A9lo-Embl%C3%AAme-1-e1522416719670.png?fit=100%2C79&amp;ssl=1\" data-orig-size=\"100,79\" data-comments-opened=\"1\" data-image-meta=\"{&quot;aperture&quot;:&quot;0&quot;,&quot;credit&quot;:&quot;&quot;,&quot;camera&quot;:&quot;&quot;,&quot;caption&quot;:&quot;&quot;,&quot;created_timestamp&quot;:&quot;0&quot;,&quot;copyright&quot;:&quot;&quot;,&quot;focal_length&quot;:&quot;0&quot;,&quot;iso&quot;:&quot;0&quot;,&quot;shutter_speed&quot;:&quot;0&quot;,&quot;title&quot;:&quot;&quot;,&quot;orientation&quot;:&quot;0&quot;}\" data-image-title=\"Bottes et V\u00e9lo &amp;#8211; Embl\u00eame\" data-image-description=\"\" data-image-caption=\"\" data-large-file=\"https:\/\/i0.wp.com\/bottesetvelo.com\/blog\/wp-content\/uploads\/2018\/03\/Bottes-et-V%C3%A9lo-Embl%C3%AAme-1-e1522416719670.png?fit=100%2C79&amp;ssl=1\" class=\"wp-image-3248 alignright\" src=\"https:\/\/i0.wp.com\/bottesetvelo.com\/blog\/wp-content\/uploads\/2018\/03\/Bottes-et-V%C3%A9lo-Embl%C3%AAme-1.png?resize=50%2C39&#038;ssl=1\" alt=\"\" width=\"50\" height=\"39\" \/><\/a>Brigitte Harouni<\/p>\n","protected":false},"excerpt":{"rendered":"<p>Quand nous perdons le droit d\u2019\u00eatre diff\u00e9rents, nous perdons le privil\u00e8ge d\u2019\u00eatre libres. Nelson Mandela En lisant tout r\u00e9cemment un article dans le journal, Le placard de Vincent, je suis rest\u00e9e accroch\u00e9e \u00e0 la derni\u00e8re phrase\u00a0: \u00ab\u00a0Un coming out, soutient Vincent (Mercier), c\u2019est d\u2019abord et avant tout reconnaitre, accepter et aimer qui on est vraiment\u00a0\u00bb.&hellip;<\/p>\n","protected":false},"author":2,"featured_media":0,"comment_status":"open","ping_status":"open","sticky":false,"template":"","format":"standard","meta":{"jetpack_post_was_ever_published":false,"_jetpack_newsletter_access":"","_jetpack_dont_email_post_to_subs":false,"_jetpack_newsletter_tier_id":0,"_jetpack_memberships_contains_paywalled_content":false,"_jetpack_memberships_contains_paid_content":false,"footnotes":"","jetpack_publicize_message":"","jetpack_publicize_feature_enabled":true,"jetpack_social_post_already_shared":true,"jetpack_social_options":{"image_generator_settings":{"template":"highway","default_image_id":0,"font":"","enabled":false},"version":2}},"categories":[50,380,39,171,381],"tags":[275,109,40,273,13],"class_list":["post-3269","post","type-post","status-publish","format-standard","hentry","category-art-de-vivre","category-conscientisation","category-croissance-personnelle","category-pelerinage","category-transformation","tag-art-de-vivre","tag-bonheur","tag-croissance-personnelle-2","tag-gouter-la-vie","tag-pelerinage"],"jetpack_publicize_connections":[],"jetpack_featured_media_url":"","jetpack_shortlink":"https:\/\/wp.me\/p4eY6z-QJ","jetpack_sharing_enabled":true,"jetpack_likes_enabled":true,"jetpack-related-posts":[],"_links":{"self":[{"href":"https:\/\/bottesetvelo.com\/blog\/wp-json\/wp\/v2\/posts\/3269","targetHints":{"allow":["GET"]}}],"collection":[{"href":"https:\/\/bottesetvelo.com\/blog\/wp-json\/wp\/v2\/posts"}],"about":[{"href":"https:\/\/bottesetvelo.com\/blog\/wp-json\/wp\/v2\/types\/post"}],"author":[{"embeddable":true,"href":"https:\/\/bottesetvelo.com\/blog\/wp-json\/wp\/v2\/users\/2"}],"replies":[{"embeddable":true,"href":"https:\/\/bottesetvelo.com\/blog\/wp-json\/wp\/v2\/comments?post=3269"}],"version-history":[{"count":4,"href":"https:\/\/bottesetvelo.com\/blog\/wp-json\/wp\/v2\/posts\/3269\/revisions"}],"predecessor-version":[{"id":3277,"href":"https:\/\/bottesetvelo.com\/blog\/wp-json\/wp\/v2\/posts\/3269\/revisions\/3277"}],"wp:attachment":[{"href":"https:\/\/bottesetvelo.com\/blog\/wp-json\/wp\/v2\/media?parent=3269"}],"wp:term":[{"taxonomy":"category","embeddable":true,"href":"https:\/\/bottesetvelo.com\/blog\/wp-json\/wp\/v2\/categories?post=3269"},{"taxonomy":"post_tag","embeddable":true,"href":"https:\/\/bottesetvelo.com\/blog\/wp-json\/wp\/v2\/tags?post=3269"}],"curies":[{"name":"wp","href":"https:\/\/api.w.org\/{rel}","templated":true}]}}