{"id":3246,"date":"2018-03-30T09:53:56","date_gmt":"2018-03-30T13:53:56","guid":{"rendered":"http:\/\/bottesetvelo.com\/blog\/?p=3246"},"modified":"2018-03-30T09:53:56","modified_gmt":"2018-03-30T13:53:56","slug":"comme-un-grand-silence","status":"publish","type":"post","link":"https:\/\/bottesetvelo.com\/blog\/2018\/03\/30\/comme-un-grand-silence\/","title":{"rendered":"Comme un grand silence"},"content":{"rendered":"<h6 style=\"text-align: right;\"><em>La vie est si curieuse, si surprenante, si nuanc\u00e9e, et chaque tournant du chemin<\/em><br \/>\n<em>nous d\u00e9couvre une vue enti\u00e8rement nouvelle.<\/em><br \/>\n<em>Etty Hillesum<\/em><\/h6>\n<h5 style=\"text-align: justify;\"><span style=\"color: #003366;\">Il y a un temps pour chaque chose et chaque temps se fait sentir \u00e0 son approche. Dans l\u2019hyperactivit\u00e9 de nos vies, les temps d\u2019arr\u00eat se font rares. Les secondes se bousculent et on en vient \u00e0 ne plus voir passer le temps. Que sont devenus ces ann\u00e9es \u00e0 s\u2019agiter, \u00e0 se presser, \u00e0 s\u2019\u00e9tourdir de travail?<\/span><\/h5>\n<p style=\"text-align: justify;\">La t\u00eate pleine. Le c\u0153ur lourd. Le corps fatigu\u00e9. Les lieux de ma vie ne s\u2019accrochent plus les uns aux autres. Je n\u2019arrive plus \u00e0 en tracer la ligne, \u00e0 relier ces moments qui pourraient construire le sens de ma vie. <a href=\"https:\/\/i0.wp.com\/bottesetvelo.com\/blog\/wp-content\/uploads\/2018\/03\/writing-828911_1920.jpg?ssl=1\"><img data-recalc-dims=\"1\" loading=\"lazy\" decoding=\"async\" data-attachment-id=\"3250\" data-permalink=\"https:\/\/bottesetvelo.com\/blog\/2018\/03\/30\/comme-un-grand-silence\/writing-828911_1920\/\" data-orig-file=\"https:\/\/i0.wp.com\/bottesetvelo.com\/blog\/wp-content\/uploads\/2018\/03\/writing-828911_1920.jpg?fit=1920%2C1280&amp;ssl=1\" data-orig-size=\"1920,1280\" data-comments-opened=\"1\" data-image-meta=\"{&quot;aperture&quot;:&quot;0&quot;,&quot;credit&quot;:&quot;&quot;,&quot;camera&quot;:&quot;&quot;,&quot;caption&quot;:&quot;&quot;,&quot;created_timestamp&quot;:&quot;0&quot;,&quot;copyright&quot;:&quot;&quot;,&quot;focal_length&quot;:&quot;0&quot;,&quot;iso&quot;:&quot;0&quot;,&quot;shutter_speed&quot;:&quot;0&quot;,&quot;title&quot;:&quot;&quot;,&quot;orientation&quot;:&quot;0&quot;}\" data-image-title=\"writing-828911_1920\" data-image-description=\"\" data-image-caption=\"\" data-large-file=\"https:\/\/i0.wp.com\/bottesetvelo.com\/blog\/wp-content\/uploads\/2018\/03\/writing-828911_1920.jpg?fit=1024%2C683&amp;ssl=1\" class=\"alignright wp-image-3250\" src=\"https:\/\/i0.wp.com\/bottesetvelo.com\/blog\/wp-content\/uploads\/2018\/03\/writing-828911_1920.jpg?resize=300%2C200&#038;ssl=1\" alt=\"\" width=\"300\" height=\"200\" srcset=\"https:\/\/i0.wp.com\/bottesetvelo.com\/blog\/wp-content\/uploads\/2018\/03\/writing-828911_1920.jpg?resize=500%2C333&amp;ssl=1 500w, https:\/\/i0.wp.com\/bottesetvelo.com\/blog\/wp-content\/uploads\/2018\/03\/writing-828911_1920.jpg?resize=768%2C512&amp;ssl=1 768w, https:\/\/i0.wp.com\/bottesetvelo.com\/blog\/wp-content\/uploads\/2018\/03\/writing-828911_1920.jpg?resize=1024%2C683&amp;ssl=1 1024w, https:\/\/i0.wp.com\/bottesetvelo.com\/blog\/wp-content\/uploads\/2018\/03\/writing-828911_1920.jpg?w=1920&amp;ssl=1 1920w\" sizes=\"auto, (max-width: 300px) 100vw, 300px\" \/><\/a><strong><span style=\"color: #003366;\">Comme un \u00e9crivain compulsif, ma vie s\u2019\u00e9crit sans prendre le temps de la relire.<\/span><\/strong> J\u2019ai besoin de recul pour en appr\u00e9cier la port\u00e9e. De temps d\u2019arr\u00eat pour en saisir les effets.<\/p>\n<p style=\"text-align: justify;\">Chaque jour ma vie s\u2019\u00e9crit bien malgr\u00e9 moi. Je suis la pointe de ce crayon qui ne cesse de raconter mon histoire. Chaque instant, chaque souffle, chaque geste, chaque pas, sont autant de lettres qui composent le r\u00e9cit de ma vie. Pour lire cette histoire, il me faut des pauses, des temps d\u2019arr\u00eat, des temps de silence. D\u00e9coder ce qui fait sens, ce qui illumine mon r\u00e9cit\u2026<\/p>\n<p style=\"text-align: justify;\">Nos vies s\u2019\u00e9crivent comme la nuit o\u00f9 cet humain s\u2019est arr\u00eat\u00e9 pour contempler la voute \u00e9toil\u00e9e. Devant la multitude des \u00e9toiles, devant cette confusion de points scintillants, il ne parvenait pas \u00e0 lire ce que le ciel \u00e9crivait. <strong><span style=\"color: #003366;\">Pour tenter d\u2019y voir plus clair, il a tent\u00e9 de mettre de l\u2019ordre.<\/span><\/strong> Dans le silence de la nuit, il s\u2019est mis \u00e0 relier les \u00e9toiles entre elles. S\u00e9lectionnant certains points lumineux, il tra\u00e7ait des formes\u00a0: des constellations.<\/p>\n<p style=\"text-align: justify;\">Des r\u00e9cits prirent alors forme sous ses yeux. Des constellations s\u2019\u00e9crivaient dans le d\u00e9sordre du ciel, le rendant soudainement plus signifiant. Apparaissait une grande ourse et son petit, un archer, un centaure, un lion\u2026 Chacun de ces trac\u00e9s racontant une histoire. Et ces histoires se r\u00e9pondant l\u2019une l\u2019autre, prenaient part au r\u00e9cit de l\u2019autre. Toute une mythologie s\u2019\u00e9crivait dans le ciel et l\u2019expliquait.<\/p>\n<p style=\"text-align: justify;\">En contemplant le ciel, il n\u2019a pas vu que la noirceur occupait toute la place. Il a vu des points lumineux et les a reli\u00e9s entre eux. Et c\u2019est pr\u00e9cis\u00e9ment dans cette noirceur qu\u2019il a pu accomplir son travail. <a href=\"https:\/\/i0.wp.com\/bottesetvelo.com\/blog\/wp-content\/uploads\/2018\/03\/night-839807_1920.jpg?ssl=1\"><img data-recalc-dims=\"1\" loading=\"lazy\" decoding=\"async\" data-attachment-id=\"3249\" data-permalink=\"https:\/\/bottesetvelo.com\/blog\/2018\/03\/30\/comme-un-grand-silence\/night-839807_1920\/\" data-orig-file=\"https:\/\/i0.wp.com\/bottesetvelo.com\/blog\/wp-content\/uploads\/2018\/03\/night-839807_1920.jpg?fit=1920%2C1361&amp;ssl=1\" data-orig-size=\"1920,1361\" data-comments-opened=\"1\" data-image-meta=\"{&quot;aperture&quot;:&quot;0&quot;,&quot;credit&quot;:&quot;&quot;,&quot;camera&quot;:&quot;&quot;,&quot;caption&quot;:&quot;&quot;,&quot;created_timestamp&quot;:&quot;0&quot;,&quot;copyright&quot;:&quot;&quot;,&quot;focal_length&quot;:&quot;0&quot;,&quot;iso&quot;:&quot;0&quot;,&quot;shutter_speed&quot;:&quot;0&quot;,&quot;title&quot;:&quot;&quot;,&quot;orientation&quot;:&quot;0&quot;}\" data-image-title=\"night-839807_1920\" data-image-description=\"\" data-image-caption=\"\" data-large-file=\"https:\/\/i0.wp.com\/bottesetvelo.com\/blog\/wp-content\/uploads\/2018\/03\/night-839807_1920.jpg?fit=1024%2C726&amp;ssl=1\" class=\"alignright wp-image-3249\" src=\"https:\/\/i0.wp.com\/bottesetvelo.com\/blog\/wp-content\/uploads\/2018\/03\/night-839807_1920.jpg?resize=300%2C213&#038;ssl=1\" alt=\"\" width=\"300\" height=\"213\" srcset=\"https:\/\/i0.wp.com\/bottesetvelo.com\/blog\/wp-content\/uploads\/2018\/03\/night-839807_1920.jpg?resize=500%2C354&amp;ssl=1 500w, https:\/\/i0.wp.com\/bottesetvelo.com\/blog\/wp-content\/uploads\/2018\/03\/night-839807_1920.jpg?resize=768%2C544&amp;ssl=1 768w, https:\/\/i0.wp.com\/bottesetvelo.com\/blog\/wp-content\/uploads\/2018\/03\/night-839807_1920.jpg?resize=1024%2C726&amp;ssl=1 1024w, https:\/\/i0.wp.com\/bottesetvelo.com\/blog\/wp-content\/uploads\/2018\/03\/night-839807_1920.jpg?w=1920&amp;ssl=1 1920w\" sizes=\"auto, (max-width: 300px) 100vw, 300px\" \/><\/a>Il se devait d\u2019attendre la nuit pour distinguer l\u2019histoire qui s\u2019\u00e9crivait. <span style=\"color: #003366;\"><strong>Dans la nuit, nous pouvons lire les traces de la lumi\u00e8re.<\/strong><\/span><\/p>\n<p style=\"text-align: justify;\">Nos vies sont comme ce fouillis d\u2019\u00e9toiles\u00a0: elles ont besoin de pauses dans le silence de nos nuits, pour en \u00e9crire les constellations, pour tracer en les chemins lumineux\u2026<\/p>\n<p style=\"text-align: justify;\">Quand tout fout le camp, que ma vie perd de son sens, qu\u2019un grand vide s\u2019installe au milieu de la course folle, c\u2019est que la nuit arrive! Il est alors temps de s\u2019arr\u00eater pour se relire. Dans la noirceur de ce moment, nous devrons faire l\u2019effort de cet humain qui voulait tracer du sens dans le ciel et relier les points lumineux au c\u0153ur de cette grande noirceur.<\/p>\n<p style=\"text-align: justify;\"><strong><span style=\"color: #003366;\">La vie passe comme un grand silence.<\/span><\/strong> Comme la nuit noire qui contient ces \u00e9toiles et tous leurs r\u00e9cits. Elle nous traverse \u00e0 chaque instant sans faire de bruit. Arr\u00eatons-nous pour \u00e9couter ce qu\u2019elle raconte. Parmi toutes ses histoires, notre constellation brille.<a href=\"https:\/\/i0.wp.com\/bottesetvelo.com\/blog\/wp-content\/uploads\/2018\/01\/Bottes-et-V%C3%A9lo-Embl%C3%AAme-transparent.png?ssl=1\"><img data-recalc-dims=\"1\" loading=\"lazy\" decoding=\"async\" data-attachment-id=\"3180\" data-permalink=\"https:\/\/bottesetvelo.com\/blog\/2018\/01\/26\/sortir-de-la-confusion\/bottes-et-velo-embleme-transparent\/\" data-orig-file=\"https:\/\/i0.wp.com\/bottesetvelo.com\/blog\/wp-content\/uploads\/2018\/01\/Bottes-et-V%C3%A9lo-Embl%C3%AAme-transparent-e1522417779346.png?fit=100%2C79&amp;ssl=1\" data-orig-size=\"100,79\" data-comments-opened=\"1\" data-image-meta=\"{&quot;aperture&quot;:&quot;0&quot;,&quot;credit&quot;:&quot;&quot;,&quot;camera&quot;:&quot;&quot;,&quot;caption&quot;:&quot;&quot;,&quot;created_timestamp&quot;:&quot;0&quot;,&quot;copyright&quot;:&quot;&quot;,&quot;focal_length&quot;:&quot;0&quot;,&quot;iso&quot;:&quot;0&quot;,&quot;shutter_speed&quot;:&quot;0&quot;,&quot;title&quot;:&quot;&quot;,&quot;orientation&quot;:&quot;0&quot;}\" data-image-title=\"Bottes et V\u00e9lo &amp;#8211; Embl\u00eame &amp;#8211; transparent\" data-image-description=\"\" data-image-caption=\"\" data-large-file=\"https:\/\/i0.wp.com\/bottesetvelo.com\/blog\/wp-content\/uploads\/2018\/01\/Bottes-et-V%C3%A9lo-Embl%C3%AAme-transparent-e1522417779346.png?fit=100%2C79&amp;ssl=1\" class=\"wp-image-3180 size-full alignright\" src=\"https:\/\/i0.wp.com\/bottesetvelo.com\/blog\/wp-content\/uploads\/2018\/01\/Bottes-et-V%C3%A9lo-Embl%C3%AAme-transparent-e1522417779346.png?resize=100%2C79&#038;ssl=1\" alt=\"\" width=\"100\" height=\"79\" \/><\/a><\/p>\n<p style=\"text-align: justify;\">\u00c9ric Lalibert\u00e9<\/p>\n","protected":false},"excerpt":{"rendered":"<p>La vie est si curieuse, si surprenante, si nuanc\u00e9e, et chaque tournant du chemin nous d\u00e9couvre une vue enti\u00e8rement nouvelle. Etty Hillesum Il y a un temps pour chaque chose et chaque temps se fait sentir \u00e0 son approche. Dans l\u2019hyperactivit\u00e9 de nos vies, les temps d\u2019arr\u00eat se font rares. Les secondes se bousculent et&hellip;<\/p>\n","protected":false},"author":3,"featured_media":0,"comment_status":"open","ping_status":"open","sticky":false,"template":"","format":"standard","meta":{"jetpack_post_was_ever_published":false,"_jetpack_newsletter_access":"","_jetpack_dont_email_post_to_subs":false,"_jetpack_newsletter_tier_id":0,"_jetpack_memberships_contains_paywalled_content":false,"_jetpack_memberships_contains_paid_content":false,"footnotes":"","jetpack_publicize_message":"","jetpack_publicize_feature_enabled":true,"jetpack_social_post_already_shared":true,"jetpack_social_options":{"image_generator_settings":{"template":"highway","default_image_id":0,"font":"","enabled":false},"version":2}},"categories":[50,380,3],"tags":[492,494,493,475,117],"class_list":["post-3246","post","type-post","status-publish","format-standard","hentry","category-art-de-vivre","category-conscientisation","category-reflexions","tag-constellation","tag-pause","tag-recit-de-vie","tag-relecture","tag-silence"],"jetpack_publicize_connections":[],"jetpack_featured_media_url":"","jetpack_shortlink":"https:\/\/wp.me\/p4eY6z-Qm","jetpack_sharing_enabled":true,"jetpack_likes_enabled":true,"jetpack-related-posts":[],"_links":{"self":[{"href":"https:\/\/bottesetvelo.com\/blog\/wp-json\/wp\/v2\/posts\/3246","targetHints":{"allow":["GET"]}}],"collection":[{"href":"https:\/\/bottesetvelo.com\/blog\/wp-json\/wp\/v2\/posts"}],"about":[{"href":"https:\/\/bottesetvelo.com\/blog\/wp-json\/wp\/v2\/types\/post"}],"author":[{"embeddable":true,"href":"https:\/\/bottesetvelo.com\/blog\/wp-json\/wp\/v2\/users\/3"}],"replies":[{"embeddable":true,"href":"https:\/\/bottesetvelo.com\/blog\/wp-json\/wp\/v2\/comments?post=3246"}],"version-history":[{"count":3,"href":"https:\/\/bottesetvelo.com\/blog\/wp-json\/wp\/v2\/posts\/3246\/revisions"}],"predecessor-version":[{"id":3254,"href":"https:\/\/bottesetvelo.com\/blog\/wp-json\/wp\/v2\/posts\/3246\/revisions\/3254"}],"wp:attachment":[{"href":"https:\/\/bottesetvelo.com\/blog\/wp-json\/wp\/v2\/media?parent=3246"}],"wp:term":[{"taxonomy":"category","embeddable":true,"href":"https:\/\/bottesetvelo.com\/blog\/wp-json\/wp\/v2\/categories?post=3246"},{"taxonomy":"post_tag","embeddable":true,"href":"https:\/\/bottesetvelo.com\/blog\/wp-json\/wp\/v2\/tags?post=3246"}],"curies":[{"name":"wp","href":"https:\/\/api.w.org\/{rel}","templated":true}]}}