{"id":3237,"date":"2018-03-16T17:36:32","date_gmt":"2018-03-16T21:36:32","guid":{"rendered":"http:\/\/bottesetvelo.com\/blog\/?p=3237"},"modified":"2018-03-16T17:36:32","modified_gmt":"2018-03-16T21:36:32","slug":"cet-ete-marchez-local","status":"publish","type":"post","link":"https:\/\/bottesetvelo.com\/blog\/2018\/03\/16\/cet-ete-marchez-local\/","title":{"rendered":"Cet \u00e9t\u00e9 : Marchez local!"},"content":{"rendered":"<h5 style=\"text-align: right;\"><em><strong>Ailleurs est une sph\u00e8re infinie dont le centre est ici. <\/strong><\/em><br \/>\n<em><strong>Fran\u00e7ois Cavanna<\/strong><\/em><\/h5>\n<p style=\"text-align: justify;\"><strong><span style=\"color: #003366;\"><a href=\"https:\/\/i0.wp.com\/bottesetvelo.com\/blog\/wp-content\/uploads\/2018\/03\/DSCN2846.jpg?ssl=1\"><img data-recalc-dims=\"1\" loading=\"lazy\" decoding=\"async\" data-attachment-id=\"3238\" data-permalink=\"https:\/\/bottesetvelo.com\/blog\/2018\/03\/16\/cet-ete-marchez-local\/dscn2846\/\" data-orig-file=\"https:\/\/i0.wp.com\/bottesetvelo.com\/blog\/wp-content\/uploads\/2018\/03\/DSCN2846.jpg?fit=4048%2C2039&amp;ssl=1\" data-orig-size=\"4048,2039\" data-comments-opened=\"1\" data-image-meta=\"{&quot;aperture&quot;:&quot;4.5&quot;,&quot;credit&quot;:&quot;&quot;,&quot;camera&quot;:&quot;COOLPIX S9900&quot;,&quot;caption&quot;:&quot;&quot;,&quot;created_timestamp&quot;:&quot;1499171150&quot;,&quot;copyright&quot;:&quot;&quot;,&quot;focal_length&quot;:&quot;10.7&quot;,&quot;iso&quot;:&quot;125&quot;,&quot;shutter_speed&quot;:&quot;0.000625&quot;,&quot;title&quot;:&quot;&quot;,&quot;orientation&quot;:&quot;1&quot;}\" data-image-title=\"Bottes et V\u00e9lo &amp;#8211; Entre Vents et Mar\u00e9es\" data-image-description=\"\" data-image-caption=\"\" data-large-file=\"https:\/\/i0.wp.com\/bottesetvelo.com\/blog\/wp-content\/uploads\/2018\/03\/DSCN2846.jpg?fit=1024%2C516&amp;ssl=1\" class=\"wp-image-3238 alignright\" src=\"https:\/\/i0.wp.com\/bottesetvelo.com\/blog\/wp-content\/uploads\/2018\/03\/DSCN2846.jpg?resize=300%2C151&#038;ssl=1\" alt=\"\" width=\"300\" height=\"151\" srcset=\"https:\/\/i0.wp.com\/bottesetvelo.com\/blog\/wp-content\/uploads\/2018\/03\/DSCN2846.jpg?resize=500%2C252&amp;ssl=1 500w, https:\/\/i0.wp.com\/bottesetvelo.com\/blog\/wp-content\/uploads\/2018\/03\/DSCN2846.jpg?resize=768%2C387&amp;ssl=1 768w, https:\/\/i0.wp.com\/bottesetvelo.com\/blog\/wp-content\/uploads\/2018\/03\/DSCN2846.jpg?resize=1024%2C516&amp;ssl=1 1024w, https:\/\/i0.wp.com\/bottesetvelo.com\/blog\/wp-content\/uploads\/2018\/03\/DSCN2846.jpg?w=2340&amp;ssl=1 2340w, https:\/\/i0.wp.com\/bottesetvelo.com\/blog\/wp-content\/uploads\/2018\/03\/DSCN2846.jpg?w=3510&amp;ssl=1 3510w\" sizes=\"auto, (max-width: 300px) 100vw, 300px\" \/><\/a>Vous connaissez certainement les campagnes \u00ab\u00a0acheter local\u00a0\u00bb et \u00ab\u00a0manger local\u00a0\u00bb qui veulent encourager les producteurs et les commerces d\u2019ici. Et depuis quelques temps, un nouveau slogan pointe \u00e9galement le nez\u00a0: \u00ab\u00a0travailler local\u00a0\u00bb. On souhaite ainsi \u00e9viter l\u2019exode des travailleurs qualifi\u00e9s en encourageant l\u2019\u00e9mergence d\u2019entreprises et d\u2019emplois r\u00e9pondant aux besoins des travailleurs de la r\u00e9gion. Alors mes chers p\u00e8lerins, que diriez-vous si, cet \u00e9t\u00e9, notre campagne p\u00e8lerine \u00e9tait\u00a0: \u00ab\u00a0marcher local\u00a0\u00bb?<\/span><\/strong><\/p>\n<p style=\"text-align: justify;\">Marcher local c\u2019est prendre le temps de d\u00e9couvrir \u00e0 \u00e9chelle humaine notre lieu d\u2019appartenance. C\u2019est signifier par sa marche qu\u2019on est fier d\u2019y vivre, conscient de ses beaut\u00e9s, de ses richesses, et qu\u2019on encourage les autres \u00e0 nous emboiter le pas. C\u2019est <strong><span style=\"color: #003366;\">valoriser notre coin de pays!<\/span><\/strong><\/p>\n<p style=\"text-align: justify;\">Nous avons souvent, malheureusement, l\u2019habitude de croire que l\u2019herbe est plus verte chez le voisin. Nous prenons <a href=\"https:\/\/i0.wp.com\/bottesetvelo.com\/blog\/wp-content\/uploads\/2018\/03\/DSCN4114.jpg?ssl=1\"><img data-recalc-dims=\"1\" loading=\"lazy\" decoding=\"async\" data-attachment-id=\"3239\" data-permalink=\"https:\/\/bottesetvelo.com\/blog\/2018\/03\/16\/cet-ete-marchez-local\/dscn4114\/\" data-orig-file=\"https:\/\/i0.wp.com\/bottesetvelo.com\/blog\/wp-content\/uploads\/2018\/03\/DSCN4114.jpg?fit=4504%2C3377&amp;ssl=1\" data-orig-size=\"4504,3377\" data-comments-opened=\"1\" data-image-meta=\"{&quot;aperture&quot;:&quot;5&quot;,&quot;credit&quot;:&quot;&quot;,&quot;camera&quot;:&quot;COOLPIX S9900&quot;,&quot;caption&quot;:&quot;&quot;,&quot;created_timestamp&quot;:&quot;1505735264&quot;,&quot;copyright&quot;:&quot;&quot;,&quot;focal_length&quot;:&quot;14.9&quot;,&quot;iso&quot;:&quot;125&quot;,&quot;shutter_speed&quot;:&quot;0.00625&quot;,&quot;title&quot;:&quot;&quot;,&quot;orientation&quot;:&quot;1&quot;}\" data-image-title=\"Bottes et V\u00e9lo &amp;#8211; La Voie du Saint-Laurent\" data-image-description=\"\" data-image-caption=\"\" data-large-file=\"https:\/\/i0.wp.com\/bottesetvelo.com\/blog\/wp-content\/uploads\/2018\/03\/DSCN4114.jpg?fit=1024%2C768&amp;ssl=1\" class=\"wp-image-3239 alignleft\" src=\"https:\/\/i0.wp.com\/bottesetvelo.com\/blog\/wp-content\/uploads\/2018\/03\/DSCN4114.jpg?resize=300%2C225&#038;ssl=1\" alt=\"\" width=\"300\" height=\"225\" srcset=\"https:\/\/i0.wp.com\/bottesetvelo.com\/blog\/wp-content\/uploads\/2018\/03\/DSCN4114.jpg?resize=500%2C375&amp;ssl=1 500w, https:\/\/i0.wp.com\/bottesetvelo.com\/blog\/wp-content\/uploads\/2018\/03\/DSCN4114.jpg?resize=768%2C576&amp;ssl=1 768w, https:\/\/i0.wp.com\/bottesetvelo.com\/blog\/wp-content\/uploads\/2018\/03\/DSCN4114.jpg?resize=1024%2C768&amp;ssl=1 1024w, https:\/\/i0.wp.com\/bottesetvelo.com\/blog\/wp-content\/uploads\/2018\/03\/DSCN4114.jpg?w=2340&amp;ssl=1 2340w, https:\/\/i0.wp.com\/bottesetvelo.com\/blog\/wp-content\/uploads\/2018\/03\/DSCN4114.jpg?w=3510&amp;ssl=1 3510w\" sizes=\"auto, (max-width: 300px) 100vw, 300px\" \/><\/a>pour acquis ce qui nous entoure au point de ne plus en remarquer les attraits. Le mouvement \u00ab\u00a0Marcher local\u00a0\u00bb vous invite \u00e0 chausser vos bottines et \u00e0 mettre vos lunettes p\u00e8lerines. Vous savez, ces lunettes que vous portez en voyage qui vous font tourner la t\u00eate dans toutes les directions tout au long de votre marche; celles qui vous agrandissent les yeux pour embrasser l\u2019immensit\u00e9 des paysages; celles qui mettent en \u00e9vidence les d\u00e9tails qui vous entourent et qui embellissent votre route. Elles vous feront d\u00e9couvrir le charme des villages d\u2019ici, avec leurs maisons color\u00e9es et leur architecture d\u2019un autre temps, la grandiosit\u00e9 et l\u2019imposance de nos \u00e9glises, nos panoramas \u00e0 couper le souffle avec leurs points de vue sur le fleuve ou sur les montagnes verdoyantes. Marcher local c\u2019est <span style=\"color: #003366;\"><strong>\u00eatre touriste dans son propre pays.<\/strong><\/span><\/p>\n<p style=\"text-align: justify;\"><a href=\"https:\/\/i0.wp.com\/bottesetvelo.com\/blog\/wp-content\/uploads\/2018\/03\/DSCN4585.jpg?ssl=1\"><img data-recalc-dims=\"1\" loading=\"lazy\" decoding=\"async\" data-attachment-id=\"3240\" data-permalink=\"https:\/\/bottesetvelo.com\/blog\/2018\/03\/16\/cet-ete-marchez-local\/dscn4585-2\/\" data-orig-file=\"https:\/\/i0.wp.com\/bottesetvelo.com\/blog\/wp-content\/uploads\/2018\/03\/DSCN4585.jpg?fit=4051%2C2095&amp;ssl=1\" data-orig-size=\"4051,2095\" data-comments-opened=\"1\" data-image-meta=\"{&quot;aperture&quot;:&quot;3.7&quot;,&quot;credit&quot;:&quot;&quot;,&quot;camera&quot;:&quot;COOLPIX S9900&quot;,&quot;caption&quot;:&quot;&quot;,&quot;created_timestamp&quot;:&quot;1507994340&quot;,&quot;copyright&quot;:&quot;&quot;,&quot;focal_length&quot;:&quot;4.5&quot;,&quot;iso&quot;:&quot;125&quot;,&quot;shutter_speed&quot;:&quot;0.005&quot;,&quot;title&quot;:&quot;&quot;,&quot;orientation&quot;:&quot;1&quot;}\" data-image-title=\"Bottes et V\u00e9lo\" data-image-description=\"\" data-image-caption=\"\" data-large-file=\"https:\/\/i0.wp.com\/bottesetvelo.com\/blog\/wp-content\/uploads\/2018\/03\/DSCN4585.jpg?fit=1024%2C530&amp;ssl=1\" class=\"wp-image-3240 alignright\" src=\"https:\/\/i0.wp.com\/bottesetvelo.com\/blog\/wp-content\/uploads\/2018\/03\/DSCN4585.jpg?resize=300%2C155&#038;ssl=1\" alt=\"\" width=\"300\" height=\"155\" srcset=\"https:\/\/i0.wp.com\/bottesetvelo.com\/blog\/wp-content\/uploads\/2018\/03\/DSCN4585.jpg?resize=500%2C259&amp;ssl=1 500w, https:\/\/i0.wp.com\/bottesetvelo.com\/blog\/wp-content\/uploads\/2018\/03\/DSCN4585.jpg?resize=768%2C397&amp;ssl=1 768w, https:\/\/i0.wp.com\/bottesetvelo.com\/blog\/wp-content\/uploads\/2018\/03\/DSCN4585.jpg?resize=1024%2C530&amp;ssl=1 1024w, https:\/\/i0.wp.com\/bottesetvelo.com\/blog\/wp-content\/uploads\/2018\/03\/DSCN4585.jpg?w=2340&amp;ssl=1 2340w, https:\/\/i0.wp.com\/bottesetvelo.com\/blog\/wp-content\/uploads\/2018\/03\/DSCN4585.jpg?w=3510&amp;ssl=1 3510w\" sizes=\"auto, (max-width: 300px) 100vw, 300px\" \/><\/a>Enfilez votre sac \u00e0 dos et mettez votre chapeau de p\u00e8lerin. Cet accoutrement qui vous identifie comme voyageur et qui vous a donn\u00e9 mille occasions de faire des rencontres durant vos p\u00e8lerinages. Cette allure qui questionne et fait r\u00eaver les plus s\u00e9dentaires. Marchez local pour <strong><span style=\"color: #003366;\">d\u00e9couvrir la bont\u00e9 et la bonhomie des gens de chez nous.<\/span><\/strong> Des gens accueillants, rieurs, accommodants, qui vous ressemblent tout en ayant leurs couleurs r\u00e9gionales. Apprenez \u00e0 travers eux l\u2019histoire de notre pays. D\u00e9couvrez, autour d\u2019un bon repas, la r\u00e9alit\u00e9 de la vie de ces compatriotes, avec ses plaisirs et ses d\u00e9fis. Et comme sur le chemin qui m\u00e8ne \u00e0 Compostelle, dites bonjour \u00e0 ceux qui croisent votre route.<\/p>\n<p style=\"text-align: justify;\"><a href=\"https:\/\/i0.wp.com\/bottesetvelo.com\/blog\/wp-content\/uploads\/2018\/03\/DSCN4368.jpg?ssl=1\"><img data-recalc-dims=\"1\" loading=\"lazy\" decoding=\"async\" data-attachment-id=\"3241\" data-permalink=\"https:\/\/bottesetvelo.com\/blog\/2018\/03\/16\/cet-ete-marchez-local\/dscn4368\/\" data-orig-file=\"https:\/\/i0.wp.com\/bottesetvelo.com\/blog\/wp-content\/uploads\/2018\/03\/DSCN4368.jpg?fit=3556%2C2298&amp;ssl=1\" data-orig-size=\"3556,2298\" data-comments-opened=\"1\" data-image-meta=\"{&quot;aperture&quot;:&quot;5&quot;,&quot;credit&quot;:&quot;&quot;,&quot;camera&quot;:&quot;COOLPIX S9900&quot;,&quot;caption&quot;:&quot;&quot;,&quot;created_timestamp&quot;:&quot;1506091285&quot;,&quot;copyright&quot;:&quot;&quot;,&quot;focal_length&quot;:&quot;14.9&quot;,&quot;iso&quot;:&quot;125&quot;,&quot;shutter_speed&quot;:&quot;0.00125&quot;,&quot;title&quot;:&quot;&quot;,&quot;orientation&quot;:&quot;1&quot;}\" data-image-title=\"Bottes et V\u00e9lo &amp;#8211; La Voie du Saint-Laurent\" data-image-description=\"\" data-image-caption=\"\" data-large-file=\"https:\/\/i0.wp.com\/bottesetvelo.com\/blog\/wp-content\/uploads\/2018\/03\/DSCN4368.jpg?fit=1024%2C662&amp;ssl=1\" class=\"wp-image-3241 alignleft\" src=\"https:\/\/i0.wp.com\/bottesetvelo.com\/blog\/wp-content\/uploads\/2018\/03\/DSCN4368.jpg?resize=300%2C194&#038;ssl=1\" alt=\"\" width=\"300\" height=\"194\" srcset=\"https:\/\/i0.wp.com\/bottesetvelo.com\/blog\/wp-content\/uploads\/2018\/03\/DSCN4368.jpg?resize=500%2C323&amp;ssl=1 500w, https:\/\/i0.wp.com\/bottesetvelo.com\/blog\/wp-content\/uploads\/2018\/03\/DSCN4368.jpg?resize=768%2C496&amp;ssl=1 768w, https:\/\/i0.wp.com\/bottesetvelo.com\/blog\/wp-content\/uploads\/2018\/03\/DSCN4368.jpg?resize=1024%2C662&amp;ssl=1 1024w, https:\/\/i0.wp.com\/bottesetvelo.com\/blog\/wp-content\/uploads\/2018\/03\/DSCN4368.jpg?w=2340&amp;ssl=1 2340w, https:\/\/i0.wp.com\/bottesetvelo.com\/blog\/wp-content\/uploads\/2018\/03\/DSCN4368.jpg?w=3510&amp;ssl=1 3510w\" sizes=\"auto, (max-width: 300px) 100vw, 300px\" \/><\/a>Promouvoir le \u00ab\u00a0marcher local\u00a0\u00bb, c\u2019est encourager le d\u00e9veloppement des h\u00e9bergements p\u00e8lerins et des services adapt\u00e9s \u00e0 ce type de d\u00e9placement. Nous avons d\u00e9j\u00e0 plusieurs belles auberges de jeunesse, petits motels avec des cabines, gites du passant. Encourageons-les! En p\u00e8lerinant localement, nous favorisons l\u2019\u00e9conomie des petites entreprises que la voiture et les grands centres urbains sont en train de tuer \u00e0 petit feu. Nous contribuons au maintien des services dans les villages et les r\u00e9gions plus \u00e9loign\u00e9es. Savourez les saveurs locales, admirez les talents artistiques cach\u00e9s dans les coins recul\u00e9s et inspirants, participez aux festivit\u00e9s de la r\u00e9gion, arr\u00eatez-vous au kiosque de fruits et l\u00e9gumes de la ferme.<\/p>\n<p style=\"text-align: justify;\">Plusieurs chemins d\u2019ici attendent votre passage. Cet \u00e9t\u00e9, surprenez-vous. Marchez local!<\/p>\n<p>&nbsp;<\/p>\n<p style=\"text-align: justify;\">Brigitte Harouni<a href=\"https:\/\/i0.wp.com\/bottesetvelo.com\/blog\/wp-content\/uploads\/2018\/01\/Bottes-et-V%C3%A9lo-Embl%C3%AAme-transparent.png?ssl=1\"><img data-recalc-dims=\"1\" loading=\"lazy\" decoding=\"async\" data-attachment-id=\"3180\" data-permalink=\"https:\/\/bottesetvelo.com\/blog\/2018\/01\/26\/sortir-de-la-confusion\/bottes-et-velo-embleme-transparent\/\" data-orig-file=\"https:\/\/i0.wp.com\/bottesetvelo.com\/blog\/wp-content\/uploads\/2018\/01\/Bottes-et-V%C3%A9lo-Embl%C3%AAme-transparent-e1522417779346.png?fit=100%2C79&amp;ssl=1\" data-orig-size=\"100,79\" data-comments-opened=\"1\" data-image-meta=\"{&quot;aperture&quot;:&quot;0&quot;,&quot;credit&quot;:&quot;&quot;,&quot;camera&quot;:&quot;&quot;,&quot;caption&quot;:&quot;&quot;,&quot;created_timestamp&quot;:&quot;0&quot;,&quot;copyright&quot;:&quot;&quot;,&quot;focal_length&quot;:&quot;0&quot;,&quot;iso&quot;:&quot;0&quot;,&quot;shutter_speed&quot;:&quot;0&quot;,&quot;title&quot;:&quot;&quot;,&quot;orientation&quot;:&quot;0&quot;}\" data-image-title=\"Bottes et V\u00e9lo &amp;#8211; Embl\u00eame &amp;#8211; transparent\" data-image-description=\"\" data-image-caption=\"\" data-large-file=\"https:\/\/i0.wp.com\/bottesetvelo.com\/blog\/wp-content\/uploads\/2018\/01\/Bottes-et-V%C3%A9lo-Embl%C3%AAme-transparent-e1522417779346.png?fit=100%2C79&amp;ssl=1\" class=\"wp-image-3180 alignright\" src=\"https:\/\/i0.wp.com\/bottesetvelo.com\/blog\/wp-content\/uploads\/2018\/01\/Bottes-et-V%C3%A9lo-Embl%C3%AAme-transparent.png?resize=50%2C39&#038;ssl=1\" alt=\"\" width=\"50\" height=\"39\" \/><\/a><\/p>\n","protected":false},"excerpt":{"rendered":"<p>Ailleurs est une sph\u00e8re infinie dont le centre est ici. Fran\u00e7ois Cavanna Vous connaissez certainement les campagnes \u00ab\u00a0acheter local\u00a0\u00bb et \u00ab\u00a0manger local\u00a0\u00bb qui veulent encourager les producteurs et les commerces d\u2019ici. Et depuis quelques temps, un nouveau slogan pointe \u00e9galement le nez\u00a0: \u00ab\u00a0travailler local\u00a0\u00bb. On souhaite ainsi \u00e9viter l\u2019exode des travailleurs qualifi\u00e9s en encourageant l\u2019\u00e9mergence&hellip;<\/p>\n","protected":false},"author":2,"featured_media":0,"comment_status":"open","ping_status":"open","sticky":false,"template":"","format":"standard","meta":{"jetpack_post_was_ever_published":false,"_jetpack_newsletter_access":"","_jetpack_dont_email_post_to_subs":false,"_jetpack_newsletter_tier_id":0,"_jetpack_memberships_contains_paywalled_content":false,"_jetpack_memberships_contains_paid_content":false,"footnotes":"","jetpack_publicize_message":"","jetpack_publicize_feature_enabled":true,"jetpack_social_post_already_shared":true,"jetpack_social_options":{"image_generator_settings":{"template":"highway","default_image_id":0,"font":"","enabled":false},"version":2}},"categories":[50,9,3,390],"tags":[275,203,273,14,13,16,38],"class_list":["post-3237","post","type-post","status-publish","format-standard","hentry","category-art-de-vivre","category-chemins-de-pelerinage","category-reflexions","category-voyages-pelerins","tag-art-de-vivre","tag-chemin","tag-gouter-la-vie","tag-marche","tag-pelerinage","tag-quebec","tag-reflexion"],"jetpack_publicize_connections":[],"jetpack_featured_media_url":"","jetpack_shortlink":"https:\/\/wp.me\/p4eY6z-Qd","jetpack_sharing_enabled":true,"jetpack_likes_enabled":true,"jetpack-related-posts":[],"_links":{"self":[{"href":"https:\/\/bottesetvelo.com\/blog\/wp-json\/wp\/v2\/posts\/3237","targetHints":{"allow":["GET"]}}],"collection":[{"href":"https:\/\/bottesetvelo.com\/blog\/wp-json\/wp\/v2\/posts"}],"about":[{"href":"https:\/\/bottesetvelo.com\/blog\/wp-json\/wp\/v2\/types\/post"}],"author":[{"embeddable":true,"href":"https:\/\/bottesetvelo.com\/blog\/wp-json\/wp\/v2\/users\/2"}],"replies":[{"embeddable":true,"href":"https:\/\/bottesetvelo.com\/blog\/wp-json\/wp\/v2\/comments?post=3237"}],"version-history":[{"count":3,"href":"https:\/\/bottesetvelo.com\/blog\/wp-json\/wp\/v2\/posts\/3237\/revisions"}],"predecessor-version":[{"id":3243,"href":"https:\/\/bottesetvelo.com\/blog\/wp-json\/wp\/v2\/posts\/3237\/revisions\/3243"}],"wp:attachment":[{"href":"https:\/\/bottesetvelo.com\/blog\/wp-json\/wp\/v2\/media?parent=3237"}],"wp:term":[{"taxonomy":"category","embeddable":true,"href":"https:\/\/bottesetvelo.com\/blog\/wp-json\/wp\/v2\/categories?post=3237"},{"taxonomy":"post_tag","embeddable":true,"href":"https:\/\/bottesetvelo.com\/blog\/wp-json\/wp\/v2\/tags?post=3237"}],"curies":[{"name":"wp","href":"https:\/\/api.w.org\/{rel}","templated":true}]}}