{"id":3220,"date":"2018-03-11T11:31:38","date_gmt":"2018-03-11T15:31:38","guid":{"rendered":"http:\/\/bottesetvelo.com\/blog\/?p=3220"},"modified":"2018-03-11T11:31:38","modified_gmt":"2018-03-11T15:31:38","slug":"guides-du-pelerin-2018","status":"publish","type":"post","link":"https:\/\/bottesetvelo.com\/blog\/2018\/03\/11\/guides-du-pelerin-2018\/","title":{"rendered":"Guides du P\u00e8lerin 2018"},"content":{"rendered":"<h4 style=\"text-align: justify;\"><a href=\"http:\/\/bottesetvelo.com\/index.php\/les-guides-du-pelerin\/\">Les guides du p\u00e8lerin 2018 <\/a> <span style=\"color: #003366;\">sont maintenant disponibles et l\u2019h\u00e9bergement a \u00e9t\u00e9 mis-\u00e0-jour. Do<\/span><span style=\"color: #003366;\">r\u00e9navant, l<\/span><span style=\"color: #003366;\">es guides seront\u00a0 offerts uniquement en format PDF\u00a0 et <span style=\"color: #003300;\"><em>toujours gratuitement<\/em><\/span>.<\/span><\/h4>\n<p style=\"text-align: justify;\"><a href=\"https:\/\/i0.wp.com\/bottesetvelo.com\/blog\/wp-content\/uploads\/2018\/02\/DSCN3849.jpg?ssl=1\"><img data-recalc-dims=\"1\" loading=\"lazy\" decoding=\"async\" data-attachment-id=\"3203\" data-permalink=\"https:\/\/bottesetvelo.com\/blog\/2018\/02\/11\/la-ou-mon-coeur-me-porte\/dscn3849\/\" data-orig-file=\"https:\/\/i0.wp.com\/bottesetvelo.com\/blog\/wp-content\/uploads\/2018\/02\/DSCN3849.jpg?fit=3911%2C1942&amp;ssl=1\" data-orig-size=\"3911,1942\" data-comments-opened=\"1\" data-image-meta=\"{&quot;aperture&quot;:&quot;4.5&quot;,&quot;credit&quot;:&quot;&quot;,&quot;camera&quot;:&quot;COOLPIX S9900&quot;,&quot;caption&quot;:&quot;&quot;,&quot;created_timestamp&quot;:&quot;1503834718&quot;,&quot;copyright&quot;:&quot;&quot;,&quot;focal_length&quot;:&quot;10.7&quot;,&quot;iso&quot;:&quot;125&quot;,&quot;shutter_speed&quot;:&quot;0.000625&quot;,&quot;title&quot;:&quot;&quot;,&quot;orientation&quot;:&quot;1&quot;}\" data-image-title=\"Bottes et V\u00e9lo &amp;#8211; \u00cele d&amp;rsquo;Orl\u00e9ans\" data-image-description=\"\" data-image-caption=\"\" data-large-file=\"https:\/\/i0.wp.com\/bottesetvelo.com\/blog\/wp-content\/uploads\/2018\/02\/DSCN3849.jpg?fit=1024%2C508&amp;ssl=1\" class=\" wp-image-3203 alignright\" src=\"https:\/\/i0.wp.com\/bottesetvelo.com\/blog\/wp-content\/uploads\/2018\/02\/DSCN3849.jpg?resize=391%2C194&#038;ssl=1\" alt=\"\" width=\"391\" height=\"194\" srcset=\"https:\/\/i0.wp.com\/bottesetvelo.com\/blog\/wp-content\/uploads\/2018\/02\/DSCN3849.jpg?resize=500%2C248&amp;ssl=1 500w, https:\/\/i0.wp.com\/bottesetvelo.com\/blog\/wp-content\/uploads\/2018\/02\/DSCN3849.jpg?resize=768%2C381&amp;ssl=1 768w, https:\/\/i0.wp.com\/bottesetvelo.com\/blog\/wp-content\/uploads\/2018\/02\/DSCN3849.jpg?resize=1024%2C508&amp;ssl=1 1024w, https:\/\/i0.wp.com\/bottesetvelo.com\/blog\/wp-content\/uploads\/2018\/02\/DSCN3849.jpg?w=2340&amp;ssl=1 2340w, https:\/\/i0.wp.com\/bottesetvelo.com\/blog\/wp-content\/uploads\/2018\/02\/DSCN3849.jpg?w=3510&amp;ssl=1 3510w\" sizes=\"auto, (max-width: 391px) 100vw, 391px\" \/><\/a><span style=\"color: #003366;\"><strong>Bottes et V\u00e9lo<\/strong><\/span> a pour <a href=\"http:\/\/bottesetvelo.com\/index.php\/contact-us\/mission\/\">mission<\/a> de <strong>promouvoir<\/strong> le p\u00e8lerinage de longue randonn\u00e9e, d&rsquo;en <strong>valoriser<\/strong> les bienfaits et d&rsquo;<strong>accompagner<\/strong> le p\u00e8lerin-randonneur dans sa d\u00e9marche. En faisant la promotion de la marche p\u00e8lerine, c&rsquo;est tout particuli\u00e8rement le p\u00e8lerinage autonome que nous d\u00e9sirons soutenir. C&rsquo;est-\u00e0-dire en faire une exp\u00e9rience libre et accessible \u00e0 tous.<\/p>\n<p style=\"text-align: justify;\">Actuellement, les chemins de longue randonn\u00e9e sont de plus en plus nombreux au Qu\u00e9bec. Michel O&rsquo;Neill, sociologue, en a fait une excellente recension dans son livre intitul\u00e9:\u00a0<em><a href=\"https:\/\/www.pulaval.com\/produit\/la-marche-pelerine-quebecoise-depuis-les-annees-1990\">Entre Saint-Jacques-de-Compostelle et Sainte-Anne-de-Beaupr\u00e9. La marche p\u00e8lerine qu\u00e9b\u00e9coise depuis les ann\u00e9es 1990<\/a>. (Une \u00e9dition r\u00e9vis\u00e9e et mise-\u00e0-jour sera disponible sous peu. Nous vous tiendrons au courant de sa parution.) <\/em>Plusieurs de ces chemins qu\u00e9b\u00e9cois sont accessibles de mani\u00e8re autonome et offrent des parcours un peu partout dans la province. <a href=\"http:\/\/bottesetvelo.com\/index.php\/les-guides-du-pelerin\/\"><img data-recalc-dims=\"1\" loading=\"lazy\" decoding=\"async\" data-attachment-id=\"3223\" data-permalink=\"https:\/\/bottesetvelo.com\/blog\/2018\/03\/11\/guides-du-pelerin-2018\/bottes-et-velo-la-voie-du-saint-laurent-quebec-perce-couverture\/\" data-orig-file=\"https:\/\/i0.wp.com\/bottesetvelo.com\/blog\/wp-content\/uploads\/2018\/03\/Bottes-et-V%C3%A9lo-La-Voie-du-Saint-Laurent-Qu%C3%A9bec-Perc%C3%A9-Couverture.png?fit=820%2C1084&amp;ssl=1\" data-orig-size=\"820,1084\" data-comments-opened=\"1\" data-image-meta=\"{&quot;aperture&quot;:&quot;0&quot;,&quot;credit&quot;:&quot;&quot;,&quot;camera&quot;:&quot;&quot;,&quot;caption&quot;:&quot;&quot;,&quot;created_timestamp&quot;:&quot;0&quot;,&quot;copyright&quot;:&quot;&quot;,&quot;focal_length&quot;:&quot;0&quot;,&quot;iso&quot;:&quot;0&quot;,&quot;shutter_speed&quot;:&quot;0&quot;,&quot;title&quot;:&quot;&quot;,&quot;orientation&quot;:&quot;0&quot;}\" data-image-title=\"Bottes et V\u00e9lo &amp;#8211; La Voie du Saint-Laurent (Qu\u00e9bec-Perc\u00e9) &amp;#8211; Couverture\" data-image-description=\"\" data-image-caption=\"\" data-large-file=\"https:\/\/i0.wp.com\/bottesetvelo.com\/blog\/wp-content\/uploads\/2018\/03\/Bottes-et-V%C3%A9lo-La-Voie-du-Saint-Laurent-Qu%C3%A9bec-Perc%C3%A9-Couverture.png?fit=775%2C1024&amp;ssl=1\" class=\"alignright wp-image-3223\" src=\"https:\/\/i0.wp.com\/bottesetvelo.com\/blog\/wp-content\/uploads\/2018\/03\/Bottes-et-V%C3%A9lo-La-Voie-du-Saint-Laurent-Qu%C3%A9bec-Perc%C3%A9-Couverture.png?resize=214%2C283&#038;ssl=1\" alt=\"\" width=\"214\" height=\"283\" srcset=\"https:\/\/i0.wp.com\/bottesetvelo.com\/blog\/wp-content\/uploads\/2018\/03\/Bottes-et-V%C3%A9lo-La-Voie-du-Saint-Laurent-Qu%C3%A9bec-Perc%C3%A9-Couverture.png?resize=378%2C500&amp;ssl=1 378w, https:\/\/i0.wp.com\/bottesetvelo.com\/blog\/wp-content\/uploads\/2018\/03\/Bottes-et-V%C3%A9lo-La-Voie-du-Saint-Laurent-Qu%C3%A9bec-Perc%C3%A9-Couverture.png?resize=768%2C1015&amp;ssl=1 768w, https:\/\/i0.wp.com\/bottesetvelo.com\/blog\/wp-content\/uploads\/2018\/03\/Bottes-et-V%C3%A9lo-La-Voie-du-Saint-Laurent-Qu%C3%A9bec-Perc%C3%A9-Couverture.png?resize=775%2C1024&amp;ssl=1 775w, https:\/\/i0.wp.com\/bottesetvelo.com\/blog\/wp-content\/uploads\/2018\/03\/Bottes-et-V%C3%A9lo-La-Voie-du-Saint-Laurent-Qu%C3%A9bec-Perc%C3%A9-Couverture.png?w=820&amp;ssl=1 820w\" sizes=\"auto, (max-width: 214px) 100vw, 214px\" \/><\/a>C&rsquo;est donc dire que le p\u00e8lerinage autonome prend de plus en plus d&rsquo;ampleur au Qu\u00e9bec. Et nous sommes \u00e0 m\u00eame de le constater par le biais des h\u00e9bergeurs qui nous contactent pour nous informer qu&rsquo;il y a en effet un nombre grandissant de p\u00e8lerins-randonneurs qui passent par chez eux.<em><br \/>\n<\/em><\/p>\n<p style=\"text-align: justify;\"><span style=\"color: #003366;\"><strong>Bottes et V\u00e9lo<\/strong><\/span> est fier et heureux de continuer \u00e0 vous offrir la possibilit\u00e9 de vivre l&rsquo;exp\u00e9rience en toute libert\u00e9. Au fil du temps, nous comptons vous proposer d&rsquo;autres itin\u00e9raires en Am\u00e9rique du Nord. C&rsquo;est \u00e0 suivre! C&rsquo;est le temps qui nous manque parfois&#8230; En bout de ligne, ce qu&rsquo;il faut retenir, c&rsquo;est qu&rsquo;il suffit d&rsquo;un chemin, d&rsquo;une route ou d&rsquo;un sentier pour aller marcher et se faire p\u00e8lerin-randonneur. <em><span style=\"color: #003366;\"><strong>Chacun est libre de tracer sa route !<br \/>\n<\/strong><\/span><\/em><\/p>\n<p><a href=\"https:\/\/i0.wp.com\/bottesetvelo.com\/blog\/wp-content\/uploads\/2018\/01\/Bottes-et-V%C3%A9lo-Embl%C3%AAme-transparent.png?ssl=1\"><img data-recalc-dims=\"1\" loading=\"lazy\" decoding=\"async\" data-attachment-id=\"3180\" data-permalink=\"https:\/\/bottesetvelo.com\/blog\/2018\/01\/26\/sortir-de-la-confusion\/bottes-et-velo-embleme-transparent\/\" data-orig-file=\"https:\/\/i0.wp.com\/bottesetvelo.com\/blog\/wp-content\/uploads\/2018\/01\/Bottes-et-V%C3%A9lo-Embl%C3%AAme-transparent-e1522417779346.png?fit=100%2C79&amp;ssl=1\" data-orig-size=\"100,79\" data-comments-opened=\"1\" data-image-meta=\"{&quot;aperture&quot;:&quot;0&quot;,&quot;credit&quot;:&quot;&quot;,&quot;camera&quot;:&quot;&quot;,&quot;caption&quot;:&quot;&quot;,&quot;created_timestamp&quot;:&quot;0&quot;,&quot;copyright&quot;:&quot;&quot;,&quot;focal_length&quot;:&quot;0&quot;,&quot;iso&quot;:&quot;0&quot;,&quot;shutter_speed&quot;:&quot;0&quot;,&quot;title&quot;:&quot;&quot;,&quot;orientation&quot;:&quot;0&quot;}\" data-image-title=\"Bottes et V\u00e9lo &amp;#8211; Embl\u00eame &amp;#8211; transparent\" data-image-description=\"\" data-image-caption=\"\" data-large-file=\"https:\/\/i0.wp.com\/bottesetvelo.com\/blog\/wp-content\/uploads\/2018\/01\/Bottes-et-V%C3%A9lo-Embl%C3%AAme-transparent-e1522417779346.png?fit=100%2C79&amp;ssl=1\" class=\"wp-image-3180 alignright\" src=\"https:\/\/i0.wp.com\/bottesetvelo.com\/blog\/wp-content\/uploads\/2018\/01\/Bottes-et-V%C3%A9lo-Embl%C3%AAme-transparent.png?resize=103%2C81&#038;ssl=1\" alt=\"\" width=\"103\" height=\"81\" \/><\/a>Bonne d\u00e9marche p\u00e8lerine \u00e0 tous!<\/p>\n<p>\u00c9ric Lalibert\u00e9 et Brigitte Harouni<\/p>\n","protected":false},"excerpt":{"rendered":"<p>Les guides du p\u00e8lerin 2018 sont maintenant disponibles et l\u2019h\u00e9bergement a \u00e9t\u00e9 mis-\u00e0-jour. Dor\u00e9navant, les guides seront\u00a0 offerts uniquement en format PDF\u00a0 et toujours gratuitement. Bottes et V\u00e9lo a pour mission de promouvoir le p\u00e8lerinage de longue randonn\u00e9e, d&rsquo;en valoriser les bienfaits et d&rsquo;accompagner le p\u00e8lerin-randonneur dans sa d\u00e9marche. En faisant la promotion de la&hellip;<\/p>\n","protected":false},"author":1,"featured_media":0,"comment_status":"open","ping_status":"open","sticky":false,"template":"","format":"standard","meta":{"jetpack_post_was_ever_published":false,"_jetpack_newsletter_access":"","_jetpack_dont_email_post_to_subs":false,"_jetpack_newsletter_tier_id":0,"_jetpack_memberships_contains_paywalled_content":false,"_jetpack_memberships_contains_paid_content":false,"footnotes":"","jetpack_publicize_message":"","jetpack_publicize_feature_enabled":true,"jetpack_social_post_already_shared":true,"jetpack_social_options":{"image_generator_settings":{"template":"highway","default_image_id":0,"font":"","enabled":false},"version":2}},"categories":[176],"tags":[57,491,208],"class_list":["post-3220","post","type-post","status-publish","format-standard","hentry","category-guides-du-pelerin","tag-guide-du-pelerin","tag-pelerin-randonneur","tag-pelerinage-autonome"],"jetpack_publicize_connections":[],"jetpack_featured_media_url":"","jetpack_shortlink":"https:\/\/wp.me\/p4eY6z-PW","jetpack_sharing_enabled":true,"jetpack_likes_enabled":true,"jetpack-related-posts":[],"_links":{"self":[{"href":"https:\/\/bottesetvelo.com\/blog\/wp-json\/wp\/v2\/posts\/3220","targetHints":{"allow":["GET"]}}],"collection":[{"href":"https:\/\/bottesetvelo.com\/blog\/wp-json\/wp\/v2\/posts"}],"about":[{"href":"https:\/\/bottesetvelo.com\/blog\/wp-json\/wp\/v2\/types\/post"}],"author":[{"embeddable":true,"href":"https:\/\/bottesetvelo.com\/blog\/wp-json\/wp\/v2\/users\/1"}],"replies":[{"embeddable":true,"href":"https:\/\/bottesetvelo.com\/blog\/wp-json\/wp\/v2\/comments?post=3220"}],"version-history":[{"count":12,"href":"https:\/\/bottesetvelo.com\/blog\/wp-json\/wp\/v2\/posts\/3220\/revisions"}],"predecessor-version":[{"id":3650,"href":"https:\/\/bottesetvelo.com\/blog\/wp-json\/wp\/v2\/posts\/3220\/revisions\/3650"}],"wp:attachment":[{"href":"https:\/\/bottesetvelo.com\/blog\/wp-json\/wp\/v2\/media?parent=3220"}],"wp:term":[{"taxonomy":"category","embeddable":true,"href":"https:\/\/bottesetvelo.com\/blog\/wp-json\/wp\/v2\/categories?post=3220"},{"taxonomy":"post_tag","embeddable":true,"href":"https:\/\/bottesetvelo.com\/blog\/wp-json\/wp\/v2\/tags?post=3220"}],"curies":[{"name":"wp","href":"https:\/\/api.w.org\/{rel}","templated":true}]}}