{"id":3209,"date":"2018-02-23T05:59:21","date_gmt":"2018-02-23T10:59:21","guid":{"rendered":"http:\/\/bottesetvelo.com\/blog\/?p=3209"},"modified":"2018-02-23T05:59:21","modified_gmt":"2018-02-23T10:59:21","slug":"le-temps-de-se-relire","status":"publish","type":"post","link":"https:\/\/bottesetvelo.com\/blog\/2018\/02\/23\/le-temps-de-se-relire\/","title":{"rendered":"Le temps de se relire"},"content":{"rendered":"<h6 style=\"text-align: right;\"><em>Jeune, je n&rsquo;avais aucune vision, mon avenir paraissait aussi flou que mon pass\u00e9.<\/em><br \/>\n<em>Johnny Hallyday<\/em><\/h6>\n<h5 style=\"text-align: justify;\"><span style=\"color: #003366;\">En cherchant \u00e0 observer le ph\u00e9nom\u00e8ne p\u00e8lerin de plus pr\u00e8s, je vois passer toutes sortes de choses. Ces derniers temps, l\u2019une d\u2019entre elles m\u2019a \u00e9tonn\u00e9. Puis, avec les semaines, l\u2019\u00e9tonnement s\u2019est transform\u00e9 en un vif int\u00e9r\u00eat. Ma curiosit\u00e9 \u00e9tait piqu\u00e9e\u00a0: P\u00e8lerinage \u00e0 St-Barth sur la tombe de Johnny Hallyday!<\/span><\/h5>\n<p style=\"text-align: justify;\">Depuis le d\u00e9c\u00e8s de Johnny Hallyday, le 5 d\u00e9cembre dernier, la France est en deuil. Tout l\u2019hexagone est sous le choc et se remet difficilement de la nouvelle. Pour les Fran\u00e7ais\u00a0: \u00ab\u00a0C\u2019est comme enterrer Elvis!\u00a0\u00bb, titraient certains journaux.\u00a0 <a href=\"https:\/\/i0.wp.com\/bottesetvelo.com\/blog\/wp-content\/uploads\/2018\/02\/sketch-3032727_1920.jpg?ssl=1\"><img data-recalc-dims=\"1\" loading=\"lazy\" decoding=\"async\" data-attachment-id=\"3211\" data-permalink=\"https:\/\/bottesetvelo.com\/blog\/2018\/02\/23\/le-temps-de-se-relire\/sketch-3032727_1920\/\" data-orig-file=\"https:\/\/i0.wp.com\/bottesetvelo.com\/blog\/wp-content\/uploads\/2018\/02\/sketch-3032727_1920.jpg?fit=1476%2C1920&amp;ssl=1\" data-orig-size=\"1476,1920\" data-comments-opened=\"1\" data-image-meta=\"{&quot;aperture&quot;:&quot;0&quot;,&quot;credit&quot;:&quot;&quot;,&quot;camera&quot;:&quot;&quot;,&quot;caption&quot;:&quot;&quot;,&quot;created_timestamp&quot;:&quot;0&quot;,&quot;copyright&quot;:&quot;&quot;,&quot;focal_length&quot;:&quot;0&quot;,&quot;iso&quot;:&quot;0&quot;,&quot;shutter_speed&quot;:&quot;0&quot;,&quot;title&quot;:&quot;&quot;,&quot;orientation&quot;:&quot;0&quot;}\" data-image-title=\"sketch-3032727_1920\" data-image-description=\"\" data-image-caption=\"\" data-large-file=\"https:\/\/i0.wp.com\/bottesetvelo.com\/blog\/wp-content\/uploads\/2018\/02\/sketch-3032727_1920.jpg?fit=787%2C1024&amp;ssl=1\" class=\" wp-image-3211 alignright\" src=\"https:\/\/i0.wp.com\/bottesetvelo.com\/blog\/wp-content\/uploads\/2018\/02\/sketch-3032727_1920.jpg?resize=250%2C326&#038;ssl=1\" alt=\"\" width=\"250\" height=\"326\" srcset=\"https:\/\/i0.wp.com\/bottesetvelo.com\/blog\/wp-content\/uploads\/2018\/02\/sketch-3032727_1920.jpg?resize=384%2C500&amp;ssl=1 384w, https:\/\/i0.wp.com\/bottesetvelo.com\/blog\/wp-content\/uploads\/2018\/02\/sketch-3032727_1920.jpg?resize=768%2C999&amp;ssl=1 768w, https:\/\/i0.wp.com\/bottesetvelo.com\/blog\/wp-content\/uploads\/2018\/02\/sketch-3032727_1920.jpg?resize=787%2C1024&amp;ssl=1 787w, https:\/\/i0.wp.com\/bottesetvelo.com\/blog\/wp-content\/uploads\/2018\/02\/sketch-3032727_1920.jpg?w=1476&amp;ssl=1 1476w\" sizes=\"auto, (max-width: 250px) 100vw, 250px\" \/><\/a>En effet, le rocker a marqu\u00e9 plus d\u2019une g\u00e9n\u00e9ration et cette marque a laiss\u00e9 sa trace dans toute la francophonie. Comme tous ces gens, la mort de Johnny ne me laisse pas indiff\u00e9rent. Qui n\u2019a pas fredonn\u00e9\u00a0:\u00a0\u00ab\u00a0J\u2019ai oubli\u00e9 de vivre\u00a0\u00bb ou encore \u00ab\u00a0Que je t\u2019aime\u00a0\u00bb. C\u2019est toutefois \u00e0 la suite de ses obs\u00e8ques que j\u2019ai commenc\u00e9 \u00e0 sourciller.<\/p>\n<p style=\"text-align: justify;\">Le 11 d\u00e9cembre, des fun\u00e9railles intimes sont c\u00e9l\u00e9br\u00e9es \u00e0 Saint-Barth\u00e9lemy, une ile des Antilles fran\u00e7aises o\u00f9 le chanteur avait sa r\u00e9sidence. Les fans d\u00e9\u00e7us que ce ne soit pas Paris, commencent \u00e0 planifier leur d\u00e9part pour \u00ab\u00a0St-Barth\u00a0\u00bb. Le 12 d\u00e9cembre, Le Parisien annonce\u00a0: <a href=\"http:\/\/www.leparisien.fr\/culture-loisirs\/a-saint-barthelemy-le-pelerinage-a-commence-sur-la-tombe-de-johnny-12-12-2017-7448967.php\"><em>\u00ab\u00a0A Saint-Barth\u00e9lemy, le p\u00e8lerinage a commenc\u00e9 sur la tombe de Johnny.\u00a0\u00bb<\/em><\/a> Le 13 d\u00e9cembre c\u2019est Le Figaro qui rench\u00e9rit : <a href=\"http:\/\/www.lefigaro.fr\/culture\/2017\/12\/13\/03004-20171213ARTFIG00096-johnny-hallyday-le-pelerinage-sur-sa-tombe-a-saint-barthelemy-a-commence.php\"><em>\u00ab\u00a0Johnny Hallyday : le p\u00e8lerinage sur sa tombe, \u00e0 Saint-Barth\u00e9lemy, a commenc\u00e9.\u00a0\u00bb<\/em><\/a>\u00a0 Mais c\u2019est le lendemain des fun\u00e9railles, alors que le journal La Croix demande\u00a0: <a href=\"https:\/\/www.la-croix.com\/Religion\/Catholicisme\/France\/Johnny-rejoindre-Elvis-cour-miracles-2017-12-12-1200898940\">\u00ab\u00a0Johnny, bient\u00f4t des \u00ab miracles \u00bb \u00e0 Saint-Barth\u2009?\u00a0\u00bb<\/a>, que je suis renvers\u00e9. Curieux d\u2019en savoir plus, je me mets \u00e0 suivre tout ce qui s\u2019\u00e9crit sur ce p\u00e8lerinage \u00e0 St-Barth. Depuis, pas une semaine ne passe sans qu\u2019on ne parle de \u00ab\u00a0p\u00e8lerinage\u00a0\u00bb sur la tombe de Johnny. La formule semble m\u00eame avoir pris place dans le langage courant et personne n\u2019y porte plus attention. Cette semaine, 18 f\u00e9vrier, c\u2019est <a href=\"http:\/\/www.leparisien.fr\/culture-loisirs\/bientot-un-pelerinage-a-saint-barthelemy-pour-les-fans-de-johnny-hallyday-18-02-2018-7565871.php\">Le Parisien<\/a> qui annon\u00e7ait, suivi de plusieurs autres, qu\u2019une agence de voyage mettait sur pied un forfait aux tarifs imbattables pour se rendre en \u00ab\u00a0p\u00e8lerinage\u00a0\u00bb \u00e0 St-Barth. La demande est si forte, semble-t-il, qu\u2019il fallait y r\u00e9pondre!<\/p>\n<p style=\"text-align: justify;\">Ce qui est \u00e9tonnant, c\u2019est la vitesse \u00e0 laquelle les choses se sont mises en place. M\u00eame si la m\u00e9moire d\u2019une c\u00e9l\u00e9brit\u00e9 telle que Johnny n\u2019est pas la premi\u00e8re \u00e0 faire l\u2019objet d\u2019une telle d\u00e9votion \u2013 Memphis suscite de tels \u00e9lans depuis belle lurette et la tombe de Jim Morrison en a vue de toutes les couleurs, pourquoi l\u2019appellation p\u00e8lerine surgit-elle dans ce contexte? Y a-t-il quelque chose de \u00ab\u00a0religieux\u00a0\u00bb dans ce p\u00e8lerinage? Si oui, de quel religieux s\u2019agit-il?<\/p>\n<p style=\"text-align: justify;\"><a href=\"https:\/\/i0.wp.com\/bottesetvelo.com\/blog\/wp-content\/uploads\/2018\/02\/coffee-2238108_1920.jpg?ssl=1\"><img data-recalc-dims=\"1\" loading=\"lazy\" decoding=\"async\" data-attachment-id=\"3217\" data-permalink=\"https:\/\/bottesetvelo.com\/blog\/2018\/02\/23\/le-temps-de-se-relire\/coffee-2238108_1920\/\" data-orig-file=\"https:\/\/i0.wp.com\/bottesetvelo.com\/blog\/wp-content\/uploads\/2018\/02\/coffee-2238108_1920.jpg?fit=1920%2C1280&amp;ssl=1\" data-orig-size=\"1920,1280\" data-comments-opened=\"1\" data-image-meta=\"{&quot;aperture&quot;:&quot;8&quot;,&quot;credit&quot;:&quot;&quot;,&quot;camera&quot;:&quot;ILCE-7RM2&quot;,&quot;caption&quot;:&quot;&quot;,&quot;created_timestamp&quot;:&quot;0&quot;,&quot;copyright&quot;:&quot;&quot;,&quot;focal_length&quot;:&quot;67&quot;,&quot;iso&quot;:&quot;100&quot;,&quot;shutter_speed&quot;:&quot;0.01&quot;,&quot;title&quot;:&quot;&quot;,&quot;orientation&quot;:&quot;0&quot;}\" data-image-title=\"Relecture\" data-image-description=\"\" data-image-caption=\"\" data-large-file=\"https:\/\/i0.wp.com\/bottesetvelo.com\/blog\/wp-content\/uploads\/2018\/02\/coffee-2238108_1920.jpg?fit=1024%2C683&amp;ssl=1\" class=\"wp-image-3217 alignright\" src=\"https:\/\/i0.wp.com\/bottesetvelo.com\/blog\/wp-content\/uploads\/2018\/02\/coffee-2238108_1920.jpg?resize=300%2C200&#038;ssl=1\" alt=\"\" width=\"300\" height=\"200\" srcset=\"https:\/\/i0.wp.com\/bottesetvelo.com\/blog\/wp-content\/uploads\/2018\/02\/coffee-2238108_1920.jpg?resize=500%2C333&amp;ssl=1 500w, https:\/\/i0.wp.com\/bottesetvelo.com\/blog\/wp-content\/uploads\/2018\/02\/coffee-2238108_1920.jpg?resize=768%2C512&amp;ssl=1 768w, https:\/\/i0.wp.com\/bottesetvelo.com\/blog\/wp-content\/uploads\/2018\/02\/coffee-2238108_1920.jpg?resize=1024%2C683&amp;ssl=1 1024w, https:\/\/i0.wp.com\/bottesetvelo.com\/blog\/wp-content\/uploads\/2018\/02\/coffee-2238108_1920.jpg?w=1920&amp;ssl=1 1920w\" sizes=\"auto, (max-width: 300px) 100vw, 300px\" \/><\/a>J\u2019ai voulu pousser la question plus loin et, apr\u00e8s avoir lu les entrevues r\u00e9alis\u00e9es avec plusieurs fans projetant de se rendre en \u00ab\u00a0p\u00e8lerinage \u00e0 St-Barth\u00a0\u00bb, j\u2019ai tir\u00e9 une ficelle qui me semble parlante. C\u2019est en lisant ce t\u00e9moignage d\u2019un fan, sur LCI, que la chose m\u2019a saut\u00e9 aux yeux. Alors que celui-ci se pr\u00e9parait \u00e0 prendre l\u2019avion pour se rendre sur la tombe du chanteur, il racontait\u00a0: <em>\u00ab\u00a0Johnny, c\u2019est la famille. C\u2019est comme \u00e7a, depuis que je suis n\u00e9. Mon grand-p\u00e8re a \u00e9cout\u00e9 Johnny. Mon p\u00e8re a \u00e9cout\u00e9 Johnny. Mes enfants \u00e9coutent Johnny. Johnny, c\u2019\u00e9tait un gars de la rue, il pouvait aussi bien manger avec un milliardaire qu\u2019avec un mec comme vous ou moi. C\u2019\u00e9tait quelqu\u2019un de simple qui n\u2019a jamais eu la grosse t\u00eate. Quelqu\u2019un qui chante la vie. Il a enthousiasm\u00e9 toutes les g\u00e9n\u00e9rations. Il n\u2019y en aura plus jamais des comme lui. En Am\u00e9rique, ils avaient Elvis, nous on avait Johnny. Ce n\u2019est plus un chanteur, c\u2019est un membre de la famille.\u00a0\u00bb<\/em> On sent bien la puissance de l\u2019attachement dans les paroles de cet homme. La rupture n\u2019en est que plus douloureuse. Mais ce r\u00e9cit n\u2019est pas anodin!\u00a0 C\u2019est par lui qu\u2019il se met en route.\u00a0\u00c0 travers son p\u00e8lerinage vers la tombe de son idole, c\u2019est toute sa vie que cet homme relit\/relie\u00a0: des valeurs, une mani\u00e8re de vivre, des souvenirs, des temps forts, toute sa vie y passe dans cette relecture. Et c\u2019est l\u00e0 qu\u2019est l\u2019\u0153uvre du p\u00e8lerinage.<\/p>\n<p style=\"text-align: justify;\">Le p\u00e8lerinage est marqu\u00e9 par cette rupture dans le temps. Qu\u2019il s\u2019agisse d\u2019un deuil, d\u2019un revirement de vie, d\u2019un \u00e9puisement ou autre,\u00a0la d\u00e9chirure vient fissurer l\u2019univers connu et renverser l\u2019ordre des choses. Plus rien ne sera comme avant! La relecture surgit alors presque d\u2019elle-m\u00eame. <a href=\"https:\/\/i0.wp.com\/bottesetvelo.com\/blog\/wp-content\/uploads\/2018\/02\/tourist-2641575_1920.jpg?ssl=1\"><img data-recalc-dims=\"1\" loading=\"lazy\" decoding=\"async\" data-attachment-id=\"3212\" data-permalink=\"https:\/\/bottesetvelo.com\/blog\/2018\/02\/23\/le-temps-de-se-relire\/tourist-2641575_1920\/\" data-orig-file=\"https:\/\/i0.wp.com\/bottesetvelo.com\/blog\/wp-content\/uploads\/2018\/02\/tourist-2641575_1920.jpg?fit=1920%2C1280&amp;ssl=1\" data-orig-size=\"1920,1280\" data-comments-opened=\"1\" data-image-meta=\"{&quot;aperture&quot;:&quot;13&quot;,&quot;credit&quot;:&quot;&quot;,&quot;camera&quot;:&quot;Canon EOS 600D&quot;,&quot;caption&quot;:&quot;&quot;,&quot;created_timestamp&quot;:&quot;0&quot;,&quot;copyright&quot;:&quot;&quot;,&quot;focal_length&quot;:&quot;50&quot;,&quot;iso&quot;:&quot;400&quot;,&quot;shutter_speed&quot;:&quot;0.0166666666667&quot;,&quot;title&quot;:&quot;&quot;,&quot;orientation&quot;:&quot;0&quot;}\" data-image-title=\"tourist-2641575_1920\" data-image-description=\"\" data-image-caption=\"\" data-large-file=\"https:\/\/i0.wp.com\/bottesetvelo.com\/blog\/wp-content\/uploads\/2018\/02\/tourist-2641575_1920.jpg?fit=1024%2C683&amp;ssl=1\" class=\" wp-image-3212 alignright\" src=\"https:\/\/i0.wp.com\/bottesetvelo.com\/blog\/wp-content\/uploads\/2018\/02\/tourist-2641575_1920.jpg?resize=300%2C200&#038;ssl=1\" alt=\"\" width=\"300\" height=\"200\" srcset=\"https:\/\/i0.wp.com\/bottesetvelo.com\/blog\/wp-content\/uploads\/2018\/02\/tourist-2641575_1920.jpg?resize=500%2C333&amp;ssl=1 500w, https:\/\/i0.wp.com\/bottesetvelo.com\/blog\/wp-content\/uploads\/2018\/02\/tourist-2641575_1920.jpg?resize=768%2C512&amp;ssl=1 768w, https:\/\/i0.wp.com\/bottesetvelo.com\/blog\/wp-content\/uploads\/2018\/02\/tourist-2641575_1920.jpg?resize=1024%2C683&amp;ssl=1 1024w, https:\/\/i0.wp.com\/bottesetvelo.com\/blog\/wp-content\/uploads\/2018\/02\/tourist-2641575_1920.jpg?w=1920&amp;ssl=1 1920w\" sizes=\"auto, (max-width: 300px) 100vw, 300px\" \/><\/a>M\u00eame s\u2019il est un processus parfois souffrant, c\u2019est lui qui provoque au cheminement. Comme si la vie appelait \u00e0 aller plus loin. C\u2019est par ce processus de relecture qu\u2019un nouvel ordre peut s\u2019\u00e9tablir et que lentement la confusion nous quitte, que je d\u00e9m\u00eale mon histoire\u00a0: \u00ab\u00a0Qu\u2019est-ce que je garde? Qu\u2019est-ce que je laisse?\u00a0\u00bb Le temps du p\u00e8lerinage devient alors exercice de l\u2019esprit, exercice spirituel, \u00e0 l\u2019\u00e9coute des motions int\u00e9rieures.\u00a0Le temps de se relire\u2026<a href=\"https:\/\/i0.wp.com\/bottesetvelo.com\/blog\/wp-content\/uploads\/2018\/01\/Bottes-et-V%C3%A9lo-Embl%C3%AAme-transparent.png?ssl=1\"><img data-recalc-dims=\"1\" loading=\"lazy\" decoding=\"async\" data-attachment-id=\"3180\" data-permalink=\"https:\/\/bottesetvelo.com\/blog\/2018\/01\/26\/sortir-de-la-confusion\/bottes-et-velo-embleme-transparent\/\" data-orig-file=\"https:\/\/i0.wp.com\/bottesetvelo.com\/blog\/wp-content\/uploads\/2018\/01\/Bottes-et-V%C3%A9lo-Embl%C3%AAme-transparent-e1522417779346.png?fit=100%2C79&amp;ssl=1\" data-orig-size=\"100,79\" data-comments-opened=\"1\" data-image-meta=\"{&quot;aperture&quot;:&quot;0&quot;,&quot;credit&quot;:&quot;&quot;,&quot;camera&quot;:&quot;&quot;,&quot;caption&quot;:&quot;&quot;,&quot;created_timestamp&quot;:&quot;0&quot;,&quot;copyright&quot;:&quot;&quot;,&quot;focal_length&quot;:&quot;0&quot;,&quot;iso&quot;:&quot;0&quot;,&quot;shutter_speed&quot;:&quot;0&quot;,&quot;title&quot;:&quot;&quot;,&quot;orientation&quot;:&quot;0&quot;}\" data-image-title=\"Bottes et V\u00e9lo &amp;#8211; Embl\u00eame &amp;#8211; transparent\" data-image-description=\"\" data-image-caption=\"\" data-large-file=\"https:\/\/i0.wp.com\/bottesetvelo.com\/blog\/wp-content\/uploads\/2018\/01\/Bottes-et-V%C3%A9lo-Embl%C3%AAme-transparent-e1522417779346.png?fit=100%2C79&amp;ssl=1\" class=\" wp-image-3180 alignright\" src=\"https:\/\/i0.wp.com\/bottesetvelo.com\/blog\/wp-content\/uploads\/2018\/01\/Bottes-et-V%C3%A9lo-Embl%C3%AAme-transparent.png?resize=91%2C72&#038;ssl=1\" alt=\"\" width=\"91\" height=\"72\" \/><\/a><\/p>\n<p>\u00c9ric Lalibert\u00e9<\/p>\n","protected":false},"excerpt":{"rendered":"<p>Jeune, je n&rsquo;avais aucune vision, mon avenir paraissait aussi flou que mon pass\u00e9. Johnny Hallyday En cherchant \u00e0 observer le ph\u00e9nom\u00e8ne p\u00e8lerin de plus pr\u00e8s, je vois passer toutes sortes de choses. Ces derniers temps, l\u2019une d\u2019entre elles m\u2019a \u00e9tonn\u00e9. Puis, avec les semaines, l\u2019\u00e9tonnement s\u2019est transform\u00e9 en un vif int\u00e9r\u00eat. Ma curiosit\u00e9 \u00e9tait piqu\u00e9e\u00a0:&hellip;<\/p>\n","protected":false},"author":3,"featured_media":0,"comment_status":"open","ping_status":"open","sticky":false,"template":"","format":"standard","meta":{"jetpack_post_was_ever_published":false,"_jetpack_newsletter_access":"","_jetpack_dont_email_post_to_subs":false,"_jetpack_newsletter_tier_id":0,"_jetpack_memberships_contains_paywalled_content":false,"_jetpack_memberships_contains_paid_content":false,"footnotes":"","jetpack_publicize_message":"Le temps de se relire","jetpack_publicize_feature_enabled":true,"jetpack_social_post_already_shared":true,"jetpack_social_options":{"image_generator_settings":{"template":"highway","default_image_id":0,"font":"","enabled":false},"version":2}},"categories":[422,166,171,3],"tags":[433,490,13,475],"class_list":["post-3209","post","type-post","status-publish","format-standard","hentry","category-accompagnement","category-demarche-du-pelerin","category-pelerinage","category-reflexions","tag-cheminement","tag-johnny-hallyday","tag-pelerinage","tag-relecture"],"jetpack_publicize_connections":[],"jetpack_featured_media_url":"","jetpack_shortlink":"https:\/\/wp.me\/p4eY6z-PL","jetpack_sharing_enabled":true,"jetpack_likes_enabled":true,"jetpack-related-posts":[],"_links":{"self":[{"href":"https:\/\/bottesetvelo.com\/blog\/wp-json\/wp\/v2\/posts\/3209","targetHints":{"allow":["GET"]}}],"collection":[{"href":"https:\/\/bottesetvelo.com\/blog\/wp-json\/wp\/v2\/posts"}],"about":[{"href":"https:\/\/bottesetvelo.com\/blog\/wp-json\/wp\/v2\/types\/post"}],"author":[{"embeddable":true,"href":"https:\/\/bottesetvelo.com\/blog\/wp-json\/wp\/v2\/users\/3"}],"replies":[{"embeddable":true,"href":"https:\/\/bottesetvelo.com\/blog\/wp-json\/wp\/v2\/comments?post=3209"}],"version-history":[{"count":5,"href":"https:\/\/bottesetvelo.com\/blog\/wp-json\/wp\/v2\/posts\/3209\/revisions"}],"predecessor-version":[{"id":3215,"href":"https:\/\/bottesetvelo.com\/blog\/wp-json\/wp\/v2\/posts\/3209\/revisions\/3215"}],"wp:attachment":[{"href":"https:\/\/bottesetvelo.com\/blog\/wp-json\/wp\/v2\/media?parent=3209"}],"wp:term":[{"taxonomy":"category","embeddable":true,"href":"https:\/\/bottesetvelo.com\/blog\/wp-json\/wp\/v2\/categories?post=3209"},{"taxonomy":"post_tag","embeddable":true,"href":"https:\/\/bottesetvelo.com\/blog\/wp-json\/wp\/v2\/tags?post=3209"}],"curies":[{"name":"wp","href":"https:\/\/api.w.org\/{rel}","templated":true}]}}