{"id":3179,"date":"2018-01-26T08:28:43","date_gmt":"2018-01-26T13:28:43","guid":{"rendered":"http:\/\/bottesetvelo.com\/blog\/?p=3179"},"modified":"2018-01-27T09:18:02","modified_gmt":"2018-01-27T14:18:02","slug":"sortir-de-la-confusion","status":"publish","type":"post","link":"https:\/\/bottesetvelo.com\/blog\/2018\/01\/26\/sortir-de-la-confusion\/","title":{"rendered":"Sortir de la confusion"},"content":{"rendered":"<h6 style=\"text-align: right;\"><i>La v\u00e9rit\u00e9 sort plus facilement de l\u2019erreur que de la confusion.<\/i><br \/>\n<i>Francis Bacon<\/i><\/h6>\n<h5 style=\"text-align: justify;\"><span style=\"color: #003366;\">Il nous arrive tous \u00e0 un moment de notre vie de nous sentir incompris, de ne plus savoir ce que nous voulons, ou ce qui nous plait. Comme si notre vie \u00e9tait devenue fade et que nous en avions perdu le fil. Notre chemin parait alors d\u00e9risoire et tout devient n\u00e9buleux. Pourquoi cette direction plut\u00f4t qu\u2019une autre? Pourquoi ce milieu de vie? Pourquoi ces gens? Ai-je fait les bons choix?&#8230; Tout parait embrouill\u00e9, m\u00e9lang\u00e9.<\/span><\/h5>\n<p style=\"text-align: justify;\"><a href=\"https:\/\/i0.wp.com\/bottesetvelo.com\/blog\/wp-content\/uploads\/2018\/01\/demonstration-2477988_1920.jpg?ssl=1\"><img data-recalc-dims=\"1\" loading=\"lazy\" decoding=\"async\" data-attachment-id=\"3184\" data-permalink=\"https:\/\/bottesetvelo.com\/blog\/2018\/01\/26\/sortir-de-la-confusion\/demonstration-2477988_1920\/\" data-orig-file=\"https:\/\/i0.wp.com\/bottesetvelo.com\/blog\/wp-content\/uploads\/2018\/01\/demonstration-2477988_1920.jpg?fit=1920%2C1142&amp;ssl=1\" data-orig-size=\"1920,1142\" data-comments-opened=\"1\" data-image-meta=\"{&quot;aperture&quot;:&quot;2.2&quot;,&quot;credit&quot;:&quot;&quot;,&quot;camera&quot;:&quot;iPhone 6s Plus&quot;,&quot;caption&quot;:&quot;&quot;,&quot;created_timestamp&quot;:&quot;0&quot;,&quot;copyright&quot;:&quot;&quot;,&quot;focal_length&quot;:&quot;4.15&quot;,&quot;iso&quot;:&quot;25&quot;,&quot;shutter_speed&quot;:&quot;0.000689179875948&quot;,&quot;title&quot;:&quot;&quot;,&quot;orientation&quot;:&quot;0&quot;}\" data-image-title=\"\u00c9meute\" data-image-description=\"\" data-image-caption=\"\" data-large-file=\"https:\/\/i0.wp.com\/bottesetvelo.com\/blog\/wp-content\/uploads\/2018\/01\/demonstration-2477988_1920.jpg?fit=1024%2C609&amp;ssl=1\" class=\"alignright wp-image-3184\" src=\"https:\/\/i0.wp.com\/bottesetvelo.com\/blog\/wp-content\/uploads\/2018\/01\/demonstration-2477988_1920.jpg?resize=300%2C178&#038;ssl=1\" alt=\"\" width=\"300\" height=\"178\" srcset=\"https:\/\/i0.wp.com\/bottesetvelo.com\/blog\/wp-content\/uploads\/2018\/01\/demonstration-2477988_1920.jpg?resize=500%2C297&amp;ssl=1 500w, https:\/\/i0.wp.com\/bottesetvelo.com\/blog\/wp-content\/uploads\/2018\/01\/demonstration-2477988_1920.jpg?resize=768%2C457&amp;ssl=1 768w, https:\/\/i0.wp.com\/bottesetvelo.com\/blog\/wp-content\/uploads\/2018\/01\/demonstration-2477988_1920.jpg?resize=1024%2C609&amp;ssl=1 1024w, https:\/\/i0.wp.com\/bottesetvelo.com\/blog\/wp-content\/uploads\/2018\/01\/demonstration-2477988_1920.jpg?w=1920&amp;ssl=1 1920w\" sizes=\"auto, (max-width: 300px) 100vw, 300px\" \/><\/a>Confusion vient du latin <i>con <\/i>(ensemble) et <i>fusio<\/i> (fondre), ce qui signifie fondre ensemble : <i>confusio<\/i>. \u00c0 l\u2019\u00e9poque romaine, les m\u00e9tallurgistes de l\u2019Antiquit\u00e9 parlaient de <i>fusus<\/i>. Transformant les m\u00e9taux en liquides, ils en faisaient des alliages o\u00f9 tout se confondait. L\u2019\u00e9tat de confusion \u00e9voque cette image. Celui ou celle qui est dans la confusion ne sait plus faire la part des choses et tout se m\u00e9lange. Est-ce de moi? Est-ce vraiment mon choix? Est-ce de mon p\u00e8re? De ma m\u00e8re? De ma culture? Tout s\u2019embrouille. <b><span style=\"color: #003366;\">Il n\u2019y a plus de distance entre moi et l\u2019autre.<\/span><\/b> Dans ces situations, il devient alors difficile de d\u00e9partager et de s\u2019y retrouver.<\/p>\n<p style=\"text-align: justify;\">Sortir de la confusion est pourtant une force vitale inscrite en chacun de nous. En venant au monde, l\u2019\u00eatre humain est forc\u00e9 \u00e0 sortir de cette <i>confusio <\/i>en se distinguant de sa m\u00e8re. Il en va de sa survie et de celle de sa m\u00e8re. Il n\u2019y a pas une m\u00e8re qui, arriv\u00e9e au terme de sa grossesse, voudrait voir cet \u00e9tat perdurer! \u00c0 demeurer dans la fusion, l\u2019un finirait par \u00e9touffer et l\u2019autre par exploser. Et les deux en mourraient.Quand le philosophe Heidegger \u00e9crit que l\u2019\u00eatre humain est un \u00ab projet jet\u00e9 dans le monde \u00bb, ce n\u2019est donc pas qu\u2019une m\u00e9taphore : c\u2019est une n\u00e9cessit\u00e9! D\u00e8s sa naissance, il est appel\u00e9 \u00e0 quitter la <i>confusio<\/i> et se diff\u00e9rencier. Toute sa vie il devra y travailler. <b><span style=\"color: #003366;\">Il est vital pour l\u2019\u00eatre humain de se diff\u00e9rencier, de ne pas se fondre dans l\u2019autre!<\/span><\/b><\/p>\n<p style=\"text-align: justify;\">L\u2019exercice de diff\u00e9renciation demande du travail. Pour sortir de la confusion, il est n\u00e9cessaire de mettre de l\u2019ordre dans sa vie. Il faut structurer, ordonner, s\u00e9parer les choses pour les distinguer : \u00ab Ceci m\u2019appartient, ceci est \u00e0 mon p\u00e8re, qui lui le tenait de mon grand-p\u00e8re; ceci est \u00e0 ma m\u00e8re. \u00bb \u00c0 l\u2019adolescence, je disais toujours \u00e0 mes enfants : \u00ab Lorsque tu te sens perdu, que tu ne sais plus o\u00f9 va ta vie, va faire le m\u00e9nage de ta chambre. \u00c7a t\u2019aidera \u00e0 y voir plus clair. \u00bb M\u00eame si cette recommandation leur semblait davantage un leurre qu\u2019un r\u00e9el exercice, celle-ci visait r\u00e9ellement ce qu\u2019elle \u00e9non\u00e7ait : ordonner sa vie.<\/p>\n<p style=\"text-align: justify;\"><a href=\"https:\/\/i0.wp.com\/bottesetvelo.com\/blog\/wp-content\/uploads\/2018\/01\/mirroring-2968578_1920.jpg?ssl=1\"><img data-recalc-dims=\"1\" loading=\"lazy\" decoding=\"async\" data-attachment-id=\"3185\" data-permalink=\"https:\/\/bottesetvelo.com\/blog\/2018\/01\/26\/sortir-de-la-confusion\/mirroring-2968578_1920\/\" data-orig-file=\"https:\/\/i0.wp.com\/bottesetvelo.com\/blog\/wp-content\/uploads\/2018\/01\/mirroring-2968578_1920.jpg?fit=1920%2C1184&amp;ssl=1\" data-orig-size=\"1920,1184\" data-comments-opened=\"1\" data-image-meta=\"{&quot;aperture&quot;:&quot;0&quot;,&quot;credit&quot;:&quot;&quot;,&quot;camera&quot;:&quot;&quot;,&quot;caption&quot;:&quot;&quot;,&quot;created_timestamp&quot;:&quot;0&quot;,&quot;copyright&quot;:&quot;&quot;,&quot;focal_length&quot;:&quot;0&quot;,&quot;iso&quot;:&quot;0&quot;,&quot;shutter_speed&quot;:&quot;0&quot;,&quot;title&quot;:&quot;&quot;,&quot;orientation&quot;:&quot;0&quot;}\" data-image-title=\"confusion\" data-image-description=\"\" data-image-caption=\"\" data-large-file=\"https:\/\/i0.wp.com\/bottesetvelo.com\/blog\/wp-content\/uploads\/2018\/01\/mirroring-2968578_1920.jpg?fit=1024%2C631&amp;ssl=1\" class=\"wp-image-3185 alignright\" src=\"https:\/\/i0.wp.com\/bottesetvelo.com\/blog\/wp-content\/uploads\/2018\/01\/mirroring-2968578_1920.jpg?resize=300%2C185&#038;ssl=1\" alt=\"\" width=\"300\" height=\"185\" srcset=\"https:\/\/i0.wp.com\/bottesetvelo.com\/blog\/wp-content\/uploads\/2018\/01\/mirroring-2968578_1920.jpg?resize=500%2C308&amp;ssl=1 500w, https:\/\/i0.wp.com\/bottesetvelo.com\/blog\/wp-content\/uploads\/2018\/01\/mirroring-2968578_1920.jpg?resize=768%2C474&amp;ssl=1 768w, https:\/\/i0.wp.com\/bottesetvelo.com\/blog\/wp-content\/uploads\/2018\/01\/mirroring-2968578_1920.jpg?resize=1024%2C631&amp;ssl=1 1024w, https:\/\/i0.wp.com\/bottesetvelo.com\/blog\/wp-content\/uploads\/2018\/01\/mirroring-2968578_1920.jpg?w=1920&amp;ssl=1 1920w\" sizes=\"auto, (max-width: 300px) 100vw, 300px\" \/><\/a>Faire le m\u00e9nage de sa chambre, c\u2019est mettre de l\u2019ordre dans son intimit\u00e9. C\u2019est dans ma chambre que se trouvent mes souvenirs les plus pr\u00e9cieux. Dans ma chambre, chaque objet parle de moi : mes v\u00eatements, mes livres, ma musique, les couleurs sur les murs, le choix des tissus, tout. Comme adulte, je pourrais parler de ma maison.<\/p>\n<p style=\"text-align: justify;\">En faisant le m\u00e9nage, en triant ce qui est confus, je prends le temps de classer mes souvenirs, de jeter ce qui n\u2019est plus n\u00e9cessaire. Je prends le temps de juger si telle ou telle chose me convient encore, de questionner certains choix et d\u2019en envisager de nouveaux. Est-ce que je m\u2019y reconnais encore? Mes go\u00fbts ont-ils chang\u00e9, \u00e9volu\u00e9? De cet exercice, des prises de conscience se font et tout doucement une route diff\u00e9rente \u00e9merge. C\u2019est le m\u00eame exercice qui vient saisir le p\u00e8lerin sur sa route. Sans qu\u2019il se rende compte, il en vient \u00e0 questionner le contenu de son sac \u00e0 dos \u2013 de ce qu\u2019il porte sur son dos, la raison de sa pr\u00e9sence sur ce chemin, sa dynamique de vie avec les autres p\u00e8lerins. \u00c0 travers ce processus, il renoue lentement avec le mouvement qui l\u2019appelle \u00e0 la distinction.<\/p>\n<p style=\"text-align: justify;\">Cela peut sembler \u00e9trange d\u2019\u00e9voquer l\u2019imp\u00e9ratif de la diff\u00e9renciation \u00e0 une \u00e9poque o\u00f9 tout le monde semble vouloir se distinguer. Pourtant. \u00c0 force de vouloir tous faire diff\u00e9rent, on finit par tous faire la m\u00eame chose et nous nous laissons entra\u00eener dans la confusion. N\u2019est-ce pas ce qu\u2019on appelle la mode? Ironiquement, alors que le sociologue Rapha\u00ebl Liogier parle de notre \u00e9poque comme \u00e9tant celle de l\u2019individuo-globalisme, notre effort de mondialisation ne serait-il pas en train d\u2019uniformiser le monde?<\/p>\n<blockquote>\n<h5 style=\"text-align: justify;\"><span style=\"color: #993300;\"><i><b>Mais, se diff\u00e9rencier n\u2019est-il pas un travail qui contribue \u00e0 l\u2019\u00e9laboration d\u2019egos arrogants et disproportionn\u00e9s?<\/b><\/i><\/span><\/h5>\n<\/blockquote>\n<p style=\"text-align: justify;\">Celui qui travaille \u00e0 l\u2019\u00e9laboration de sa propre gloire est dans la confusion. Celui qui veut avoir raison, rallier les autres sous son unique drapeau; celui-l\u00e0 d\u00e9sir fusionner avec les autres, les avaler. D\u2019ailleurs ne dira-t-il pas \u00e0 ses adversaires : \u00ab Vous serez confondu! \u00bb, comme pour les fondre en lui-m\u00eame et les assimiler.<\/p>\n<p style=\"text-align: justify;\">Pourtant, un homme d\u2019une autre \u00e9poque avait ces paroles \u00e9tranges et diam\u00e9tralement oppos\u00e9es \u00e0 ce comportement fusionnel : \u00ab Aimez vos ennemis! \u00bb, disait-il. Aimez ceux qui s\u2019opposent \u00e0 vous. <b><span style=\"color: #003366;\">Plut\u00f4t que de s\u2019entretuer dans un d\u00e9sir fusionnel, apprenons \u00e0 aimer cette fronti\u00e8re qui s\u2019\u00e9rige entre nous et l\u2019autre.<\/span><\/b> Cette fronti\u00e8re qui oblige \u00e0 \u00eatre soi-m\u00eame, \u00e0 pr\u00e9ciser ce que je suis et le d\u00e9finir clairement. Apprenons \u00e0 utiliser cette opposition comme levier \u00e0 notre diff\u00e9renciation. Pas pour se battre, mais bien pour en reconnaitre toute la richesse.<\/p>\n<p style=\"text-align: justify;\"><a href=\"https:\/\/i0.wp.com\/bottesetvelo.com\/blog\/wp-content\/uploads\/2018\/01\/faces-2679755_1920.jpg?ssl=1\"><img data-recalc-dims=\"1\" loading=\"lazy\" decoding=\"async\" data-attachment-id=\"3186\" data-permalink=\"https:\/\/bottesetvelo.com\/blog\/2018\/01\/26\/sortir-de-la-confusion\/faces-2679755_1920\/\" data-orig-file=\"https:\/\/i0.wp.com\/bottesetvelo.com\/blog\/wp-content\/uploads\/2018\/01\/faces-2679755_1920.jpg?fit=1920%2C1280&amp;ssl=1\" data-orig-size=\"1920,1280\" data-comments-opened=\"1\" data-image-meta=\"{&quot;aperture&quot;:&quot;0&quot;,&quot;credit&quot;:&quot;&quot;,&quot;camera&quot;:&quot;&quot;,&quot;caption&quot;:&quot;&quot;,&quot;created_timestamp&quot;:&quot;0&quot;,&quot;copyright&quot;:&quot;&quot;,&quot;focal_length&quot;:&quot;0&quot;,&quot;iso&quot;:&quot;0&quot;,&quot;shutter_speed&quot;:&quot;0&quot;,&quot;title&quot;:&quot;&quot;,&quot;orientation&quot;:&quot;0&quot;}\" data-image-title=\"diff\u00e9rents\" data-image-description=\"\" data-image-caption=\"\" data-large-file=\"https:\/\/i0.wp.com\/bottesetvelo.com\/blog\/wp-content\/uploads\/2018\/01\/faces-2679755_1920.jpg?fit=1024%2C683&amp;ssl=1\" class=\"wp-image-3186 alignright\" src=\"https:\/\/i0.wp.com\/bottesetvelo.com\/blog\/wp-content\/uploads\/2018\/01\/faces-2679755_1920.jpg?resize=300%2C200&#038;ssl=1\" alt=\"\" width=\"300\" height=\"200\" srcset=\"https:\/\/i0.wp.com\/bottesetvelo.com\/blog\/wp-content\/uploads\/2018\/01\/faces-2679755_1920.jpg?resize=500%2C333&amp;ssl=1 500w, https:\/\/i0.wp.com\/bottesetvelo.com\/blog\/wp-content\/uploads\/2018\/01\/faces-2679755_1920.jpg?resize=768%2C512&amp;ssl=1 768w, https:\/\/i0.wp.com\/bottesetvelo.com\/blog\/wp-content\/uploads\/2018\/01\/faces-2679755_1920.jpg?resize=1024%2C683&amp;ssl=1 1024w, https:\/\/i0.wp.com\/bottesetvelo.com\/blog\/wp-content\/uploads\/2018\/01\/faces-2679755_1920.jpg?w=1920&amp;ssl=1 1920w\" sizes=\"auto, (max-width: 300px) 100vw, 300px\" \/><\/a>L\u2019exercice de diff\u00e9renciation vise d\u2019abord \u00e0 se reconnaitre comme individu distinct des autres et au potentiel unique. Un individu dont la distinction contribue au bien-\u00eatre de l\u2019ensemble. \u00c0 l\u2019\u00e9poque, alors que je travaillais dans des \u00e9coles primaires, je disais \u00e0 mes \u00e9l\u00e8ves : trouve ton schtroumpf! Qu\u2019est-ce qui te distingue dans ce grand village de schtroumpfs?<\/p>\n<p style=\"text-align: justify;\"><b><span style=\"color: #003366;\">L\u2019opposition, au-del\u00e0 de la confrontation, est n\u00e9cessaire pour que naisse l\u2019inattendu.<\/span><\/b><b> <\/b>Dans cette opposition il doit y avoir place, non pas pour ma r\u00e9ponse, ni la tienne : mais une troisi\u00e8me. Celle que nous n\u2019avions pas envisag\u00e9e. Cependant, pour en arriver l\u00e0, il faudra d\u2019abord apprendre \u00e0 se reconnaitre. Ensuite, nous serons en mesure de reconnaitre l\u2019autre pour ce qu\u2019il est \u2013 un individu \u00e0 part enti\u00e8re \u2013, sans chercher \u00e0 l\u2019absorber, le poss\u00e9der, le contr\u00f4ler.<\/p>\n<p style=\"text-align: justify;\">En p\u00e8lerinage, \u00e0 Compostelle ou ailleurs, ce qui fait du bien : c\u2019est de trouver cet espace pour soi. Vivre cette joie d\u2019\u00eatre ensemble, sans se fondre dans le groupe. Partir en p\u00e8lerinage extrait de la confusion. Loin de mes rep\u00e8res usuels, qui rel\u00e8vent souvent d&rsquo;une puissance d\u2019assimilation, je renoue avec la n\u00e9cessit\u00e9 et la joie de me diff\u00e9rencier : celle de tracer ma propre route \u00e0 l\u2019int\u00e9rieur du grand r\u00e9seau routier. Diff\u00e9rents, mais ensemble.<a href=\"https:\/\/i0.wp.com\/bottesetvelo.com\/blog\/wp-content\/uploads\/2018\/01\/Bottes-et-V%C3%A9lo-Embl%C3%AAme-transparent.png?ssl=1\"><img data-recalc-dims=\"1\" loading=\"lazy\" decoding=\"async\" data-attachment-id=\"3180\" data-permalink=\"https:\/\/bottesetvelo.com\/blog\/2018\/01\/26\/sortir-de-la-confusion\/bottes-et-velo-embleme-transparent\/\" data-orig-file=\"https:\/\/i0.wp.com\/bottesetvelo.com\/blog\/wp-content\/uploads\/2018\/01\/Bottes-et-V%C3%A9lo-Embl%C3%AAme-transparent-e1522417779346.png?fit=100%2C79&amp;ssl=1\" data-orig-size=\"100,79\" data-comments-opened=\"1\" data-image-meta=\"{&quot;aperture&quot;:&quot;0&quot;,&quot;credit&quot;:&quot;&quot;,&quot;camera&quot;:&quot;&quot;,&quot;caption&quot;:&quot;&quot;,&quot;created_timestamp&quot;:&quot;0&quot;,&quot;copyright&quot;:&quot;&quot;,&quot;focal_length&quot;:&quot;0&quot;,&quot;iso&quot;:&quot;0&quot;,&quot;shutter_speed&quot;:&quot;0&quot;,&quot;title&quot;:&quot;&quot;,&quot;orientation&quot;:&quot;0&quot;}\" data-image-title=\"Bottes et V\u00e9lo &amp;#8211; Embl\u00eame &amp;#8211; transparent\" data-image-description=\"\" data-image-caption=\"\" data-large-file=\"https:\/\/i0.wp.com\/bottesetvelo.com\/blog\/wp-content\/uploads\/2018\/01\/Bottes-et-V%C3%A9lo-Embl%C3%AAme-transparent-e1522417779346.png?fit=100%2C79&amp;ssl=1\" class=\"wp-image-3180 alignright\" src=\"https:\/\/i0.wp.com\/bottesetvelo.com\/blog\/wp-content\/uploads\/2018\/01\/Bottes-et-V%C3%A9lo-Embl%C3%AAme-transparent.png?resize=81%2C64&#038;ssl=1\" alt=\"\" width=\"81\" height=\"64\" \/><\/a><\/p>\n<p>\u00c9ric Lalibert\u00e9<\/p>\n","protected":false},"excerpt":{"rendered":"<p>La v\u00e9rit\u00e9 sort plus facilement de l\u2019erreur que de la confusion. Francis Bacon Il nous arrive tous \u00e0 un moment de notre vie de nous sentir incompris, de ne plus savoir ce que nous voulons, ou ce qui nous plait. Comme si notre vie \u00e9tait devenue fade et que nous en avions perdu le fil.&hellip;<\/p>\n","protected":false},"author":3,"featured_media":0,"comment_status":"open","ping_status":"open","sticky":false,"template":"","format":"standard","meta":{"jetpack_post_was_ever_published":false,"_jetpack_newsletter_access":"","_jetpack_dont_email_post_to_subs":false,"_jetpack_newsletter_tier_id":0,"_jetpack_memberships_contains_paywalled_content":false,"_jetpack_memberships_contains_paid_content":false,"footnotes":"","jetpack_publicize_message":"","jetpack_publicize_feature_enabled":true,"jetpack_social_post_already_shared":true,"jetpack_social_options":{"image_generator_settings":{"template":"highway","default_image_id":0,"font":"","enabled":false},"version":2}},"categories":[380,166,37,381],"tags":[489,486,487,488],"class_list":["post-3179","post","type-post","status-publish","format-standard","hentry","category-conscientisation","category-demarche-du-pelerin","category-spiritualite-2","category-transformation","tag-assimilation","tag-confusion","tag-differenciation","tag-distinction"],"jetpack_publicize_connections":[],"jetpack_featured_media_url":"","jetpack_shortlink":"https:\/\/wp.me\/p4eY6z-Ph","jetpack_sharing_enabled":true,"jetpack_likes_enabled":true,"jetpack-related-posts":[],"_links":{"self":[{"href":"https:\/\/bottesetvelo.com\/blog\/wp-json\/wp\/v2\/posts\/3179","targetHints":{"allow":["GET"]}}],"collection":[{"href":"https:\/\/bottesetvelo.com\/blog\/wp-json\/wp\/v2\/posts"}],"about":[{"href":"https:\/\/bottesetvelo.com\/blog\/wp-json\/wp\/v2\/types\/post"}],"author":[{"embeddable":true,"href":"https:\/\/bottesetvelo.com\/blog\/wp-json\/wp\/v2\/users\/3"}],"replies":[{"embeddable":true,"href":"https:\/\/bottesetvelo.com\/blog\/wp-json\/wp\/v2\/comments?post=3179"}],"version-history":[{"count":7,"href":"https:\/\/bottesetvelo.com\/blog\/wp-json\/wp\/v2\/posts\/3179\/revisions"}],"predecessor-version":[{"id":3194,"href":"https:\/\/bottesetvelo.com\/blog\/wp-json\/wp\/v2\/posts\/3179\/revisions\/3194"}],"wp:attachment":[{"href":"https:\/\/bottesetvelo.com\/blog\/wp-json\/wp\/v2\/media?parent=3179"}],"wp:term":[{"taxonomy":"category","embeddable":true,"href":"https:\/\/bottesetvelo.com\/blog\/wp-json\/wp\/v2\/categories?post=3179"},{"taxonomy":"post_tag","embeddable":true,"href":"https:\/\/bottesetvelo.com\/blog\/wp-json\/wp\/v2\/tags?post=3179"}],"curies":[{"name":"wp","href":"https:\/\/api.w.org\/{rel}","templated":true}]}}