{"id":3168,"date":"2018-01-12T13:40:57","date_gmt":"2018-01-12T18:40:57","guid":{"rendered":"http:\/\/bottesetvelo.com\/blog\/?p=3168"},"modified":"2018-01-12T13:40:57","modified_gmt":"2018-01-12T18:40:57","slug":"nouvel-an-nouvel-elan","status":"publish","type":"post","link":"https:\/\/bottesetvelo.com\/blog\/2018\/01\/12\/nouvel-an-nouvel-elan\/","title":{"rendered":"Nouvel an, nouvel \u00e9lan!"},"content":{"rendered":"<h6 style=\"text-align: right;\"><em>\u00ab\u00a0Nouvel an, nouvel \u00e9lan.\u00a0\u00bb <\/em><br \/>\n<em>Christelle Heurtault<\/em><\/h6>\n<h5 style=\"text-align: justify;\"><span style=\"color: #003366;\"><strong>La venue de la nouvelle ann\u00e9e a quelque chose de bien particulier. Cette date, pourtant d\u00e9termin\u00e9e dans un calendrier invent\u00e9 par l\u2019homme, porte clairement \u00e0 ressentir qu\u2019un cycle vient de se terminer et qu\u2019un autre commence. C\u2019est la saison magique des souhaits et des v\u0153ux. Chacun a espoir d\u2019un meilleur \u00e0 venir, d\u00e9sire qu\u2019un certain changement s\u2019accomplisse, qu\u2019un r\u00eave se r\u00e9alise durant cette nouvelle ann\u00e9e. Chacun s\u2019empresse de prendre des r\u00e9solutions avant que cet \u00e9lan de foi ne s\u2019att\u00e9nue.<\/strong><\/span><\/h5>\n<p style=\"text-align: justify;\">Tout comme le p\u00e8lerin qui d\u00e9cide de se mettre en marche, la r\u00e9solution que nous prenons \u00e9mane d\u2019un malaise, d\u2019un mal-\u00eatre ou d\u2019un <a href=\"https:\/\/i0.wp.com\/bottesetvelo.com\/blog\/wp-content\/uploads\/2018\/01\/DSCN3059.jpg?ssl=1\"><img data-recalc-dims=\"1\" loading=\"lazy\" decoding=\"async\" data-attachment-id=\"3173\" data-permalink=\"https:\/\/bottesetvelo.com\/blog\/2018\/01\/12\/nouvel-an-nouvel-elan\/dscn3059\/\" data-orig-file=\"https:\/\/i0.wp.com\/bottesetvelo.com\/blog\/wp-content\/uploads\/2018\/01\/DSCN3059.jpg?fit=3399%2C1899&amp;ssl=1\" data-orig-size=\"3399,1899\" data-comments-opened=\"1\" data-image-meta=\"{&quot;aperture&quot;:&quot;3.7&quot;,&quot;credit&quot;:&quot;&quot;,&quot;camera&quot;:&quot;COOLPIX S9900&quot;,&quot;caption&quot;:&quot;&quot;,&quot;created_timestamp&quot;:&quot;1499502011&quot;,&quot;copyright&quot;:&quot;&quot;,&quot;focal_length&quot;:&quot;4.5&quot;,&quot;iso&quot;:&quot;125&quot;,&quot;shutter_speed&quot;:&quot;0.000625&quot;,&quot;title&quot;:&quot;&quot;,&quot;orientation&quot;:&quot;1&quot;}\" data-image-title=\"Bottes et V\u00e9lo &amp;#8211; \u00celes-de-la-Madeleine\" data-image-description=\"\" data-image-caption=\"\" data-large-file=\"https:\/\/i0.wp.com\/bottesetvelo.com\/blog\/wp-content\/uploads\/2018\/01\/DSCN3059.jpg?fit=1024%2C572&amp;ssl=1\" class=\"alignright wp-image-3173\" src=\"https:\/\/i0.wp.com\/bottesetvelo.com\/blog\/wp-content\/uploads\/2018\/01\/DSCN3059.jpg?resize=300%2C168&#038;ssl=1\" alt=\"\" width=\"300\" height=\"168\" srcset=\"https:\/\/i0.wp.com\/bottesetvelo.com\/blog\/wp-content\/uploads\/2018\/01\/DSCN3059.jpg?resize=500%2C279&amp;ssl=1 500w, https:\/\/i0.wp.com\/bottesetvelo.com\/blog\/wp-content\/uploads\/2018\/01\/DSCN3059.jpg?resize=768%2C429&amp;ssl=1 768w, https:\/\/i0.wp.com\/bottesetvelo.com\/blog\/wp-content\/uploads\/2018\/01\/DSCN3059.jpg?resize=1024%2C572&amp;ssl=1 1024w, https:\/\/i0.wp.com\/bottesetvelo.com\/blog\/wp-content\/uploads\/2018\/01\/DSCN3059.jpg?w=2340&amp;ssl=1 2340w\" sizes=\"auto, (max-width: 300px) 100vw, 300px\" \/><\/a>sentiment d\u2019incompl\u00e9tude. Une part de moi sait, ou du moins souhaite, qu\u2019il existe mieux que ce que le pr\u00e9sent est, et d\u00e9sire passer \u00e0 l\u2019action pour le d\u00e9couvrir. Cesser de fumer, perdre du poids, \u00e9conomiser, consacrer moins d\u2019heures au travail, sont autant de nouvelles d\u00e9cisions pour voguer vers cette nouvelle ann\u00e9e prometteuse. Ce sont autant de d\u00e9pendances et d\u2019attaches dont chacun cherche \u00e0 se d\u00e9lester. Ce sont tous ces poids que le p\u00e8lerin porte dans son sac \u00e0 dos, qui le blessent et l\u2019emp\u00eachent de jouir de sa route.<\/p>\n<p style=\"text-align: justify;\">Le p\u00e8lerin qui s\u2019\u00e9lance sur ce long chemin ne marche pas sans but. Il marche vers une destination bien tangible, qu\u2019il s\u2019est fix\u00e9e. Un lieu significatif pour lui. Un sanctuaire qui lui est propre, qui orientera ses pas et donnera un sens \u00e0 sa d\u00e9marche. L\u2019\u00e9lan qui le met en route permet d\u2019initi\u00e9 le mouvement, mais <strong><span style=\"color: #003366;\">c\u2019est la puissance de la signifiance du sanctuaire qui m\u00e8nera le p\u00e8lerin \u00e0 bon port.<\/span><\/strong> Avant de prendre une r\u00e9solution, je dois me demander quel objectif sous-tend mon souhait et pourquoi je d\u00e9sire r\u00e9aliser ce changement. Est-ce simplement parce qu\u2019il faudrait bien, parce que je devrais, que tout le monde le dit? Ou ai-je, moi, atteint ce degr\u00e9 d\u2019inconfort et d\u2019insatisfaction qui me pousse \u00e0 m\u2019engager pleinement dans une d\u00e9marche active?<\/p>\n<p style=\"text-align: justify;\"><a href=\"https:\/\/i0.wp.com\/bottesetvelo.com\/blog\/wp-content\/uploads\/2018\/01\/IMG_7400.jpg?ssl=1\"><img data-recalc-dims=\"1\" loading=\"lazy\" decoding=\"async\" data-attachment-id=\"3174\" data-permalink=\"https:\/\/bottesetvelo.com\/blog\/2018\/01\/12\/nouvel-an-nouvel-elan\/img_7400-3\/\" data-orig-file=\"https:\/\/i0.wp.com\/bottesetvelo.com\/blog\/wp-content\/uploads\/2018\/01\/IMG_7400.jpg?fit=2939%2C1925&amp;ssl=1\" data-orig-size=\"2939,1925\" data-comments-opened=\"1\" data-image-meta=\"{&quot;aperture&quot;:&quot;4&quot;,&quot;credit&quot;:&quot;&quot;,&quot;camera&quot;:&quot;Canon PowerShot SD890 IS&quot;,&quot;caption&quot;:&quot;&quot;,&quot;created_timestamp&quot;:&quot;1436346547&quot;,&quot;copyright&quot;:&quot;&quot;,&quot;focal_length&quot;:&quot;10.274&quot;,&quot;iso&quot;:&quot;80&quot;,&quot;shutter_speed&quot;:&quot;0.002&quot;,&quot;title&quot;:&quot;&quot;,&quot;orientation&quot;:&quot;1&quot;}\" data-image-title=\"Bottes et V\u00e9lo &amp;#8211; Gasp\u00e9sie\" data-image-description=\"\" data-image-caption=\"\" data-large-file=\"https:\/\/i0.wp.com\/bottesetvelo.com\/blog\/wp-content\/uploads\/2018\/01\/IMG_7400.jpg?fit=1024%2C671&amp;ssl=1\" class=\" wp-image-3174 alignleft\" src=\"https:\/\/i0.wp.com\/bottesetvelo.com\/blog\/wp-content\/uploads\/2018\/01\/IMG_7400.jpg?resize=300%2C196&#038;ssl=1\" alt=\"\" width=\"300\" height=\"196\" srcset=\"https:\/\/i0.wp.com\/bottesetvelo.com\/blog\/wp-content\/uploads\/2018\/01\/IMG_7400.jpg?resize=500%2C327&amp;ssl=1 500w, https:\/\/i0.wp.com\/bottesetvelo.com\/blog\/wp-content\/uploads\/2018\/01\/IMG_7400.jpg?resize=768%2C503&amp;ssl=1 768w, https:\/\/i0.wp.com\/bottesetvelo.com\/blog\/wp-content\/uploads\/2018\/01\/IMG_7400.jpg?resize=1024%2C671&amp;ssl=1 1024w, https:\/\/i0.wp.com\/bottesetvelo.com\/blog\/wp-content\/uploads\/2018\/01\/IMG_7400.jpg?w=2340&amp;ssl=1 2340w\" sizes=\"auto, (max-width: 300px) 100vw, 300px\" \/><\/a>La nouvelle ann\u00e9e n\u2019a rien de magique. Mirage de promesses sans fondement. <strong><span style=\"color: #003366;\">Le p\u00e8lerin n\u2019atteint son sanctuaire que par sa marche<\/span><\/strong>, par son d\u00e9placement, par le mouvement. Pour qu\u2019une r\u00e9solution devienne r\u00e9alit\u00e9, je dois poser des actions qui contribuent \u00e0 me rapprocher de mon objectif. Mes actions vont certainement g\u00e9n\u00e9rer des changements dans mon environnement habituel, auxquels j\u2019aurai \u00e0 m\u2019adapter. Comme le p\u00e8lerin, je vivrai l\u2019inconfort de la nouveaut\u00e9 qui m\u2019oblige \u00e0 r\u00e9organiser mon quotidien. Je devrai abandonner certaines choses de mon sac de vie qui m\u2019emp\u00eachent d\u2019avancer vers mon but. Puis, apr\u00e8s un certain temps, je me serai trouv\u00e9e de nouveaux rep\u00e8res. Je serai capable de constater et d\u2019appr\u00e9cier la route que j\u2019aurai parcourue. \u00a0Je commencerai \u00e0 construire un quotidien qui tienne compte des changements que j\u2019apporte. Un pas \u00e0 la fois, je me rapprocherai de ce \u00ab\u00a0mieux\u00a0\u00bb sinc\u00e8rement d\u00e9sir\u00e9.<\/p>\n<p style=\"text-align: justify;\"><a href=\"https:\/\/i0.wp.com\/bottesetvelo.com\/blog\/wp-content\/uploads\/2018\/01\/DSCN4585.jpg?ssl=1\"><img data-recalc-dims=\"1\" loading=\"lazy\" decoding=\"async\" data-attachment-id=\"3172\" data-permalink=\"https:\/\/bottesetvelo.com\/blog\/2018\/01\/12\/nouvel-an-nouvel-elan\/dscn4585\/\" data-orig-file=\"https:\/\/i0.wp.com\/bottesetvelo.com\/blog\/wp-content\/uploads\/2018\/01\/DSCN4585.jpg?fit=4051%2C2095&amp;ssl=1\" data-orig-size=\"4051,2095\" data-comments-opened=\"1\" data-image-meta=\"{&quot;aperture&quot;:&quot;3.7&quot;,&quot;credit&quot;:&quot;&quot;,&quot;camera&quot;:&quot;COOLPIX S9900&quot;,&quot;caption&quot;:&quot;&quot;,&quot;created_timestamp&quot;:&quot;1507994340&quot;,&quot;copyright&quot;:&quot;&quot;,&quot;focal_length&quot;:&quot;4.5&quot;,&quot;iso&quot;:&quot;125&quot;,&quot;shutter_speed&quot;:&quot;0.005&quot;,&quot;title&quot;:&quot;&quot;,&quot;orientation&quot;:&quot;1&quot;}\" data-image-title=\"Bottes et V\u00e9lo &amp;#8211; Charny-Qu\u00e9bec\" data-image-description=\"\" data-image-caption=\"\" data-large-file=\"https:\/\/i0.wp.com\/bottesetvelo.com\/blog\/wp-content\/uploads\/2018\/01\/DSCN4585.jpg?fit=1024%2C530&amp;ssl=1\" class=\"alignright wp-image-3172\" src=\"https:\/\/i0.wp.com\/bottesetvelo.com\/blog\/wp-content\/uploads\/2018\/01\/DSCN4585.jpg?resize=300%2C155&#038;ssl=1\" alt=\"\" width=\"300\" height=\"155\" srcset=\"https:\/\/i0.wp.com\/bottesetvelo.com\/blog\/wp-content\/uploads\/2018\/01\/DSCN4585.jpg?resize=500%2C259&amp;ssl=1 500w, https:\/\/i0.wp.com\/bottesetvelo.com\/blog\/wp-content\/uploads\/2018\/01\/DSCN4585.jpg?resize=768%2C397&amp;ssl=1 768w, https:\/\/i0.wp.com\/bottesetvelo.com\/blog\/wp-content\/uploads\/2018\/01\/DSCN4585.jpg?resize=1024%2C530&amp;ssl=1 1024w, https:\/\/i0.wp.com\/bottesetvelo.com\/blog\/wp-content\/uploads\/2018\/01\/DSCN4585.jpg?w=2340&amp;ssl=1 2340w, https:\/\/i0.wp.com\/bottesetvelo.com\/blog\/wp-content\/uploads\/2018\/01\/DSCN4585.jpg?w=3510&amp;ssl=1 3510w\" sizes=\"auto, (max-width: 300px) 100vw, 300px\" \/><\/a>L\u2019\u00e9lan, c\u2019est le premier pas. Et dans notre soci\u00e9t\u00e9 \u00e9litiste, \u00eatre le premier est souvent tr\u00e8s valoris\u00e9 et recherch\u00e9. Par contre, dans ma qu\u00eate d\u2019un meilleur avenir, ce sont tous les prochains pas qui seront les plus importants, ceux qui confirment que le p\u00e8lerin est en mouvement, qu\u2019il chemine vers son sanctuaire, qu\u2019il avance avec d\u00e9termination, engagement et conviction. Pour la nouvelle ann\u00e9e, gagnez en libert\u00e9, <strong><span style=\"color: #003366;\">soyez p\u00e8lerin sur le chemin de votre vie!<\/span><\/strong><\/p>\n<p><a href=\"https:\/\/i0.wp.com\/bottesetvelo.com\/blog\/wp-content\/uploads\/2014\/01\/Bottes-et-V%C3%A9lo-Embl%C3%AAme-e1454083414631.jpg?ssl=1\"><img data-recalc-dims=\"1\" loading=\"lazy\" decoding=\"async\" data-attachment-id=\"14\" data-permalink=\"https:\/\/bottesetvelo.com\/blog\/bottes-et-velo-le-blog\/bottes-et-velo-embleme\/\" data-orig-file=\"https:\/\/i0.wp.com\/bottesetvelo.com\/blog\/wp-content\/uploads\/2014\/01\/Bottes-et-V%C3%A9lo-Embl%C3%AAme-e1454083414631.jpg?fit=100%2C79&amp;ssl=1\" data-orig-size=\"100,79\" data-comments-opened=\"1\" data-image-meta=\"{&quot;aperture&quot;:&quot;0&quot;,&quot;credit&quot;:&quot;&quot;,&quot;camera&quot;:&quot;&quot;,&quot;caption&quot;:&quot;&quot;,&quot;created_timestamp&quot;:&quot;0&quot;,&quot;copyright&quot;:&quot;&quot;,&quot;focal_length&quot;:&quot;0&quot;,&quot;iso&quot;:&quot;0&quot;,&quot;shutter_speed&quot;:&quot;0&quot;,&quot;title&quot;:&quot;&quot;}\" data-image-title=\"Bottes et V\u00e9lo &amp;#8211; Embl\u00eame\" data-image-description=\"\" data-image-caption=\"\" data-large-file=\"https:\/\/i0.wp.com\/bottesetvelo.com\/blog\/wp-content\/uploads\/2014\/01\/Bottes-et-V%C3%A9lo-Embl%C3%AAme-e1454083414631.jpg?fit=100%2C79&amp;ssl=1\" class=\"alignright wp-image-14\" src=\"https:\/\/i0.wp.com\/bottesetvelo.com\/blog\/wp-content\/uploads\/2014\/01\/Bottes-et-V%C3%A9lo-Embl%C3%AAme.jpg?resize=50%2C39&#038;ssl=1\" alt=\"\" width=\"50\" height=\"39\" \/><\/a>Brigitte Harouni<\/p>\n","protected":false},"excerpt":{"rendered":"<p>\u00ab\u00a0Nouvel an, nouvel \u00e9lan.\u00a0\u00bb Christelle Heurtault La venue de la nouvelle ann\u00e9e a quelque chose de bien particulier. Cette date, pourtant d\u00e9termin\u00e9e dans un calendrier invent\u00e9 par l\u2019homme, porte clairement \u00e0 ressentir qu\u2019un cycle vient de se terminer et qu\u2019un autre commence. C\u2019est la saison magique des souhaits et des v\u0153ux. Chacun a espoir d\u2019un&hellip;<\/p>\n","protected":false},"author":2,"featured_media":0,"comment_status":"open","ping_status":"open","sticky":false,"template":"","format":"standard","meta":{"jetpack_post_was_ever_published":false,"_jetpack_newsletter_access":"","_jetpack_dont_email_post_to_subs":false,"_jetpack_newsletter_tier_id":0,"_jetpack_memberships_contains_paywalled_content":false,"_jetpack_memberships_contains_paid_content":false,"footnotes":"","jetpack_publicize_message":"","jetpack_publicize_feature_enabled":true,"jetpack_social_post_already_shared":true,"jetpack_social_options":{"image_generator_settings":{"template":"highway","default_image_id":0,"font":"","enabled":false},"version":2}},"categories":[50,379,39,3],"tags":[275,103,40,168,192,197],"class_list":["post-3168","post","type-post","status-publish","format-standard","hentry","category-art-de-vivre","category-chemin-de-transformation","category-croissance-personnelle","category-reflexions","tag-art-de-vivre","tag-bien-etre","tag-croissance-personnelle-2","tag-demarche-du-pelerin","tag-quete-spirituelle","tag-transition"],"jetpack_publicize_connections":[],"jetpack_featured_media_url":"","jetpack_shortlink":"https:\/\/wp.me\/p4eY6z-P6","jetpack_sharing_enabled":true,"jetpack_likes_enabled":true,"jetpack-related-posts":[],"_links":{"self":[{"href":"https:\/\/bottesetvelo.com\/blog\/wp-json\/wp\/v2\/posts\/3168","targetHints":{"allow":["GET"]}}],"collection":[{"href":"https:\/\/bottesetvelo.com\/blog\/wp-json\/wp\/v2\/posts"}],"about":[{"href":"https:\/\/bottesetvelo.com\/blog\/wp-json\/wp\/v2\/types\/post"}],"author":[{"embeddable":true,"href":"https:\/\/bottesetvelo.com\/blog\/wp-json\/wp\/v2\/users\/2"}],"replies":[{"embeddable":true,"href":"https:\/\/bottesetvelo.com\/blog\/wp-json\/wp\/v2\/comments?post=3168"}],"version-history":[{"count":4,"href":"https:\/\/bottesetvelo.com\/blog\/wp-json\/wp\/v2\/posts\/3168\/revisions"}],"predecessor-version":[{"id":3176,"href":"https:\/\/bottesetvelo.com\/blog\/wp-json\/wp\/v2\/posts\/3168\/revisions\/3176"}],"wp:attachment":[{"href":"https:\/\/bottesetvelo.com\/blog\/wp-json\/wp\/v2\/media?parent=3168"}],"wp:term":[{"taxonomy":"category","embeddable":true,"href":"https:\/\/bottesetvelo.com\/blog\/wp-json\/wp\/v2\/categories?post=3168"},{"taxonomy":"post_tag","embeddable":true,"href":"https:\/\/bottesetvelo.com\/blog\/wp-json\/wp\/v2\/tags?post=3168"}],"curies":[{"name":"wp","href":"https:\/\/api.w.org\/{rel}","templated":true}]}}