{"id":3147,"date":"2017-12-22T07:00:37","date_gmt":"2017-12-22T12:00:37","guid":{"rendered":"http:\/\/bottesetvelo.com\/blog\/?p=3147"},"modified":"2017-12-20T22:27:37","modified_gmt":"2017-12-21T03:27:37","slug":"etes-vous-derange","status":"publish","type":"post","link":"https:\/\/bottesetvelo.com\/blog\/2017\/12\/22\/etes-vous-derange\/","title":{"rendered":"\u00cates-vous \u00ab d\u00e9rang\u00e9 \u00bb ?"},"content":{"rendered":"<h6 style=\"text-align: right;\"><em>Au sein de la marche incertaine de l\u2019existence jaillit un sens,<\/em><br \/>\n<em>non comme une certitude mais comme un \u00e9clat.<\/em><br \/>\n<em>G\u00e9rard Bailhache<\/em><\/h6>\n<h5 style=\"text-align: justify;\"><span style=\"color: #003366;\">Vous est-il d\u00e9j\u00e0 arriv\u00e9 d\u2019\u00eatre d\u00e9rang\u00e9? Par un impr\u00e9vu? De la visite? Un accident? Un oubli? Vous est-il d\u00e9j\u00e0 arriv\u00e9 d\u2019\u00eatre contrari\u00e9 parce qu\u2019on avait pris votre place \u00e0 table? Parce que vous \u00e9tiez coinc\u00e9 dans un bouchon de circulation? Parce que vous aviez rat\u00e9 une connexion entre deux vols? Par une parole inappropri\u00e9e? \u00catre d\u00e9rang\u00e9 signifie que les choses ne vont pas du tout comme pr\u00e9vues!<\/span><\/h5>\n<p style=\"text-align: justify;\"><a href=\"https:\/\/i0.wp.com\/bottesetvelo.com\/blog\/wp-content\/uploads\/2017\/12\/india-2507482_1920.jpg?ssl=1\"><img data-recalc-dims=\"1\" loading=\"lazy\" decoding=\"async\" data-attachment-id=\"3148\" data-permalink=\"https:\/\/bottesetvelo.com\/blog\/2017\/12\/22\/etes-vous-derange\/india-2507482_1920\/\" data-orig-file=\"https:\/\/i0.wp.com\/bottesetvelo.com\/blog\/wp-content\/uploads\/2017\/12\/india-2507482_1920.jpg?fit=1920%2C1280&amp;ssl=1\" data-orig-size=\"1920,1280\" data-comments-opened=\"1\" data-image-meta=\"{&quot;aperture&quot;:&quot;6.3&quot;,&quot;credit&quot;:&quot;&quot;,&quot;camera&quot;:&quot;NIKON D3300&quot;,&quot;caption&quot;:&quot;&quot;,&quot;created_timestamp&quot;:&quot;0&quot;,&quot;copyright&quot;:&quot;&quot;,&quot;focal_length&quot;:&quot;42&quot;,&quot;iso&quot;:&quot;400&quot;,&quot;shutter_speed&quot;:&quot;0.00625&quot;,&quot;title&quot;:&quot;&quot;,&quot;orientation&quot;:&quot;0&quot;}\" data-image-title=\"india-2507482_1920\" data-image-description=\"\" data-image-caption=\"\" data-large-file=\"https:\/\/i0.wp.com\/bottesetvelo.com\/blog\/wp-content\/uploads\/2017\/12\/india-2507482_1920.jpg?fit=1024%2C683&amp;ssl=1\" class=\"alignright wp-image-3148\" src=\"https:\/\/i0.wp.com\/bottesetvelo.com\/blog\/wp-content\/uploads\/2017\/12\/india-2507482_1920.jpg?resize=250%2C167&#038;ssl=1\" alt=\"\" width=\"250\" height=\"167\" srcset=\"https:\/\/i0.wp.com\/bottesetvelo.com\/blog\/wp-content\/uploads\/2017\/12\/india-2507482_1920.jpg?resize=500%2C333&amp;ssl=1 500w, https:\/\/i0.wp.com\/bottesetvelo.com\/blog\/wp-content\/uploads\/2017\/12\/india-2507482_1920.jpg?resize=768%2C512&amp;ssl=1 768w, https:\/\/i0.wp.com\/bottesetvelo.com\/blog\/wp-content\/uploads\/2017\/12\/india-2507482_1920.jpg?resize=1024%2C683&amp;ssl=1 1024w, https:\/\/i0.wp.com\/bottesetvelo.com\/blog\/wp-content\/uploads\/2017\/12\/india-2507482_1920.jpg?w=1920&amp;ssl=1 1920w\" sizes=\"auto, (max-width: 250px) 100vw, 250px\" \/><\/a>Chaque ann\u00e9e, \u00e0 ce temps-ci, revient un \u00e9v\u00e9nement d\u00e9rangeant. Chaque ann\u00e9e No\u00ebl en d\u00e9range plus d\u2019un. Il d\u00e9range par la f\u00eate religieuse qu\u2019il est; par les signes de religiosit\u00e9 qu\u2019il affiche; par les obligations familiales qu\u2019il impose; par la folie du \u00ab\u00a0magasinage\u00a0\u00bb qu\u2019il suscite; par les exc\u00e8s de table qu\u2019il occasionne. No\u00ebl d\u00e9range aussi par les solitudes qu\u2019il pointe du doigt; par les pauvret\u00e9s qu\u2019il met sous notre nez; par les \u00e9loignements qu\u2019il rend \u00e9vidents. Pour plusieurs, No\u00ebl est un temps de grand d\u00e9rangement!<\/p>\n<p style=\"text-align: justify;\">Mais qu\u2019est-ce qu\u2019un d\u00e9rangement? Ce qui d\u00e9range vient rompre l\u2019ordre du temps et des choses. Le d\u00e9rangeant brise le cours lin\u00e9aire de ce qui avait \u00e9t\u00e9 pr\u00e9vu. Il renverse l\u2019ordre \u00e9tabli, sort des routines et des habitudes. Il choque, bouscule, d\u00e9stabilise. Le d\u00e9rangeant d\u00e9fait les croyances, les contredit, les questionne, les pi\u00e9tine, s\u2019en moque, les fait \u00e9clater. <strong><span style=\"color: #003366;\">\u00catre d\u00e9rang\u00e9, c\u2019est \u00eatre confront\u00e9 au mur de ses incoh\u00e9rences et de ses illusions\u00a0: \u00e0 sa propre folie!<\/span><\/strong><\/p>\n<pre style=\"text-align: justify;\">\u00ab\u00a0Je\u00a0\u00bb ne poss\u00e8de ni les choses, ni les gens qui l\u2019entourent.\r\n\u00ab\u00a0Je\u00a0\u00bb ne contr\u00f4le absolument rien.<\/pre>\n<p style=\"text-align: justify;\"><a href=\"https:\/\/i0.wp.com\/bottesetvelo.com\/blog\/wp-content\/uploads\/2017\/12\/poor-2507399_1920.jpg?ssl=1\"><img data-recalc-dims=\"1\" loading=\"lazy\" decoding=\"async\" data-attachment-id=\"3150\" data-permalink=\"https:\/\/bottesetvelo.com\/blog\/2017\/12\/22\/etes-vous-derange\/poor-2507399_1920\/\" data-orig-file=\"https:\/\/i0.wp.com\/bottesetvelo.com\/blog\/wp-content\/uploads\/2017\/12\/poor-2507399_1920.jpg?fit=1920%2C1280&amp;ssl=1\" data-orig-size=\"1920,1280\" data-comments-opened=\"1\" data-image-meta=\"{&quot;aperture&quot;:&quot;6.3&quot;,&quot;credit&quot;:&quot;&quot;,&quot;camera&quot;:&quot;NIKON D3300&quot;,&quot;caption&quot;:&quot;&quot;,&quot;created_timestamp&quot;:&quot;0&quot;,&quot;copyright&quot;:&quot;&quot;,&quot;focal_length&quot;:&quot;31&quot;,&quot;iso&quot;:&quot;400&quot;,&quot;shutter_speed&quot;:&quot;0.00625&quot;,&quot;title&quot;:&quot;&quot;,&quot;orientation&quot;:&quot;0&quot;}\" data-image-title=\"poor-2507399_1920\" data-image-description=\"\" data-image-caption=\"\" data-large-file=\"https:\/\/i0.wp.com\/bottesetvelo.com\/blog\/wp-content\/uploads\/2017\/12\/poor-2507399_1920.jpg?fit=1024%2C683&amp;ssl=1\" class=\"alignright wp-image-3150\" src=\"https:\/\/i0.wp.com\/bottesetvelo.com\/blog\/wp-content\/uploads\/2017\/12\/poor-2507399_1920.jpg?resize=250%2C167&#038;ssl=1\" alt=\"\" width=\"250\" height=\"167\" srcset=\"https:\/\/i0.wp.com\/bottesetvelo.com\/blog\/wp-content\/uploads\/2017\/12\/poor-2507399_1920.jpg?resize=500%2C333&amp;ssl=1 500w, https:\/\/i0.wp.com\/bottesetvelo.com\/blog\/wp-content\/uploads\/2017\/12\/poor-2507399_1920.jpg?resize=768%2C512&amp;ssl=1 768w, https:\/\/i0.wp.com\/bottesetvelo.com\/blog\/wp-content\/uploads\/2017\/12\/poor-2507399_1920.jpg?resize=1024%2C683&amp;ssl=1 1024w, https:\/\/i0.wp.com\/bottesetvelo.com\/blog\/wp-content\/uploads\/2017\/12\/poor-2507399_1920.jpg?w=1920&amp;ssl=1 1920w\" sizes=\"auto, (max-width: 250px) 100vw, 250px\" \/><\/a>Le d\u00e9rangement ram\u00e8ne \u00e0 cette r\u00e9alit\u00e9. Il nous sort de nos engourdissements et provoque \u00e0 la r\u00e9flexion. Si No\u00ebl d\u00e9range encore autant aujourd\u2019hui, c\u2019est peut-\u00eatre bien parce qu\u2019il n&rsquo;a rien perdu de tout son potentiel subversif. Et ceci bien au-del\u00e0 de toute id\u00e9ologie religieuse!<\/p>\n<p style=\"text-align: justify;\">Prenez le temps d\u2019entendre combien l&rsquo;histoire est d\u00e9rangeante\u00a0: un enfant, n\u00e9 dans la paille, de p\u00e8re inconnu, parmi les exclus. Pauvre parmi les plus pauvres, on le dit pourtant tr\u00e8s grand. Les rois s&rsquo;inclinent devant lui. D\u00e8s le berceau, de par le lieu de sa naissance, il renverse l\u2019ordre convenu. Il renverse les r\u00e8gles et les rapports de pouvoirs que nous avions fix\u00e9s. N&rsquo;est-ce pas le plus grand des d\u00e9rangements?<\/p>\n<p style=\"text-align: justify;\">Par cet enfant, la sagesse nous est montr\u00e9e l\u00e0 o\u00f9 on ne l\u2019attendait pas. Elle appelle \u00e0 repositionner nos croyances et nos valeurs. Ce n\u2019est d\u2019ailleurs pas tant la naissance de l\u2019enfant qui est importante dans cette histoire, mais bien plus le renversement des folies humaines qu\u2019elle souligne. L\u2019enfant ne fait que pointer vers cet autrement qui \u00e9merge, porteur de cette parole qui veut se dire au-del\u00e0 de nos folies. Comme un \u00e9clat de lumi\u00e8re qui \u00e9claire soudainement le chemin par une nuit sans lune&#8230;<a href=\"https:\/\/i0.wp.com\/bottesetvelo.com\/blog\/wp-content\/uploads\/2017\/12\/india-2585399_1920.jpg?ssl=1\"><img data-recalc-dims=\"1\" loading=\"lazy\" decoding=\"async\" data-attachment-id=\"3151\" data-permalink=\"https:\/\/bottesetvelo.com\/blog\/2017\/12\/22\/etes-vous-derange\/india-2585399_1920\/\" data-orig-file=\"https:\/\/i0.wp.com\/bottesetvelo.com\/blog\/wp-content\/uploads\/2017\/12\/india-2585399_1920.jpg?fit=1920%2C1273&amp;ssl=1\" data-orig-size=\"1920,1273\" data-comments-opened=\"1\" data-image-meta=\"{&quot;aperture&quot;:&quot;4.5&quot;,&quot;credit&quot;:&quot;&quot;,&quot;camera&quot;:&quot;NIKON D40&quot;,&quot;caption&quot;:&quot;&quot;,&quot;created_timestamp&quot;:&quot;0&quot;,&quot;copyright&quot;:&quot;&quot;,&quot;focal_length&quot;:&quot;18&quot;,&quot;iso&quot;:&quot;400&quot;,&quot;shutter_speed&quot;:&quot;0.0125&quot;,&quot;title&quot;:&quot;&quot;,&quot;orientation&quot;:&quot;0&quot;}\" data-image-title=\"india-2585399_1920\" data-image-description=\"\" data-image-caption=\"\" data-large-file=\"https:\/\/i0.wp.com\/bottesetvelo.com\/blog\/wp-content\/uploads\/2017\/12\/india-2585399_1920.jpg?fit=1024%2C679&amp;ssl=1\" class=\" wp-image-3151 alignright\" src=\"https:\/\/i0.wp.com\/bottesetvelo.com\/blog\/wp-content\/uploads\/2017\/12\/india-2585399_1920.jpg?resize=250%2C166&#038;ssl=1\" alt=\"\" width=\"250\" height=\"166\" srcset=\"https:\/\/i0.wp.com\/bottesetvelo.com\/blog\/wp-content\/uploads\/2017\/12\/india-2585399_1920.jpg?resize=500%2C332&amp;ssl=1 500w, https:\/\/i0.wp.com\/bottesetvelo.com\/blog\/wp-content\/uploads\/2017\/12\/india-2585399_1920.jpg?resize=768%2C509&amp;ssl=1 768w, https:\/\/i0.wp.com\/bottesetvelo.com\/blog\/wp-content\/uploads\/2017\/12\/india-2585399_1920.jpg?resize=1024%2C679&amp;ssl=1 1024w, https:\/\/i0.wp.com\/bottesetvelo.com\/blog\/wp-content\/uploads\/2017\/12\/india-2585399_1920.jpg?w=1920&amp;ssl=1 1920w\" sizes=\"auto, (max-width: 250px) 100vw, 250px\" \/><\/a><\/p>\n<p style=\"text-align: justify;\">Avons-nous toujours la capacit\u00e9 d\u2019\u00eatre d\u00e9rang\u00e9s par ces \u00e9v\u00e9nements qui viennent bousculer nos vies? \u00c0 nous laisser \u00e9branler dans nos certitudes? Il en va de notre capacit\u00e9 \u00e0 vivre et \u00e0 grandir. Car, s\u2019il est vrai que chaque d\u00e9rangement provoque une onde de choc obligeant \u00e0 repenser le monde autrement; il est aussi in\u00e9vitable\u00a0de retomber sur ses pieds! Apr\u00e8s tout, l\u2019\u00e9quilibre se construit dans le mouvement. Alors soyez d\u00e9rang\u00e9, ou m\u00eame d\u00e9rangeant, pour votre temps!<\/p>\n<p style=\"text-align: justify;\">Joyeux d\u00e9rangement!<a href=\"https:\/\/i0.wp.com\/bottesetvelo.com\/blog\/wp-content\/uploads\/2014\/01\/Bottes-et-V%C3%A9lo-Embl%C3%AAme-e1454083414631.jpg?ssl=1\"><img data-recalc-dims=\"1\" loading=\"lazy\" decoding=\"async\" data-attachment-id=\"14\" data-permalink=\"https:\/\/bottesetvelo.com\/blog\/bottes-et-velo-le-blog\/bottes-et-velo-embleme\/\" data-orig-file=\"https:\/\/i0.wp.com\/bottesetvelo.com\/blog\/wp-content\/uploads\/2014\/01\/Bottes-et-V%C3%A9lo-Embl%C3%AAme-e1454083414631.jpg?fit=100%2C79&amp;ssl=1\" data-orig-size=\"100,79\" data-comments-opened=\"1\" data-image-meta=\"{&quot;aperture&quot;:&quot;0&quot;,&quot;credit&quot;:&quot;&quot;,&quot;camera&quot;:&quot;&quot;,&quot;caption&quot;:&quot;&quot;,&quot;created_timestamp&quot;:&quot;0&quot;,&quot;copyright&quot;:&quot;&quot;,&quot;focal_length&quot;:&quot;0&quot;,&quot;iso&quot;:&quot;0&quot;,&quot;shutter_speed&quot;:&quot;0&quot;,&quot;title&quot;:&quot;&quot;}\" data-image-title=\"Bottes et V\u00e9lo &amp;#8211; Embl\u00eame\" data-image-description=\"\" data-image-caption=\"\" data-large-file=\"https:\/\/i0.wp.com\/bottesetvelo.com\/blog\/wp-content\/uploads\/2014\/01\/Bottes-et-V%C3%A9lo-Embl%C3%AAme-e1454083414631.jpg?fit=100%2C79&amp;ssl=1\" class=\" wp-image-14 alignright\" src=\"https:\/\/i0.wp.com\/bottesetvelo.com\/blog\/wp-content\/uploads\/2014\/01\/Bottes-et-V%C3%A9lo-Embl%C3%AAme.jpg?resize=72%2C57&#038;ssl=1\" alt=\"\" width=\"72\" height=\"57\" \/><\/a><\/p>\n<p style=\"text-align: justify;\">\u00c9ric Lalibert\u00e9<\/p>\n<p style=\"text-align: justify;\"><span style=\"color: #800000;\"><strong><em>Prenez note que le blogue de Bottes et V\u00e9lo fera rel\u00e2che jusqu\u2019au 12 janvier.<\/em><\/strong><\/span><\/p>\n","protected":false},"excerpt":{"rendered":"<p>Au sein de la marche incertaine de l\u2019existence jaillit un sens, non comme une certitude mais comme un \u00e9clat. G\u00e9rard Bailhache Vous est-il d\u00e9j\u00e0 arriv\u00e9 d\u2019\u00eatre d\u00e9rang\u00e9? Par un impr\u00e9vu? De la visite? Un accident? Un oubli? Vous est-il d\u00e9j\u00e0 arriv\u00e9 d\u2019\u00eatre contrari\u00e9 parce qu\u2019on avait pris votre place \u00e0 table? Parce que vous \u00e9tiez&hellip;<\/p>\n","protected":false},"author":3,"featured_media":3150,"comment_status":"open","ping_status":"open","sticky":false,"template":"","format":"standard","meta":{"jetpack_post_was_ever_published":false,"_jetpack_newsletter_access":"","_jetpack_dont_email_post_to_subs":false,"_jetpack_newsletter_tier_id":0,"_jetpack_memberships_contains_paywalled_content":false,"_jetpack_memberships_contains_paid_content":false,"footnotes":"","jetpack_publicize_message":"\u00cates-vous \u00ab d\u00e9rang\u00e9 \u00bb ?","jetpack_publicize_feature_enabled":true,"jetpack_social_post_already_shared":true,"jetpack_social_options":{"image_generator_settings":{"template":"highway","default_image_id":0,"font":"","enabled":false},"version":2}},"categories":[50,379,3,37],"tags":[201,482,333,484,483,485],"class_list":["post-3147","post","type-post","status-publish","format-standard","has-post-thumbnail","hentry","category-art-de-vivre","category-chemin-de-transformation","category-reflexions","category-spiritualite-2","tag-deplacement","tag-derangement","tag-noel","tag-renversement","tag-routine","tag-subversion"],"jetpack_publicize_connections":[],"jetpack_featured_media_url":"https:\/\/i0.wp.com\/bottesetvelo.com\/blog\/wp-content\/uploads\/2017\/12\/poor-2507399_1920.jpg?fit=1920%2C1280&ssl=1","jetpack_shortlink":"https:\/\/wp.me\/p4eY6z-OL","jetpack_sharing_enabled":true,"jetpack_likes_enabled":true,"jetpack-related-posts":[],"_links":{"self":[{"href":"https:\/\/bottesetvelo.com\/blog\/wp-json\/wp\/v2\/posts\/3147","targetHints":{"allow":["GET"]}}],"collection":[{"href":"https:\/\/bottesetvelo.com\/blog\/wp-json\/wp\/v2\/posts"}],"about":[{"href":"https:\/\/bottesetvelo.com\/blog\/wp-json\/wp\/v2\/types\/post"}],"author":[{"embeddable":true,"href":"https:\/\/bottesetvelo.com\/blog\/wp-json\/wp\/v2\/users\/3"}],"replies":[{"embeddable":true,"href":"https:\/\/bottesetvelo.com\/blog\/wp-json\/wp\/v2\/comments?post=3147"}],"version-history":[{"count":3,"href":"https:\/\/bottesetvelo.com\/blog\/wp-json\/wp\/v2\/posts\/3147\/revisions"}],"predecessor-version":[{"id":3154,"href":"https:\/\/bottesetvelo.com\/blog\/wp-json\/wp\/v2\/posts\/3147\/revisions\/3154"}],"wp:featuredmedia":[{"embeddable":true,"href":"https:\/\/bottesetvelo.com\/blog\/wp-json\/wp\/v2\/media\/3150"}],"wp:attachment":[{"href":"https:\/\/bottesetvelo.com\/blog\/wp-json\/wp\/v2\/media?parent=3147"}],"wp:term":[{"taxonomy":"category","embeddable":true,"href":"https:\/\/bottesetvelo.com\/blog\/wp-json\/wp\/v2\/categories?post=3147"},{"taxonomy":"post_tag","embeddable":true,"href":"https:\/\/bottesetvelo.com\/blog\/wp-json\/wp\/v2\/tags?post=3147"}],"curies":[{"name":"wp","href":"https:\/\/api.w.org\/{rel}","templated":true}]}}