{"id":3132,"date":"2017-12-15T11:48:37","date_gmt":"2017-12-15T16:48:37","guid":{"rendered":"http:\/\/bottesetvelo.com\/blog\/?p=3132"},"modified":"2017-12-15T14:15:54","modified_gmt":"2017-12-15T19:15:54","slug":"se-preparer-aidant-ou-nuisible","status":"publish","type":"post","link":"https:\/\/bottesetvelo.com\/blog\/2017\/12\/15\/se-preparer-aidant-ou-nuisible\/","title":{"rendered":"Se pr\u00e9parer : aidant ou nuisible?"},"content":{"rendered":"<h6 style=\"text-align: right;\"><em>N&rsquo;\u00e9levons pas nos enfants pour le monde d&rsquo;aujourd&rsquo;hui.<\/em><br \/>\n<em> Ce monde n&rsquo;existera plus lorsqu&rsquo;ils seront grands.<\/em><br \/>\n<em> Et rien ne nous permet de savoir quel monde sera le leur.<\/em><br \/>\n<em> Alors apprenons-leur \u00e0 s&rsquo;adapter.<\/em><br \/>\n<em> Maria Montessori<\/em><\/h6>\n<p style=\"text-align: justify;\"><strong><em><span style=\"color: #003366;\">De nos jours, celui qui d\u00e9sire vivre l\u2019exp\u00e9rience \u00ab\u00a0Compostelle\u00a0\u00bb trouve une panoplie de services et d\u2019informations pour planifier son voyage. Jusqu\u2019o\u00f9 devrait-on se pr\u00e9parer \u00e0 cette aventure? Jusqu\u2019o\u00f9 peut-on vraiment pr\u00e9tendre \u00eatre pr\u00e9par\u00e9 \u00e0 ce que ce type de d\u00e9placement nous fera vivre?<\/span><\/em><\/strong><\/p>\n<p style=\"text-align: justify;\"><a href=\"https:\/\/i0.wp.com\/bottesetvelo.com\/blog\/wp-content\/uploads\/2017\/12\/protection-v%C3%A9lo.jpg?ssl=1\"><img data-recalc-dims=\"1\" loading=\"lazy\" decoding=\"async\" data-attachment-id=\"3139\" data-permalink=\"https:\/\/bottesetvelo.com\/blog\/2017\/12\/15\/se-preparer-aidant-ou-nuisible\/protection-velo\/\" data-orig-file=\"https:\/\/i0.wp.com\/bottesetvelo.com\/blog\/wp-content\/uploads\/2017\/12\/protection-v%C3%A9lo.jpg?fit=550%2C367&amp;ssl=1\" data-orig-size=\"550,367\" data-comments-opened=\"1\" data-image-meta=\"{&quot;aperture&quot;:&quot;0&quot;,&quot;credit&quot;:&quot;&quot;,&quot;camera&quot;:&quot;&quot;,&quot;caption&quot;:&quot;&quot;,&quot;created_timestamp&quot;:&quot;0&quot;,&quot;copyright&quot;:&quot;&quot;,&quot;focal_length&quot;:&quot;0&quot;,&quot;iso&quot;:&quot;0&quot;,&quot;shutter_speed&quot;:&quot;0&quot;,&quot;title&quot;:&quot;&quot;,&quot;orientation&quot;:&quot;0&quot;}\" data-image-title=\"protection v\u00e9lo\" data-image-description=\"\" data-image-caption=\"\" data-large-file=\"https:\/\/i0.wp.com\/bottesetvelo.com\/blog\/wp-content\/uploads\/2017\/12\/protection-v%C3%A9lo.jpg?fit=550%2C367&amp;ssl=1\" class=\"wp-image-3139 alignleft\" src=\"https:\/\/i0.wp.com\/bottesetvelo.com\/blog\/wp-content\/uploads\/2017\/12\/protection-v%C3%A9lo.jpg?resize=300%2C200&#038;ssl=1\" alt=\"\" width=\"300\" height=\"200\" srcset=\"https:\/\/i0.wp.com\/bottesetvelo.com\/blog\/wp-content\/uploads\/2017\/12\/protection-v%C3%A9lo.jpg?resize=500%2C334&amp;ssl=1 500w, https:\/\/i0.wp.com\/bottesetvelo.com\/blog\/wp-content\/uploads\/2017\/12\/protection-v%C3%A9lo.jpg?w=550&amp;ssl=1 550w\" sizes=\"auto, (max-width: 300px) 100vw, 300px\" \/><\/a>Toute nouveaut\u00e9, tout apprentissage am\u00e8ne son lot de d\u00e9fis et de souffrance. Pourtant, de nos jours, nombre de parents surprot\u00e8gent leur enfant pour lui \u00e9pargner cette facette douloureuse de l\u2019apprentissage. L\u2019enfant d\u2019aujourd\u2019hui qui commence \u00e0 faire de la bicyclette aura presque toujours un casque, des genouill\u00e8res, des petites roues d\u2019entra\u00eenement et parfois aussi des coudi\u00e8res. Presque toujours, le parent le suit, voire m\u00eame, le retient. Pour ne pas qu\u2019il se fasse mal. Ne pas qu\u2019il tombe. Ne se blesse. Mais vit-il la recherche d\u2019\u00e9quilibre et la sensation de vitesse? Lorsque l\u2019enfant est en processus d\u2019acquisition d\u2019un peu plus d\u2019autonomie, plusieurs adultes, le voyant forcer et peiner pour y arriver le feront \u00e0 sa place. Pour l\u2019aider. Pour lui faciliter la t\u00e2che. L\u2019aident-ils r\u00e9ellement en agissant ainsi? <strong><span style=\"color: #003366;\">Dans cette fa\u00e7on de faire qui veut prot\u00e9ger l\u2019autre, le pr\u00e9venir des dangers, quelle part de l\u2019apprentissage vient-on ainsi occulter? <\/span><\/strong>Quel comportement vient-on conditionner? Qu\u2019apprend r\u00e9ellement l\u2019enfant et que pourrait-il lui manquer pour affronter les durs d\u00e9fis de la vie adulte?<\/p>\n<p style=\"text-align: justify;\"><a href=\"https:\/\/i0.wp.com\/bottesetvelo.com\/blog\/wp-content\/uploads\/2017\/12\/p%C3%A8lerin-neige.jpg?ssl=1\"><img data-recalc-dims=\"1\" loading=\"lazy\" decoding=\"async\" data-attachment-id=\"3137\" data-permalink=\"https:\/\/bottesetvelo.com\/blog\/2017\/12\/15\/se-preparer-aidant-ou-nuisible\/pelerin-neige\/\" data-orig-file=\"https:\/\/i0.wp.com\/bottesetvelo.com\/blog\/wp-content\/uploads\/2017\/12\/p%C3%A8lerin-neige.jpg?fit=2048%2C1536&amp;ssl=1\" data-orig-size=\"2048,1536\" data-comments-opened=\"1\" data-image-meta=\"{&quot;aperture&quot;:&quot;3.3&quot;,&quot;credit&quot;:&quot;&quot;,&quot;camera&quot;:&quot;DMC-TS2&quot;,&quot;caption&quot;:&quot;&quot;,&quot;created_timestamp&quot;:&quot;1289310482&quot;,&quot;copyright&quot;:&quot;&quot;,&quot;focal_length&quot;:&quot;4.9&quot;,&quot;iso&quot;:&quot;80&quot;,&quot;shutter_speed&quot;:&quot;0.002&quot;,&quot;title&quot;:&quot;&quot;,&quot;orientation&quot;:&quot;1&quot;}\" data-image-title=\"p\u00e8lerin neige\" data-image-description=\"\" data-image-caption=\"\" data-large-file=\"https:\/\/i0.wp.com\/bottesetvelo.com\/blog\/wp-content\/uploads\/2017\/12\/p%C3%A8lerin-neige.jpg?fit=1024%2C768&amp;ssl=1\" class=\"wp-image-3137 alignright\" src=\"https:\/\/i0.wp.com\/bottesetvelo.com\/blog\/wp-content\/uploads\/2017\/12\/p%C3%A8lerin-neige.jpg?resize=300%2C225&#038;ssl=1\" alt=\"\" width=\"300\" height=\"225\" srcset=\"https:\/\/i0.wp.com\/bottesetvelo.com\/blog\/wp-content\/uploads\/2017\/12\/p%C3%A8lerin-neige.jpg?resize=500%2C375&amp;ssl=1 500w, https:\/\/i0.wp.com\/bottesetvelo.com\/blog\/wp-content\/uploads\/2017\/12\/p%C3%A8lerin-neige.jpg?resize=768%2C576&amp;ssl=1 768w, https:\/\/i0.wp.com\/bottesetvelo.com\/blog\/wp-content\/uploads\/2017\/12\/p%C3%A8lerin-neige.jpg?resize=1024%2C768&amp;ssl=1 1024w, https:\/\/i0.wp.com\/bottesetvelo.com\/blog\/wp-content\/uploads\/2017\/12\/p%C3%A8lerin-neige.jpg?w=2048&amp;ssl=1 2048w\" sizes=\"auto, (max-width: 300px) 100vw, 300px\" \/><\/a>Adulte, nous avons tendance \u00e0 reproduire inconsciemment ces m\u00eames comportements, anticipant et planifiant m\u00eame l\u2019impr\u00e9visible. Avant de partir en p\u00e8lerinage, plusieurs iront chercher conseil pour l\u2019achat des bottes et du sac \u00e0 dos. Certains iront m\u00eame se faire accompagner pour l\u2019ensemble du mat\u00e9riel requis, allant de la serviette, aux pantalons, en passant par le chapeau et les b\u00e2tons. \u00c9videmment, une majorit\u00e9 de futurs p\u00e8lerins marcheront plusieurs fois nombre de kilom\u00e8tres pour user un peu les bottes. Mais d\u2019autres iront m\u00eame jusqu\u2019\u00e0 p\u00e8leriner avec leur sac \u00e0 dos rempli d\u2019un poids pour s\u2019entra\u00eener avant de partir. Certains s\u2019ach\u00e8teront un dictionnaire fran\u00e7ais-espagnol qu\u2019ils feuilletteront pour le plaisir avant le d\u00e9part. D\u2019autres s\u2019inscriront pour une session \u00e0 des cours d\u2019espagnol. Et presque tous iront voir des photos, des vid\u00e9os ou m\u00eame des conf\u00e9rences du chemin. Et la chaleur extr\u00eame, les ronflements, les blessures, la fatigue, l&rsquo;\u00e9loignement? Peut-on, et devrait-on, tenter de rem\u00e9dier \u00e0 tous les inconforts annonc\u00e9s? <span style=\"color: #003366;\"><strong>Se pr\u00e9parer \u00e0 faire Compostelle\u00a0: comment, pourquoi mais surtout jusqu\u2019o\u00f9? <\/strong><span style=\"color: #000000;\"><br \/>\n<\/span><\/span><\/p>\n<p style=\"text-align: justify;\">Ce besoin de pr\u00e9paration est probablement proportionnel au niveau d\u2019inqui\u00e9tude et de peur de chacun. Mais il d\u00e9pend certainement aussi du niveau de confiance et d\u2019assurance accumul\u00e9 tout au long du parcours de vie de la personne. Toute cette palette de sentiments tant positifs que n\u00e9gatifs est omnipr\u00e9sente et influe sur les d\u00e9cisions que chacun d\u00e9cide de prendre. Se pr\u00e9parer peut donc autant \u00eatre aidant que nuire \u00e0 l\u2019exp\u00e9rience.<\/p>\n<p style=\"text-align: justify;\"><a href=\"https:\/\/i0.wp.com\/bottesetvelo.com\/blog\/wp-content\/uploads\/2017\/12\/IMG_7836.jpg?ssl=1\"><img data-recalc-dims=\"1\" loading=\"lazy\" decoding=\"async\" data-attachment-id=\"3140\" data-permalink=\"https:\/\/bottesetvelo.com\/blog\/2017\/12\/15\/se-preparer-aidant-ou-nuisible\/img_7836\/\" data-orig-file=\"https:\/\/i0.wp.com\/bottesetvelo.com\/blog\/wp-content\/uploads\/2017\/12\/IMG_7836.jpg?fit=3648%2C2736&amp;ssl=1\" data-orig-size=\"3648,2736\" data-comments-opened=\"1\" data-image-meta=\"{&quot;aperture&quot;:&quot;3.2&quot;,&quot;credit&quot;:&quot;&quot;,&quot;camera&quot;:&quot;Canon PowerShot SD890 IS&quot;,&quot;caption&quot;:&quot;&quot;,&quot;created_timestamp&quot;:&quot;1436964357&quot;,&quot;copyright&quot;:&quot;&quot;,&quot;focal_length&quot;:&quot;6.6&quot;,&quot;iso&quot;:&quot;80&quot;,&quot;shutter_speed&quot;:&quot;0.0166666666667&quot;,&quot;title&quot;:&quot;&quot;,&quot;orientation&quot;:&quot;1&quot;}\" data-image-title=\"P\u00e8lerin &amp;#8211; ours\" data-image-description=\"\" data-image-caption=\"\" data-large-file=\"https:\/\/i0.wp.com\/bottesetvelo.com\/blog\/wp-content\/uploads\/2017\/12\/IMG_7836.jpg?fit=1024%2C768&amp;ssl=1\" class=\"wp-image-3140 alignleft\" src=\"https:\/\/i0.wp.com\/bottesetvelo.com\/blog\/wp-content\/uploads\/2017\/12\/IMG_7836.jpg?resize=300%2C225&#038;ssl=1\" alt=\"\" width=\"300\" height=\"225\" srcset=\"https:\/\/i0.wp.com\/bottesetvelo.com\/blog\/wp-content\/uploads\/2017\/12\/IMG_7836.jpg?resize=500%2C375&amp;ssl=1 500w, https:\/\/i0.wp.com\/bottesetvelo.com\/blog\/wp-content\/uploads\/2017\/12\/IMG_7836.jpg?resize=768%2C576&amp;ssl=1 768w, https:\/\/i0.wp.com\/bottesetvelo.com\/blog\/wp-content\/uploads\/2017\/12\/IMG_7836.jpg?resize=1024%2C768&amp;ssl=1 1024w, https:\/\/i0.wp.com\/bottesetvelo.com\/blog\/wp-content\/uploads\/2017\/12\/IMG_7836.jpg?w=2340&amp;ssl=1 2340w, https:\/\/i0.wp.com\/bottesetvelo.com\/blog\/wp-content\/uploads\/2017\/12\/IMG_7836.jpg?w=3510&amp;ssl=1 3510w\" sizes=\"auto, (max-width: 300px) 100vw, 300px\" \/><\/a>La pr\u00e9paration du p\u00e8lerinage est la premi\u00e8re \u00e9tape vers l&rsquo;inconnu. Elle se fait essentiellement au niveau technique et mat\u00e9riel. Le p\u00e8lerinage est jalonn\u00e9 d\u2019impr\u00e9vus et d\u2019impr\u00e9visibles qui font la force de ce voyage et qui permettent au p\u00e8lerin de se r\u00e9v\u00e9ler \u00e0 lui-m\u00eame et de vivre des r\u00e9ussites. C\u2019est l\u2019occasion pour plusieurs \u00a0d\u2019exploiter les outils accumul\u00e9 dans leur bagage de vie. <strong><span style=\"color: #003366;\">Partir p\u00e8leriner c\u2019est accepter de se laisser d\u00e9placer, accepter que tout ne sera pas anticip\u00e9.<\/span><\/strong> \u00a0 P\u00e8leriner, c\u2019est accepter de se faire confiance. C\u2019est \u00e0 travers l\u2019effort et l&rsquo;adversit\u00e9 qu\u2019\u00e9mergent des apprentissages qui fa\u00e7onnent et consolident notre personnalit\u00e9, et nous outillent pour faire face aux al\u00e9as de la vie \u00e0 venir.<a href=\"https:\/\/i0.wp.com\/bottesetvelo.com\/blog\/wp-content\/uploads\/2014\/01\/Bottes-et-V%C3%A9lo-Embl%C3%AAme-e1454083414631.jpg?ssl=1\"><img data-recalc-dims=\"1\" loading=\"lazy\" decoding=\"async\" data-attachment-id=\"14\" data-permalink=\"https:\/\/bottesetvelo.com\/blog\/bottes-et-velo-le-blog\/bottes-et-velo-embleme\/\" data-orig-file=\"https:\/\/i0.wp.com\/bottesetvelo.com\/blog\/wp-content\/uploads\/2014\/01\/Bottes-et-V%C3%A9lo-Embl%C3%AAme-e1454083414631.jpg?fit=100%2C79&amp;ssl=1\" data-orig-size=\"100,79\" data-comments-opened=\"1\" data-image-meta=\"{&quot;aperture&quot;:&quot;0&quot;,&quot;credit&quot;:&quot;&quot;,&quot;camera&quot;:&quot;&quot;,&quot;caption&quot;:&quot;&quot;,&quot;created_timestamp&quot;:&quot;0&quot;,&quot;copyright&quot;:&quot;&quot;,&quot;focal_length&quot;:&quot;0&quot;,&quot;iso&quot;:&quot;0&quot;,&quot;shutter_speed&quot;:&quot;0&quot;,&quot;title&quot;:&quot;&quot;}\" data-image-title=\"Bottes et V\u00e9lo &amp;#8211; Embl\u00eame\" data-image-description=\"\" data-image-caption=\"\" data-large-file=\"https:\/\/i0.wp.com\/bottesetvelo.com\/blog\/wp-content\/uploads\/2014\/01\/Bottes-et-V%C3%A9lo-Embl%C3%AAme-e1454083414631.jpg?fit=100%2C79&amp;ssl=1\" class=\"alignright wp-image-14\" src=\"https:\/\/i0.wp.com\/bottesetvelo.com\/blog\/wp-content\/uploads\/2014\/01\/Bottes-et-V%C3%A9lo-Embl%C3%AAme.jpg?resize=60%2C47&#038;ssl=1\" alt=\"\" width=\"60\" height=\"47\" \/><\/a><\/p>\n<p style=\"text-align: justify;\">Brigitte Harouni<\/p>\n","protected":false},"excerpt":{"rendered":"<p>N&rsquo;\u00e9levons pas nos enfants pour le monde d&rsquo;aujourd&rsquo;hui. Ce monde n&rsquo;existera plus lorsqu&rsquo;ils seront grands. Et rien ne nous permet de savoir quel monde sera le leur. Alors apprenons-leur \u00e0 s&rsquo;adapter. Maria Montessori De nos jours, celui qui d\u00e9sire vivre l\u2019exp\u00e9rience \u00ab\u00a0Compostelle\u00a0\u00bb trouve une panoplie de services et d\u2019informations pour planifier son voyage. Jusqu\u2019o\u00f9 devrait-on&hellip;<\/p>\n","protected":false},"author":2,"featured_media":0,"comment_status":"open","ping_status":"open","sticky":false,"template":"","format":"standard","meta":{"jetpack_post_was_ever_published":false,"_jetpack_newsletter_access":"","_jetpack_dont_email_post_to_subs":false,"_jetpack_newsletter_tier_id":0,"_jetpack_memberships_contains_paywalled_content":false,"_jetpack_memberships_contains_paid_content":false,"footnotes":"","jetpack_publicize_message":"","jetpack_publicize_feature_enabled":true,"jetpack_social_post_already_shared":true,"jetpack_social_options":{"image_generator_settings":{"template":"highway","default_image_id":0,"font":"","enabled":false},"version":2}},"categories":[422,50,39,166,171,415],"tags":[80,40,168,43,14,13],"class_list":["post-3132","post","type-post","status-publish","format-standard","hentry","category-accompagnement","category-art-de-vivre","category-croissance-personnelle","category-demarche-du-pelerin","category-pelerinage","category-preparation","tag-compostelle","tag-croissance-personnelle-2","tag-demarche-du-pelerin","tag-faire-confiance-a-la-vie","tag-marche","tag-pelerinage"],"jetpack_publicize_connections":[],"jetpack_featured_media_url":"","jetpack_shortlink":"https:\/\/wp.me\/p4eY6z-Ow","jetpack_sharing_enabled":true,"jetpack_likes_enabled":true,"jetpack-related-posts":[],"_links":{"self":[{"href":"https:\/\/bottesetvelo.com\/blog\/wp-json\/wp\/v2\/posts\/3132","targetHints":{"allow":["GET"]}}],"collection":[{"href":"https:\/\/bottesetvelo.com\/blog\/wp-json\/wp\/v2\/posts"}],"about":[{"href":"https:\/\/bottesetvelo.com\/blog\/wp-json\/wp\/v2\/types\/post"}],"author":[{"embeddable":true,"href":"https:\/\/bottesetvelo.com\/blog\/wp-json\/wp\/v2\/users\/2"}],"replies":[{"embeddable":true,"href":"https:\/\/bottesetvelo.com\/blog\/wp-json\/wp\/v2\/comments?post=3132"}],"version-history":[{"count":7,"href":"https:\/\/bottesetvelo.com\/blog\/wp-json\/wp\/v2\/posts\/3132\/revisions"}],"predecessor-version":[{"id":3143,"href":"https:\/\/bottesetvelo.com\/blog\/wp-json\/wp\/v2\/posts\/3132\/revisions\/3143"}],"wp:attachment":[{"href":"https:\/\/bottesetvelo.com\/blog\/wp-json\/wp\/v2\/media?parent=3132"}],"wp:term":[{"taxonomy":"category","embeddable":true,"href":"https:\/\/bottesetvelo.com\/blog\/wp-json\/wp\/v2\/categories?post=3132"},{"taxonomy":"post_tag","embeddable":true,"href":"https:\/\/bottesetvelo.com\/blog\/wp-json\/wp\/v2\/tags?post=3132"}],"curies":[{"name":"wp","href":"https:\/\/api.w.org\/{rel}","templated":true}]}}