{"id":3121,"date":"2017-11-24T13:04:18","date_gmt":"2017-11-24T18:04:18","guid":{"rendered":"http:\/\/bottesetvelo.com\/blog\/?p=3121"},"modified":"2017-11-24T13:04:18","modified_gmt":"2017-11-24T18:04:18","slug":"compostelle-chemins-de-gestation","status":"publish","type":"post","link":"https:\/\/bottesetvelo.com\/blog\/2017\/11\/24\/compostelle-chemins-de-gestation\/","title":{"rendered":"Compostelle, chemins de gestation."},"content":{"rendered":"<h6 style=\"text-align: right;\"><em>La libert\u00e9 n&rsquo;existe que dans le mouvement de conqu\u00eate de la libert\u00e9.<\/em><br \/>\n<em>Alain Robbe-Grillet<\/em><\/h6>\n<p>&nbsp;<\/p>\n<h5 style=\"text-align: justify;\"><span style=\"color: #003366;\">Affranchir une lettre, c\u2019est lui donner le droit de partir prendre la route. C\u2019est l\u2019autoriser \u00e0 entrer dans cet espace qui n\u2019appartient \u00e0 personne. Entre exp\u00e9diteur et destinataire, loin d\u2019\u00eatre le lieu d\u2019une exclusion, cet entre-lieu devient mobile de liaison\u00a0: \u00ab\u00a0espace pour s\u2019entre-dire, espace de l\u2019inter-dit\u00a0\u2026\u00a0\u00bb Les Chemins de Compostelle portent en eux ce mod\u00e8le de libert\u00e9 en gestation. Leur \u00e9volution des derni\u00e8res d\u00e9cennies leur a permis de s\u2019affranchir et de devenir espace de dialogues, en allant au-del\u00e0 des fronti\u00e8res \u00ab\u00a0inter-dites\u00a0\u00bb.<\/span><\/h5>\n<p style=\"text-align: justify;\"><a href=\"https:\/\/i0.wp.com\/bottesetvelo.com\/blog\/wp-content\/uploads\/2017\/11\/road-270216_1920.jpg?ssl=1\"><img data-recalc-dims=\"1\" loading=\"lazy\" decoding=\"async\" data-attachment-id=\"3126\" data-permalink=\"https:\/\/bottesetvelo.com\/blog\/2017\/11\/24\/compostelle-chemins-de-gestation\/road-270216_1920\/\" data-orig-file=\"https:\/\/i0.wp.com\/bottesetvelo.com\/blog\/wp-content\/uploads\/2017\/11\/road-270216_1920.jpg?fit=1920%2C1440&amp;ssl=1\" data-orig-size=\"1920,1440\" data-comments-opened=\"1\" data-image-meta=\"{&quot;aperture&quot;:&quot;0&quot;,&quot;credit&quot;:&quot;&quot;,&quot;camera&quot;:&quot;&quot;,&quot;caption&quot;:&quot;&quot;,&quot;created_timestamp&quot;:&quot;0&quot;,&quot;copyright&quot;:&quot;&quot;,&quot;focal_length&quot;:&quot;0&quot;,&quot;iso&quot;:&quot;0&quot;,&quot;shutter_speed&quot;:&quot;0&quot;,&quot;title&quot;:&quot;&quot;,&quot;orientation&quot;:&quot;0&quot;}\" data-image-title=\"Route de Compostelle\" data-image-description=\"\" data-image-caption=\"\" data-large-file=\"https:\/\/i0.wp.com\/bottesetvelo.com\/blog\/wp-content\/uploads\/2017\/11\/road-270216_1920.jpg?fit=1024%2C768&amp;ssl=1\" class=\" wp-image-3126 alignright\" src=\"https:\/\/i0.wp.com\/bottesetvelo.com\/blog\/wp-content\/uploads\/2017\/11\/road-270216_1920.jpg?resize=300%2C225&#038;ssl=1\" alt=\"\" width=\"300\" height=\"225\" srcset=\"https:\/\/i0.wp.com\/bottesetvelo.com\/blog\/wp-content\/uploads\/2017\/11\/road-270216_1920.jpg?resize=500%2C375&amp;ssl=1 500w, https:\/\/i0.wp.com\/bottesetvelo.com\/blog\/wp-content\/uploads\/2017\/11\/road-270216_1920.jpg?resize=768%2C576&amp;ssl=1 768w, https:\/\/i0.wp.com\/bottesetvelo.com\/blog\/wp-content\/uploads\/2017\/11\/road-270216_1920.jpg?resize=1024%2C768&amp;ssl=1 1024w, https:\/\/i0.wp.com\/bottesetvelo.com\/blog\/wp-content\/uploads\/2017\/11\/road-270216_1920.jpg?w=1920&amp;ssl=1 1920w\" sizes=\"auto, (max-width: 300px) 100vw, 300px\" \/><\/a>Affranchi des fronti\u00e8res de la religion, Compostelle se fait maintenant espace de communication entre divers chemins de vie, diverses traditions. Sur ces chemins, au-del\u00e0 de nos d\u00e9lits d\u2019humanit\u00e9, chaque spiritualit\u00e9 trouve une place pour se dire, soutenir et accompagner. <strong><span style=\"color: #003366;\">Compostelle est devenu l\u2019espace d\u2019une parole en gestation.<\/span> <\/strong>Sur ses chemins, chaque p\u00e8lerin avance par une parole port\u00e9e, d\u00e9sir\u00e9e\u00a0: comme une lettre. Cette parole, appel\u00e9e \u00e0 grandir dans une \u00e9coute attentive, nourrit et fait cheminer du dedans, comme dans l\u2019allant. Parole partag\u00e9e, non impos\u00e9e, elle ouvre de nouveaux espaces o\u00f9 chacun y trouve sa place. C\u2019est ainsi affranchi, sans exclure, que Compostelle est devenu plus vivant que jamais.<\/p>\n<p style=\"text-align: justify;\">Alors qu\u2019au d\u00e9but des ann\u00e9es 1980 seule une poign\u00e9e de p\u00e8lerins marchait vers Compostelle, 2017 a franchi, avant la fin de l\u2019ann\u00e9e, le cap des 300\u00a0000 <em>peregrinos<\/em>. <a href=\"https:\/\/i0.wp.com\/bottesetvelo.com\/blog\/wp-content\/uploads\/2017\/11\/IMG_1005.jpg?ssl=1\"><img data-recalc-dims=\"1\" loading=\"lazy\" decoding=\"async\" data-attachment-id=\"3122\" data-permalink=\"https:\/\/bottesetvelo.com\/blog\/2017\/11\/24\/compostelle-chemins-de-gestation\/img_1005-2\/\" data-orig-file=\"https:\/\/i0.wp.com\/bottesetvelo.com\/blog\/wp-content\/uploads\/2017\/11\/IMG_1005.jpg?fit=2592%2C1936&amp;ssl=1\" data-orig-size=\"2592,1936\" data-comments-opened=\"1\" data-image-meta=\"{&quot;aperture&quot;:&quot;2.8&quot;,&quot;credit&quot;:&quot;&quot;,&quot;camera&quot;:&quot;iPhone 4&quot;,&quot;caption&quot;:&quot;&quot;,&quot;created_timestamp&quot;:&quot;1373276354&quot;,&quot;copyright&quot;:&quot;&quot;,&quot;focal_length&quot;:&quot;3.85&quot;,&quot;iso&quot;:&quot;80&quot;,&quot;shutter_speed&quot;:&quot;0.00145772594752&quot;,&quot;title&quot;:&quot;&quot;,&quot;orientation&quot;:&quot;1&quot;}\" data-image-title=\"Bottes et V\u00e9lo &amp;#8211; Compostelle\" data-image-description=\"\" data-image-caption=\"\" data-large-file=\"https:\/\/i0.wp.com\/bottesetvelo.com\/blog\/wp-content\/uploads\/2017\/11\/IMG_1005.jpg?fit=1024%2C765&amp;ssl=1\" class=\"alignright wp-image-3122\" src=\"https:\/\/i0.wp.com\/bottesetvelo.com\/blog\/wp-content\/uploads\/2017\/11\/IMG_1005.jpg?resize=300%2C224&#038;ssl=1\" alt=\"\" width=\"300\" height=\"224\" srcset=\"https:\/\/i0.wp.com\/bottesetvelo.com\/blog\/wp-content\/uploads\/2017\/11\/IMG_1005.jpg?resize=500%2C373&amp;ssl=1 500w, https:\/\/i0.wp.com\/bottesetvelo.com\/blog\/wp-content\/uploads\/2017\/11\/IMG_1005.jpg?resize=768%2C574&amp;ssl=1 768w, https:\/\/i0.wp.com\/bottesetvelo.com\/blog\/wp-content\/uploads\/2017\/11\/IMG_1005.jpg?resize=1024%2C765&amp;ssl=1 1024w, https:\/\/i0.wp.com\/bottesetvelo.com\/blog\/wp-content\/uploads\/2017\/11\/IMG_1005.jpg?w=2340&amp;ssl=1 2340w\" sizes=\"auto, (max-width: 300px) 100vw, 300px\" \/><\/a>Riche de ce parcours \u00e9tonnant, on peut dire que <strong><span style=\"color: #003366;\">\u00ab\u00a0Compostelle a fait beaucoup de chemin\u00a0\u00bb<\/span><\/strong>. Il a su se renouveler au-del\u00e0 de nos rigidit\u00e9s et de nos difficult\u00e9s. Espace religieux au visage m\u00e9connu, ayant lui-m\u00eame d\u00e9fait le poids de son sac, de son histoire, <span style=\"color: #003366;\"><strong>il s\u2019est lib\u00e9r\u00e9 pour accueillir plus largement.<\/strong> <\/span>Il a ouvert ses routes et multipli\u00e9 ses sentiers. Il s\u2019est fait accessible et attentif. D\u00e9sormais, Compostelle s\u2019offre comme espace circulatoire d\u2019une parole lib\u00e9r\u00e9e.<\/p>\n<p style=\"text-align: justify;\">Entre d\u00e9part et arriv\u00e9e, cette parole lib\u00e9r\u00e9e est d\u2019abord port\u00e9e en chacun. Parole en gestation, elle m\u00fbrit et grandit, lentement. Elle prend forme, se r\u00e9v\u00e8le, doucement. Parole port\u00e9e, elle ne fait que me traverser. Et, comme l\u2019enfant traverse la chair de la m\u00e8re, ce n\u2019est qu\u2019au terme du processus, \u00e0 l\u2019accouchement, \u00e0 la livraison, \u00e0 destination, que nous conna\u00eetrons les merveilles de ce qui aura \u00e9t\u00e9 port\u00e9 aussi longtemps et avec autant de soin. <a href=\"https:\/\/i0.wp.com\/bottesetvelo.com\/blog\/wp-content\/uploads\/2017\/11\/IMG_1280-5.jpg?ssl=1\"><img data-recalc-dims=\"1\" loading=\"lazy\" decoding=\"async\" data-attachment-id=\"3123\" data-permalink=\"https:\/\/bottesetvelo.com\/blog\/2017\/11\/24\/compostelle-chemins-de-gestation\/img_1280-5-2\/\" data-orig-file=\"https:\/\/i0.wp.com\/bottesetvelo.com\/blog\/wp-content\/uploads\/2017\/11\/IMG_1280-5.jpg?fit=3648%2C2736&amp;ssl=1\" data-orig-size=\"3648,2736\" data-comments-opened=\"1\" data-image-meta=\"{&quot;aperture&quot;:&quot;3.2&quot;,&quot;credit&quot;:&quot;&quot;,&quot;camera&quot;:&quot;Canon PowerShot SD890 IS&quot;,&quot;caption&quot;:&quot;&quot;,&quot;created_timestamp&quot;:&quot;1374563276&quot;,&quot;copyright&quot;:&quot;&quot;,&quot;focal_length&quot;:&quot;6.6&quot;,&quot;iso&quot;:&quot;250&quot;,&quot;shutter_speed&quot;:&quot;0.0166666666667&quot;,&quot;title&quot;:&quot;&quot;,&quot;orientation&quot;:&quot;1&quot;}\" data-image-title=\"Bottes et V\u00e9lo &amp;#8211; Compostelle &amp;#8211; Croix de fer\" data-image-description=\"\" data-image-caption=\"\" data-large-file=\"https:\/\/i0.wp.com\/bottesetvelo.com\/blog\/wp-content\/uploads\/2017\/11\/IMG_1280-5.jpg?fit=1024%2C768&amp;ssl=1\" class=\"alignright wp-image-3123\" src=\"https:\/\/i0.wp.com\/bottesetvelo.com\/blog\/wp-content\/uploads\/2017\/11\/IMG_1280-5.jpg?resize=300%2C225&#038;ssl=1\" alt=\"\" width=\"300\" height=\"225\" srcset=\"https:\/\/i0.wp.com\/bottesetvelo.com\/blog\/wp-content\/uploads\/2017\/11\/IMG_1280-5.jpg?resize=500%2C375&amp;ssl=1 500w, https:\/\/i0.wp.com\/bottesetvelo.com\/blog\/wp-content\/uploads\/2017\/11\/IMG_1280-5.jpg?resize=768%2C576&amp;ssl=1 768w, https:\/\/i0.wp.com\/bottesetvelo.com\/blog\/wp-content\/uploads\/2017\/11\/IMG_1280-5.jpg?resize=1024%2C768&amp;ssl=1 1024w, https:\/\/i0.wp.com\/bottesetvelo.com\/blog\/wp-content\/uploads\/2017\/11\/IMG_1280-5.jpg?w=2340&amp;ssl=1 2340w, https:\/\/i0.wp.com\/bottesetvelo.com\/blog\/wp-content\/uploads\/2017\/11\/IMG_1280-5.jpg?w=3510&amp;ssl=1 3510w\" sizes=\"auto, (max-width: 300px) 100vw, 300px\" \/><\/a>Que cet enfant, cette parole, continuera de nous travailler et de nous provoquer dans nos r\u00e9sistances. C\u2019est en laissant cette parole-enfant se d\u00e9ployer qu\u2019elle se d\u00e9voilera, que nous apprendrons \u00e0 la \u00ab\u00a0re-conna\u00eetre\u00a0\u00bb. C\u2019est-\u00e0-dire la conna\u00eetre de nouveau ou la conna\u00eetre autrement, avec d\u00e9tachement. Car, cette part de nous na\u00eet au monde librement, nous obligeant \u00e0 <strong><span style=\"color: #003366;\">penser le monde autrement<\/span><\/strong>, nous incitant au mouvement.<\/p>\n<p style=\"text-align: justify;\">Sur ces chemins affranchis, le p\u00e8lerin trouve l\u2019espace pour se dire et se recevoir en toute libert\u00e9. Chemin de gestation, <span style=\"color: #003366;\"><strong>Compostelle a su \u00e9voluer avec l\u2019humanit\u00e9 et, \u00e0 notre insu, il nous devance sur des chemins inusit\u00e9s.<a href=\"https:\/\/i0.wp.com\/bottesetvelo.com\/blog\/wp-content\/uploads\/2014\/01\/Bottes-et-V%C3%A9lo-Embl%C3%AAme-e1454083414631.jpg?ssl=1\"><img data-recalc-dims=\"1\" loading=\"lazy\" decoding=\"async\" data-attachment-id=\"14\" data-permalink=\"https:\/\/bottesetvelo.com\/blog\/bottes-et-velo-le-blog\/bottes-et-velo-embleme\/\" data-orig-file=\"https:\/\/i0.wp.com\/bottesetvelo.com\/blog\/wp-content\/uploads\/2014\/01\/Bottes-et-V%C3%A9lo-Embl%C3%AAme-e1454083414631.jpg?fit=100%2C79&amp;ssl=1\" data-orig-size=\"100,79\" data-comments-opened=\"1\" data-image-meta=\"{&quot;aperture&quot;:&quot;0&quot;,&quot;credit&quot;:&quot;&quot;,&quot;camera&quot;:&quot;&quot;,&quot;caption&quot;:&quot;&quot;,&quot;created_timestamp&quot;:&quot;0&quot;,&quot;copyright&quot;:&quot;&quot;,&quot;focal_length&quot;:&quot;0&quot;,&quot;iso&quot;:&quot;0&quot;,&quot;shutter_speed&quot;:&quot;0&quot;,&quot;title&quot;:&quot;&quot;}\" data-image-title=\"Bottes et V\u00e9lo &amp;#8211; Embl\u00eame\" data-image-description=\"\" data-image-caption=\"\" data-large-file=\"https:\/\/i0.wp.com\/bottesetvelo.com\/blog\/wp-content\/uploads\/2014\/01\/Bottes-et-V%C3%A9lo-Embl%C3%AAme-e1454083414631.jpg?fit=100%2C79&amp;ssl=1\" class=\" wp-image-14 alignright\" src=\"https:\/\/i0.wp.com\/bottesetvelo.com\/blog\/wp-content\/uploads\/2014\/01\/Bottes-et-V%C3%A9lo-Embl%C3%AAme.jpg?resize=80%2C63&#038;ssl=1\" alt=\"\" width=\"80\" height=\"63\" \/><\/a><\/strong><\/span><\/p>\n<p style=\"text-align: justify;\">\u00c9ric Lalibert\u00e9<\/p>\n","protected":false},"excerpt":{"rendered":"<p>La libert\u00e9 n&rsquo;existe que dans le mouvement de conqu\u00eate de la libert\u00e9. Alain Robbe-Grillet &nbsp; Affranchir une lettre, c\u2019est lui donner le droit de partir prendre la route. C\u2019est l\u2019autoriser \u00e0 entrer dans cet espace qui n\u2019appartient \u00e0 personne. Entre exp\u00e9diteur et destinataire, loin d\u2019\u00eatre le lieu d\u2019une exclusion, cet entre-lieu devient mobile de liaison\u00a0:&hellip;<\/p>\n","protected":false},"author":3,"featured_media":0,"comment_status":"open","ping_status":"open","sticky":false,"template":"","format":"standard","meta":{"jetpack_post_was_ever_published":false,"_jetpack_newsletter_access":"","_jetpack_dont_email_post_to_subs":false,"_jetpack_newsletter_tier_id":0,"_jetpack_memberships_contains_paywalled_content":false,"_jetpack_memberships_contains_paid_content":false,"footnotes":"","jetpack_publicize_message":"","jetpack_publicize_feature_enabled":true,"jetpack_social_post_already_shared":true,"jetpack_social_options":{"image_generator_settings":{"template":"highway","default_image_id":0,"font":"","enabled":false},"version":2}},"categories":[50,379,37],"tags":[203,80,480,481,336],"class_list":["post-3121","post","type-post","status-publish","format-standard","hentry","category-art-de-vivre","category-chemin-de-transformation","category-spiritualite-2","tag-chemin","tag-compostelle","tag-gestation","tag-parole","tag-transformation"],"jetpack_publicize_connections":[],"jetpack_featured_media_url":"","jetpack_shortlink":"https:\/\/wp.me\/p4eY6z-Ol","jetpack_sharing_enabled":true,"jetpack_likes_enabled":true,"jetpack-related-posts":[],"_links":{"self":[{"href":"https:\/\/bottesetvelo.com\/blog\/wp-json\/wp\/v2\/posts\/3121","targetHints":{"allow":["GET"]}}],"collection":[{"href":"https:\/\/bottesetvelo.com\/blog\/wp-json\/wp\/v2\/posts"}],"about":[{"href":"https:\/\/bottesetvelo.com\/blog\/wp-json\/wp\/v2\/types\/post"}],"author":[{"embeddable":true,"href":"https:\/\/bottesetvelo.com\/blog\/wp-json\/wp\/v2\/users\/3"}],"replies":[{"embeddable":true,"href":"https:\/\/bottesetvelo.com\/blog\/wp-json\/wp\/v2\/comments?post=3121"}],"version-history":[{"count":3,"href":"https:\/\/bottesetvelo.com\/blog\/wp-json\/wp\/v2\/posts\/3121\/revisions"}],"predecessor-version":[{"id":3127,"href":"https:\/\/bottesetvelo.com\/blog\/wp-json\/wp\/v2\/posts\/3121\/revisions\/3127"}],"wp:attachment":[{"href":"https:\/\/bottesetvelo.com\/blog\/wp-json\/wp\/v2\/media?parent=3121"}],"wp:term":[{"taxonomy":"category","embeddable":true,"href":"https:\/\/bottesetvelo.com\/blog\/wp-json\/wp\/v2\/categories?post=3121"},{"taxonomy":"post_tag","embeddable":true,"href":"https:\/\/bottesetvelo.com\/blog\/wp-json\/wp\/v2\/tags?post=3121"}],"curies":[{"name":"wp","href":"https:\/\/api.w.org\/{rel}","templated":true}]}}