{"id":3102,"date":"2017-10-27T10:38:31","date_gmt":"2017-10-27T14:38:31","guid":{"rendered":"http:\/\/bottesetvelo.com\/blog\/?p=3102"},"modified":"2017-10-27T10:38:31","modified_gmt":"2017-10-27T14:38:31","slug":"marcher-ensemble","status":"publish","type":"post","link":"https:\/\/bottesetvelo.com\/blog\/2017\/10\/27\/marcher-ensemble\/","title":{"rendered":"Marcher ensemble"},"content":{"rendered":"<h6 style=\"text-align: right;\"><em>La terre c&rsquo;est comme l&rsquo;amour, elle exige une relation humaine, d&rsquo;individu \u00e0 individu.<\/em><br \/>\n<em>Alice Parizeau<\/em><\/h6>\n<h5 style=\"text-align: justify;\"><span style=\"color: #003366;\">S\u2019il est bien une route qui de tout temps a su rassembler dans un espace\u00a0 liminal (hors des enjeux et structures soci\u00e9tales), c\u2019est bien celle du p\u00e8lerinage. Le p\u00e8lerin, m\u00eame s\u2019il marche seul, n\u2019est jamais dans une solitude absolue. Sa longue marche est d\u2019abord relationnelle. Elle d\u00e9pend de sa capacit\u00e9 \u00e0 entrer en relation avec un environnement qui lui est \u00e9tranger. Le p\u00e8lerinage s\u2019inscrit dans cette dynamique qui tient en tension individu et soci\u00e9t\u00e9\u00a0: entre \u00a0moi et les autres. Le p\u00e8lerinage offre un espace pour se reconna\u00eetre \u2013 trouver sa juste place \u2013 au sein d\u2019une communaut\u00e9 en mouvement, appel\u00e9e\u00a0au changement. Pour parvenir \u00e0 embrasser cet espace, le p\u00e8lerin s\u2019offre aux difficult\u00e9s de la rencontre. C\u2019est \u00e0 travers elles qu\u2019il est transform\u00e9, qu\u2019il gagne en libert\u00e9.<\/span><\/h5>\n<p style=\"text-align: justify;\"><strong><span style=\"color: #003366;\"><a href=\"https:\/\/i0.wp.com\/bottesetvelo.com\/blog\/wp-content\/uploads\/2017\/10\/mother-2800950_1920.jpg?ssl=1\"><img data-recalc-dims=\"1\" loading=\"lazy\" decoding=\"async\" data-attachment-id=\"3103\" data-permalink=\"https:\/\/bottesetvelo.com\/blog\/2017\/10\/27\/marcher-ensemble\/mother-2800950_1920\/\" data-orig-file=\"https:\/\/i0.wp.com\/bottesetvelo.com\/blog\/wp-content\/uploads\/2017\/10\/mother-2800950_1920.jpg?fit=1920%2C1121&amp;ssl=1\" data-orig-size=\"1920,1121\" data-comments-opened=\"1\" data-image-meta=\"{&quot;aperture&quot;:&quot;0&quot;,&quot;credit&quot;:&quot;&quot;,&quot;camera&quot;:&quot;&quot;,&quot;caption&quot;:&quot;&quot;,&quot;created_timestamp&quot;:&quot;1509099704&quot;,&quot;copyright&quot;:&quot;&quot;,&quot;focal_length&quot;:&quot;0&quot;,&quot;iso&quot;:&quot;0&quot;,&quot;shutter_speed&quot;:&quot;0&quot;,&quot;title&quot;:&quot;&quot;,&quot;orientation&quot;:&quot;1&quot;}\" data-image-title=\"M\u00e8re et fille &amp;#8211; automne\" data-image-description=\"\" data-image-caption=\"\" data-large-file=\"https:\/\/i0.wp.com\/bottesetvelo.com\/blog\/wp-content\/uploads\/2017\/10\/mother-2800950_1920.jpg?fit=1024%2C598&amp;ssl=1\" class=\" wp-image-3103 alignright\" src=\"https:\/\/i0.wp.com\/bottesetvelo.com\/blog\/wp-content\/uploads\/2017\/10\/mother-2800950_1920.jpg?resize=300%2C175&#038;ssl=1\" alt=\"\" width=\"300\" height=\"175\" srcset=\"https:\/\/i0.wp.com\/bottesetvelo.com\/blog\/wp-content\/uploads\/2017\/10\/mother-2800950_1920.jpg?resize=500%2C292&amp;ssl=1 500w, https:\/\/i0.wp.com\/bottesetvelo.com\/blog\/wp-content\/uploads\/2017\/10\/mother-2800950_1920.jpg?resize=768%2C448&amp;ssl=1 768w, https:\/\/i0.wp.com\/bottesetvelo.com\/blog\/wp-content\/uploads\/2017\/10\/mother-2800950_1920.jpg?resize=1024%2C598&amp;ssl=1 1024w, https:\/\/i0.wp.com\/bottesetvelo.com\/blog\/wp-content\/uploads\/2017\/10\/mother-2800950_1920.jpg?w=1920&amp;ssl=1 1920w\" sizes=\"auto, (max-width: 300px) 100vw, 300px\" \/><\/a>L\u2019\u00eatre humain n\u2019est rien seul.<\/span> <\/strong>Concevoir ma vie de p\u00e8lerin dans l\u2019espace solitaire de ma seule r\u00e9alisation personnelle, constitue le plus grand des handicaps \u00e0 toute d\u00e9marche p\u00e8lerine. Chaque jour la vie appelle \u00e0 la rencontre, \u00e0 se d\u00e9centrer de soi. Le p\u00e8lerinage invite \u00e0 sortir de cette consommation narcissique de l\u2019autre, pour entrer dans l\u2019espace de l\u2019accueil mutuel en vue du plus grand bien. Ensemble, tourner le regard vers une destination commune \u00e0 construire; \u00e9couter et accueillir mutuellement.<\/p>\n<p style=\"text-align: justify;\">Le p\u00e8lerinage convoque \u00e0 ressaisir l\u2019espace de la rencontre et de l\u2019\u00eatre ensemble. Le p\u00e8lerin ne peut s\u2019imposer \u00e0 l\u2019autre, il marche en terre \u00e9trang\u00e8re. Par contre, il sait tr\u00e8s bien qu\u2019il ne peut se renier. Il est toujours \u00e0 n\u00e9gocier cet espace\u00a0: comment marcher ensemble? <span style=\"color: #003366;\"><strong>Comment partager la vie?<\/strong><\/span><\/p>\n<p style=\"text-align: justify;\">Marcher ensemble, c\u2019est <span style=\"color: #003366;\"><strong>\u00eatre coresponsable de la vie<\/strong><\/span> qui cherche \u00e0 se dire en chacun\u00a0 de nous. Lui permettre de s\u2019exprimer en cherchant \u00e0 comprendre, ensemble, le d\u00e9sir qu\u2019elle porte. La vie appelle la vie. \u00c9coutez-la, dans ses silences, dans ses murmures, mais aussi lorsqu\u2019elle hurle parce qu\u2019elle \u00e9touffe. La vie r\u00e9agit toujours face aux dynamiques de mort.<a href=\"https:\/\/i0.wp.com\/bottesetvelo.com\/blog\/wp-content\/uploads\/2014\/01\/Bottes-et-V%C3%A9lo-Embl%C3%AAme-e1454083414631.jpg?ssl=1\"><img data-recalc-dims=\"1\" loading=\"lazy\" decoding=\"async\" data-attachment-id=\"14\" data-permalink=\"https:\/\/bottesetvelo.com\/blog\/bottes-et-velo-le-blog\/bottes-et-velo-embleme\/\" data-orig-file=\"https:\/\/i0.wp.com\/bottesetvelo.com\/blog\/wp-content\/uploads\/2014\/01\/Bottes-et-V%C3%A9lo-Embl%C3%AAme-e1454083414631.jpg?fit=100%2C79&amp;ssl=1\" data-orig-size=\"100,79\" data-comments-opened=\"1\" data-image-meta=\"{&quot;aperture&quot;:&quot;0&quot;,&quot;credit&quot;:&quot;&quot;,&quot;camera&quot;:&quot;&quot;,&quot;caption&quot;:&quot;&quot;,&quot;created_timestamp&quot;:&quot;0&quot;,&quot;copyright&quot;:&quot;&quot;,&quot;focal_length&quot;:&quot;0&quot;,&quot;iso&quot;:&quot;0&quot;,&quot;shutter_speed&quot;:&quot;0&quot;,&quot;title&quot;:&quot;&quot;}\" data-image-title=\"Bottes et V\u00e9lo &amp;#8211; Embl\u00eame\" data-image-description=\"\" data-image-caption=\"\" data-large-file=\"https:\/\/i0.wp.com\/bottesetvelo.com\/blog\/wp-content\/uploads\/2014\/01\/Bottes-et-V%C3%A9lo-Embl%C3%AAme-e1454083414631.jpg?fit=100%2C79&amp;ssl=1\" class=\" wp-image-14 alignright\" src=\"https:\/\/i0.wp.com\/bottesetvelo.com\/blog\/wp-content\/uploads\/2014\/01\/Bottes-et-V%C3%A9lo-Embl%C3%AAme.jpg?resize=60%2C47&#038;ssl=1\" alt=\"\" width=\"60\" height=\"47\" \/><\/a><\/p>\n<p style=\"text-align: justify;\">\u00c9ric Lalibert\u00e9<\/p>\n","protected":false},"excerpt":{"rendered":"<p>La terre c&rsquo;est comme l&rsquo;amour, elle exige une relation humaine, d&rsquo;individu \u00e0 individu. Alice Parizeau S\u2019il est bien une route qui de tout temps a su rassembler dans un espace\u00a0 liminal (hors des enjeux et structures soci\u00e9tales), c\u2019est bien celle du p\u00e8lerinage. Le p\u00e8lerin, m\u00eame s\u2019il marche seul, n\u2019est jamais dans une solitude absolue. Sa&hellip;<\/p>\n","protected":false},"author":3,"featured_media":0,"comment_status":"open","ping_status":"open","sticky":false,"template":"","format":"standard","meta":{"jetpack_post_was_ever_published":false,"_jetpack_newsletter_access":"","_jetpack_dont_email_post_to_subs":false,"_jetpack_newsletter_tier_id":0,"_jetpack_memberships_contains_paywalled_content":false,"_jetpack_memberships_contains_paid_content":false,"footnotes":"","jetpack_publicize_message":"","jetpack_publicize_feature_enabled":true,"jetpack_social_post_already_shared":true,"jetpack_social_options":{"image_generator_settings":{"template":"highway","default_image_id":0,"font":"","enabled":false},"version":2}},"categories":[422],"tags":[479,478,285,477,180],"class_list":["post-3102","post","type-post","status-publish","format-standard","hentry","category-accompagnement","tag-accueillir","tag-ecouter","tag-gout-de-vivre","tag-partager","tag-vivre-ensemble"],"jetpack_publicize_connections":[],"jetpack_featured_media_url":"","jetpack_shortlink":"https:\/\/wp.me\/p4eY6z-O2","jetpack_sharing_enabled":true,"jetpack_likes_enabled":true,"jetpack-related-posts":[],"_links":{"self":[{"href":"https:\/\/bottesetvelo.com\/blog\/wp-json\/wp\/v2\/posts\/3102","targetHints":{"allow":["GET"]}}],"collection":[{"href":"https:\/\/bottesetvelo.com\/blog\/wp-json\/wp\/v2\/posts"}],"about":[{"href":"https:\/\/bottesetvelo.com\/blog\/wp-json\/wp\/v2\/types\/post"}],"author":[{"embeddable":true,"href":"https:\/\/bottesetvelo.com\/blog\/wp-json\/wp\/v2\/users\/3"}],"replies":[{"embeddable":true,"href":"https:\/\/bottesetvelo.com\/blog\/wp-json\/wp\/v2\/comments?post=3102"}],"version-history":[{"count":3,"href":"https:\/\/bottesetvelo.com\/blog\/wp-json\/wp\/v2\/posts\/3102\/revisions"}],"predecessor-version":[{"id":3106,"href":"https:\/\/bottesetvelo.com\/blog\/wp-json\/wp\/v2\/posts\/3102\/revisions\/3106"}],"wp:attachment":[{"href":"https:\/\/bottesetvelo.com\/blog\/wp-json\/wp\/v2\/media?parent=3102"}],"wp:term":[{"taxonomy":"category","embeddable":true,"href":"https:\/\/bottesetvelo.com\/blog\/wp-json\/wp\/v2\/categories?post=3102"},{"taxonomy":"post_tag","embeddable":true,"href":"https:\/\/bottesetvelo.com\/blog\/wp-json\/wp\/v2\/tags?post=3102"}],"curies":[{"name":"wp","href":"https:\/\/api.w.org\/{rel}","templated":true}]}}