{"id":307,"date":"2014-02-14T17:59:20","date_gmt":"2014-02-14T22:59:20","guid":{"rendered":"http:\/\/bottesetvelo.com\/blog\/?p=307"},"modified":"2014-02-14T19:38:46","modified_gmt":"2014-02-15T00:38:46","slug":"lequipement-du-pelerin-nord-americain","status":"publish","type":"post","link":"https:\/\/bottesetvelo.com\/blog\/2014\/02\/14\/lequipement-du-pelerin-nord-americain\/","title":{"rendered":"L\u2019\u00e9quipement du p\u00e8lerin nord-am\u00e9ricain"},"content":{"rendered":"<p style=\"text-align: justify;\">Entrer dans l\u2019esprit du p\u00e8lerinage sous-entend une certaine aust\u00e9rit\u00e9 qui n\u2019est pas pour autant synonyme d\u2019\u00e2pret\u00e9. L\u2019aust\u00e9rit\u00e9 du p\u00e8lerinage entre davantage dans la lign\u00e9e d\u2019une contre-culture\u00a0: celle de la d\u00e9croissance, du d\u00e9sengorgement de nos vies trop bien remplies. La longue randonn\u00e9e \u00e9veille notre conscience \u00e0 l\u2019impertinence d\u2019une surconsommation\u00a0: \u00ab\u00a0<i>Tout ce que tu poss\u00e8des, ou crois poss\u00e9der, fini par te poss\u00e9der.\u00a0\u00bb<a href=\"https:\/\/i0.wp.com\/bottesetvelo.com\/blog\/wp-content\/uploads\/2014\/02\/Brigitte-Sac-%C3%A0-dos.jpg?ssl=1\"><img data-recalc-dims=\"1\" loading=\"lazy\" decoding=\"async\" data-attachment-id=\"311\" data-permalink=\"https:\/\/bottesetvelo.com\/blog\/2014\/02\/14\/lequipement-du-pelerin-nord-americain\/brigitte-sac-a-dos\/\" data-orig-file=\"https:\/\/i0.wp.com\/bottesetvelo.com\/blog\/wp-content\/uploads\/2014\/02\/Brigitte-Sac-%C3%A0-dos.jpg?fit=1017%2C1495&amp;ssl=1\" data-orig-size=\"1017,1495\" data-comments-opened=\"1\" data-image-meta=\"{&quot;aperture&quot;:&quot;0&quot;,&quot;credit&quot;:&quot;&quot;,&quot;camera&quot;:&quot;&quot;,&quot;caption&quot;:&quot;&quot;,&quot;created_timestamp&quot;:&quot;0&quot;,&quot;copyright&quot;:&quot;&quot;,&quot;focal_length&quot;:&quot;0&quot;,&quot;iso&quot;:&quot;0&quot;,&quot;shutter_speed&quot;:&quot;0&quot;,&quot;title&quot;:&quot;&quot;}\" data-image-title=\"Brigitte &amp;#8211; Sac \u00e0 dos\" data-image-description=\"\" data-image-caption=\"\" data-large-file=\"https:\/\/i0.wp.com\/bottesetvelo.com\/blog\/wp-content\/uploads\/2014\/02\/Brigitte-Sac-%C3%A0-dos.jpg?fit=696%2C1024&amp;ssl=1\" class=\" wp-image-311 alignright\" alt=\"Brigitte - Sac \u00e0 dos\" src=\"https:\/\/i0.wp.com\/bottesetvelo.com\/blog\/wp-content\/uploads\/2014\/02\/Brigitte-Sac-%C3%A0-dos.jpg?resize=196%2C289&#038;ssl=1\" width=\"196\" height=\"289\" srcset=\"https:\/\/i0.wp.com\/bottesetvelo.com\/blog\/wp-content\/uploads\/2014\/02\/Brigitte-Sac-%C3%A0-dos.jpg?resize=340%2C500&amp;ssl=1 340w, https:\/\/i0.wp.com\/bottesetvelo.com\/blog\/wp-content\/uploads\/2014\/02\/Brigitte-Sac-%C3%A0-dos.jpg?resize=696%2C1024&amp;ssl=1 696w, https:\/\/i0.wp.com\/bottesetvelo.com\/blog\/wp-content\/uploads\/2014\/02\/Brigitte-Sac-%C3%A0-dos.jpg?resize=624%2C917&amp;ssl=1 624w, https:\/\/i0.wp.com\/bottesetvelo.com\/blog\/wp-content\/uploads\/2014\/02\/Brigitte-Sac-%C3%A0-dos.jpg?w=1017&amp;ssl=1 1017w\" sizes=\"auto, (max-width: 196px) 100vw, 196px\" \/><\/a><\/i><\/p>\n<p style=\"text-align: justify;\">D\u2019une certaine mani\u00e8re, le p\u00e8lerinage nous apprend la libert\u00e9 et cette mani\u00e8re qu\u2019il a de nous enseigner, nous la d\u00e9couvrons au fil de nos pas sur le chemin. C\u2019est donc par exp\u00e9rience que je vous parlerai du poids dont nous chargeons nos \u00e9paules. Ceci sans trop en dire, car, \u00e0 trop savoir dans ce domaine, nous n\u2019apprenons rien. Il y a dans toute d\u00e9marche spirituelle une n\u00e9cessit\u00e9 certaine \u00e0 se colletailler aux \u00e9v\u00e9nements pour qu\u2019une mutation de l\u2019esprit s\u2019effectue.<\/p>\n<p style=\"text-align: justify;\">Tout d\u2019abord, faire la liste des effets qui vous seront essentiels. Que vous soyez en bottes ou \u00e0 v\u00e9lo, vous transporterez sensiblement la m\u00eame chose. Tout au plus, vous autoriserez vous peut-\u00eatre deux ou trois kilos de plus sur le v\u00e9lo<a title=\"\" href=\"#_ftn1\">[1]<\/a>\u00a0:<\/p>\n<p>1) Bottes ou souliers de randonn\u00e9e<\/p>\n<p>2) B\u00e2tons de marche<\/p>\n<p>3) Sac \u00e0 dos (30-40 litres max.) ou sacs de v\u00e9los (30-40 litres la paire)<\/p>\n<p>4) Tente (2-3\u00a0kg)<a href=\"https:\/\/i0.wp.com\/bottesetvelo.com\/blog\/wp-content\/uploads\/2014\/02\/2014-02-14-12.13.27.jpg?ssl=1\"><img data-recalc-dims=\"1\" loading=\"lazy\" decoding=\"async\" data-attachment-id=\"308\" data-permalink=\"https:\/\/bottesetvelo.com\/blog\/2014\/02\/14\/lequipement-du-pelerin-nord-americain\/2014-02-14-12-13-27\/\" data-orig-file=\"https:\/\/i0.wp.com\/bottesetvelo.com\/blog\/wp-content\/uploads\/2014\/02\/2014-02-14-12.13.27.jpg?fit=2266%2C3134&amp;ssl=1\" data-orig-size=\"2266,3134\" data-comments-opened=\"1\" data-image-meta=\"{&quot;aperture&quot;:&quot;2.6&quot;,&quot;credit&quot;:&quot;&quot;,&quot;camera&quot;:&quot;SGH-I747M&quot;,&quot;caption&quot;:&quot;&quot;,&quot;created_timestamp&quot;:&quot;1392380007&quot;,&quot;copyright&quot;:&quot;&quot;,&quot;focal_length&quot;:&quot;3.7&quot;,&quot;iso&quot;:&quot;250&quot;,&quot;shutter_speed&quot;:&quot;0.0333333333333&quot;,&quot;title&quot;:&quot;&quot;}\" data-image-title=\"2014-02-14 12.13.27\" data-image-description=\"\" data-image-caption=\"\" data-large-file=\"https:\/\/i0.wp.com\/bottesetvelo.com\/blog\/wp-content\/uploads\/2014\/02\/2014-02-14-12.13.27.jpg?fit=740%2C1024&amp;ssl=1\" class=\" wp-image-308 alignright\" alt=\"2014-02-14 12.13.27\" src=\"https:\/\/i0.wp.com\/bottesetvelo.com\/blog\/wp-content\/uploads\/2014\/02\/2014-02-14-12.13.27.jpg?resize=186%2C257&#038;ssl=1\" width=\"186\" height=\"257\" srcset=\"https:\/\/i0.wp.com\/bottesetvelo.com\/blog\/wp-content\/uploads\/2014\/02\/2014-02-14-12.13.27.jpg?resize=361%2C500&amp;ssl=1 361w, https:\/\/i0.wp.com\/bottesetvelo.com\/blog\/wp-content\/uploads\/2014\/02\/2014-02-14-12.13.27.jpg?resize=740%2C1024&amp;ssl=1 740w, https:\/\/i0.wp.com\/bottesetvelo.com\/blog\/wp-content\/uploads\/2014\/02\/2014-02-14-12.13.27.jpg?resize=624%2C863&amp;ssl=1 624w\" sizes=\"auto, (max-width: 186px) 100vw, 186px\" \/><\/a><\/p>\n<p>5) Sac de couchage (500 \u00e0 700\u00a0g)<\/p>\n<p>6) Matelas de sol (500\u00a0g)<\/p>\n<p>7) R\u00e9servoir d\u2019eau ou \u00ab\u00a0Camel-back\u00a0\u00bb (plein = +\/- 1,5\u00a0kg)<\/p>\n<p>8) Gamelle (500\u00a0g)<\/p>\n<p style=\"text-align: justify;\">9) V\u00eatements\u00a0: un ensemble de rechange, bas, sous-v\u00eatements, un chandail plus chaud et pr\u00e9voir un imperm\u00e9able, poncho ou autre, en cas de pluie. (2\u00a0kg)<\/p>\n<p>10)\u00a0 Sandales (500\u00a0g)<\/p>\n<p>11)\u00a0 Lampe frontale (100\u00a0g)<\/p>\n<p>12)\u00a0 Papier de toilette (100\u00a0g)<\/p>\n<p>13)\u00a0 Serviette (500\u00a0g)<\/p>\n<p>14)\u00a0 Trousse d\u2019hygi\u00e8ne personnelle (500\u00a0g)<\/p>\n<p>15)\u00a0 Trousse de premiers soins (500\u00a0g)<\/p>\n<p>Poids total\u00a0: entre 9 et 10\u00a0kg<\/p>\n<p style=\"text-align: justify;\">Sans tente\u00a0: entre 7 et 8\u00a0kg (la tente n\u2019est pas absolument n\u00e9cessaire, c\u2019est une question d\u2019\u00e9conomie. Comme les auberges de p\u00e8lerins sont inexistantes au Qu\u00e9bec, le camping permet de se loger \u00e0 moindre co\u00fbt.)<\/p>\n<p style=\"text-align: justify;\"><a href=\"https:\/\/i0.wp.com\/bottesetvelo.com\/blog\/wp-content\/uploads\/2014\/02\/%C3%89ric-v%C3%A9lo.jpg?ssl=1\"><img data-recalc-dims=\"1\" loading=\"lazy\" decoding=\"async\" data-attachment-id=\"312\" data-permalink=\"https:\/\/bottesetvelo.com\/blog\/2014\/02\/14\/lequipement-du-pelerin-nord-americain\/eric-velo\/\" data-orig-file=\"https:\/\/i0.wp.com\/bottesetvelo.com\/blog\/wp-content\/uploads\/2014\/02\/%C3%89ric-v%C3%A9lo.jpg?fit=965%2C1089&amp;ssl=1\" data-orig-size=\"965,1089\" data-comments-opened=\"1\" data-image-meta=\"{&quot;aperture&quot;:&quot;0&quot;,&quot;credit&quot;:&quot;&quot;,&quot;camera&quot;:&quot;&quot;,&quot;caption&quot;:&quot;&quot;,&quot;created_timestamp&quot;:&quot;0&quot;,&quot;copyright&quot;:&quot;&quot;,&quot;focal_length&quot;:&quot;0&quot;,&quot;iso&quot;:&quot;0&quot;,&quot;shutter_speed&quot;:&quot;0&quot;,&quot;title&quot;:&quot;&quot;}\" data-image-title=\"\u00c9ric &amp;#8211; v\u00e9lo\" data-image-description=\"\" data-image-caption=\"\" data-large-file=\"https:\/\/i0.wp.com\/bottesetvelo.com\/blog\/wp-content\/uploads\/2014\/02\/%C3%89ric-v%C3%A9lo.jpg?fit=907%2C1024&amp;ssl=1\" class=\" wp-image-312 alignleft\" alt=\"\u00c9ric - v\u00e9lo\" src=\"https:\/\/i0.wp.com\/bottesetvelo.com\/blog\/wp-content\/uploads\/2014\/02\/%C3%89ric-v%C3%A9lo.jpg?resize=206%2C229&#038;ssl=1\" width=\"206\" height=\"229\" \/><\/a>Ce qui s\u2019ajoutera \u00e0 cette liste semblera sans doute n\u00e9cessaire \u00e0 votre route, mais vous d\u00e9couvrirez rapidement que le n\u00e9cessaire se transforme au fil des jours&#8230; Vous d\u00e9couvrirez qu\u2019apr\u00e8s quelques jours ce poids dont nous chargeons nos \u00e9paules\u00a0en dit beaucoup plus \u00e0 notre sujet que nous ne l\u2019aurions imagin\u00e9. Une multitude de questions vous viendra \u00e0 l\u2019esprit\u00a0et elles iront du simple\u00a0: \u00ab\u00a0En ai-je vraiment besoin?\u00a0\u00bb; \u00e0 la question plus personnelle\u00a0: \u00ab\u00a0Qu\u2019ai-je \u00e0 me prouver?\u00a0Qu\u2019ai-je \u00e0 prouver?\u00a0\u00bb \u00e0 l\u2019introspection plus en profondeur\u00a0: \u00ab\u00a0De quoi ai-je peur?\u00a0\u00bb. Toutes ces choses auxquelles on s\u2019attache, nous les utilisons souvent, et inconsciemment, comme b\u00e9quilles\u00a0pour soutenir et renforcer des traits de personnalit\u00e9 qui nous semblent d\u00e9faillants; pour faire briller l\u2019image que nous voulons projeter de nous-m\u00eames; ou, pour nous rassurer&#8230; Fort heureusement, toutes ces n\u00e9cessit\u00e9s tombent assez rapidement. D\u2019autant plus que s\u2019il arrivait que vous ayez absolument besoin d\u2019un produit quelconque, vous n\u2019\u00eates pas au milieu de nulle part, vous trouverez toujours boutiques et pharmacies tout au long de votre chemin.<\/p>\n<p style=\"text-align: justify;\">Parfois, le poids n\u2019est pas la quantit\u00e9 de kilos, mais le prix que nous payons. Ce prix est tout aussi lourd de signification en ce qui a trait \u00e0 notre identit\u00e9\u00a0: \u00ab\u00a0Je n\u2019ach\u00e8te pas n\u2019importe quelle marque.\u00a0Je n\u2019ach\u00e8te que de la qualit\u00e9!\u00a0J\u2019ai le v\u00eatement id\u00e9al pour chaque temp\u00e9rature.\u00a0\u00bb Dites-vous bien une chose, il est possible de faire un p\u00e8lerinage \u00e0 peu de frais avec un \u00e9quipement de qualit\u00e9 sans pour autant se laisser prendre par la folie du \u00ab\u00a0high-teck\u00a0\u00bb qui demande un chandail diff\u00e9rent \u00e0 tous les 5 degr\u00e9s d\u2019\u00e9cart, ceci en plus de vous co\u00fbter les yeux de la t\u00eate.<\/p>\n<p style=\"text-align: justify;\">Faire un p\u00e8lerinage appelle \u00e0 sortir de notre zone de confort et faire l\u2019effort de briser les cha\u00eenes de ce que l\u2019on croyait n\u00e9cessaire. C\u2019est l\u00e0, bien souvent, que se trouve notre lib\u00e9ration.<a href=\"https:\/\/i0.wp.com\/bottesetvelo.com\/blog\/wp-content\/uploads\/2014\/02\/Les-p%C3%A8lerins-bottes.jpg?ssl=1\"><img data-recalc-dims=\"1\" loading=\"lazy\" decoding=\"async\" data-attachment-id=\"309\" data-permalink=\"https:\/\/bottesetvelo.com\/blog\/2014\/02\/14\/lequipement-du-pelerin-nord-americain\/les-pelerins-bottes\/\" data-orig-file=\"https:\/\/i0.wp.com\/bottesetvelo.com\/blog\/wp-content\/uploads\/2014\/02\/Les-p%C3%A8lerins-bottes.jpg?fit=1580%2C279&amp;ssl=1\" data-orig-size=\"1580,279\" data-comments-opened=\"1\" data-image-meta=\"{&quot;aperture&quot;:&quot;0&quot;,&quot;credit&quot;:&quot;&quot;,&quot;camera&quot;:&quot;&quot;,&quot;caption&quot;:&quot;&quot;,&quot;created_timestamp&quot;:&quot;0&quot;,&quot;copyright&quot;:&quot;&quot;,&quot;focal_length&quot;:&quot;0&quot;,&quot;iso&quot;:&quot;0&quot;,&quot;shutter_speed&quot;:&quot;0&quot;,&quot;title&quot;:&quot;&quot;}\" data-image-title=\"Les p\u00e8lerins &amp;#8211; bottes\" data-image-description=\"\" data-image-caption=\"\" data-large-file=\"https:\/\/i0.wp.com\/bottesetvelo.com\/blog\/wp-content\/uploads\/2014\/02\/Les-p%C3%A8lerins-bottes.jpg?fit=1024%2C180&amp;ssl=1\" class=\"size-medium wp-image-309 alignright\" alt=\"Les p\u00e8lerins - bottes\" src=\"https:\/\/i0.wp.com\/bottesetvelo.com\/blog\/wp-content\/uploads\/2014\/02\/Les-p%C3%A8lerins-bottes.jpg?resize=500%2C88&#038;ssl=1\" width=\"500\" height=\"88\" srcset=\"https:\/\/i0.wp.com\/bottesetvelo.com\/blog\/wp-content\/uploads\/2014\/02\/Les-p%C3%A8lerins-bottes.jpg?resize=500%2C88&amp;ssl=1 500w, https:\/\/i0.wp.com\/bottesetvelo.com\/blog\/wp-content\/uploads\/2014\/02\/Les-p%C3%A8lerins-bottes.jpg?resize=1024%2C180&amp;ssl=1 1024w, https:\/\/i0.wp.com\/bottesetvelo.com\/blog\/wp-content\/uploads\/2014\/02\/Les-p%C3%A8lerins-bottes.jpg?resize=624%2C110&amp;ssl=1 624w, https:\/\/i0.wp.com\/bottesetvelo.com\/blog\/wp-content\/uploads\/2014\/02\/Les-p%C3%A8lerins-bottes.jpg?w=1580&amp;ssl=1 1580w\" sizes=\"auto, (max-width: 500px) 100vw, 500px\" \/><\/a><\/p>\n<p>\u00c9ric Lalibert\u00e9<a href=\"https:\/\/i0.wp.com\/bottesetvelo.com\/blog\/wp-content\/uploads\/2014\/01\/Bottes-et-V%C3%A9lo-Embl%C3%AAme.jpg?ssl=1\"><img data-recalc-dims=\"1\" loading=\"lazy\" decoding=\"async\" data-attachment-id=\"14\" data-permalink=\"https:\/\/bottesetvelo.com\/blog\/bottes-et-velo-le-blog\/bottes-et-velo-embleme\/\" data-orig-file=\"https:\/\/i0.wp.com\/bottesetvelo.com\/blog\/wp-content\/uploads\/2014\/01\/Bottes-et-V%C3%A9lo-Embl%C3%AAme-e1454083414631.jpg?fit=100%2C79&amp;ssl=1\" data-orig-size=\"100,79\" data-comments-opened=\"1\" data-image-meta=\"{&quot;aperture&quot;:&quot;0&quot;,&quot;credit&quot;:&quot;&quot;,&quot;camera&quot;:&quot;&quot;,&quot;caption&quot;:&quot;&quot;,&quot;created_timestamp&quot;:&quot;0&quot;,&quot;copyright&quot;:&quot;&quot;,&quot;focal_length&quot;:&quot;0&quot;,&quot;iso&quot;:&quot;0&quot;,&quot;shutter_speed&quot;:&quot;0&quot;,&quot;title&quot;:&quot;&quot;}\" data-image-title=\"Bottes et V\u00e9lo &amp;#8211; Embl\u00eame\" data-image-description=\"\" data-image-caption=\"\" data-large-file=\"https:\/\/i0.wp.com\/bottesetvelo.com\/blog\/wp-content\/uploads\/2014\/01\/Bottes-et-V%C3%A9lo-Embl%C3%AAme-e1454083414631.jpg?fit=100%2C79&amp;ssl=1\" class=\" wp-image-14 alignright\" alt=\"Bottes et V\u00e9lo - Embl\u00eame\" src=\"https:\/\/i0.wp.com\/bottesetvelo.com\/blog\/wp-content\/uploads\/2014\/01\/Bottes-et-V%C3%A9lo-Embl%C3%AAme.jpg?resize=48%2C38&#038;ssl=1\" width=\"48\" height=\"38\" \/><\/a><\/p>\n<div><br clear=\"all\" \/><\/p>\n<hr align=\"left\" size=\"1\" width=\"33%\" \/>\n<div>\n<p style=\"text-align: justify;\"><a title=\"\" href=\"#_ftnref1\">[1]<\/a> Ult\u00e9rieurement, chacun de ces produits fera l\u2019objet d\u2019un article o\u00f9 nous en d\u00e9taillerons les caract\u00e9ristiques accompagn\u00e9es de nos recommandations. Notez qu\u2019il est important d\u2019acheter son mat\u00e9riel quelques mois avant le d\u00e9part afin de s\u2019y habituer et de v\u00e9rifier s\u2019il convient \u00e0 ce que nous voulons faire. Ceci est particuli\u00e8rement vrai pour les chaussures ou bottes de randonn\u00e9e que vous ach\u00e8terez. Pour trouver tout ce dont vous avez besoin \u00e0 bon prix, la coop\u00e9rative du MEC est souvent un bon choix\u00a0: <a href=\"http:\/\/www.mec.ca\/Main\/home.jsp\">http:\/\/www.mec.ca\/Main\/home.jsp<\/a>. Dans le cas des bottes ou souliers, faites diff\u00e9rentes boutiques. Vous pourriez trouver de meilleures aubaines.<\/p>\n<\/div>\n<\/div>\n<p><!--[if gte mso 9]><xml>\n<o:OfficeDocumentSettings>\n<o:RelyOnVML\/>\n<o:AllowPNG\/>\n<\/o:OfficeDocumentSettings>\n<\/xml><![endif]--><\/p>\n","protected":false},"excerpt":{"rendered":"<p>Entrer dans l\u2019esprit du p\u00e8lerinage sous-entend une certaine aust\u00e9rit\u00e9 qui n\u2019est pas pour autant synonyme d\u2019\u00e2pret\u00e9. L\u2019aust\u00e9rit\u00e9 du p\u00e8lerinage entre davantage dans la lign\u00e9e d\u2019une contre-culture\u00a0: celle de la d\u00e9croissance, du d\u00e9sengorgement de nos vies trop bien remplies. La longue randonn\u00e9e \u00e9veille notre conscience \u00e0 l\u2019impertinence d\u2019une surconsommation\u00a0: \u00ab\u00a0Tout ce que tu poss\u00e8des, ou crois&hellip;<\/p>\n","protected":false},"author":3,"featured_media":0,"comment_status":"open","ping_status":"open","sticky":false,"template":"","format":"standard","meta":{"jetpack_post_was_ever_published":false,"_jetpack_newsletter_access":"","_jetpack_dont_email_post_to_subs":false,"_jetpack_newsletter_tier_id":0,"_jetpack_memberships_contains_paywalled_content":false,"_jetpack_memberships_contains_paid_content":false,"footnotes":"","jetpack_publicize_message":"","jetpack_publicize_feature_enabled":true,"jetpack_social_post_already_shared":true,"jetpack_social_options":{"image_generator_settings":{"template":"highway","default_image_id":0,"font":"","enabled":false},"version":2}},"categories":[24,10],"tags":[36,13,19,15],"class_list":["post-307","post","type-post","status-publish","format-standard","hentry","category-aspects-techniques","category-equipements-et-materiel","tag-equipement","tag-pelerinage","tag-randonnee","tag-velo"],"jetpack_publicize_connections":[],"jetpack_featured_media_url":"","jetpack_shortlink":"https:\/\/wp.me\/p4eY6z-4X","jetpack_sharing_enabled":true,"jetpack_likes_enabled":true,"jetpack-related-posts":[],"_links":{"self":[{"href":"https:\/\/bottesetvelo.com\/blog\/wp-json\/wp\/v2\/posts\/307","targetHints":{"allow":["GET"]}}],"collection":[{"href":"https:\/\/bottesetvelo.com\/blog\/wp-json\/wp\/v2\/posts"}],"about":[{"href":"https:\/\/bottesetvelo.com\/blog\/wp-json\/wp\/v2\/types\/post"}],"author":[{"embeddable":true,"href":"https:\/\/bottesetvelo.com\/blog\/wp-json\/wp\/v2\/users\/3"}],"replies":[{"embeddable":true,"href":"https:\/\/bottesetvelo.com\/blog\/wp-json\/wp\/v2\/comments?post=307"}],"version-history":[{"count":3,"href":"https:\/\/bottesetvelo.com\/blog\/wp-json\/wp\/v2\/posts\/307\/revisions"}],"predecessor-version":[{"id":315,"href":"https:\/\/bottesetvelo.com\/blog\/wp-json\/wp\/v2\/posts\/307\/revisions\/315"}],"wp:attachment":[{"href":"https:\/\/bottesetvelo.com\/blog\/wp-json\/wp\/v2\/media?parent=307"}],"wp:term":[{"taxonomy":"category","embeddable":true,"href":"https:\/\/bottesetvelo.com\/blog\/wp-json\/wp\/v2\/categories?post=307"},{"taxonomy":"post_tag","embeddable":true,"href":"https:\/\/bottesetvelo.com\/blog\/wp-json\/wp\/v2\/tags?post=307"}],"curies":[{"name":"wp","href":"https:\/\/api.w.org\/{rel}","templated":true}]}}