{"id":3068,"date":"2017-09-15T08:05:03","date_gmt":"2017-09-15T12:05:03","guid":{"rendered":"http:\/\/bottesetvelo.com\/blog\/?p=3068"},"modified":"2017-09-15T08:05:03","modified_gmt":"2017-09-15T12:05:03","slug":"un-espace-a-labri-du-temps","status":"publish","type":"post","link":"https:\/\/bottesetvelo.com\/blog\/2017\/09\/15\/un-espace-a-labri-du-temps\/","title":{"rendered":"Un espace \u00e0 l\u2019abri du temps"},"content":{"rendered":"<h5 style=\"text-align: right;\"><em>Aux \u00celes, on n&rsquo;a pas l&rsquo;heure, on a le temps.<\/em><br \/>\nExpression madelinienne<\/h5>\n<h5 style=\"text-align: justify;\"><span style=\"color: #003366;\">Ceux qui me lisent le savent, j\u2019ai du plaisir \u00e0 d\u00e9cortiquer et \u00e0 prendre conscience des multiples facettes de la vie que le p\u00e8lerinage permet de mettre en lumi\u00e8re et de faire vivre comme apprentissage. Cet \u00e9t\u00e9, sur les Sentiers entre Vents et Mar\u00e9es des \u00celes-de-la-Madeleine, je me suis attard\u00e9e \u00e0 ressentir le plaisir de vivre au gr\u00e9 du temps qui passe. Tout p\u00e8lerinage am\u00e8ne le p\u00e8lerin \u00e0 red\u00e9couvrir le doux rythme du temps naturel. Celui que l\u2019on voit dans le ciel, dans les vagues, les mar\u00e9es, les fruits qui m\u00fbrissent, les fleurs qui se fanent. Quand je marche, tout semble ralentir et le temps semble infini. Pas de cadran pour me r\u00e9veiller, la clart\u00e9 du jour me suffit. Pas de pause-diner impos\u00e9e, pas de jour de m\u00e9nage, pas de course \u00e0 l\u2019\u00e9picerie avant de faire le souper qui doit \u00eatre sur la table \u00e0 18h00.<\/span><\/h5>\n<p style=\"text-align: justify;\"><a href=\"https:\/\/i0.wp.com\/bottesetvelo.com\/blog\/wp-content\/uploads\/2017\/09\/DSCN2734.jpg?ssl=1\"><img data-recalc-dims=\"1\" loading=\"lazy\" decoding=\"async\" data-attachment-id=\"3071\" data-permalink=\"https:\/\/bottesetvelo.com\/blog\/2017\/09\/15\/un-espace-a-labri-du-temps\/dscn2734\/\" data-orig-file=\"https:\/\/i0.wp.com\/bottesetvelo.com\/blog\/wp-content\/uploads\/2017\/09\/DSCN2734.jpg?fit=4390%2C2353&amp;ssl=1\" data-orig-size=\"4390,2353\" data-comments-opened=\"1\" data-image-meta=\"{&quot;aperture&quot;:&quot;6&quot;,&quot;credit&quot;:&quot;&quot;,&quot;camera&quot;:&quot;COOLPIX S9900&quot;,&quot;caption&quot;:&quot;&quot;,&quot;created_timestamp&quot;:&quot;1499083677&quot;,&quot;copyright&quot;:&quot;&quot;,&quot;focal_length&quot;:&quot;24.7&quot;,&quot;iso&quot;:&quot;125&quot;,&quot;shutter_speed&quot;:&quot;0.00125&quot;,&quot;title&quot;:&quot;&quot;,&quot;orientation&quot;:&quot;1&quot;}\" data-image-title=\"Bottes et V\u00e9lo &amp;#8211; Iles-de-la-Madeleine\" data-image-description=\"\" data-image-caption=\"\" data-large-file=\"https:\/\/i0.wp.com\/bottesetvelo.com\/blog\/wp-content\/uploads\/2017\/09\/DSCN2734.jpg?fit=1024%2C549&amp;ssl=1\" class=\"wp-image-3071 alignleft\" src=\"https:\/\/i0.wp.com\/bottesetvelo.com\/blog\/wp-content\/uploads\/2017\/09\/DSCN2734.jpg?resize=300%2C161&#038;ssl=1\" alt=\"\" width=\"300\" height=\"161\" srcset=\"https:\/\/i0.wp.com\/bottesetvelo.com\/blog\/wp-content\/uploads\/2017\/09\/DSCN2734.jpg?resize=500%2C268&amp;ssl=1 500w, https:\/\/i0.wp.com\/bottesetvelo.com\/blog\/wp-content\/uploads\/2017\/09\/DSCN2734.jpg?resize=768%2C412&amp;ssl=1 768w, https:\/\/i0.wp.com\/bottesetvelo.com\/blog\/wp-content\/uploads\/2017\/09\/DSCN2734.jpg?resize=1024%2C549&amp;ssl=1 1024w, https:\/\/i0.wp.com\/bottesetvelo.com\/blog\/wp-content\/uploads\/2017\/09\/DSCN2734.jpg?w=2340&amp;ssl=1 2340w, https:\/\/i0.wp.com\/bottesetvelo.com\/blog\/wp-content\/uploads\/2017\/09\/DSCN2734.jpg?w=3510&amp;ssl=1 3510w\" sizes=\"auto, (max-width: 300px) 100vw, 300px\" \/><\/a>Le temps p\u00e8lerin, c\u2019est manger quand l\u2019app\u00e9tit se fait sentir, dormir et faire une sieste quand le corps le demande, s\u2019arr\u00eater pour un brin de jasette avec un Madelinot ou pour regarder les phoques se chauffer sur la plage. Le temps passe quoi que je fasse. Mais en p\u00e8lerinage, mon horaire all\u00e9g\u00e9 d\u2019obligations vari\u00e9es me permet de profiter pleinement de chaque instant et d\u2019<strong><span style=\"color: #003366;\">allouer \u00e0 chaque activit\u00e9 le juste temps pour la savourer<\/span><\/strong>.<\/p>\n<p style=\"text-align: justify;\">Revenir d\u2019un p\u00e8lerinage est souvent tr\u00e8s d\u00e9stabilisant. C\u2019est au retour qu\u2019on r\u00e9alise qu\u2019au-del\u00e0 du chemin parcouru, exploit physique certes, il y a le cheminement v\u00e9cu int\u00e9rieurement. Un d\u00e9but de transformation qui r\u00e9sonne en nous et qui sonne juste. Le sentiment de s\u2019\u00eatre rapproch\u00e9 d\u2019un \u00e9tat de bien-\u00eatre tant recherch\u00e9. C\u2019est dans le contraste entre ce qu\u2019on a v\u00e9cu en p\u00e8lerinage et ce que notre quotidien bien connu nous offre, que nous prenons conscience de ce nouveau moi qui s\u2019est actualis\u00e9. Reprendre le fil de notre vie l\u00e0 o\u00f9 nous l\u2019avions laiss\u00e9e, saisir les aiguilles du temps pour poursuivre notre tricot quotidien peut s\u2019av\u00e9rer parfois ardu. Pour chacun le choc sera diff\u00e9rent, tout d\u00e9pendant du manque ressenti.<\/p>\n<p style=\"text-align: justify;\">Pour ma part, apr\u00e8s m\u2019\u00eatre vautr\u00e9e dans le temps r\u00e9el, vivant en rebelle, sans montre, sans agenda. <span style=\"color: #003366;\"><strong>Ma\u00eetre de mon temps!<\/strong><\/span> \u00c0 mon retour, j\u2019ai \u00e9t\u00e9 marqu\u00e9e par la vitesse \u00e0 laquelle le monde vit. Plus on s\u2019approche du monde urbain, plus les voitures roulent vite, d\u00e9passent, coupent, se faufilent pour gagner quelques longueurs dans la file, <a href=\"https:\/\/i0.wp.com\/bottesetvelo.com\/blog\/wp-content\/uploads\/2017\/09\/time-1739629_1920.jpg?ssl=1\"><img data-recalc-dims=\"1\" loading=\"lazy\" decoding=\"async\" data-attachment-id=\"3072\" data-permalink=\"https:\/\/bottesetvelo.com\/blog\/2017\/09\/15\/un-espace-a-labri-du-temps\/time-1739629_1920\/\" data-orig-file=\"https:\/\/i0.wp.com\/bottesetvelo.com\/blog\/wp-content\/uploads\/2017\/09\/time-1739629_1920.jpg?fit=1920%2C1080&amp;ssl=1\" data-orig-size=\"1920,1080\" data-comments-opened=\"1\" data-image-meta=\"{&quot;aperture&quot;:&quot;0&quot;,&quot;credit&quot;:&quot;&quot;,&quot;camera&quot;:&quot;&quot;,&quot;caption&quot;:&quot;&quot;,&quot;created_timestamp&quot;:&quot;0&quot;,&quot;copyright&quot;:&quot;&quot;,&quot;focal_length&quot;:&quot;0&quot;,&quot;iso&quot;:&quot;0&quot;,&quot;shutter_speed&quot;:&quot;0&quot;,&quot;title&quot;:&quot;&quot;,&quot;orientation&quot;:&quot;0&quot;}\" data-image-title=\"Bottes et V\u00e9lo\" data-image-description=\"\" data-image-caption=\"\" data-large-file=\"https:\/\/i0.wp.com\/bottesetvelo.com\/blog\/wp-content\/uploads\/2017\/09\/time-1739629_1920.jpg?fit=1024%2C576&amp;ssl=1\" class=\"wp-image-3072 alignright\" src=\"https:\/\/i0.wp.com\/bottesetvelo.com\/blog\/wp-content\/uploads\/2017\/09\/time-1739629_1920.jpg?resize=300%2C169&#038;ssl=1\" alt=\"\" width=\"300\" height=\"169\" srcset=\"https:\/\/i0.wp.com\/bottesetvelo.com\/blog\/wp-content\/uploads\/2017\/09\/time-1739629_1920.jpg?resize=500%2C281&amp;ssl=1 500w, https:\/\/i0.wp.com\/bottesetvelo.com\/blog\/wp-content\/uploads\/2017\/09\/time-1739629_1920.jpg?resize=768%2C432&amp;ssl=1 768w, https:\/\/i0.wp.com\/bottesetvelo.com\/blog\/wp-content\/uploads\/2017\/09\/time-1739629_1920.jpg?resize=1024%2C576&amp;ssl=1 1024w, https:\/\/i0.wp.com\/bottesetvelo.com\/blog\/wp-content\/uploads\/2017\/09\/time-1739629_1920.jpg?w=1920&amp;ssl=1 1920w\" sizes=\"auto, (max-width: 300px) 100vw, 300px\" \/><\/a>gagner quelques secondes. Sur les pistes cyclables, on a vu appara\u00eetre depuis les derni\u00e8res ann\u00e9es, des limites de vitesse, des barri\u00e8res de ralentissement. La popularit\u00e9 du jogging ne cesse d\u2019attirer des adeptes. Au restaurant, les clients se pressent. Pas le temps d\u2019attendre. On ne d\u00e9barque souvent plus de la voiture pour \u00eatre servi. \u00c0 l\u2019\u00e9picerie, on trouve tout pour faire un repas rapidement. La vitesse est partout! Le d\u00e9roulement de chaque journ\u00e9e semble \u00eatre calcul\u00e9 \u00e0 la seconde pr\u00e8s. D\u00e8s la sonnerie du r\u00e9veil\u00a0: top chrono! La journ\u00e9e d\u00e9bute et l\u2019horaire est pr\u00e9fix\u00e9. Le temps m\u00e9canique est ma\u00eetre et roi de ce monde moderne. Tellement habitu\u00e9s \u00e0 performer et consommer que nous abordons chaque instant de notre vie avec cette urgence de rentabilit\u00e9 et d\u2019efficacit\u00e9. Nous surchargeons notre agenda comme on remplit un panier d\u2019\u00e9picerie. Alors on se presse pour compresser le temps et r\u00e9ussir \u00e0 tout faire avant que le temps soit \u00e9coul\u00e9. On en fait trop, trop vite en trop peu de temps, pour <strong><span style=\"color: #003366;\">se donner l\u2019illusion qu\u2019on a gagn\u00e9 du temps<\/span><\/strong>.<\/p>\n<p style=\"text-align: justify;\"><a href=\"https:\/\/i0.wp.com\/bottesetvelo.com\/blog\/wp-content\/uploads\/2017\/09\/DSCN2795.jpg?ssl=1\"><img data-recalc-dims=\"1\" loading=\"lazy\" decoding=\"async\" data-attachment-id=\"3073\" data-permalink=\"https:\/\/bottesetvelo.com\/blog\/2017\/09\/15\/un-espace-a-labri-du-temps\/dscn2795\/\" data-orig-file=\"https:\/\/i0.wp.com\/bottesetvelo.com\/blog\/wp-content\/uploads\/2017\/09\/DSCN2795.jpg?fit=4519%2C2837&amp;ssl=1\" data-orig-size=\"4519,2837\" data-comments-opened=\"1\" data-image-meta=\"{&quot;aperture&quot;:&quot;6.3&quot;,&quot;credit&quot;:&quot;&quot;,&quot;camera&quot;:&quot;COOLPIX S9900&quot;,&quot;caption&quot;:&quot;&quot;,&quot;created_timestamp&quot;:&quot;1499158103&quot;,&quot;copyright&quot;:&quot;&quot;,&quot;focal_length&quot;:&quot;34.5&quot;,&quot;iso&quot;:&quot;125&quot;,&quot;shutter_speed&quot;:&quot;0.0015625&quot;,&quot;title&quot;:&quot;&quot;,&quot;orientation&quot;:&quot;1&quot;}\" data-image-title=\"Bottes et V\u00e9lo &amp;#8211; \u00celes-de-la-Madeleine\" data-image-description=\"\" data-image-caption=\"\" data-large-file=\"https:\/\/i0.wp.com\/bottesetvelo.com\/blog\/wp-content\/uploads\/2017\/09\/DSCN2795.jpg?fit=1024%2C643&amp;ssl=1\" class=\"wp-image-3073 alignleft\" src=\"https:\/\/i0.wp.com\/bottesetvelo.com\/blog\/wp-content\/uploads\/2017\/09\/DSCN2795.jpg?resize=300%2C188&#038;ssl=1\" alt=\"\" width=\"300\" height=\"188\" srcset=\"https:\/\/i0.wp.com\/bottesetvelo.com\/blog\/wp-content\/uploads\/2017\/09\/DSCN2795.jpg?resize=500%2C314&amp;ssl=1 500w, https:\/\/i0.wp.com\/bottesetvelo.com\/blog\/wp-content\/uploads\/2017\/09\/DSCN2795.jpg?resize=768%2C482&amp;ssl=1 768w, https:\/\/i0.wp.com\/bottesetvelo.com\/blog\/wp-content\/uploads\/2017\/09\/DSCN2795.jpg?resize=1024%2C643&amp;ssl=1 1024w, https:\/\/i0.wp.com\/bottesetvelo.com\/blog\/wp-content\/uploads\/2017\/09\/DSCN2795.jpg?w=2340&amp;ssl=1 2340w, https:\/\/i0.wp.com\/bottesetvelo.com\/blog\/wp-content\/uploads\/2017\/09\/DSCN2795.jpg?w=3510&amp;ssl=1 3510w\" sizes=\"auto, (max-width: 300px) 100vw, 300px\" \/><\/a>Le p\u00e8lerin de vie qui d\u00e9sire vivre en harmonie avec les battements de son c\u0153ur, apprend \u00e0 ralentir, \u00e0 d\u00e9sencombrer son horaire en triant l\u2019essentiel, de l\u2019important et du futile. Il recherche le juste temps des choses, pour bien go\u00fbter l\u2019instant pr\u00e9sent. Cet instant qui ne reviendra pas. <strong><span style=\"color: #003366;\">La vie n\u2019est pas une course \u00e0 gagner<\/span><\/strong>. Pourquoi vivre dans la constante urgence de ce qui s\u2019en vient? Si toutes les musiques \u00e9taient jou\u00e9es au rythme effr\u00e9n\u00e9 du m\u00e9rengu\u00e9, la valse et le tango perdraient de leur charme.<\/p>\n<p>&nbsp;<\/p>\n<p>Brigitte Harouni<a href=\"https:\/\/i0.wp.com\/bottesetvelo.com\/blog\/wp-content\/uploads\/2014\/01\/Bottes-et-V%C3%A9lo-Embl%C3%AAme-e1454083414631.jpg?ssl=1\"><img data-recalc-dims=\"1\" loading=\"lazy\" decoding=\"async\" data-attachment-id=\"14\" data-permalink=\"https:\/\/bottesetvelo.com\/blog\/bottes-et-velo-le-blog\/bottes-et-velo-embleme\/\" data-orig-file=\"https:\/\/i0.wp.com\/bottesetvelo.com\/blog\/wp-content\/uploads\/2014\/01\/Bottes-et-V%C3%A9lo-Embl%C3%AAme-e1454083414631.jpg?fit=100%2C79&amp;ssl=1\" data-orig-size=\"100,79\" data-comments-opened=\"1\" data-image-meta=\"{&quot;aperture&quot;:&quot;0&quot;,&quot;credit&quot;:&quot;&quot;,&quot;camera&quot;:&quot;&quot;,&quot;caption&quot;:&quot;&quot;,&quot;created_timestamp&quot;:&quot;0&quot;,&quot;copyright&quot;:&quot;&quot;,&quot;focal_length&quot;:&quot;0&quot;,&quot;iso&quot;:&quot;0&quot;,&quot;shutter_speed&quot;:&quot;0&quot;,&quot;title&quot;:&quot;&quot;}\" data-image-title=\"Bottes et V\u00e9lo &amp;#8211; Embl\u00eame\" data-image-description=\"\" data-image-caption=\"\" data-large-file=\"https:\/\/i0.wp.com\/bottesetvelo.com\/blog\/wp-content\/uploads\/2014\/01\/Bottes-et-V%C3%A9lo-Embl%C3%AAme-e1454083414631.jpg?fit=100%2C79&amp;ssl=1\" class=\"wp-image-14 alignright\" src=\"https:\/\/i0.wp.com\/bottesetvelo.com\/blog\/wp-content\/uploads\/2014\/01\/Bottes-et-V%C3%A9lo-Embl%C3%AAme.jpg?resize=50%2C39&#038;ssl=1\" alt=\"\" width=\"50\" height=\"39\" \/><\/a><\/p>\n","protected":false},"excerpt":{"rendered":"<p>Aux \u00celes, on n&rsquo;a pas l&rsquo;heure, on a le temps. Expression madelinienne Ceux qui me lisent le savent, j\u2019ai du plaisir \u00e0 d\u00e9cortiquer et \u00e0 prendre conscience des multiples facettes de la vie que le p\u00e8lerinage permet de mettre en lumi\u00e8re et de faire vivre comme apprentissage. Cet \u00e9t\u00e9, sur les Sentiers entre Vents et&hellip;<\/p>\n","protected":false},"author":2,"featured_media":0,"comment_status":"open","ping_status":"open","sticky":false,"template":"","format":"standard","meta":{"jetpack_post_was_ever_published":false,"_jetpack_newsletter_access":"","_jetpack_dont_email_post_to_subs":false,"_jetpack_newsletter_tier_id":0,"_jetpack_memberships_contains_paywalled_content":false,"_jetpack_memberships_contains_paid_content":false,"footnotes":"","jetpack_publicize_message":"","jetpack_publicize_feature_enabled":true,"jetpack_social_post_already_shared":true,"jetpack_social_options":{"image_generator_settings":{"template":"highway","default_image_id":0,"font":"","enabled":false},"version":2}},"categories":[50,39,171,1],"tags":[275,103,40,273,13,96],"class_list":["post-3068","post","type-post","status-publish","format-standard","hentry","category-art-de-vivre","category-croissance-personnelle","category-pelerinage","category-uncategorized","tag-art-de-vivre","tag-bien-etre","tag-croissance-personnelle-2","tag-gouter-la-vie","tag-pelerinage","tag-qualite-de-vie"],"jetpack_publicize_connections":[],"jetpack_featured_media_url":"","jetpack_shortlink":"https:\/\/wp.me\/p4eY6z-Nu","jetpack_sharing_enabled":true,"jetpack_likes_enabled":true,"jetpack-related-posts":[],"_links":{"self":[{"href":"https:\/\/bottesetvelo.com\/blog\/wp-json\/wp\/v2\/posts\/3068","targetHints":{"allow":["GET"]}}],"collection":[{"href":"https:\/\/bottesetvelo.com\/blog\/wp-json\/wp\/v2\/posts"}],"about":[{"href":"https:\/\/bottesetvelo.com\/blog\/wp-json\/wp\/v2\/types\/post"}],"author":[{"embeddable":true,"href":"https:\/\/bottesetvelo.com\/blog\/wp-json\/wp\/v2\/users\/2"}],"replies":[{"embeddable":true,"href":"https:\/\/bottesetvelo.com\/blog\/wp-json\/wp\/v2\/comments?post=3068"}],"version-history":[{"count":3,"href":"https:\/\/bottesetvelo.com\/blog\/wp-json\/wp\/v2\/posts\/3068\/revisions"}],"predecessor-version":[{"id":3074,"href":"https:\/\/bottesetvelo.com\/blog\/wp-json\/wp\/v2\/posts\/3068\/revisions\/3074"}],"wp:attachment":[{"href":"https:\/\/bottesetvelo.com\/blog\/wp-json\/wp\/v2\/media?parent=3068"}],"wp:term":[{"taxonomy":"category","embeddable":true,"href":"https:\/\/bottesetvelo.com\/blog\/wp-json\/wp\/v2\/categories?post=3068"},{"taxonomy":"post_tag","embeddable":true,"href":"https:\/\/bottesetvelo.com\/blog\/wp-json\/wp\/v2\/tags?post=3068"}],"curies":[{"name":"wp","href":"https:\/\/api.w.org\/{rel}","templated":true}]}}