{"id":3054,"date":"2017-08-25T07:53:35","date_gmt":"2017-08-25T11:53:35","guid":{"rendered":"http:\/\/bottesetvelo.com\/blog\/?p=3054"},"modified":"2017-09-01T07:55:42","modified_gmt":"2017-09-01T11:55:42","slug":"quitter","status":"publish","type":"post","link":"https:\/\/bottesetvelo.com\/blog\/2017\/08\/25\/quitter\/","title":{"rendered":"Quitter"},"content":{"rendered":"<h3><span style=\"color: #993300;\"><em>C\u2019est la rentr\u00e9e sur le blogue de Bottes et V\u00e9lo!<\/em><\/span><\/h3>\n<p>Bottes et V\u00e9lo est heureux de vous retrouver apr\u00e8s un \u00e9t\u00e9 pass\u00e9 sur les routes. Pour cette rentr\u00e9e, nous vous proposons d&rsquo;aborder le th\u00e8me des d\u00e9parts sous un autre angle. Le d\u00e9part annonce toujours un nouveau commencement mais en fait, lorsque nous partons, c&rsquo;est pour quitter. Chaque fois, nous laissons quelque chose derri\u00e8re nous: quitter le travail, quitter les vacances, quitter la maison, quitter l&rsquo;h\u00f4pital&#8230; On est toujours en train de quitter! Que ce soit un lieu, une personne, un environnement, un contexte, le mouvement est inscrit dans nos vies et incite \u00e0 aller de l&rsquo;avant, dans l&rsquo;espoir d&rsquo;y trouver mieux. Ce que nous laissons derri\u00e8re est toutefois riche d&rsquo;informations. Il peut nous renseigner de bien des mani\u00e8res sur l&rsquo;orientation de nos vies, ce que nous d\u00e9sirons atteindre en quittant.<\/p>\n<p>Bonne lecture!<\/p>\n<p>\u00c9ric Lalibert\u00e9 et Brigitte Harouni<\/p>\n<hr \/>\n<h6 style=\"text-align: right;\"><em>L\u2019impulsion du voyage est l\u2019un des plus encourageants sympt\u00f4mes de la vie.<\/em><br \/>\n<em>Agnes Repplier<\/em><\/h6>\n<h5 style=\"text-align: justify;\"><span style=\"color: #003366;\">Quitter pour un voyage, l\u2019espace d\u2019un weekend, d\u2019une semaine, un mois. Pour un cong\u00e9 diff\u00e9r\u00e9, une sabbatique ou une convalescence, pour un p\u00e8lerinage ou un \u00ab\u00a0road trip\u00a0\u00bb. Se faire \u00ab\u00a0backpacker\u00a0\u00bb pour un temps. Quitter un emploi, des amis, un(e) conjoint(e), un milieu de vie, un pays, une ville, un quartier\u2026 Tous ces d\u00e9parts interpellent par le meilleur vers lequel ils pointent. Toutefois, nous nous questionnons rarement sur leur origine. Leur source est pourtant \u00a0dans ce que nous quittons&#8230;<\/span><\/h5>\n<p style=\"text-align: justify;\">Lorsque nous quittons, nous ne le faisons jamais sans raison! Quelque chose nous entra\u00eene dans ce mouvement. <a href=\"https:\/\/i0.wp.com\/bottesetvelo.com\/blog\/wp-content\/uploads\/2017\/08\/2017-07-15-08.48.43.jpg?ssl=1\"><img data-recalc-dims=\"1\" loading=\"lazy\" decoding=\"async\" data-attachment-id=\"3055\" data-permalink=\"https:\/\/bottesetvelo.com\/blog\/2017\/08\/25\/quitter\/2017-07-15-08-48-43\/\" data-orig-file=\"https:\/\/i0.wp.com\/bottesetvelo.com\/blog\/wp-content\/uploads\/2017\/08\/2017-07-15-08.48.43.jpg?fit=4128%2C2322&amp;ssl=1\" data-orig-size=\"4128,2322\" data-comments-opened=\"1\" data-image-meta=\"{&quot;aperture&quot;:&quot;2&quot;,&quot;credit&quot;:&quot;&quot;,&quot;camera&quot;:&quot;SM-A500W&quot;,&quot;caption&quot;:&quot;&quot;,&quot;created_timestamp&quot;:&quot;1500108523&quot;,&quot;copyright&quot;:&quot;&quot;,&quot;focal_length&quot;:&quot;3.69&quot;,&quot;iso&quot;:&quot;50&quot;,&quot;shutter_speed&quot;:&quot;0.000321027287319&quot;,&quot;title&quot;:&quot;&quot;,&quot;orientation&quot;:&quot;1&quot;}\" data-image-title=\"Traversier &amp;#8211; Iles-de-la-Madeleine\" data-image-description=\"\" data-image-caption=\"\" data-large-file=\"https:\/\/i0.wp.com\/bottesetvelo.com\/blog\/wp-content\/uploads\/2017\/08\/2017-07-15-08.48.43.jpg?fit=1024%2C576&amp;ssl=1\" class=\"alignright wp-image-3055\" src=\"https:\/\/i0.wp.com\/bottesetvelo.com\/blog\/wp-content\/uploads\/2017\/08\/2017-07-15-08.48.43.jpg?resize=300%2C169&#038;ssl=1\" alt=\"\" width=\"300\" height=\"169\" srcset=\"https:\/\/i0.wp.com\/bottesetvelo.com\/blog\/wp-content\/uploads\/2017\/08\/2017-07-15-08.48.43.jpg?resize=500%2C281&amp;ssl=1 500w, https:\/\/i0.wp.com\/bottesetvelo.com\/blog\/wp-content\/uploads\/2017\/08\/2017-07-15-08.48.43.jpg?resize=768%2C432&amp;ssl=1 768w, https:\/\/i0.wp.com\/bottesetvelo.com\/blog\/wp-content\/uploads\/2017\/08\/2017-07-15-08.48.43.jpg?resize=1024%2C576&amp;ssl=1 1024w, https:\/\/i0.wp.com\/bottesetvelo.com\/blog\/wp-content\/uploads\/2017\/08\/2017-07-15-08.48.43.jpg?w=2340&amp;ssl=1 2340w, https:\/\/i0.wp.com\/bottesetvelo.com\/blog\/wp-content\/uploads\/2017\/08\/2017-07-15-08.48.43.jpg?w=3510&amp;ssl=1 3510w\" sizes=\"auto, (max-width: 300px) 100vw, 300px\" \/><\/a>Quelque chose nous pousse, nous incite, nous provoque, \u00e0 aller de l\u2019avant. <strong><span style=\"color: #003366;\">Quitter c\u2019est d\u00e9sirer mieux, mais c\u2019est d\u2019abord quitter une condition de vie.<\/span><\/strong> On quitte quoi et pourquoi lorsqu\u2019on part ? Pourquoi ce besoin de partir courir le monde sac au dos? Pourquoi se met-on en marche?<\/p>\n<p style=\"text-align: justify;\">Le r\u00e9fugi\u00e9 politique quitte un pays devenu dangereux. Des conjoints se quittent face \u00e0 une relation sans issue, devenue malsaine. On quitte un emploi pour un meilleur. On quitte un weekend, au chalet, pour se recharger les batteries. Derri\u00e8re chaque \u00ab\u00a0quitt\u00e9\u00a0\u00bb, il y a une raison, un malaise, un inconfort, un d\u00e9sir ou un mal de vivre qui veut trancher avec l\u2019ici de nos vies. Le moindre de nos d\u00e9placements exprime un manque, ne serait-ce qu\u2019aller \u00e0 l\u2019\u00e9picerie. Prenons-nous le temps d\u2019y r\u00e9fl\u00e9chir, de questionner ce mouvement. De quoi nous \u00e9vadons-nous lorsque nous quittons? Quel vide voulons-nous combler?<\/p>\n<p style=\"text-align: justify;\">La popularit\u00e9 du ph\u00e9nom\u00e8ne <em>\u00ab\u00a0backpacker\u00a0\u00bb<\/em>, l\u2019int\u00e9r\u00eat pour le p\u00e8lerinage et tous les mouvements migratoires, expriment un d\u00e9sir d\u2019\u00e9vasion, de quitter une condition de vie. <a href=\"https:\/\/i0.wp.com\/bottesetvelo.com\/blog\/wp-content\/uploads\/2017\/08\/2017-07-03-09.29.37.jpg?ssl=1\"><img data-recalc-dims=\"1\" loading=\"lazy\" decoding=\"async\" data-attachment-id=\"3056\" data-permalink=\"https:\/\/bottesetvelo.com\/blog\/2017\/08\/25\/quitter\/2017-07-03-09-29-37\/\" data-orig-file=\"https:\/\/i0.wp.com\/bottesetvelo.com\/blog\/wp-content\/uploads\/2017\/08\/2017-07-03-09.29.37.jpg?fit=3141%2C2030&amp;ssl=1\" data-orig-size=\"3141,2030\" data-comments-opened=\"1\" data-image-meta=\"{&quot;aperture&quot;:&quot;2&quot;,&quot;credit&quot;:&quot;&quot;,&quot;camera&quot;:&quot;SM-A500W&quot;,&quot;caption&quot;:&quot;&quot;,&quot;created_timestamp&quot;:&quot;1499074177&quot;,&quot;copyright&quot;:&quot;&quot;,&quot;focal_length&quot;:&quot;3.69&quot;,&quot;iso&quot;:&quot;50&quot;,&quot;shutter_speed&quot;:&quot;0.000677966101695&quot;,&quot;title&quot;:&quot;&quot;,&quot;orientation&quot;:&quot;1&quot;}\" data-image-title=\"Sentiers entre Vents et Mar\u00e9es &amp;#8211; Iles-de-la-Madeleine\" data-image-description=\"\" data-image-caption=\"\" data-large-file=\"https:\/\/i0.wp.com\/bottesetvelo.com\/blog\/wp-content\/uploads\/2017\/08\/2017-07-03-09.29.37.jpg?fit=1024%2C662&amp;ssl=1\" class=\" wp-image-3056 alignright\" src=\"https:\/\/i0.wp.com\/bottesetvelo.com\/blog\/wp-content\/uploads\/2017\/08\/2017-07-03-09.29.37.jpg?resize=300%2C194&#038;ssl=1\" alt=\"\" width=\"300\" height=\"194\" srcset=\"https:\/\/i0.wp.com\/bottesetvelo.com\/blog\/wp-content\/uploads\/2017\/08\/2017-07-03-09.29.37.jpg?resize=500%2C323&amp;ssl=1 500w, https:\/\/i0.wp.com\/bottesetvelo.com\/blog\/wp-content\/uploads\/2017\/08\/2017-07-03-09.29.37.jpg?resize=768%2C496&amp;ssl=1 768w, https:\/\/i0.wp.com\/bottesetvelo.com\/blog\/wp-content\/uploads\/2017\/08\/2017-07-03-09.29.37.jpg?resize=1024%2C662&amp;ssl=1 1024w, https:\/\/i0.wp.com\/bottesetvelo.com\/blog\/wp-content\/uploads\/2017\/08\/2017-07-03-09.29.37.jpg?w=2340&amp;ssl=1 2340w\" sizes=\"auto, (max-width: 300px) 100vw, 300px\" \/><\/a>Pour un court moment ou pour toujours. <span style=\"color: #003366;\"><strong>Comme le b\u00e9b\u00e9 qui na\u00eet, expuls\u00e9 d\u2019un contexte devenu trop \u00e9troit, qu\u2019est-ce qui me pousse \u00e0 quitter mon milieu de vie?<\/strong><\/span> Quelle \u00e9tait la source de mon malaise, de mon inconfort? Conna\u00eetre ce que je quitte, me renseignera sur ma route et sa direction n\u2019en sera que plus pr\u00e9cise. \u00c9tait-ce\u00a0pour\u00a0:<\/p>\n<ul style=\"text-align: justify;\">\n<li>Sortir d\u2019une situation sans issue.<\/li>\n<li>M\u2019\u00e9vader d\u2019un rythme de vie.<\/li>\n<li>Quitter le brouhaha quotidien et ses sollicitations.<\/li>\n<li>Renoncer aux obligations.<\/li>\n<li>Abandonner une vie devenue insignifiante.<\/li>\n<\/ul>\n<p style=\"text-align: justify;\">Toutes ces raisons parlent d\u2019un trop-plein qui lui sous-entend un manque, un manque d\u2019espace vital. <span style=\"color: #003366;\"><strong>En quittant, je cherche \u00e0 faire de la place dans ma vie pour ce qui n\u2019en a plus.<\/strong><\/span> Quelque chose manque et ce manque incite \u00e0 quitter pour se mettre \u00e0 sa recherche. Manque de repos? Manque de temps? Manque d\u2019espace? Manque de silence? Manque de calme? Manque de sens? Manque de reconnaissance? Manque d\u2019estime? Manque d\u2019amour\u2026<\/p>\n<p style=\"text-align: justify;\"><a href=\"https:\/\/i0.wp.com\/bottesetvelo.com\/blog\/wp-content\/uploads\/2017\/08\/DSCN2810.jpg?ssl=1\"><img data-recalc-dims=\"1\" loading=\"lazy\" decoding=\"async\" data-attachment-id=\"3058\" data-permalink=\"https:\/\/bottesetvelo.com\/blog\/2017\/08\/25\/quitter\/dscn2810\/\" data-orig-file=\"https:\/\/i0.wp.com\/bottesetvelo.com\/blog\/wp-content\/uploads\/2017\/08\/DSCN2810.jpg?fit=3570%2C2125&amp;ssl=1\" data-orig-size=\"3570,2125\" data-comments-opened=\"1\" data-image-meta=\"{&quot;aperture&quot;:&quot;6.4&quot;,&quot;credit&quot;:&quot;&quot;,&quot;camera&quot;:&quot;COOLPIX S9900&quot;,&quot;caption&quot;:&quot;&quot;,&quot;created_timestamp&quot;:&quot;1499159881&quot;,&quot;copyright&quot;:&quot;&quot;,&quot;focal_length&quot;:&quot;94.9&quot;,&quot;iso&quot;:&quot;125&quot;,&quot;shutter_speed&quot;:&quot;0.0015625&quot;,&quot;title&quot;:&quot;&quot;,&quot;orientation&quot;:&quot;1&quot;}\" data-image-title=\"Bateaux de p\u00eache &amp;#8211; Iles-de-la-Madeleine\" data-image-description=\"\" data-image-caption=\"\" data-large-file=\"https:\/\/i0.wp.com\/bottesetvelo.com\/blog\/wp-content\/uploads\/2017\/08\/DSCN2810.jpg?fit=1024%2C610&amp;ssl=1\" class=\"alignright wp-image-3058\" src=\"https:\/\/i0.wp.com\/bottesetvelo.com\/blog\/wp-content\/uploads\/2017\/08\/DSCN2810.jpg?resize=300%2C179&#038;ssl=1\" alt=\"\" width=\"300\" height=\"179\" srcset=\"https:\/\/i0.wp.com\/bottesetvelo.com\/blog\/wp-content\/uploads\/2017\/08\/DSCN2810.jpg?resize=500%2C298&amp;ssl=1 500w, https:\/\/i0.wp.com\/bottesetvelo.com\/blog\/wp-content\/uploads\/2017\/08\/DSCN2810.jpg?resize=768%2C457&amp;ssl=1 768w, https:\/\/i0.wp.com\/bottesetvelo.com\/blog\/wp-content\/uploads\/2017\/08\/DSCN2810.jpg?resize=1024%2C610&amp;ssl=1 1024w, https:\/\/i0.wp.com\/bottesetvelo.com\/blog\/wp-content\/uploads\/2017\/08\/DSCN2810.jpg?w=2340&amp;ssl=1 2340w, https:\/\/i0.wp.com\/bottesetvelo.com\/blog\/wp-content\/uploads\/2017\/08\/DSCN2810.jpg?w=3510&amp;ssl=1 3510w\" sizes=\"auto, (max-width: 300px) 100vw, 300px\" \/><\/a>Ces manques sont souvent souffrants et il peut \u00eatre difficile de les aborder dans tout ce qu\u2019ils impliquent. Il devient alors tentant de les anesth\u00e9sier de toutes sortes de fa\u00e7ons, en s\u2019\u00e9tourdissant, en s\u2019agitant ou en se surmenant, pour les ignorer. Pourtant, cette souffrance est le signal \u00e0 entendre. Il ne s\u2019agit pas de souffrir pour souffrir. Il s\u2019agit d\u2019y \u00eatre attentif pour retrouver sa route. C\u2019est dans l\u2019\u00e9coute attentive de la souffrance de ce manque que se trouve le chemin qui conduit au sanctuaire recherch\u00e9. <span style=\"color: #003366;\"><strong>Il s\u2019agit avant tout de quitter une souffrance pour trouver le bien-\u00eatre en soi. Le juste chemin.<\/strong><\/span><\/p>\n<p style=\"text-align: justify;\">Les vacances portent en elles cette intention. Maintenant qu\u2019elles sont termin\u00e9es, comment relire ce temps qui nous a extrait de notre quotidien? Qu\u2019est-ce que ce temps a mis en relief de nos vies? Quelles le\u00e7ons pouvons-nous tirer? Y avons-nous puis\u00e9 le bon go\u00fbt de la vie? Que nous r\u00e9v\u00e8le-t-il des lourdeurs de notre quotidien?<\/p>\n<p style=\"text-align: justify;\"><a href=\"https:\/\/i0.wp.com\/bottesetvelo.com\/blog\/wp-content\/uploads\/2017\/08\/2017-07-03-11.46.10.jpg?ssl=1\"><img data-recalc-dims=\"1\" loading=\"lazy\" decoding=\"async\" data-attachment-id=\"3059\" data-permalink=\"https:\/\/bottesetvelo.com\/blog\/2017\/08\/25\/quitter\/2017-07-03-11-46-10\/\" data-orig-file=\"https:\/\/i0.wp.com\/bottesetvelo.com\/blog\/wp-content\/uploads\/2017\/08\/2017-07-03-11.46.10.jpg?fit=3264%2C2448&amp;ssl=1\" data-orig-size=\"3264,2448\" data-comments-opened=\"1\" data-image-meta=\"{&quot;aperture&quot;:&quot;2&quot;,&quot;credit&quot;:&quot;&quot;,&quot;camera&quot;:&quot;SM-A500W&quot;,&quot;caption&quot;:&quot;&quot;,&quot;created_timestamp&quot;:&quot;1499082370&quot;,&quot;copyright&quot;:&quot;&quot;,&quot;focal_length&quot;:&quot;3.69&quot;,&quot;iso&quot;:&quot;50&quot;,&quot;shutter_speed&quot;:&quot;0.0006038647343&quot;,&quot;title&quot;:&quot;&quot;,&quot;orientation&quot;:&quot;1&quot;}\" data-image-title=\"La Grave &amp;#8211; Iles-de-la Madeleine\" data-image-description=\"\" data-image-caption=\"\" data-large-file=\"https:\/\/i0.wp.com\/bottesetvelo.com\/blog\/wp-content\/uploads\/2017\/08\/2017-07-03-11.46.10.jpg?fit=1024%2C768&amp;ssl=1\" class=\"alignright wp-image-3059\" src=\"https:\/\/i0.wp.com\/bottesetvelo.com\/blog\/wp-content\/uploads\/2017\/08\/2017-07-03-11.46.10.jpg?resize=300%2C225&#038;ssl=1\" alt=\"\" width=\"300\" height=\"225\" srcset=\"https:\/\/i0.wp.com\/bottesetvelo.com\/blog\/wp-content\/uploads\/2017\/08\/2017-07-03-11.46.10.jpg?resize=500%2C375&amp;ssl=1 500w, https:\/\/i0.wp.com\/bottesetvelo.com\/blog\/wp-content\/uploads\/2017\/08\/2017-07-03-11.46.10.jpg?resize=768%2C576&amp;ssl=1 768w, https:\/\/i0.wp.com\/bottesetvelo.com\/blog\/wp-content\/uploads\/2017\/08\/2017-07-03-11.46.10.jpg?resize=1024%2C768&amp;ssl=1 1024w, https:\/\/i0.wp.com\/bottesetvelo.com\/blog\/wp-content\/uploads\/2017\/08\/2017-07-03-11.46.10.jpg?w=2340&amp;ssl=1 2340w\" sizes=\"auto, (max-width: 300px) 100vw, 300px\" \/><\/a>Les vacances ne sont pas qu\u2019une soupape ou un anesth\u00e9siant, elles permettent le recul n\u00e9cessaire pour voir sa vie sous un autre angle. Elles permettent la distance qui \u00e9veille la conscience \u00e0 ce qui manque. <strong><span style=\"color: #003366;\">Le retour des vacances est donc un moment propice pour faire les changements qui s\u2019imposent dans un mode de vie qui nous \u00e9teint parfois.<\/span><\/strong><\/p>\n<p style=\"text-align: justify;\">Vous \u00eates repos\u00e9. Votre esprit est moins encombr\u00e9. Vous avez plus d\u2019\u00e9nergie. Ne laissez pas le train-train vous an\u00e9antir de nouveau. Il suffit de bien peu parfois pour rectifier l\u2019orientation de sa marche et l\u2019aligner sur l\u2019espace de son sanctuaire.<\/p>\n<p style=\"text-align: justify;\">Bon retour!<a href=\"https:\/\/i0.wp.com\/bottesetvelo.com\/blog\/wp-content\/uploads\/2014\/01\/Bottes-et-V%C3%A9lo-Embl%C3%AAme-e1454083414631.jpg?ssl=1\"><img data-recalc-dims=\"1\" loading=\"lazy\" decoding=\"async\" data-attachment-id=\"14\" data-permalink=\"https:\/\/bottesetvelo.com\/blog\/bottes-et-velo-le-blog\/bottes-et-velo-embleme\/\" data-orig-file=\"https:\/\/i0.wp.com\/bottesetvelo.com\/blog\/wp-content\/uploads\/2014\/01\/Bottes-et-V%C3%A9lo-Embl%C3%AAme-e1454083414631.jpg?fit=100%2C79&amp;ssl=1\" data-orig-size=\"100,79\" data-comments-opened=\"1\" data-image-meta=\"{&quot;aperture&quot;:&quot;0&quot;,&quot;credit&quot;:&quot;&quot;,&quot;camera&quot;:&quot;&quot;,&quot;caption&quot;:&quot;&quot;,&quot;created_timestamp&quot;:&quot;0&quot;,&quot;copyright&quot;:&quot;&quot;,&quot;focal_length&quot;:&quot;0&quot;,&quot;iso&quot;:&quot;0&quot;,&quot;shutter_speed&quot;:&quot;0&quot;,&quot;title&quot;:&quot;&quot;}\" data-image-title=\"Bottes et V\u00e9lo &amp;#8211; Embl\u00eame\" data-image-description=\"\" data-image-caption=\"\" data-large-file=\"https:\/\/i0.wp.com\/bottesetvelo.com\/blog\/wp-content\/uploads\/2014\/01\/Bottes-et-V%C3%A9lo-Embl%C3%AAme-e1454083414631.jpg?fit=100%2C79&amp;ssl=1\" class=\" wp-image-14 alignright\" src=\"https:\/\/i0.wp.com\/bottesetvelo.com\/blog\/wp-content\/uploads\/2014\/01\/Bottes-et-V%C3%A9lo-Embl%C3%AAme.jpg?resize=60%2C47&#038;ssl=1\" alt=\"\" width=\"60\" height=\"47\" \/><\/a><\/p>\n<p style=\"text-align: justify;\">\u00c9ric Lalibert\u00e9<\/p>\n","protected":false},"excerpt":{"rendered":"<p>C\u2019est la rentr\u00e9e sur le blogue de Bottes et V\u00e9lo! Bottes et V\u00e9lo est heureux de vous retrouver apr\u00e8s un \u00e9t\u00e9 pass\u00e9 sur les routes. Pour cette rentr\u00e9e, nous vous proposons d&rsquo;aborder le th\u00e8me des d\u00e9parts sous un autre angle. Le d\u00e9part annonce toujours un nouveau commencement mais en fait, lorsque nous partons, c&rsquo;est pour&hellip;<\/p>\n","protected":false},"author":3,"featured_media":0,"comment_status":"open","ping_status":"open","sticky":false,"template":"","format":"standard","meta":{"jetpack_post_was_ever_published":false,"_jetpack_newsletter_access":"","_jetpack_dont_email_post_to_subs":false,"_jetpack_newsletter_tier_id":0,"_jetpack_memberships_contains_paywalled_content":false,"_jetpack_memberships_contains_paid_content":false,"footnotes":"","jetpack_publicize_message":"","jetpack_publicize_feature_enabled":true,"jetpack_social_post_already_shared":true,"jetpack_social_options":{"image_generator_settings":{"template":"highway","default_image_id":0,"font":"","enabled":false},"version":2}},"categories":[380,166,3,446,390],"tags":[471,221,472,296,470,124,473,145],"class_list":["post-3054","post","type-post","status-publish","format-standard","hentry","category-conscientisation","category-demarche-du-pelerin","category-reflexions","category-societe","category-voyages-pelerins","tag-backpacker","tag-conscience","tag-manque","tag-pelerin","tag-quitter","tag-souffrance","tag-trop-plein","tag-voyage"],"jetpack_publicize_connections":[],"jetpack_featured_media_url":"","jetpack_shortlink":"https:\/\/wp.me\/s4eY6z-quitter","jetpack_sharing_enabled":true,"jetpack_likes_enabled":true,"jetpack-related-posts":[],"_links":{"self":[{"href":"https:\/\/bottesetvelo.com\/blog\/wp-json\/wp\/v2\/posts\/3054","targetHints":{"allow":["GET"]}}],"collection":[{"href":"https:\/\/bottesetvelo.com\/blog\/wp-json\/wp\/v2\/posts"}],"about":[{"href":"https:\/\/bottesetvelo.com\/blog\/wp-json\/wp\/v2\/types\/post"}],"author":[{"embeddable":true,"href":"https:\/\/bottesetvelo.com\/blog\/wp-json\/wp\/v2\/users\/3"}],"replies":[{"embeddable":true,"href":"https:\/\/bottesetvelo.com\/blog\/wp-json\/wp\/v2\/comments?post=3054"}],"version-history":[{"count":7,"href":"https:\/\/bottesetvelo.com\/blog\/wp-json\/wp\/v2\/posts\/3054\/revisions"}],"predecessor-version":[{"id":3066,"href":"https:\/\/bottesetvelo.com\/blog\/wp-json\/wp\/v2\/posts\/3054\/revisions\/3066"}],"wp:attachment":[{"href":"https:\/\/bottesetvelo.com\/blog\/wp-json\/wp\/v2\/media?parent=3054"}],"wp:term":[{"taxonomy":"category","embeddable":true,"href":"https:\/\/bottesetvelo.com\/blog\/wp-json\/wp\/v2\/categories?post=3054"},{"taxonomy":"post_tag","embeddable":true,"href":"https:\/\/bottesetvelo.com\/blog\/wp-json\/wp\/v2\/tags?post=3054"}],"curies":[{"name":"wp","href":"https:\/\/api.w.org\/{rel}","templated":true}]}}