{"id":3049,"date":"2017-07-31T08:12:34","date_gmt":"2017-07-31T12:12:34","guid":{"rendered":"http:\/\/bottesetvelo.com\/blog\/?p=3049"},"modified":"2017-07-31T08:12:34","modified_gmt":"2017-07-31T12:12:34","slug":"les-sentiers-entre-vents-et-marees","status":"publish","type":"post","link":"https:\/\/bottesetvelo.com\/blog\/2017\/07\/31\/les-sentiers-entre-vents-et-marees\/","title":{"rendered":"Les Sentiers entre Vents et Mar\u00e9es"},"content":{"rendered":"<h5 style=\"text-align: justify;\"><span style=\"color: #003366;\">Bottes et V\u00e9lo vous offre un r\u00e9sum\u00e9 vid\u00e9o de ses 12 jours de marche sur le <a href=\"http:\/\/www.tourismeilesdelamadeleine.com\/fr\/sentiers-entre-vents-et-marees\/randonnee-pedestre\/\">Sentiers entre Vents et Mar\u00e9es<\/a>. Merci \u00e0 tous les participants lors de ce parcours exploratoire: France, C\u00e9line, Nathalie, Line, Chantal, Yves, Maria, Christine et Thierry. Un merci tout particulier \u00e0 Carole Longu\u00e9p\u00e9e, R\u00e9al Jomphe et Carole Turbide pour leur soutien et leur amiti\u00e9 dans ce projet. Nos chemins se recroiseront, c&rsquo;est certain!<a href=\"https:\/\/i0.wp.com\/bottesetvelo.com\/blog\/wp-content\/uploads\/2014\/01\/Bottes-et-V%C3%A9lo-Embl%C3%AAme-e1454083414631.jpg?ssl=1\"><img data-recalc-dims=\"1\" loading=\"lazy\" decoding=\"async\" data-attachment-id=\"14\" data-permalink=\"https:\/\/bottesetvelo.com\/blog\/bottes-et-velo-le-blog\/bottes-et-velo-embleme\/\" data-orig-file=\"https:\/\/i0.wp.com\/bottesetvelo.com\/blog\/wp-content\/uploads\/2014\/01\/Bottes-et-V%C3%A9lo-Embl%C3%AAme-e1454083414631.jpg?fit=100%2C79&amp;ssl=1\" data-orig-size=\"100,79\" data-comments-opened=\"1\" data-image-meta=\"{&quot;aperture&quot;:&quot;0&quot;,&quot;credit&quot;:&quot;&quot;,&quot;camera&quot;:&quot;&quot;,&quot;caption&quot;:&quot;&quot;,&quot;created_timestamp&quot;:&quot;0&quot;,&quot;copyright&quot;:&quot;&quot;,&quot;focal_length&quot;:&quot;0&quot;,&quot;iso&quot;:&quot;0&quot;,&quot;shutter_speed&quot;:&quot;0&quot;,&quot;title&quot;:&quot;&quot;}\" data-image-title=\"Bottes et V\u00e9lo &amp;#8211; Embl\u00eame\" data-image-description=\"\" data-image-caption=\"\" data-large-file=\"https:\/\/i0.wp.com\/bottesetvelo.com\/blog\/wp-content\/uploads\/2014\/01\/Bottes-et-V%C3%A9lo-Embl%C3%AAme-e1454083414631.jpg?fit=100%2C79&amp;ssl=1\" class=\" wp-image-14 alignright\" src=\"https:\/\/i0.wp.com\/bottesetvelo.com\/blog\/wp-content\/uploads\/2014\/01\/Bottes-et-V%C3%A9lo-Embl%C3%AAme.jpg?resize=79%2C62&#038;ssl=1\" alt=\"\" width=\"79\" height=\"62\" \/><\/a><br \/>\n<\/span><\/h5>\n<h5 style=\"text-align: justify;\"><span style=\"color: #003366;\">\u00c9ric Lalibert\u00e9 et Brigitte Harouni<\/span><\/h5>\n<p><span class=\"embed-youtube\" style=\"text-align:center; display: block;\"><iframe loading=\"lazy\" class=\"youtube-player\" width=\"1170\" height=\"659\" src=\"https:\/\/www.youtube.com\/embed\/8kXS72UhIQs?version=3&#038;rel=1&#038;showsearch=0&#038;showinfo=1&#038;iv_load_policy=1&#038;fs=1&#038;hl=fr-FR&#038;autohide=2&#038;wmode=transparent\" allowfullscreen=\"true\" style=\"border:0;\" sandbox=\"allow-scripts allow-same-origin allow-popups allow-presentation allow-popups-to-escape-sandbox\"><\/iframe><\/span><\/p>\n","protected":false},"excerpt":{"rendered":"<p>Bottes et V\u00e9lo vous offre un r\u00e9sum\u00e9 vid\u00e9o de ses 12 jours de marche sur le Sentiers entre Vents et Mar\u00e9es. Merci \u00e0 tous les participants lors de ce parcours exploratoire: France, C\u00e9line, Nathalie, Line, Chantal, Yves, Maria, Christine et Thierry. Un merci tout particulier \u00e0 Carole Longu\u00e9p\u00e9e, R\u00e9al Jomphe et Carole Turbide pour leur&hellip;<\/p>\n","protected":false},"author":3,"featured_media":0,"comment_status":"open","ping_status":"open","sticky":false,"template":"","format":"standard","meta":{"jetpack_post_was_ever_published":false,"_jetpack_newsletter_access":"","_jetpack_dont_email_post_to_subs":false,"_jetpack_newsletter_tier_id":0,"_jetpack_memberships_contains_paywalled_content":false,"_jetpack_memberships_contains_paid_content":false,"footnotes":"","jetpack_publicize_message":"","jetpack_publicize_feature_enabled":true,"jetpack_social_post_already_shared":true,"jetpack_social_options":{"image_generator_settings":{"template":"highway","default_image_id":0,"font":"","enabled":false},"version":2}},"categories":[9,171,415,91,390],"tags":[468,14,13,19,469],"class_list":["post-3049","post","type-post","status-publish","format-standard","hentry","category-chemins-de-pelerinage","category-pelerinage","category-preparation","category-sentiers-et-pistes-cyclable","category-voyages-pelerins","tag-iles-de-la-madeleine","tag-marche","tag-pelerinage","tag-randonnee","tag-sentiers-entre-vents-et-marees"],"jetpack_publicize_connections":[],"jetpack_featured_media_url":"","jetpack_shortlink":"https:\/\/wp.me\/p4eY6z-Nb","jetpack_sharing_enabled":true,"jetpack_likes_enabled":true,"jetpack-related-posts":[],"_links":{"self":[{"href":"https:\/\/bottesetvelo.com\/blog\/wp-json\/wp\/v2\/posts\/3049","targetHints":{"allow":["GET"]}}],"collection":[{"href":"https:\/\/bottesetvelo.com\/blog\/wp-json\/wp\/v2\/posts"}],"about":[{"href":"https:\/\/bottesetvelo.com\/blog\/wp-json\/wp\/v2\/types\/post"}],"author":[{"embeddable":true,"href":"https:\/\/bottesetvelo.com\/blog\/wp-json\/wp\/v2\/users\/3"}],"replies":[{"embeddable":true,"href":"https:\/\/bottesetvelo.com\/blog\/wp-json\/wp\/v2\/comments?post=3049"}],"version-history":[{"count":3,"href":"https:\/\/bottesetvelo.com\/blog\/wp-json\/wp\/v2\/posts\/3049\/revisions"}],"predecessor-version":[{"id":3052,"href":"https:\/\/bottesetvelo.com\/blog\/wp-json\/wp\/v2\/posts\/3049\/revisions\/3052"}],"wp:attachment":[{"href":"https:\/\/bottesetvelo.com\/blog\/wp-json\/wp\/v2\/media?parent=3049"}],"wp:term":[{"taxonomy":"category","embeddable":true,"href":"https:\/\/bottesetvelo.com\/blog\/wp-json\/wp\/v2\/categories?post=3049"},{"taxonomy":"post_tag","embeddable":true,"href":"https:\/\/bottesetvelo.com\/blog\/wp-json\/wp\/v2\/tags?post=3049"}],"curies":[{"name":"wp","href":"https:\/\/api.w.org\/{rel}","templated":true}]}}