{"id":3035,"date":"2017-06-30T06:49:16","date_gmt":"2017-06-30T10:49:16","guid":{"rendered":"http:\/\/bottesetvelo.com\/blog\/?p=3035"},"modified":"2017-06-30T21:34:21","modified_gmt":"2017-07-01T01:34:21","slug":"experience-pelerine-chez-les-madelinots","status":"publish","type":"post","link":"https:\/\/bottesetvelo.com\/blog\/2017\/06\/30\/experience-pelerine-chez-les-madelinots\/","title":{"rendered":"Exp\u00e9rience p\u00e8lerine chez les Madelinots"},"content":{"rendered":"<h5 style=\"text-align: justify;\"><span style=\"color: #003366;\">Chaque \u00e9t\u00e9, nous reprenons la route pour nous impr\u00e9gner de l\u2019exp\u00e9rience p\u00e8lerine. Pour en raviver la puissance et la sentir dans tout notre \u00eatre, mais aussi, pour mieux accompagner le p\u00e8lerin-randonneur. Ce weekend, nous quittons pour deux semaines en compagnie de neuf p\u00e8lerins et p\u00e8lerines. Nous irons explorer les tous nouveaux <a href=\"http:\/\/www.tourismeilesdelamadeleine.com\/fr\/sentiers-entre-vents-et-marees\/randonnee-pedestre\/\"><span style=\"color: #333300;\"><strong><em>Sentiers entre Vents et Mar\u00e9es<\/em><\/strong><\/span><\/a> des \u00celes-de-la-Madeleine.<\/span><\/h5>\n<p style=\"text-align: justify;\"><a href=\"https:\/\/i0.wp.com\/bottesetvelo.com\/blog\/wp-content\/uploads\/2017\/06\/%C3%89t%C3%A9-2009-072.jpg?ssl=1\"><img data-recalc-dims=\"1\" loading=\"lazy\" decoding=\"async\" data-attachment-id=\"3036\" data-permalink=\"https:\/\/bottesetvelo.com\/blog\/2017\/06\/30\/experience-pelerine-chez-les-madelinots\/ete-2009-072\/\" data-orig-file=\"https:\/\/i0.wp.com\/bottesetvelo.com\/blog\/wp-content\/uploads\/2017\/06\/%C3%89t%C3%A9-2009-072.jpg?fit=2560%2C1920&amp;ssl=1\" data-orig-size=\"2560,1920\" data-comments-opened=\"1\" data-image-meta=\"{&quot;aperture&quot;:&quot;5.6&quot;,&quot;credit&quot;:&quot;&quot;,&quot;camera&quot;:&quot;DMC-LZ2&quot;,&quot;caption&quot;:&quot;&quot;,&quot;created_timestamp&quot;:&quot;1248853420&quot;,&quot;copyright&quot;:&quot;&quot;,&quot;focal_length&quot;:&quot;6.1&quot;,&quot;iso&quot;:&quot;80&quot;,&quot;shutter_speed&quot;:&quot;0.0025&quot;,&quot;title&quot;:&quot;&quot;,&quot;orientation&quot;:&quot;1&quot;}\" data-image-title=\"Iles-de-la-Madeleine\" data-image-description=\"\" data-image-caption=\"\" data-large-file=\"https:\/\/i0.wp.com\/bottesetvelo.com\/blog\/wp-content\/uploads\/2017\/06\/%C3%89t%C3%A9-2009-072.jpg?fit=1024%2C768&amp;ssl=1\" class=\"alignright wp-image-3036\" src=\"https:\/\/i0.wp.com\/bottesetvelo.com\/blog\/wp-content\/uploads\/2017\/06\/%C3%89t%C3%A9-2009-072.jpg?resize=250%2C188&#038;ssl=1\" alt=\"\" width=\"250\" height=\"188\" srcset=\"https:\/\/i0.wp.com\/bottesetvelo.com\/blog\/wp-content\/uploads\/2017\/06\/%C3%89t%C3%A9-2009-072.jpg?resize=500%2C375&amp;ssl=1 500w, https:\/\/i0.wp.com\/bottesetvelo.com\/blog\/wp-content\/uploads\/2017\/06\/%C3%89t%C3%A9-2009-072.jpg?resize=768%2C576&amp;ssl=1 768w, https:\/\/i0.wp.com\/bottesetvelo.com\/blog\/wp-content\/uploads\/2017\/06\/%C3%89t%C3%A9-2009-072.jpg?resize=1024%2C768&amp;ssl=1 1024w, https:\/\/i0.wp.com\/bottesetvelo.com\/blog\/wp-content\/uploads\/2017\/06\/%C3%89t%C3%A9-2009-072.jpg?w=2340&amp;ssl=1 2340w\" sizes=\"auto, (max-width: 250px) 100vw, 250px\" \/><\/a>Ces sentiers, issus de l\u2019exp\u00e9rience p\u00e8lerine d\u2019un\u00a0 groupe de Madelinots \u00e0 Compostelle, ouvrent officiellement cet \u00e9t\u00e9 et s\u2019adressent tout particuli\u00e8rement aux p\u00e8lerins autonomes. Parcourir les <a href=\"http:\/\/www.tourismeilesdelamadeleine.com\/fr\/sentiers-entre-vents-et-marees\/randonnee-pedestre\/\">Sentiers entre Vents \u00a0et Mar\u00e9es<\/a> permet de d\u00e9couvrir, \u00e0 son rythme, 225 km de paysages \u00e0 couper le souffle et de rencontrer des insulaires \u00e0 la bonne humeur contagieuse.<\/p>\n<p style=\"text-align: justify;\">Pour l\u2019occasion, et comme chaque \u00e9t\u00e9, Bottes et V\u00e9lo vous invite \u00e0 suivre ses p\u00e9r\u00e9grinations madeliniennes sur Facebook ou sur sa cha\u00eene YouTube. De courtes capsules vid\u00e9o partageront nos impressions, notre exp\u00e9rience p\u00e8lerine et les beaut\u00e9s des \u00celes-de-la-Madeleine.<\/p>\n<p style=\"text-align: justify;\"><span style=\"color: #003366;\"><strong><em>L\u2019importance du p\u00e8lerinage autonome.<\/em><\/strong> <\/span>L\u2019exp\u00e9rience p\u00e8lerine d\u00e9coule d\u2019une pratique autonome du p\u00e8lerinage. C\u2019est-\u00e0-dire par soi-m\u00eame.\u00a0Le p\u00e8lerinage de longue randonn\u00e9e est plus qu\u2019une marche, il porte en lui tout le mouvement int\u00e9rieur du p\u00e8lerin-randonneur et fait en sorte qu\u2019on ne peut plus seulement parler de longue randonn\u00e9e. C\u2019est bien plus qu\u2019un sport, c\u2019est une exp\u00e9rience qui transforme! Le p\u00e8lerinage transforme dans le regard et dans la mani\u00e8re d\u2019\u00eatre. <a href=\"https:\/\/i0.wp.com\/bottesetvelo.com\/blog\/wp-content\/uploads\/2017\/06\/%C3%89t%C3%A9-2009-196.jpg?ssl=1\"><img data-recalc-dims=\"1\" loading=\"lazy\" decoding=\"async\" data-attachment-id=\"3039\" data-permalink=\"https:\/\/bottesetvelo.com\/blog\/2017\/06\/30\/experience-pelerine-chez-les-madelinots\/ete-2009-196\/\" data-orig-file=\"https:\/\/i0.wp.com\/bottesetvelo.com\/blog\/wp-content\/uploads\/2017\/06\/%C3%89t%C3%A9-2009-196.jpg?fit=2560%2C1920&amp;ssl=1\" data-orig-size=\"2560,1920\" data-comments-opened=\"1\" data-image-meta=\"{&quot;aperture&quot;:&quot;8.8&quot;,&quot;credit&quot;:&quot;&quot;,&quot;camera&quot;:&quot;DMC-LZ2&quot;,&quot;caption&quot;:&quot;&quot;,&quot;created_timestamp&quot;:&quot;1249051981&quot;,&quot;copyright&quot;:&quot;&quot;,&quot;focal_length&quot;:&quot;32.5&quot;,&quot;iso&quot;:&quot;80&quot;,&quot;shutter_speed&quot;:&quot;0.004&quot;,&quot;title&quot;:&quot;&quot;,&quot;orientation&quot;:&quot;1&quot;}\" data-image-title=\"Iles-de-la-Madeleine\" data-image-description=\"\" data-image-caption=\"\" data-large-file=\"https:\/\/i0.wp.com\/bottesetvelo.com\/blog\/wp-content\/uploads\/2017\/06\/%C3%89t%C3%A9-2009-196.jpg?fit=1024%2C768&amp;ssl=1\" class=\"alignright wp-image-3039\" src=\"https:\/\/i0.wp.com\/bottesetvelo.com\/blog\/wp-content\/uploads\/2017\/06\/%C3%89t%C3%A9-2009-196.jpg?resize=250%2C188&#038;ssl=1\" alt=\"\" width=\"250\" height=\"188\" srcset=\"https:\/\/i0.wp.com\/bottesetvelo.com\/blog\/wp-content\/uploads\/2017\/06\/%C3%89t%C3%A9-2009-196.jpg?resize=500%2C375&amp;ssl=1 500w, https:\/\/i0.wp.com\/bottesetvelo.com\/blog\/wp-content\/uploads\/2017\/06\/%C3%89t%C3%A9-2009-196.jpg?resize=768%2C576&amp;ssl=1 768w, https:\/\/i0.wp.com\/bottesetvelo.com\/blog\/wp-content\/uploads\/2017\/06\/%C3%89t%C3%A9-2009-196.jpg?resize=1024%2C768&amp;ssl=1 1024w, https:\/\/i0.wp.com\/bottesetvelo.com\/blog\/wp-content\/uploads\/2017\/06\/%C3%89t%C3%A9-2009-196.jpg?w=2340&amp;ssl=1 2340w\" sizes=\"auto, (max-width: 250px) 100vw, 250px\" \/><\/a>Entrer dans ce processus d\u00e9place sur tous les plans\u00a0: physique, psychique et spirituel. Trop le pr\u00e9voir pose des conditions qui rangent au deuxi\u00e8me rang l\u2019attention et le respect d\u00fb \u00e0 son corps; une attention qui peut vous en apprendre long sur vous-m\u00eames\u2026 Trop le cadrer retient la spontan\u00e9it\u00e9 de l\u2019exercice et limite les possibilit\u00e9s de vivre l\u2019exp\u00e9rience par soi-m\u00eame.<\/p>\n<p style=\"text-align: justify;\"><strong><span style=\"color: #003366;\">L\u2019exp\u00e9rience p\u00e8lerine s\u2019\u00e9crit \u00e0 travers nos pas.<\/span> <\/strong>Observez votre mani\u00e8re de marcher, elle en dit long sur votre mani\u00e8re d\u2019\u00eatre. Comment est votre pas? Est-il rapide, court ou tendu? Avez-vous le pied souple? La jambe raide? Marchez-vous courb\u00e9? Regardez-vous toujours le sol? Tr\u00e9buchez-vous sur le moindre caillou? Vous souciez-vous de ceux qui tra\u00eenent derri\u00e8re? Ragez-vous devant celles qui vous d\u00e9passent avec aisance? Prenez-vous le temps de vous arr\u00eater? O\u00f9 allez-vous? Votre destination est-elle un fardeau? Une joie? Toutes ces questions sur votre mani\u00e8re de marcher vous en apprendront beaucoup sur vous, sur votre mani\u00e8re de vivre\u2026 Des r\u00e9ponses qui ne sont pas toujours faciles \u00e0 recevoir. L\u2019exp\u00e9rience p\u00e8lerine demande de s\u2019accueillir avec humilit\u00e9 et bont\u00e9\u2026<\/p>\n<p style=\"text-align: justify;\">Pour bien se lancer dans l\u2019exp\u00e9rience, et <strong><span style=\"color: #003366;\">en faire une trajectoire signifiante<\/span><\/strong>, il faudra\u00a0:<\/p>\n<p style=\"text-align: justify;\"><strong><a href=\"https:\/\/i0.wp.com\/bottesetvelo.com\/blog\/wp-content\/uploads\/2017\/06\/%C3%89t%C3%A9-2009-094.jpg?ssl=1\"><img data-recalc-dims=\"1\" loading=\"lazy\" decoding=\"async\" data-attachment-id=\"3037\" data-permalink=\"https:\/\/bottesetvelo.com\/blog\/2017\/06\/30\/experience-pelerine-chez-les-madelinots\/ete-2009-094\/\" data-orig-file=\"https:\/\/i0.wp.com\/bottesetvelo.com\/blog\/wp-content\/uploads\/2017\/06\/%C3%89t%C3%A9-2009-094.jpg?fit=2560%2C1920&amp;ssl=1\" data-orig-size=\"2560,1920\" data-comments-opened=\"1\" data-image-meta=\"{&quot;aperture&quot;:&quot;6.4&quot;,&quot;credit&quot;:&quot;&quot;,&quot;camera&quot;:&quot;DMC-LZ2&quot;,&quot;caption&quot;:&quot;&quot;,&quot;created_timestamp&quot;:&quot;1248869660&quot;,&quot;copyright&quot;:&quot;&quot;,&quot;focal_length&quot;:&quot;11.4&quot;,&quot;iso&quot;:&quot;80&quot;,&quot;shutter_speed&quot;:&quot;0.002&quot;,&quot;title&quot;:&quot;&quot;,&quot;orientation&quot;:&quot;1&quot;}\" data-image-title=\"Iles-de-la-Madeleine\" data-image-description=\"\" data-image-caption=\"\" data-large-file=\"https:\/\/i0.wp.com\/bottesetvelo.com\/blog\/wp-content\/uploads\/2017\/06\/%C3%89t%C3%A9-2009-094.jpg?fit=1024%2C768&amp;ssl=1\" class=\"alignright wp-image-3037\" src=\"https:\/\/i0.wp.com\/bottesetvelo.com\/blog\/wp-content\/uploads\/2017\/06\/%C3%89t%C3%A9-2009-094.jpg?resize=250%2C188&#038;ssl=1\" alt=\"\" width=\"250\" height=\"188\" srcset=\"https:\/\/i0.wp.com\/bottesetvelo.com\/blog\/wp-content\/uploads\/2017\/06\/%C3%89t%C3%A9-2009-094.jpg?resize=500%2C375&amp;ssl=1 500w, https:\/\/i0.wp.com\/bottesetvelo.com\/blog\/wp-content\/uploads\/2017\/06\/%C3%89t%C3%A9-2009-094.jpg?resize=768%2C576&amp;ssl=1 768w, https:\/\/i0.wp.com\/bottesetvelo.com\/blog\/wp-content\/uploads\/2017\/06\/%C3%89t%C3%A9-2009-094.jpg?resize=1024%2C768&amp;ssl=1 1024w, https:\/\/i0.wp.com\/bottesetvelo.com\/blog\/wp-content\/uploads\/2017\/06\/%C3%89t%C3%A9-2009-094.jpg?w=2340&amp;ssl=1 2340w\" sizes=\"auto, (max-width: 250px) 100vw, 250px\" \/><\/a>1) Se faire confiance.<\/strong> Vous \u00eates capable d\u2019aller chercher l\u2019information n\u00e9cessaire \u00e0 la planification de votre p\u00e8lerinage. Vous savez pr\u00e9parer un voyage et, sans le savoir, vous marchez d\u00e9j\u00e0 un\u00a0 minimum de 6 km\/jour en vacant \u00e0 vos occupations quotidiennes. Il n\u2019est pas n\u00e9cessaire de marcher 30 km\/jour en p\u00e8lerinage!!! Si vous le percevez ainsi, c\u2019est que vous \u00eates davantage dans la performance et ce sera une belle occasion de questionner votre mani\u00e8re d\u2019\u00eatre.<\/p>\n<p style=\"text-align: justify;\"><strong>2) Accueillir l\u2019impr\u00e9visible<\/strong>. Dans l\u2019impr\u00e9vu, vous d\u00e9couvrirez le monde autrement. Vous serez dispos\u00e9 aux rencontres inattendues. Vous trouverez des solutions qui feront appel \u00e0 votre cr\u00e9ativit\u00e9. \u00c0 l\u2019inverse, tout pr\u00e9voir dit beaucoup de vos craintes et de vos peurs. Les sacs \u00e0 dos trop pleins, tout comme ceux planifi\u00e9s au cm\u00b3, en disent long\u2026<\/p>\n<p style=\"text-align: justify;\"><strong>3) Accepter d\u2019\u00eatre d\u00e9placer<\/strong>. Le p\u00e8lerinage d\u00e9place non seulement physiquement, mais aussi int\u00e9rieurement. Se mettre en route, peu importe le contexte, sous-entend quitter ce que j\u2019\u00e9tais pour ouvrir sur un monde inconnu. Accepter d\u2019\u00eatre d\u00e9plac\u00e9, c\u2019est accepter d\u2019\u00eatre transform\u00e9 par l\u2019exp\u00e9rience et d\u2019en perdre le contr\u00f4le. Il y aura du neuf suite \u00e0 cette exp\u00e9rience et je ne pourrai pas dire de quoi il sera fait.<\/p>\n<p style=\"text-align: justify;\"><strong><a href=\"https:\/\/i0.wp.com\/bottesetvelo.com\/blog\/wp-content\/uploads\/2017\/06\/%C3%89t%C3%A9-2009-245.jpg?ssl=1\"><img data-recalc-dims=\"1\" loading=\"lazy\" decoding=\"async\" data-attachment-id=\"3041\" data-permalink=\"https:\/\/bottesetvelo.com\/blog\/2017\/06\/30\/experience-pelerine-chez-les-madelinots\/ete-2009-245\/\" data-orig-file=\"https:\/\/i0.wp.com\/bottesetvelo.com\/blog\/wp-content\/uploads\/2017\/06\/%C3%89t%C3%A9-2009-245.jpg?fit=2431%2C1823&amp;ssl=1\" data-orig-size=\"2431,1823\" data-comments-opened=\"1\" data-image-meta=\"{&quot;aperture&quot;:&quot;5.6&quot;,&quot;credit&quot;:&quot;&quot;,&quot;camera&quot;:&quot;DMC-LZ2&quot;,&quot;caption&quot;:&quot;&quot;,&quot;created_timestamp&quot;:&quot;1249214668&quot;,&quot;copyright&quot;:&quot;&quot;,&quot;focal_length&quot;:&quot;6.1&quot;,&quot;iso&quot;:&quot;80&quot;,&quot;shutter_speed&quot;:&quot;0.002&quot;,&quot;title&quot;:&quot;&quot;,&quot;orientation&quot;:&quot;1&quot;}\" data-image-title=\"Iles-de-la-Madeleine\" data-image-description=\"\" data-image-caption=\"\" data-large-file=\"https:\/\/i0.wp.com\/bottesetvelo.com\/blog\/wp-content\/uploads\/2017\/06\/%C3%89t%C3%A9-2009-245.jpg?fit=1024%2C768&amp;ssl=1\" class=\"alignright wp-image-3041\" src=\"https:\/\/i0.wp.com\/bottesetvelo.com\/blog\/wp-content\/uploads\/2017\/06\/%C3%89t%C3%A9-2009-245.jpg?resize=250%2C187&#038;ssl=1\" alt=\"\" width=\"250\" height=\"187\" srcset=\"https:\/\/i0.wp.com\/bottesetvelo.com\/blog\/wp-content\/uploads\/2017\/06\/%C3%89t%C3%A9-2009-245.jpg?resize=500%2C375&amp;ssl=1 500w, https:\/\/i0.wp.com\/bottesetvelo.com\/blog\/wp-content\/uploads\/2017\/06\/%C3%89t%C3%A9-2009-245.jpg?resize=768%2C576&amp;ssl=1 768w, https:\/\/i0.wp.com\/bottesetvelo.com\/blog\/wp-content\/uploads\/2017\/06\/%C3%89t%C3%A9-2009-245.jpg?resize=1024%2C768&amp;ssl=1 1024w, https:\/\/i0.wp.com\/bottesetvelo.com\/blog\/wp-content\/uploads\/2017\/06\/%C3%89t%C3%A9-2009-245.jpg?w=2340&amp;ssl=1 2340w\" sizes=\"auto, (max-width: 250px) 100vw, 250px\" \/><\/a>4) Avoir une destination. <\/strong>Se donner une destination est primordial dans l\u2019exp\u00e9rience p\u00e8lerine. M\u00eame si celle-ci change en cours de route, il doit y avoir une destination. <strong><span style=\"color: #003366;\">La destination met en marche par le d\u00e9sir de l\u2019atteindre<\/span><\/strong>\u00a0: \u00ab\u00a0O\u00f9 vas-tu? \u00ad\u2014 \u00c0 la cr\u00e8merie.\u00a0\u2014Et si on allait jouer aux quilles ensuite? \u2014 Bonne id\u00e9e, allons-y!\u00a0\u00bb \u00a0Tout d\u00e9sir met en route. \u00ab\u00a0O\u00f9 va ta vie? Que cherches-tu?\u00a0Qu\u2019est-ce qui te fait marcher?\u00a0\u2014 Il me semble que ma vie pourrait \u00eatre mieux\u2026 \u00bb La destination est n\u00e9cessaire, on dit m\u00eame \u00ab\u00a0Je <u>vais<\/u> lire un bon livre.\u00a0\u00bb En elle, je trouve refuge. C\u2019est elle qui donne du go\u00fbt \u00e0 ma vie. Ne pas avoir de destination, c\u2019est comme cesser de respirer.<\/p>\n<p style=\"text-align: justify;\">Enfin retenez que <span style=\"color: #003366;\"><strong>l\u2019exp\u00e9rience p\u00e8lerine est accessible \u00e0 tous.<\/strong><\/span> Pas n\u00e9cessaire d\u2019\u00eatre un grand sportif ou une grande sportive! Il suffit d\u2019\u00eatre port\u00e9 par le d\u00e9sir de se mettre en route vers le sanctuaire de sa vie. Au d\u00e9part, votre destination sera bien claire: \u00ab\u00a0 Je vais \u00e0 Compostelle!\u00a0Je vais \u00e0 Ste-Anne-de-Beaupr\u00e9!\u00a0\u00bb. Mais, au fil de vos pas cette destination sera appel\u00e9e \u00e0 \u00e9voluer et sera transform\u00e9e. L\u2019espace du sanctuaire personnel, votre destination personnelle, n\u2019a rien \u00e0 voir avec Compostelle.\u00a0Compostelle n\u2019est qu\u2019un pr\u00e9texte pour nous faire marcher. Car c\u2019est en marchant que l\u2019on devient p\u00e9r\u00e9grin\u00a0: des \u00eatres libres au c\u0153ur de la cit\u00e9 conquise.<\/p>\n<p style=\"text-align: justify;\">Bonne route et bon \u00e9t\u00e9!<\/p>\n<p style=\"text-align: justify;\">\u00c9ric Lalibert\u00e9<\/p>\n<p style=\"text-align: justify;\"><span style=\"color: #800000;\"><em><strong>N.B.\u00a0: Le blogue de Bottes et V\u00e9lo fera rel\u00e2che jusqu\u2019au 25 ao\u00fbt.<br \/>\n<\/strong><\/em><\/span><\/p>\n","protected":false},"excerpt":{"rendered":"<p>Chaque \u00e9t\u00e9, nous reprenons la route pour nous impr\u00e9gner de l\u2019exp\u00e9rience p\u00e8lerine. Pour en raviver la puissance et la sentir dans tout notre \u00eatre, mais aussi, pour mieux accompagner le p\u00e8lerin-randonneur. Ce weekend, nous quittons pour deux semaines en compagnie de neuf p\u00e8lerins et p\u00e8lerines. Nous irons explorer les tous nouveaux Sentiers entre Vents et&hellip;<\/p>\n","protected":false},"author":3,"featured_media":0,"comment_status":"open","ping_status":"open","sticky":false,"template":"","format":"standard","meta":{"jetpack_post_was_ever_published":false,"_jetpack_newsletter_access":"","_jetpack_dont_email_post_to_subs":false,"_jetpack_newsletter_tier_id":0,"_jetpack_memberships_contains_paywalled_content":false,"_jetpack_memberships_contains_paid_content":false,"footnotes":"","jetpack_publicize_message":"Exp\u00e9rience p\u00e8lerine chez les Madelinots\r\n@GeoPleinAir_ @ATRIM @madcant","jetpack_publicize_feature_enabled":true,"jetpack_social_post_already_shared":true,"jetpack_social_options":{"image_generator_settings":{"template":"highway","default_image_id":0,"font":"","enabled":false},"version":2}},"categories":[56,9,166,415,390],"tags":[80,426,468,208,469],"class_list":["post-3035","post","type-post","status-publish","format-standard","hentry","category-activites","category-chemins-de-pelerinage","category-demarche-du-pelerin","category-preparation","category-voyages-pelerins","tag-compostelle","tag-experience-pelerine","tag-iles-de-la-madeleine","tag-pelerinage-autonome","tag-sentiers-entre-vents-et-marees"],"jetpack_publicize_connections":[],"jetpack_featured_media_url":"","jetpack_shortlink":"https:\/\/wp.me\/p4eY6z-MX","jetpack_sharing_enabled":true,"jetpack_likes_enabled":true,"jetpack-related-posts":[],"_links":{"self":[{"href":"https:\/\/bottesetvelo.com\/blog\/wp-json\/wp\/v2\/posts\/3035","targetHints":{"allow":["GET"]}}],"collection":[{"href":"https:\/\/bottesetvelo.com\/blog\/wp-json\/wp\/v2\/posts"}],"about":[{"href":"https:\/\/bottesetvelo.com\/blog\/wp-json\/wp\/v2\/types\/post"}],"author":[{"embeddable":true,"href":"https:\/\/bottesetvelo.com\/blog\/wp-json\/wp\/v2\/users\/3"}],"replies":[{"embeddable":true,"href":"https:\/\/bottesetvelo.com\/blog\/wp-json\/wp\/v2\/comments?post=3035"}],"version-history":[{"count":4,"href":"https:\/\/bottesetvelo.com\/blog\/wp-json\/wp\/v2\/posts\/3035\/revisions"}],"predecessor-version":[{"id":3046,"href":"https:\/\/bottesetvelo.com\/blog\/wp-json\/wp\/v2\/posts\/3035\/revisions\/3046"}],"wp:attachment":[{"href":"https:\/\/bottesetvelo.com\/blog\/wp-json\/wp\/v2\/media?parent=3035"}],"wp:term":[{"taxonomy":"category","embeddable":true,"href":"https:\/\/bottesetvelo.com\/blog\/wp-json\/wp\/v2\/categories?post=3035"},{"taxonomy":"post_tag","embeddable":true,"href":"https:\/\/bottesetvelo.com\/blog\/wp-json\/wp\/v2\/tags?post=3035"}],"curies":[{"name":"wp","href":"https:\/\/api.w.org\/{rel}","templated":true}]}}