{"id":3026,"date":"2017-06-16T10:43:32","date_gmt":"2017-06-16T14:43:32","guid":{"rendered":"http:\/\/bottesetvelo.com\/blog\/?p=3026"},"modified":"2017-06-16T10:43:32","modified_gmt":"2017-06-16T14:43:32","slug":"entre-ce-que-je-veux-et-ce-qui-est","status":"publish","type":"post","link":"https:\/\/bottesetvelo.com\/blog\/2017\/06\/16\/entre-ce-que-je-veux-et-ce-qui-est\/","title":{"rendered":"Entre ce que je veux et ce qui est"},"content":{"rendered":"<h6 style=\"text-align: right;\"><strong><em>La marche dans l\u2019errance n\u2019est pas de condition p\u00e8lerine.<\/em><\/strong><br \/>\n<strong><em>Alphonse Dupront<\/em><\/strong><\/h6>\n<h5 style=\"text-align: justify;\"><span style=\"color: #003366;\">La fin de semaine derni\u00e8re, nous avons v\u00e9cu un formidable Weekend P\u00e8lerin \u00e0 l\u2019Isle-aux-Coudres. La th\u00e9matique\u00a0: Le Yin et le Yang de ma vie. C\u2019\u00e9tait l\u2019occasion de s\u2019observer dans nos dualit\u00e9s \u2013 entre ce que je veux et ce qui est, pour sortir de nos oppositions et voir l\u2019\u00e9cart entre les deux. Cet \u00e9cart laisse un grand vide. En rester l\u00e0 cr\u00e9e de la distance, nous \u00e9loigne les uns des autres. Le d\u00e9passer, c\u2019est commencer \u00e0 construire un pont, une traverse, un chemin. Et c\u2019est pr\u00e9cis\u00e9ment dans cet \u00e9cart que s\u2019\u00e9labore le chemin de p\u00e8lerinage. Le chemin na\u00eet de nos d\u00e9sirs.\u00a0Il est l\u2019espace qui se construit jour apr\u00e8s jour entre mon d\u00e9sir et la r\u00e9alit\u00e9 du quotidien, entre ce que je veux et ce qui est.<\/span><\/h5>\n<p style=\"text-align: justify;\"><a href=\"https:\/\/i0.wp.com\/bottesetvelo.com\/blog\/wp-content\/uploads\/2017\/06\/DSCN2427.jpg?ssl=1\"><img data-recalc-dims=\"1\" loading=\"lazy\" decoding=\"async\" data-attachment-id=\"3031\" data-permalink=\"https:\/\/bottesetvelo.com\/blog\/2017\/06\/16\/entre-ce-que-je-veux-et-ce-qui-est\/dscn2427\/\" data-orig-file=\"https:\/\/i0.wp.com\/bottesetvelo.com\/blog\/wp-content\/uploads\/2017\/06\/DSCN2427.jpg?fit=4608%2C3456&amp;ssl=1\" data-orig-size=\"4608,3456\" data-comments-opened=\"1\" data-image-meta=\"{&quot;aperture&quot;:&quot;6&quot;,&quot;credit&quot;:&quot;&quot;,&quot;camera&quot;:&quot;COOLPIX S9900&quot;,&quot;caption&quot;:&quot;&quot;,&quot;created_timestamp&quot;:&quot;1497102204&quot;,&quot;copyright&quot;:&quot;&quot;,&quot;focal_length&quot;:&quot;29.2&quot;,&quot;iso&quot;:&quot;125&quot;,&quot;shutter_speed&quot;:&quot;0.002&quot;,&quot;title&quot;:&quot;&quot;,&quot;orientation&quot;:&quot;1&quot;}\" data-image-title=\"DSCN2427\" data-image-description=\"\" data-image-caption=\"\" data-large-file=\"https:\/\/i0.wp.com\/bottesetvelo.com\/blog\/wp-content\/uploads\/2017\/06\/DSCN2427.jpg?fit=1024%2C768&amp;ssl=1\" class=\"alignright wp-image-3031\" src=\"https:\/\/i0.wp.com\/bottesetvelo.com\/blog\/wp-content\/uploads\/2017\/06\/DSCN2427.jpg?resize=250%2C188&#038;ssl=1\" alt=\"\" width=\"250\" height=\"188\" srcset=\"https:\/\/i0.wp.com\/bottesetvelo.com\/blog\/wp-content\/uploads\/2017\/06\/DSCN2427.jpg?resize=500%2C375&amp;ssl=1 500w, https:\/\/i0.wp.com\/bottesetvelo.com\/blog\/wp-content\/uploads\/2017\/06\/DSCN2427.jpg?resize=768%2C576&amp;ssl=1 768w, https:\/\/i0.wp.com\/bottesetvelo.com\/blog\/wp-content\/uploads\/2017\/06\/DSCN2427.jpg?resize=1024%2C768&amp;ssl=1 1024w, https:\/\/i0.wp.com\/bottesetvelo.com\/blog\/wp-content\/uploads\/2017\/06\/DSCN2427.jpg?w=2340&amp;ssl=1 2340w, https:\/\/i0.wp.com\/bottesetvelo.com\/blog\/wp-content\/uploads\/2017\/06\/DSCN2427.jpg?w=3510&amp;ssl=1 3510w\" sizes=\"auto, (max-width: 250px) 100vw, 250px\" \/><\/a>Il est entre le tout ou rien; entre le noir et le blanc; entre le bon et le mauvais; entre ce que je veux accomplir et mes limites; entre l\u2019image que je projette et ce que je suis; entre ce que je suis et ce que tu es; entre mon id\u00e9al et la r\u00e9alit\u00e9.<\/p>\n<p style=\"text-align: justify;\">Tous ces \u00e9carts sont autant d\u2019espaces qui appellent \u00e0 tracer des sentiers qui se situent sur cette fronti\u00e8re. Le chemin n\u2019existe pas sans d\u00e9sir d\u2019un ailleurs. O\u00f9 vas-tu? Que veux-tu? Que cherches-tu? C\u2019est parce qu\u2019il y a destination, qu\u2019un chemin peut prendre forme. <span style=\"color: #003366;\"><strong>Le p\u00e8lerinage prend du sens parce qu\u2019il porte en lui un id\u00e9al, une destination.<\/strong> <\/span>Il est habit\u00e9 par un d\u00e9sir, un espoir. Sans destination, le p\u00e8lerinage n\u2019est qu\u2019errance. La vie aussi.<\/p>\n<p style=\"text-align: justify;\"><a href=\"https:\/\/i0.wp.com\/bottesetvelo.com\/blog\/wp-content\/uploads\/2017\/06\/DSCN2467.jpg?ssl=1\"><img data-recalc-dims=\"1\" loading=\"lazy\" decoding=\"async\" data-attachment-id=\"3030\" data-permalink=\"https:\/\/bottesetvelo.com\/blog\/2017\/06\/16\/entre-ce-que-je-veux-et-ce-qui-est\/dscn2467\/\" data-orig-file=\"https:\/\/i0.wp.com\/bottesetvelo.com\/blog\/wp-content\/uploads\/2017\/06\/DSCN2467.jpg?fit=4608%2C3456&amp;ssl=1\" data-orig-size=\"4608,3456\" data-comments-opened=\"1\" data-image-meta=\"{&quot;aperture&quot;:&quot;6&quot;,&quot;credit&quot;:&quot;&quot;,&quot;camera&quot;:&quot;COOLPIX S9900&quot;,&quot;caption&quot;:&quot;&quot;,&quot;created_timestamp&quot;:&quot;1497175854&quot;,&quot;copyright&quot;:&quot;&quot;,&quot;focal_length&quot;:&quot;24.7&quot;,&quot;iso&quot;:&quot;125&quot;,&quot;shutter_speed&quot;:&quot;0.0015625&quot;,&quot;title&quot;:&quot;&quot;,&quot;orientation&quot;:&quot;1&quot;}\" data-image-title=\"Bottes et V\u00e9lo &amp;#8211; Isle-aux-Coudres\" data-image-description=\"\" data-image-caption=\"\" data-large-file=\"https:\/\/i0.wp.com\/bottesetvelo.com\/blog\/wp-content\/uploads\/2017\/06\/DSCN2467.jpg?fit=1024%2C768&amp;ssl=1\" class=\"alignright wp-image-3030\" src=\"https:\/\/i0.wp.com\/bottesetvelo.com\/blog\/wp-content\/uploads\/2017\/06\/DSCN2467.jpg?resize=250%2C188&#038;ssl=1\" alt=\"\" width=\"250\" height=\"188\" srcset=\"https:\/\/i0.wp.com\/bottesetvelo.com\/blog\/wp-content\/uploads\/2017\/06\/DSCN2467.jpg?resize=500%2C375&amp;ssl=1 500w, https:\/\/i0.wp.com\/bottesetvelo.com\/blog\/wp-content\/uploads\/2017\/06\/DSCN2467.jpg?resize=768%2C576&amp;ssl=1 768w, https:\/\/i0.wp.com\/bottesetvelo.com\/blog\/wp-content\/uploads\/2017\/06\/DSCN2467.jpg?resize=1024%2C768&amp;ssl=1 1024w, https:\/\/i0.wp.com\/bottesetvelo.com\/blog\/wp-content\/uploads\/2017\/06\/DSCN2467.jpg?w=2340&amp;ssl=1 2340w, https:\/\/i0.wp.com\/bottesetvelo.com\/blog\/wp-content\/uploads\/2017\/06\/DSCN2467.jpg?w=3510&amp;ssl=1 3510w\" sizes=\"auto, (max-width: 250px) 100vw, 250px\" \/><\/a>Par son d\u00e9sir, le p\u00e8lerin est d\u00e9plac\u00e9. Il marche vers lui. Sur son chemin, il construit des trajectoires signifiantes au hasard des rencontres et celles-ci l\u2019am\u00e8nent \u00e0 repr\u00e9ciser sa destination, son d\u00e9sir. <span style=\"color: #003366;\"><strong>O\u00f9 vas-tu? Que veux-tu? Que cherches-tu?<\/strong> <\/span>Le chemin se construit dans cet espace. Se mettre en marche \u00e9quivaut \u00e0 se lancer dans la vie en qu\u00eate d\u2019un id\u00e9al. Et cet id\u00e9al est continuellement confront\u00e9 \u00e0 une r\u00e9alit\u00e9 toute autre, une r\u00e9alit\u00e9 que je ne poss\u00e8de pas.<\/p>\n<p style=\"text-align: justify;\">Les chemins de p\u00e8lerinage, tout comme les chemins de vie, sont faits de ces impr\u00e9vus qui invitent \u00e0 sortir de nos dualit\u00e9s, de ce qui est noir ou blanc, bon ou mauvais, entre mon id\u00e9al et la r\u00e9alit\u00e9. <strong><span style=\"color: #003366;\">Car l\u2019id\u00e9al ne s\u2019atteint pas, il met en marche!<\/span> <\/strong>Il est le moteur de la vie, continuellement \u00e0 poursuivre. Le chemin est l\u2019espace o\u00f9 s\u2019\u00e9crit la vie. Un de nos grands penseurs a dit\u00a0: \u00ab\u00a0Les oiseaux du ciel ont des nids, les renards ont des terriers, mais le Fils de l\u2019homme n\u2019a nulle part o\u00f9 poser sa t\u00eate.\u00a0\u00bb <a href=\"https:\/\/i0.wp.com\/bottesetvelo.com\/blog\/wp-content\/uploads\/2017\/06\/DSCN2411.jpg?ssl=1\"><img data-recalc-dims=\"1\" loading=\"lazy\" decoding=\"async\" data-attachment-id=\"3028\" data-permalink=\"https:\/\/bottesetvelo.com\/blog\/2017\/06\/16\/entre-ce-que-je-veux-et-ce-qui-est\/dscn2411\/\" data-orig-file=\"https:\/\/i0.wp.com\/bottesetvelo.com\/blog\/wp-content\/uploads\/2017\/06\/DSCN2411.jpg?fit=4608%2C3456&amp;ssl=1\" data-orig-size=\"4608,3456\" data-comments-opened=\"1\" data-image-meta=\"{&quot;aperture&quot;:&quot;3.7&quot;,&quot;credit&quot;:&quot;&quot;,&quot;camera&quot;:&quot;COOLPIX S9900&quot;,&quot;caption&quot;:&quot;&quot;,&quot;created_timestamp&quot;:&quot;1497091457&quot;,&quot;copyright&quot;:&quot;&quot;,&quot;focal_length&quot;:&quot;4.5&quot;,&quot;iso&quot;:&quot;125&quot;,&quot;shutter_speed&quot;:&quot;0.000625&quot;,&quot;title&quot;:&quot;&quot;,&quot;orientation&quot;:&quot;1&quot;}\" data-image-title=\"Bottes et V\u00e9lo &amp;#8211; Isle-aux-Coudres\" data-image-description=\"\" data-image-caption=\"\" data-large-file=\"https:\/\/i0.wp.com\/bottesetvelo.com\/blog\/wp-content\/uploads\/2017\/06\/DSCN2411.jpg?fit=1024%2C768&amp;ssl=1\" class=\"alignright wp-image-3028\" src=\"https:\/\/i0.wp.com\/bottesetvelo.com\/blog\/wp-content\/uploads\/2017\/06\/DSCN2411.jpg?resize=250%2C188&#038;ssl=1\" alt=\"\" width=\"250\" height=\"188\" srcset=\"https:\/\/i0.wp.com\/bottesetvelo.com\/blog\/wp-content\/uploads\/2017\/06\/DSCN2411.jpg?resize=500%2C375&amp;ssl=1 500w, https:\/\/i0.wp.com\/bottesetvelo.com\/blog\/wp-content\/uploads\/2017\/06\/DSCN2411.jpg?resize=768%2C576&amp;ssl=1 768w, https:\/\/i0.wp.com\/bottesetvelo.com\/blog\/wp-content\/uploads\/2017\/06\/DSCN2411.jpg?resize=1024%2C768&amp;ssl=1 1024w, https:\/\/i0.wp.com\/bottesetvelo.com\/blog\/wp-content\/uploads\/2017\/06\/DSCN2411.jpg?w=2340&amp;ssl=1 2340w, https:\/\/i0.wp.com\/bottesetvelo.com\/blog\/wp-content\/uploads\/2017\/06\/DSCN2411.jpg?w=3510&amp;ssl=1 3510w\" sizes=\"auto, (max-width: 250px) 100vw, 250px\" \/><\/a>Continuellement en route, l\u2019\u00eatre humain est vou\u00e9 au cheminement. Il aura beau chercher \u00e0 tout pr\u00e9voir, il y aura toujours une part d\u2019incontr\u00f4lable.<\/p>\n<p style=\"text-align: justify;\">Sur la route, il y aura toujours cet autre, impr\u00e9visible et myst\u00e9rieux, pour confronter mon d\u00e9sir. Toutefois, sans lui, il n\u2019y a pas de v\u00e9ritable rencontre. <strong><span style=\"color: #003366;\">Le chemin se trace dans la rencontre des d\u00e9sirs.<\/span> <\/strong>Brigitte et moi avons cette phrase pour nous rappeler cet entre-deux\u00a0: <em>\u00ab\u00a0Ce ne sera pas ton id\u00e9e, ni la mienne, mais la troisi\u00e8me. Celle qui jaillira de notre rencontre.\u00a0\u00bb<\/em> Dans cet espace, il y a place \u00e0 l\u2019\u00e9merveillement d\u2019une vie \u00e0 inventer.<a href=\"https:\/\/i0.wp.com\/bottesetvelo.com\/blog\/wp-content\/uploads\/2014\/01\/Bottes-et-V%C3%A9lo-Embl%C3%AAme-e1454083414631.jpg?ssl=1\"><img data-recalc-dims=\"1\" loading=\"lazy\" decoding=\"async\" data-attachment-id=\"14\" data-permalink=\"https:\/\/bottesetvelo.com\/blog\/bottes-et-velo-le-blog\/bottes-et-velo-embleme\/\" data-orig-file=\"https:\/\/i0.wp.com\/bottesetvelo.com\/blog\/wp-content\/uploads\/2014\/01\/Bottes-et-V%C3%A9lo-Embl%C3%AAme-e1454083414631.jpg?fit=100%2C79&amp;ssl=1\" data-orig-size=\"100,79\" data-comments-opened=\"1\" data-image-meta=\"{&quot;aperture&quot;:&quot;0&quot;,&quot;credit&quot;:&quot;&quot;,&quot;camera&quot;:&quot;&quot;,&quot;caption&quot;:&quot;&quot;,&quot;created_timestamp&quot;:&quot;0&quot;,&quot;copyright&quot;:&quot;&quot;,&quot;focal_length&quot;:&quot;0&quot;,&quot;iso&quot;:&quot;0&quot;,&quot;shutter_speed&quot;:&quot;0&quot;,&quot;title&quot;:&quot;&quot;}\" data-image-title=\"Bottes et V\u00e9lo &amp;#8211; Embl\u00eame\" data-image-description=\"\" data-image-caption=\"\" data-large-file=\"https:\/\/i0.wp.com\/bottesetvelo.com\/blog\/wp-content\/uploads\/2014\/01\/Bottes-et-V%C3%A9lo-Embl%C3%AAme-e1454083414631.jpg?fit=100%2C79&amp;ssl=1\" class=\" wp-image-14 alignright\" src=\"https:\/\/i0.wp.com\/bottesetvelo.com\/blog\/wp-content\/uploads\/2014\/01\/Bottes-et-V%C3%A9lo-Embl%C3%AAme.jpg?resize=68%2C54&#038;ssl=1\" alt=\"\" width=\"68\" height=\"54\" \/><\/a><\/p>\n<p style=\"text-align: justify;\">\u00c9ric Lalibert\u00e9<\/p>\n<p>&nbsp;<\/p>\n","protected":false},"excerpt":{"rendered":"<p>La marche dans l\u2019errance n\u2019est pas de condition p\u00e8lerine. Alphonse Dupront La fin de semaine derni\u00e8re, nous avons v\u00e9cu un formidable Weekend P\u00e8lerin \u00e0 l\u2019Isle-aux-Coudres. La th\u00e9matique\u00a0: Le Yin et le Yang de ma vie. C\u2019\u00e9tait l\u2019occasion de s\u2019observer dans nos dualit\u00e9s \u2013 entre ce que je veux et ce qui est, pour sortir de&hellip;<\/p>\n","protected":false},"author":3,"featured_media":0,"comment_status":"open","ping_status":"open","sticky":false,"template":"","format":"standard","meta":{"jetpack_post_was_ever_published":false,"_jetpack_newsletter_access":"","_jetpack_dont_email_post_to_subs":false,"_jetpack_newsletter_tier_id":0,"_jetpack_memberships_contains_paywalled_content":false,"_jetpack_memberships_contains_paid_content":false,"footnotes":"","jetpack_publicize_message":"","jetpack_publicize_feature_enabled":true,"jetpack_social_post_already_shared":true,"jetpack_social_options":{"image_generator_settings":{"template":"highway","default_image_id":0,"font":"","enabled":false},"version":2}},"categories":[422,50,380,3,389],"tags":[203,153,465,464,466,467],"class_list":["post-3026","post","type-post","status-publish","format-standard","hentry","category-accompagnement","category-art-de-vivre","category-conscientisation","category-reflexions","category-sejours-ressourcement-et-pelerinage","tag-chemin","tag-desir","tag-dualite","tag-entre-deux","tag-opposition","tag-yin-et-yang"],"jetpack_publicize_connections":[],"jetpack_featured_media_url":"","jetpack_shortlink":"https:\/\/wp.me\/p4eY6z-MO","jetpack_sharing_enabled":true,"jetpack_likes_enabled":true,"jetpack-related-posts":[],"_links":{"self":[{"href":"https:\/\/bottesetvelo.com\/blog\/wp-json\/wp\/v2\/posts\/3026","targetHints":{"allow":["GET"]}}],"collection":[{"href":"https:\/\/bottesetvelo.com\/blog\/wp-json\/wp\/v2\/posts"}],"about":[{"href":"https:\/\/bottesetvelo.com\/blog\/wp-json\/wp\/v2\/types\/post"}],"author":[{"embeddable":true,"href":"https:\/\/bottesetvelo.com\/blog\/wp-json\/wp\/v2\/users\/3"}],"replies":[{"embeddable":true,"href":"https:\/\/bottesetvelo.com\/blog\/wp-json\/wp\/v2\/comments?post=3026"}],"version-history":[{"count":2,"href":"https:\/\/bottesetvelo.com\/blog\/wp-json\/wp\/v2\/posts\/3026\/revisions"}],"predecessor-version":[{"id":3033,"href":"https:\/\/bottesetvelo.com\/blog\/wp-json\/wp\/v2\/posts\/3026\/revisions\/3033"}],"wp:attachment":[{"href":"https:\/\/bottesetvelo.com\/blog\/wp-json\/wp\/v2\/media?parent=3026"}],"wp:term":[{"taxonomy":"category","embeddable":true,"href":"https:\/\/bottesetvelo.com\/blog\/wp-json\/wp\/v2\/categories?post=3026"},{"taxonomy":"post_tag","embeddable":true,"href":"https:\/\/bottesetvelo.com\/blog\/wp-json\/wp\/v2\/tags?post=3026"}],"curies":[{"name":"wp","href":"https:\/\/api.w.org\/{rel}","templated":true}]}}