{"id":3018,"date":"2017-05-27T06:26:43","date_gmt":"2017-05-27T10:26:43","guid":{"rendered":"http:\/\/bottesetvelo.com\/blog\/?p=3018"},"modified":"2017-05-27T06:26:43","modified_gmt":"2017-05-27T10:26:43","slug":"en-avant-marche","status":"publish","type":"post","link":"https:\/\/bottesetvelo.com\/blog\/2017\/05\/27\/en-avant-marche\/","title":{"rendered":"En avant, marche!"},"content":{"rendered":"<h6 style=\"text-align: right;\"><em>L&rsquo;UTOPIE<\/em><br \/>\n<em>Elle est \u00e0 l&rsquo;horizon.<\/em><br \/>\n<em>Je fais deux pas en avant, elle s&rsquo;\u00e9loigne de deux pas.<\/em><br \/>\n<em>Je fais dix pas de plus, l&rsquo;horizon s&rsquo;\u00e9loigne de dix pas.<\/em><br \/>\n<em>J&rsquo;aurai beau marcher, je ne l&rsquo;atteindrai jamais.<\/em><br \/>\n<em>A quoi sert l&rsquo;utopie ? Elle sert \u00e0 \u00e7a : \u00e0 avancer.<\/em><br \/>\n<em>Eduardo Galeano<\/em><\/h6>\n<h5 style=\"text-align: justify;\"><span style=\"color: #003366;\">Dans le monde actuel de l\u2019\u00e9ducation, on parle beaucoup de motivation et de pers\u00e9v\u00e9rance. Deux caract\u00e9ristiques cl\u00e9 permettant de contrer le d\u00e9crochage. Notre d\u00e9crocheur, c\u2019est ce jeune en perte de sens qui avance sur une route pr\u00e9trac\u00e9e qui n\u2019est pas la sienne. Toutes les contraintes du syst\u00e8me dans lequel il \u00e9volue \u00e9touffent le feu qui alimente son d\u00e9sir d\u2019actualisation. Il a le sentiment d\u2019aller nulle part. Nombreux sont ceux dont l\u2019objectif premier est d\u2019atteindre l\u2019\u00e2ge l\u00e9galement permis pour quitter ce chemin qui ne leur correspond pas.<\/span><\/h5>\n<p style=\"text-align: justify;\"><a href=\"https:\/\/i0.wp.com\/bottesetvelo.com\/blog\/wp-content\/uploads\/2017\/05\/IMG_0090.jpg?ssl=1\"><img data-recalc-dims=\"1\" loading=\"lazy\" decoding=\"async\" data-attachment-id=\"3020\" data-permalink=\"https:\/\/bottesetvelo.com\/blog\/2017\/05\/27\/en-avant-marche\/img_0090-2\/\" data-orig-file=\"https:\/\/i0.wp.com\/bottesetvelo.com\/blog\/wp-content\/uploads\/2017\/05\/IMG_0090.jpg?fit=2048%2C1536&amp;ssl=1\" data-orig-size=\"2048,1536\" data-comments-opened=\"1\" data-image-meta=\"{&quot;aperture&quot;:&quot;4&quot;,&quot;credit&quot;:&quot;&quot;,&quot;camera&quot;:&quot;Canon PowerShot A510&quot;,&quot;caption&quot;:&quot;&quot;,&quot;created_timestamp&quot;:&quot;1190796830&quot;,&quot;copyright&quot;:&quot;&quot;,&quot;focal_length&quot;:&quot;5.8125&quot;,&quot;iso&quot;:&quot;0&quot;,&quot;shutter_speed&quot;:&quot;0.003125&quot;,&quot;title&quot;:&quot;&quot;,&quot;orientation&quot;:&quot;1&quot;}\" data-image-title=\"Fl\u00e8che de Compostelle\" data-image-description=\"\" data-image-caption=\"\" data-large-file=\"https:\/\/i0.wp.com\/bottesetvelo.com\/blog\/wp-content\/uploads\/2017\/05\/IMG_0090.jpg?fit=1024%2C768&amp;ssl=1\" class=\"alignright wp-image-3020\" src=\"https:\/\/i0.wp.com\/bottesetvelo.com\/blog\/wp-content\/uploads\/2017\/05\/IMG_0090.jpg?resize=250%2C188&#038;ssl=1\" alt=\"\" width=\"250\" height=\"188\" srcset=\"https:\/\/i0.wp.com\/bottesetvelo.com\/blog\/wp-content\/uploads\/2017\/05\/IMG_0090.jpg?resize=500%2C375&amp;ssl=1 500w, https:\/\/i0.wp.com\/bottesetvelo.com\/blog\/wp-content\/uploads\/2017\/05\/IMG_0090.jpg?resize=768%2C576&amp;ssl=1 768w, https:\/\/i0.wp.com\/bottesetvelo.com\/blog\/wp-content\/uploads\/2017\/05\/IMG_0090.jpg?resize=1024%2C768&amp;ssl=1 1024w, https:\/\/i0.wp.com\/bottesetvelo.com\/blog\/wp-content\/uploads\/2017\/05\/IMG_0090.jpg?w=2048&amp;ssl=1 2048w\" sizes=\"auto, (max-width: 250px) 100vw, 250px\" \/><\/a>R\u00eaver est essentiel \u00e0 l\u2019\u00e2me du p\u00e8lerin de vie. Se permettre d\u2019id\u00e9aliser un futur, qu\u2019il soit proche ou lointain, est mobilisateur. Chercher \u00e0 r\u00e9pondre \u00e0 cet id\u00e9al qui attire et s\u00e9duit, stimule la recherche d\u2019action signifiantes et cr\u00e9atives. Comme le p\u00e8lerin qui entame son voyage de 800 km vers St-Jacques de Compostelle, qui est bien loin de voir le clocher la cath\u00e9drale de Santiago, et qui se fixe de courtes destinations pour d\u00e9couper sa route, le p\u00e8lerin de vie qui garde le cap sur son r\u00eave r\u00e9alisera plusieurs \u00e9tapes qui contribueront faire br\u00fbler la flamme de la motivation et l\u2019encourageront \u00e0 pers\u00e9v\u00e9rer malgr\u00e9 les d\u00e9fis et les emb\u00fbches.<\/p>\n<p style=\"text-align: justify;\"><a href=\"https:\/\/i0.wp.com\/bottesetvelo.com\/blog\/wp-content\/uploads\/2017\/05\/2014-08-02-14.40.37.jpg?ssl=1\"><img data-recalc-dims=\"1\" loading=\"lazy\" decoding=\"async\" data-attachment-id=\"3021\" data-permalink=\"https:\/\/bottesetvelo.com\/blog\/2017\/05\/27\/en-avant-marche\/2014-08-02-14-40-37-3\/\" data-orig-file=\"https:\/\/i0.wp.com\/bottesetvelo.com\/blog\/wp-content\/uploads\/2017\/05\/2014-08-02-14.40.37.jpg?fit=1713%2C2222&amp;ssl=1\" data-orig-size=\"1713,2222\" data-comments-opened=\"1\" data-image-meta=\"{&quot;aperture&quot;:&quot;2.8&quot;,&quot;credit&quot;:&quot;&quot;,&quot;camera&quot;:&quot;iPhone 4&quot;,&quot;caption&quot;:&quot;&quot;,&quot;created_timestamp&quot;:&quot;1406990437&quot;,&quot;copyright&quot;:&quot;&quot;,&quot;focal_length&quot;:&quot;3.85&quot;,&quot;iso&quot;:&quot;80&quot;,&quot;shutter_speed&quot;:&quot;0.000629722921914&quot;,&quot;title&quot;:&quot;&quot;,&quot;orientation&quot;:&quot;1&quot;}\" data-image-title=\"La Voie du St-Laurent\" data-image-description=\"\" data-image-caption=\"\" data-large-file=\"https:\/\/i0.wp.com\/bottesetvelo.com\/blog\/wp-content\/uploads\/2017\/05\/2014-08-02-14.40.37.jpg?fit=789%2C1024&amp;ssl=1\" class=\"wp-image-3021 alignright\" src=\"https:\/\/i0.wp.com\/bottesetvelo.com\/blog\/wp-content\/uploads\/2017\/05\/2014-08-02-14.40.37.jpg?resize=250%2C324&#038;ssl=1\" alt=\"\" width=\"250\" height=\"324\" srcset=\"https:\/\/i0.wp.com\/bottesetvelo.com\/blog\/wp-content\/uploads\/2017\/05\/2014-08-02-14.40.37.jpg?resize=385%2C500&amp;ssl=1 385w, https:\/\/i0.wp.com\/bottesetvelo.com\/blog\/wp-content\/uploads\/2017\/05\/2014-08-02-14.40.37.jpg?resize=768%2C996&amp;ssl=1 768w, https:\/\/i0.wp.com\/bottesetvelo.com\/blog\/wp-content\/uploads\/2017\/05\/2014-08-02-14.40.37.jpg?resize=789%2C1024&amp;ssl=1 789w, https:\/\/i0.wp.com\/bottesetvelo.com\/blog\/wp-content\/uploads\/2017\/05\/2014-08-02-14.40.37.jpg?w=1713&amp;ssl=1 1713w\" sizes=\"auto, (max-width: 250px) 100vw, 250px\" \/><\/a>Il ne faut pas \u00eatre surpris, le jour o\u00f9 on recroise un ancien d\u00e9crocheur maintenant devenu adulte, de constater la transformation qui s\u2019est op\u00e9r\u00e9e depuis qu\u2019il est devenu ma\u00eetre de sa route. <span style=\"color: #003366;\"><strong>C\u2019est en trouvant sa libert\u00e9 de penser et sa libert\u00e9 de r\u00eaver qu\u2019il a pu se mettre en mouvement et cr\u00e9er un chemin \u00e0 sa mesure, un chemin sur lequel il se reconna\u00eet et se r\u00e9alise.<\/strong> <\/span>Le r\u00eave donne \u00e0 nos engagements bien plus qu\u2019un sens \u00e0 suivre, il leur donne du sens. M\u00eame si cet id\u00e9al recherch\u00e9 n\u2019est pas tr\u00e8s pr\u00e9cis, que la route pour s\u2019y rendre n\u2019est pas trac\u00e9e \u00e0 l\u2019avance, la puissance de l\u2019\u00e9lan int\u00e9rieur suffit \u00e0 mettre en marche. De cette mobilisation signifiante nait une \u00e9nergie qui nourrit l\u2019\u00eatre et entraine la cadence.<\/p>\n<p style=\"text-align: justify;\">Sur le chemin de p\u00e8lerinage, bien que certains parfois s\u2019\u00e9garent sur quelques kilom\u00e8tres, on a t\u00f4t fait de se mettre \u00e0 la recherche des pr\u00e9cieuses fl\u00e8ches jaunes qui guident nos pas. Dans la vie quotidienne, pas de fl\u00e8ches pour nous aider, seulement cette petite voix int\u00e9rieure qui murmure que c\u2019est bon! <span style=\"color: #003366;\"><strong>Il faut savoir faire confiance \u00e0 ce ressenti qui anime et stimule le corps et l\u2019esprit.<\/strong><\/span> Il est notre boussole qui pointe vers notre id\u00e9al, nos fl\u00e8ches jaunes tourn\u00e9es vers notre sanctuaire de vie. Il influence nos d\u00e9cisions pour nous rapprocher toujours un peu plus pr\u00e8s de ce vivre autrement qui nous correspond mieux.<\/p>\n<p style=\"text-align: justify;\"><a href=\"https:\/\/i0.wp.com\/bottesetvelo.com\/blog\/wp-content\/uploads\/2017\/05\/norway-island-2075449_1920.jpg?ssl=1\"><img data-recalc-dims=\"1\" loading=\"lazy\" decoding=\"async\" data-attachment-id=\"3019\" data-permalink=\"https:\/\/bottesetvelo.com\/blog\/2017\/05\/27\/en-avant-marche\/norway-island-2075449_1920\/\" data-orig-file=\"https:\/\/i0.wp.com\/bottesetvelo.com\/blog\/wp-content\/uploads\/2017\/05\/norway-island-2075449_1920.jpg?fit=1920%2C1114&amp;ssl=1\" data-orig-size=\"1920,1114\" data-comments-opened=\"1\" data-image-meta=\"{&quot;aperture&quot;:&quot;6.3&quot;,&quot;credit&quot;:&quot;&quot;,&quot;camera&quot;:&quot;ILCE-7RM2&quot;,&quot;caption&quot;:&quot;&quot;,&quot;created_timestamp&quot;:&quot;0&quot;,&quot;copyright&quot;:&quot;&quot;,&quot;focal_length&quot;:&quot;240&quot;,&quot;iso&quot;:&quot;3200&quot;,&quot;shutter_speed&quot;:&quot;0.004&quot;,&quot;title&quot;:&quot;&quot;,&quot;orientation&quot;:&quot;0&quot;}\" data-image-title=\"norway-island-2075449_1920\" data-image-description=\"\" data-image-caption=\"\" data-large-file=\"https:\/\/i0.wp.com\/bottesetvelo.com\/blog\/wp-content\/uploads\/2017\/05\/norway-island-2075449_1920.jpg?fit=1024%2C594&amp;ssl=1\" class=\"alignright wp-image-3019\" src=\"https:\/\/i0.wp.com\/bottesetvelo.com\/blog\/wp-content\/uploads\/2017\/05\/norway-island-2075449_1920.jpg?resize=250%2C145&#038;ssl=1\" alt=\"Phare - Bottes et V\u00e9lo\" width=\"250\" height=\"145\" srcset=\"https:\/\/i0.wp.com\/bottesetvelo.com\/blog\/wp-content\/uploads\/2017\/05\/norway-island-2075449_1920.jpg?resize=500%2C290&amp;ssl=1 500w, https:\/\/i0.wp.com\/bottesetvelo.com\/blog\/wp-content\/uploads\/2017\/05\/norway-island-2075449_1920.jpg?resize=768%2C446&amp;ssl=1 768w, https:\/\/i0.wp.com\/bottesetvelo.com\/blog\/wp-content\/uploads\/2017\/05\/norway-island-2075449_1920.jpg?resize=1024%2C594&amp;ssl=1 1024w, https:\/\/i0.wp.com\/bottesetvelo.com\/blog\/wp-content\/uploads\/2017\/05\/norway-island-2075449_1920.jpg?w=1920&amp;ssl=1 1920w\" sizes=\"auto, (max-width: 250px) 100vw, 250px\" \/><\/a>Le r\u00eave, cet id\u00e9al, cette utopie, ne se r\u00e9alisera peut-\u00eatre pas tel que r\u00eav\u00e9. L\u00e0 n\u2019est pas son r\u00f4le! Tout comme le p\u00e8lerin poursuivra sa route au-del\u00e0 de Santiago pour continuer de marcher et d\u2019avancer, <span style=\"color: #003366;\"><strong>le r\u00eave qui semblait \u00eatre une finalit\u00e9 n\u2019est en fait qu\u2019une \u00e9tape sur le chemin de notre vie, qui sera transform\u00e9 et transcend\u00e9 par un autre id\u00e9al.<\/strong><\/span> Tout cet imaginaire occupe un espace vide o\u00f9 circule la vie en soi. \u00c9vitez le d\u00e9crochage\u00a0: laissez parler vos r\u00eaves!<\/p>\n<p style=\"text-align: justify;\">Brigitte Harouni<a href=\"https:\/\/i0.wp.com\/bottesetvelo.com\/blog\/wp-content\/uploads\/2014\/01\/Bottes-et-V%C3%A9lo-Embl%C3%AAme-e1454083414631.jpg?ssl=1\"><img data-recalc-dims=\"1\" loading=\"lazy\" decoding=\"async\" data-attachment-id=\"14\" data-permalink=\"https:\/\/bottesetvelo.com\/blog\/bottes-et-velo-le-blog\/bottes-et-velo-embleme\/\" data-orig-file=\"https:\/\/i0.wp.com\/bottesetvelo.com\/blog\/wp-content\/uploads\/2014\/01\/Bottes-et-V%C3%A9lo-Embl%C3%AAme-e1454083414631.jpg?fit=100%2C79&amp;ssl=1\" data-orig-size=\"100,79\" data-comments-opened=\"1\" data-image-meta=\"{&quot;aperture&quot;:&quot;0&quot;,&quot;credit&quot;:&quot;&quot;,&quot;camera&quot;:&quot;&quot;,&quot;caption&quot;:&quot;&quot;,&quot;created_timestamp&quot;:&quot;0&quot;,&quot;copyright&quot;:&quot;&quot;,&quot;focal_length&quot;:&quot;0&quot;,&quot;iso&quot;:&quot;0&quot;,&quot;shutter_speed&quot;:&quot;0&quot;,&quot;title&quot;:&quot;&quot;}\" data-image-title=\"Bottes et V\u00e9lo &amp;#8211; Embl\u00eame\" data-image-description=\"\" data-image-caption=\"\" data-large-file=\"https:\/\/i0.wp.com\/bottesetvelo.com\/blog\/wp-content\/uploads\/2014\/01\/Bottes-et-V%C3%A9lo-Embl%C3%AAme-e1454083414631.jpg?fit=100%2C79&amp;ssl=1\" class=\"wp-image-14 alignright\" src=\"https:\/\/i0.wp.com\/bottesetvelo.com\/blog\/wp-content\/uploads\/2014\/01\/Bottes-et-V%C3%A9lo-Embl%C3%AAme.jpg?resize=58%2C45&#038;ssl=1\" alt=\"\" width=\"58\" height=\"45\" \/><\/a><\/p>\n","protected":false},"excerpt":{"rendered":"<p>L&rsquo;UTOPIE Elle est \u00e0 l&rsquo;horizon. Je fais deux pas en avant, elle s&rsquo;\u00e9loigne de deux pas. Je fais dix pas de plus, l&rsquo;horizon s&rsquo;\u00e9loigne de dix pas. J&rsquo;aurai beau marcher, je ne l&rsquo;atteindrai jamais. A quoi sert l&rsquo;utopie ? Elle sert \u00e0 \u00e7a : \u00e0 avancer. Eduardo Galeano Dans le monde actuel de l\u2019\u00e9ducation, on&hellip;<\/p>\n","protected":false},"author":2,"featured_media":0,"comment_status":"open","ping_status":"open","sticky":false,"template":"","format":"standard","meta":{"jetpack_post_was_ever_published":false,"_jetpack_newsletter_access":"","_jetpack_dont_email_post_to_subs":false,"_jetpack_newsletter_tier_id":0,"_jetpack_memberships_contains_paywalled_content":false,"_jetpack_memberships_contains_paid_content":false,"footnotes":"","jetpack_publicize_message":"","jetpack_publicize_feature_enabled":true,"jetpack_social_post_already_shared":true,"jetpack_social_options":{"image_generator_settings":{"template":"highway","default_image_id":0,"font":"","enabled":false},"version":2}},"categories":[50,166,3,381],"tags":[461,463,393,352,462],"class_list":["post-3018","post","type-post","status-publish","format-standard","hentry","category-art-de-vivre","category-demarche-du-pelerin","category-reflexions","category-transformation","tag-decrochage","tag-education","tag-liberte","tag-orientation","tag-transcendance"],"jetpack_publicize_connections":[],"jetpack_featured_media_url":"","jetpack_shortlink":"https:\/\/wp.me\/p4eY6z-MG","jetpack_sharing_enabled":true,"jetpack_likes_enabled":true,"jetpack-related-posts":[],"_links":{"self":[{"href":"https:\/\/bottesetvelo.com\/blog\/wp-json\/wp\/v2\/posts\/3018","targetHints":{"allow":["GET"]}}],"collection":[{"href":"https:\/\/bottesetvelo.com\/blog\/wp-json\/wp\/v2\/posts"}],"about":[{"href":"https:\/\/bottesetvelo.com\/blog\/wp-json\/wp\/v2\/types\/post"}],"author":[{"embeddable":true,"href":"https:\/\/bottesetvelo.com\/blog\/wp-json\/wp\/v2\/users\/2"}],"replies":[{"embeddable":true,"href":"https:\/\/bottesetvelo.com\/blog\/wp-json\/wp\/v2\/comments?post=3018"}],"version-history":[{"count":3,"href":"https:\/\/bottesetvelo.com\/blog\/wp-json\/wp\/v2\/posts\/3018\/revisions"}],"predecessor-version":[{"id":3024,"href":"https:\/\/bottesetvelo.com\/blog\/wp-json\/wp\/v2\/posts\/3018\/revisions\/3024"}],"wp:attachment":[{"href":"https:\/\/bottesetvelo.com\/blog\/wp-json\/wp\/v2\/media?parent=3018"}],"wp:term":[{"taxonomy":"category","embeddable":true,"href":"https:\/\/bottesetvelo.com\/blog\/wp-json\/wp\/v2\/categories?post=3018"},{"taxonomy":"post_tag","embeddable":true,"href":"https:\/\/bottesetvelo.com\/blog\/wp-json\/wp\/v2\/tags?post=3018"}],"curies":[{"name":"wp","href":"https:\/\/api.w.org\/{rel}","templated":true}]}}