{"id":3008,"date":"2017-05-18T11:18:52","date_gmt":"2017-05-18T15:18:52","guid":{"rendered":"http:\/\/bottesetvelo.com\/blog\/?p=3008"},"modified":"2017-05-18T11:51:00","modified_gmt":"2017-05-18T15:51:00","slug":"the-way-a-post-religious-pilgrimage","status":"publish","type":"post","link":"https:\/\/bottesetvelo.com\/blog\/2017\/05\/18\/the-way-a-post-religious-pilgrimage\/","title":{"rendered":"The Way, a \u00ab\u00a0post-religious\u00a0\u00bb pilgrimage?"},"content":{"rendered":"<h4 style=\"text-align: justify;\"><span style=\"color: #003366;\"><a href=\"https:\/\/i0.wp.com\/bottesetvelo.com\/blog\/wp-content\/uploads\/2017\/05\/2015-07-11-11.17.12.jpg?ssl=1\"><img data-recalc-dims=\"1\" loading=\"lazy\" decoding=\"async\" data-attachment-id=\"3009\" data-permalink=\"https:\/\/bottesetvelo.com\/blog\/2017\/05\/18\/the-way-a-post-religious-pilgrimage\/2015-07-11-11-17-12\/\" data-orig-file=\"https:\/\/i0.wp.com\/bottesetvelo.com\/blog\/wp-content\/uploads\/2017\/05\/2015-07-11-11.17.12.jpg?fit=1274%2C952&amp;ssl=1\" data-orig-size=\"1274,952\" data-comments-opened=\"1\" data-image-meta=\"{&quot;aperture&quot;:&quot;2.8&quot;,&quot;credit&quot;:&quot;&quot;,&quot;camera&quot;:&quot;SGH-I747M&quot;,&quot;caption&quot;:&quot;&quot;,&quot;created_timestamp&quot;:&quot;1436613432&quot;,&quot;copyright&quot;:&quot;&quot;,&quot;focal_length&quot;:&quot;2.7&quot;,&quot;iso&quot;:&quot;100&quot;,&quot;shutter_speed&quot;:&quot;0.000770416024653&quot;,&quot;title&quot;:&quot;&quot;,&quot;orientation&quot;:&quot;1&quot;}\" data-image-title=\"\u00c9ric Lalibert\u00e9\" data-image-description=\"\" data-image-caption=\"\" data-large-file=\"https:\/\/i0.wp.com\/bottesetvelo.com\/blog\/wp-content\/uploads\/2017\/05\/2015-07-11-11.17.12.jpg?fit=1024%2C765&amp;ssl=1\" class=\" wp-image-3009 alignright\" src=\"https:\/\/i0.wp.com\/bottesetvelo.com\/blog\/wp-content\/uploads\/2017\/05\/2015-07-11-11.17.12.jpg?resize=218%2C163&#038;ssl=1\" alt=\"\" width=\"218\" height=\"163\" srcset=\"https:\/\/i0.wp.com\/bottesetvelo.com\/blog\/wp-content\/uploads\/2017\/05\/2015-07-11-11.17.12.jpg?resize=500%2C374&amp;ssl=1 500w, https:\/\/i0.wp.com\/bottesetvelo.com\/blog\/wp-content\/uploads\/2017\/05\/2015-07-11-11.17.12.jpg?resize=768%2C574&amp;ssl=1 768w, https:\/\/i0.wp.com\/bottesetvelo.com\/blog\/wp-content\/uploads\/2017\/05\/2015-07-11-11.17.12.jpg?resize=1024%2C765&amp;ssl=1 1024w, https:\/\/i0.wp.com\/bottesetvelo.com\/blog\/wp-content\/uploads\/2017\/05\/2015-07-11-11.17.12.jpg?w=1274&amp;ssl=1 1274w\" sizes=\"auto, (max-width: 218px) 100vw, 218px\" \/><\/a>Bottes et V\u00e9lo est heureux de vous annoncer qu&rsquo;\u00c9ric Lalibert\u00e9 a \u00e9t\u00e9 retenu pour pr\u00e9senter une communication dans le cadre du <span style=\"color: #003300;\"><em><a style=\"color: #003300;\" href=\"http:\/\/www.wm.edu\/sites\/pilgrimage\/consortium\/\">Symposium international pour les Pilgrimage Studies<\/a><\/em><\/span> qui aura lieu \u00e0 l&rsquo;Universit\u00e9 Wiliam&amp;Mary de Virginie, le 7 octobre prochain.<\/span><\/h4>\n<h4 style=\"text-align: justify;\">Le titre de la communication: <span style=\"color: #003366;\"><strong><em>The Way, a post-religious pilgrimage?<\/em><\/strong><\/span><\/h4>\n<h5 style=\"text-align: justify;\"><a href=\"https:\/\/i0.wp.com\/bottesetvelo.com\/blog\/wp-content\/uploads\/2017\/05\/markwidget.jpg?ssl=1\"><img data-recalc-dims=\"1\" loading=\"lazy\" decoding=\"async\" data-attachment-id=\"3010\" data-permalink=\"https:\/\/bottesetvelo.com\/blog\/2017\/05\/18\/the-way-a-post-religious-pilgrimage\/markwidget\/\" data-orig-file=\"https:\/\/i0.wp.com\/bottesetvelo.com\/blog\/wp-content\/uploads\/2017\/05\/markwidget.jpg?fit=240%2C139&amp;ssl=1\" data-orig-size=\"240,139\" data-comments-opened=\"1\" data-image-meta=\"{&quot;aperture&quot;:&quot;0&quot;,&quot;credit&quot;:&quot;&quot;,&quot;camera&quot;:&quot;&quot;,&quot;caption&quot;:&quot;&quot;,&quot;created_timestamp&quot;:&quot;0&quot;,&quot;copyright&quot;:&quot;&quot;,&quot;focal_length&quot;:&quot;0&quot;,&quot;iso&quot;:&quot;0&quot;,&quot;shutter_speed&quot;:&quot;0&quot;,&quot;title&quot;:&quot;&quot;,&quot;orientation&quot;:&quot;0&quot;}\" data-image-title=\"Institute fopr Pilgrimage Studies\" data-image-description=\"\" data-image-caption=\"\" data-large-file=\"https:\/\/i0.wp.com\/bottesetvelo.com\/blog\/wp-content\/uploads\/2017\/05\/markwidget.jpg?fit=240%2C139&amp;ssl=1\" class=\"wp-image-3010 alignleft\" src=\"https:\/\/i0.wp.com\/bottesetvelo.com\/blog\/wp-content\/uploads\/2017\/05\/markwidget.jpg?resize=171%2C99&#038;ssl=1\" alt=\"\" width=\"171\" height=\"99\" \/><\/a>Cette communication veut r\u00e9fl\u00e9chir comment les p\u00e8lerinages sur les Chemins de Compostelle se sont affranchis d\u2019une culture exclusivement catholique sans pour<span class=\"text_exposed_show\"> autant l\u2019exclure.<\/span><\/h5>\n<h5 style=\"text-align: justify;\"><span class=\"text_exposed_show\"><br \/>\n\u00c9ric Lalibert\u00e9, doctorant de l&rsquo;Universit\u00e9 Laval, membre \u00e9tudiant de la Chaire <a id=\"js_o0d\" class=\"profileLink\" href=\"https:\/\/business.facebook.com\/Jeunes-et-religions-Chaire-et-observatoire-240982412628998\/?fref=mentions\" data-hovercard=\"\/ajax\/hovercard\/page.php?id=240982412628998&amp;extragetparams=%7B%22fref%22%3A%22mentions%22%7D\" data-hovercard-prefer-more-content-show=\"1\" data-hovercard-obj-id=\"240982412628998\">Jeunes et religions &#8211; Chaire et observatoire<\/a>, sera le <em><span style=\"color: #003366;\">premier qu\u00e9b\u00e9cois \u00e0 prendre part \u00e0 ce symposium<\/span><\/em>. Il est \u00e9galement membre du Consortium international pour les Pilgrimage Studies de l&rsquo;Universit\u00e9 William&amp;Mary.<\/span><\/h5>\n<p><a href=\"https:\/\/i0.wp.com\/bottesetvelo.com\/blog\/wp-content\/uploads\/2014\/01\/Bottes-et-V%C3%A9lo-Embl%C3%AAme-e1454083414631.jpg?ssl=1\"><img data-recalc-dims=\"1\" loading=\"lazy\" decoding=\"async\" data-attachment-id=\"14\" data-permalink=\"https:\/\/bottesetvelo.com\/blog\/bottes-et-velo-le-blog\/bottes-et-velo-embleme\/\" data-orig-file=\"https:\/\/i0.wp.com\/bottesetvelo.com\/blog\/wp-content\/uploads\/2014\/01\/Bottes-et-V%C3%A9lo-Embl%C3%AAme-e1454083414631.jpg?fit=100%2C79&amp;ssl=1\" data-orig-size=\"100,79\" data-comments-opened=\"1\" data-image-meta=\"{&quot;aperture&quot;:&quot;0&quot;,&quot;credit&quot;:&quot;&quot;,&quot;camera&quot;:&quot;&quot;,&quot;caption&quot;:&quot;&quot;,&quot;created_timestamp&quot;:&quot;0&quot;,&quot;copyright&quot;:&quot;&quot;,&quot;focal_length&quot;:&quot;0&quot;,&quot;iso&quot;:&quot;0&quot;,&quot;shutter_speed&quot;:&quot;0&quot;,&quot;title&quot;:&quot;&quot;}\" data-image-title=\"Bottes et V\u00e9lo &amp;#8211; Embl\u00eame\" data-image-description=\"\" data-image-caption=\"\" data-large-file=\"https:\/\/i0.wp.com\/bottesetvelo.com\/blog\/wp-content\/uploads\/2014\/01\/Bottes-et-V%C3%A9lo-Embl%C3%AAme-e1454083414631.jpg?fit=100%2C79&amp;ssl=1\" class=\" wp-image-14 alignright\" src=\"https:\/\/i0.wp.com\/bottesetvelo.com\/blog\/wp-content\/uploads\/2014\/01\/Bottes-et-V%C3%A9lo-Embl%C3%AAme.jpg?resize=78%2C61&#038;ssl=1\" alt=\"\" width=\"78\" height=\"61\" \/><\/a><\/p>\n<p>\u00c9ric Lalibert\u00e9 et Brigitte Harouni<\/p>\n","protected":false},"excerpt":{"rendered":"<p>Bottes et V\u00e9lo est heureux de vous annoncer qu&rsquo;\u00c9ric Lalibert\u00e9 a \u00e9t\u00e9 retenu pour pr\u00e9senter une communication dans le cadre du Symposium international pour les Pilgrimage Studies qui aura lieu \u00e0 l&rsquo;Universit\u00e9 Wiliam&amp;Mary de Virginie, le 7 octobre prochain. Le titre de la communication: The Way, a post-religious pilgrimage? Cette communication veut r\u00e9fl\u00e9chir comment les&hellip;<\/p>\n","protected":false},"author":1,"featured_media":0,"comment_status":"open","ping_status":"open","sticky":false,"template":"","format":"standard","meta":{"jetpack_post_was_ever_published":false,"_jetpack_newsletter_access":"","_jetpack_dont_email_post_to_subs":false,"_jetpack_newsletter_tier_id":0,"_jetpack_memberships_contains_paywalled_content":false,"_jetpack_memberships_contains_paid_content":false,"footnotes":"","jetpack_publicize_message":"","jetpack_publicize_feature_enabled":true,"jetpack_social_post_already_shared":true,"jetpack_social_options":{"image_generator_settings":{"template":"highway","default_image_id":0,"font":"","enabled":false},"version":2}},"categories":[56,458,6],"tags":[80,126,13,459,460],"class_list":["post-3008","post","type-post","status-publish","format-standard","hentry","category-activites","category-conferences","category-formations","tag-compostelle","tag-conference","tag-pelerinage","tag-pilgrimage-studies","tag-postreligieux"],"jetpack_publicize_connections":[],"jetpack_featured_media_url":"","jetpack_shortlink":"https:\/\/wp.me\/p4eY6z-Mw","jetpack_sharing_enabled":true,"jetpack_likes_enabled":true,"jetpack-related-posts":[],"_links":{"self":[{"href":"https:\/\/bottesetvelo.com\/blog\/wp-json\/wp\/v2\/posts\/3008","targetHints":{"allow":["GET"]}}],"collection":[{"href":"https:\/\/bottesetvelo.com\/blog\/wp-json\/wp\/v2\/posts"}],"about":[{"href":"https:\/\/bottesetvelo.com\/blog\/wp-json\/wp\/v2\/types\/post"}],"author":[{"embeddable":true,"href":"https:\/\/bottesetvelo.com\/blog\/wp-json\/wp\/v2\/users\/1"}],"replies":[{"embeddable":true,"href":"https:\/\/bottesetvelo.com\/blog\/wp-json\/wp\/v2\/comments?post=3008"}],"version-history":[{"count":6,"href":"https:\/\/bottesetvelo.com\/blog\/wp-json\/wp\/v2\/posts\/3008\/revisions"}],"predecessor-version":[{"id":3016,"href":"https:\/\/bottesetvelo.com\/blog\/wp-json\/wp\/v2\/posts\/3008\/revisions\/3016"}],"wp:attachment":[{"href":"https:\/\/bottesetvelo.com\/blog\/wp-json\/wp\/v2\/media?parent=3008"}],"wp:term":[{"taxonomy":"category","embeddable":true,"href":"https:\/\/bottesetvelo.com\/blog\/wp-json\/wp\/v2\/categories?post=3008"},{"taxonomy":"post_tag","embeddable":true,"href":"https:\/\/bottesetvelo.com\/blog\/wp-json\/wp\/v2\/tags?post=3008"}],"curies":[{"name":"wp","href":"https:\/\/api.w.org\/{rel}","templated":true}]}}