{"id":3000,"date":"2017-05-12T08:43:47","date_gmt":"2017-05-12T12:43:47","guid":{"rendered":"http:\/\/bottesetvelo.com\/blog\/?p=3000"},"modified":"2017-05-12T08:43:47","modified_gmt":"2017-05-12T12:43:47","slug":"quelle-quete-de-sens","status":"publish","type":"post","link":"https:\/\/bottesetvelo.com\/blog\/2017\/05\/12\/quelle-quete-de-sens\/","title":{"rendered":"Quelle qu\u00eate de sens?"},"content":{"rendered":"<h6 style=\"text-align: right;\"><em>Lire est une route sur laquelle nous avan\u00e7ons.<\/em><br \/>\n<em>Pierre Dumayet<\/em><\/h6>\n<h5 style=\"text-align: justify;\"><span style=\"color: #003366;\">Le p\u00e8lerin parcourt les chemins, comme le lecteur parcourt les pages d\u2019un livre. Ses pas font vivre des paysages, des villes, des villages. Ils donnent vie \u00e0 cette place du march\u00e9, animent ce petit caf\u00e9, font tinter la clochette de l\u2019\u00e9picier. En les fr\u00e9quentant, ces lieux se mettent \u00e0 exister. Comme le lecteur parcourt le livre du bout des yeux, le p\u00e8lerin arpente les routes pour en construire le sens. Et si le lecteur s\u2019\u00e9vade, pense ou r\u00eavasse sur les pages qu\u2019il fr\u00e9quente, le p\u00e8lerin c\u2019est sur les chemins qu\u2019il quitte sa demeure pour entrer dans cet autre univers. Du bout des pieds, le p\u00e8lerin marche pour lire.<\/span><\/h5>\n<p style=\"text-align: justify;\"><a href=\"https:\/\/i0.wp.com\/bottesetvelo.com\/blog\/wp-content\/uploads\/2017\/05\/IMG_1156.jpg?ssl=1\"><img data-recalc-dims=\"1\" loading=\"lazy\" decoding=\"async\" data-attachment-id=\"3001\" data-permalink=\"https:\/\/bottesetvelo.com\/blog\/2017\/05\/12\/quelle-quete-de-sens\/img_1156-2\/\" data-orig-file=\"https:\/\/i0.wp.com\/bottesetvelo.com\/blog\/wp-content\/uploads\/2017\/05\/IMG_1156.jpg?fit=2490%2C1330&amp;ssl=1\" data-orig-size=\"2490,1330\" data-comments-opened=\"1\" data-image-meta=\"{&quot;aperture&quot;:&quot;2.8&quot;,&quot;credit&quot;:&quot;&quot;,&quot;camera&quot;:&quot;iPhone 4&quot;,&quot;caption&quot;:&quot;&quot;,&quot;created_timestamp&quot;:&quot;1373895363&quot;,&quot;copyright&quot;:&quot;&quot;,&quot;focal_length&quot;:&quot;3.85&quot;,&quot;iso&quot;:&quot;80&quot;,&quot;shutter_speed&quot;:&quot;0.00036469730124&quot;,&quot;title&quot;:&quot;&quot;,&quot;orientation&quot;:&quot;1&quot;}\" data-image-title=\"Compostelle &amp;#8211; Camino Frances\" data-image-description=\"\" data-image-caption=\"\" data-large-file=\"https:\/\/i0.wp.com\/bottesetvelo.com\/blog\/wp-content\/uploads\/2017\/05\/IMG_1156.jpg?fit=1024%2C547&amp;ssl=1\" class=\" wp-image-3001 alignright\" src=\"https:\/\/i0.wp.com\/bottesetvelo.com\/blog\/wp-content\/uploads\/2017\/05\/IMG_1156.jpg?resize=300%2C160&#038;ssl=1\" alt=\"\" width=\"300\" height=\"160\" srcset=\"https:\/\/i0.wp.com\/bottesetvelo.com\/blog\/wp-content\/uploads\/2017\/05\/IMG_1156.jpg?resize=500%2C267&amp;ssl=1 500w, https:\/\/i0.wp.com\/bottesetvelo.com\/blog\/wp-content\/uploads\/2017\/05\/IMG_1156.jpg?resize=768%2C410&amp;ssl=1 768w, https:\/\/i0.wp.com\/bottesetvelo.com\/blog\/wp-content\/uploads\/2017\/05\/IMG_1156.jpg?resize=1024%2C547&amp;ssl=1 1024w, https:\/\/i0.wp.com\/bottesetvelo.com\/blog\/wp-content\/uploads\/2017\/05\/IMG_1156.jpg?w=2340&amp;ssl=1 2340w\" sizes=\"auto, (max-width: 300px) 100vw, 300px\" \/><\/a>Au fil de leur voyage, p\u00e8lerin et lecteur refont le monde. Ils le recomposent de mille et une fa\u00e7ons. Entre le texte et la pens\u00e9e du lecteur se tissent des liens. Les structures de mots renvoient chacun \u00e0 sa propre exp\u00e9rience et chaque lecteur tire de sa lecture une exp\u00e9rience diff\u00e9rente. Certains s\u2019attardent sur un passage, d\u2019autres s\u2019empressent de lire pour connaitre la suite. Il y en a qui sautent quelques pages, d\u2019autres qui reviennent en arri\u00e8re. Le lecteur fait des all\u00e9es et venues sur le texte qui lui permettent de se faire une id\u00e9e, de se l\u2019approprier. Le p\u00e8lerin s\u2019ex\u00e9cute de la m\u00eame mani\u00e8re : il bifurque, revient sur ses pas, fait de longues pauses, emprunte des chemins diff\u00e9rents. Son p\u00e8lerinage est une lecture particuli\u00e8re du chemin.<\/p>\n<p style=\"text-align: justify;\">Pour pousser plus loin les liens entre lire et marcher, disons que le texte est l\u2019\u00e9quivalent du lieu et que l\u2019acte de lire \u00e9quivaut \u00e0 parcourir le lieu, le marcher. En fait, qu\u2019ils soient pianiste, lecteur ou marcheur, ils construisent tous du sens entre ce qui est lu (partition, livre ou carte) et ce qu\u2019ils sont. En lisant les structures qui se pr\u00e9sentent \u00e0 eux, ils font \u00e9merger un sens, une direction, qui est le fruit de leur interpr\u00e9tation. <span style=\"color: #003366;\">Ils ne sont pas en qu\u00eate de ce sens. Ils le construisent selon leur inspiration.<\/span> \u00c0 chaque pas, chaque notes, chaque lettre, ils sont provoqu\u00e9s \u00e0 le construire.<\/p>\n<p style=\"text-align: justify;\"><strong><span style=\"color: #003366;\"><a href=\"https:\/\/i0.wp.com\/bottesetvelo.com\/blog\/wp-content\/uploads\/2017\/05\/IMG_1153-3.jpg?ssl=1\"><img data-recalc-dims=\"1\" loading=\"lazy\" decoding=\"async\" data-attachment-id=\"3002\" data-permalink=\"https:\/\/bottesetvelo.com\/blog\/2017\/05\/12\/quelle-quete-de-sens\/img_1153-3\/\" data-orig-file=\"https:\/\/i0.wp.com\/bottesetvelo.com\/blog\/wp-content\/uploads\/2017\/05\/IMG_1153-3.jpg?fit=3648%2C2736&amp;ssl=1\" data-orig-size=\"3648,2736\" data-comments-opened=\"1\" data-image-meta=\"{&quot;aperture&quot;:&quot;3.2&quot;,&quot;credit&quot;:&quot;&quot;,&quot;camera&quot;:&quot;Canon PowerShot SD890 IS&quot;,&quot;caption&quot;:&quot;&quot;,&quot;created_timestamp&quot;:&quot;1373891074&quot;,&quot;copyright&quot;:&quot;&quot;,&quot;focal_length&quot;:&quot;6.6&quot;,&quot;iso&quot;:&quot;80&quot;,&quot;shutter_speed&quot;:&quot;0.001&quot;,&quot;title&quot;:&quot;&quot;,&quot;orientation&quot;:&quot;1&quot;}\" data-image-title=\"Compostelle &amp;#8211; Camino Frances\" data-image-description=\"\" data-image-caption=\"\" data-large-file=\"https:\/\/i0.wp.com\/bottesetvelo.com\/blog\/wp-content\/uploads\/2017\/05\/IMG_1153-3.jpg?fit=1024%2C768&amp;ssl=1\" class=\"alignright wp-image-3002\" src=\"https:\/\/i0.wp.com\/bottesetvelo.com\/blog\/wp-content\/uploads\/2017\/05\/IMG_1153-3.jpg?resize=300%2C225&#038;ssl=1\" alt=\"\" width=\"300\" height=\"225\" srcset=\"https:\/\/i0.wp.com\/bottesetvelo.com\/blog\/wp-content\/uploads\/2017\/05\/IMG_1153-3.jpg?resize=500%2C375&amp;ssl=1 500w, https:\/\/i0.wp.com\/bottesetvelo.com\/blog\/wp-content\/uploads\/2017\/05\/IMG_1153-3.jpg?resize=768%2C576&amp;ssl=1 768w, https:\/\/i0.wp.com\/bottesetvelo.com\/blog\/wp-content\/uploads\/2017\/05\/IMG_1153-3.jpg?resize=1024%2C768&amp;ssl=1 1024w, https:\/\/i0.wp.com\/bottesetvelo.com\/blog\/wp-content\/uploads\/2017\/05\/IMG_1153-3.jpg?w=2340&amp;ssl=1 2340w, https:\/\/i0.wp.com\/bottesetvelo.com\/blog\/wp-content\/uploads\/2017\/05\/IMG_1153-3.jpg?w=3510&amp;ssl=1 3510w\" sizes=\"auto, (max-width: 300px) 100vw, 300px\" \/><\/a>Le p\u00e8lerin construit du sens avec ses pas.<\/span><\/strong> Chaque h\u00e9sitation, chaque virage, chaque d\u00e9tour, chaque arr\u00eat sont des mani\u00e8res de lire les lieux et de tisser des liens. Si je ne passe pas par cette ruelle sombre, c\u2019est qu\u2019elle \u00e9voque quelque chose d\u2019inqui\u00e9tant. Si je passe par la place du march\u00e9, c\u2019est que l\u2019odeur de la boulangerie m\u2019attire. Si je traverse ce parc, c\u2019est pour go\u00fbter la fraicheur des arbres. Chacun de mes itin\u00e9raires construit du sens par ma mani\u00e8re de les lire et de me laisser interpeller.<\/p>\n<p style=\"text-align: justify;\">Mais, il n\u2019y a pas que ma lecture. D\u2019autres lisent en m\u00eame temps que moi. Leur pr\u00e9sence engendre des rencontres qui elles aussi bousculent le cours de mon itin\u00e9raire. Ces \u00e9v\u00e9nements se produisent de mani\u00e8re impr\u00e9vue et bousculent mon parcours, ils me provoquent dans mon organisation. Ils m\u2019obligent \u00e0 revoir mon itin\u00e9raire, \u00e0 en r\u00e9organiser le sens, la direction.<\/p>\n<p style=\"text-align: justify;\">Parfois cela demande peu de temps (autobus manqu\u00e9e), parfois l\u2019effort est colossal (accident tragique), mais dans tous les cas\u00a0: la t\u00e2che ne peut \u00eatre \u00e9vit\u00e9e. Le sens se construit sur l\u2019exp\u00e9rience qui est ressaisie.\u00a0 Si je manque l\u2019autobus, je peux prendre un taxi, annuler mon rendez-vous, ou le d\u00e9caler. Plusieurs options s\u2019offrent \u00e0 moi et d\u2019instinct je reconstruis un nouveau sens, un nouvel itin\u00e9raire.<\/p>\n<p style=\"text-align: justify;\"><a href=\"https:\/\/i0.wp.com\/bottesetvelo.com\/blog\/wp-content\/uploads\/2017\/05\/2009-Compostelle-et-Barcelone-111-2.jpg?ssl=1\"><img data-recalc-dims=\"1\" loading=\"lazy\" decoding=\"async\" data-attachment-id=\"3003\" data-permalink=\"https:\/\/bottesetvelo.com\/blog\/2017\/05\/12\/quelle-quete-de-sens\/2009-compostelle-et-barcelone-111-2\/\" data-orig-file=\"https:\/\/i0.wp.com\/bottesetvelo.com\/blog\/wp-content\/uploads\/2017\/05\/2009-Compostelle-et-Barcelone-111-2.jpg?fit=1805%2C1354&amp;ssl=1\" data-orig-size=\"1805,1354\" data-comments-opened=\"1\" data-image-meta=\"{&quot;aperture&quot;:&quot;9&quot;,&quot;credit&quot;:&quot;&quot;,&quot;camera&quot;:&quot;Canon PowerShot SD890 IS&quot;,&quot;caption&quot;:&quot;&quot;,&quot;created_timestamp&quot;:&quot;1251535718&quot;,&quot;copyright&quot;:&quot;&quot;,&quot;focal_length&quot;:&quot;6.6&quot;,&quot;iso&quot;:&quot;80&quot;,&quot;shutter_speed&quot;:&quot;0.00625&quot;,&quot;title&quot;:&quot;&quot;,&quot;orientation&quot;:&quot;1&quot;}\" data-image-title=\"Compostelle &amp;#8211; Chemin du Puy\" data-image-description=\"\" data-image-caption=\"\" data-large-file=\"https:\/\/i0.wp.com\/bottesetvelo.com\/blog\/wp-content\/uploads\/2017\/05\/2009-Compostelle-et-Barcelone-111-2.jpg?fit=1024%2C768&amp;ssl=1\" class=\"alignright wp-image-3003\" src=\"https:\/\/i0.wp.com\/bottesetvelo.com\/blog\/wp-content\/uploads\/2017\/05\/2009-Compostelle-et-Barcelone-111-2.jpg?resize=300%2C225&#038;ssl=1\" alt=\"\" width=\"300\" height=\"225\" srcset=\"https:\/\/i0.wp.com\/bottesetvelo.com\/blog\/wp-content\/uploads\/2017\/05\/2009-Compostelle-et-Barcelone-111-2.jpg?resize=500%2C375&amp;ssl=1 500w, https:\/\/i0.wp.com\/bottesetvelo.com\/blog\/wp-content\/uploads\/2017\/05\/2009-Compostelle-et-Barcelone-111-2.jpg?resize=768%2C576&amp;ssl=1 768w, https:\/\/i0.wp.com\/bottesetvelo.com\/blog\/wp-content\/uploads\/2017\/05\/2009-Compostelle-et-Barcelone-111-2.jpg?resize=1024%2C768&amp;ssl=1 1024w, https:\/\/i0.wp.com\/bottesetvelo.com\/blog\/wp-content\/uploads\/2017\/05\/2009-Compostelle-et-Barcelone-111-2.jpg?w=1805&amp;ssl=1 1805w\" sizes=\"auto, (max-width: 300px) 100vw, 300px\" \/><\/a>Mais parfois le choc peut \u00eatre brutal. J\u2019ai alors de la difficult\u00e9 \u00e0 recomposer du sens avec ce qui m\u2019arrive. <strong><span style=\"color: #003366;\">L\u2019exp\u00e9rience a fait \u00e9clater tous mes rep\u00e8res, il n\u2019y a plus rien de pareil.<\/span> <\/strong>Je ne m\u2019y reconnais plus. Je me sens dans un grand vide. Pour me ressaisir, j\u2019aurai parfois besoin d\u2019aide. J\u2019aurai aussi \u00e0 travailler pour me recomposer et reconstruire du sens pour ma vie. Pas qu\u2019on me dise le sens de ma vie, mais qu\u2019on me r\u00e9apprenne \u00e0 marcher. Pas d\u2019avoir une illumination, une v\u00e9rit\u00e9 pr\u00eat-\u00e0-porter, mais que je m\u2019att\u00e8le \u00e0 la t\u00e2che et que je b\u00e2tisse. Le sens vient de cet effort.<\/p>\n<p style=\"text-align: justify;\">Qu\u2019elle soit anodine, heureuse ou tragique, toute exp\u00e9rience se doit d\u2019\u00eatre ressaisie pour poursuivre la route\u00a0: l\u2019arriv\u00e9e d\u2019un b\u00e9b\u00e9, la mort d\u2019un \u00eatre cher, le rendez-vous annul\u00e9, la perte d\u2019un emploi, l\u2019arriv\u00e9e de la retraite, ou m\u00eame la visite impr\u00e9vue. Tous ces \u00e9v\u00e9nements modifient nos itin\u00e9raires et nous d\u00e9routent \u00e0 plus ou moins grande \u00e9chelle, \u00e0 plus ou moins long terme.<\/p>\n<p style=\"text-align: justify;\">Vient un temps, cependant, o\u00f9 la reconstruction s\u2019impose. <span style=\"color: #003366;\"><strong>Et pour construire un sens nouveau, je vais devoir faire preuve de cr\u00e9ativit\u00e9\u00a0et passer \u00e0 l\u2019action.<\/strong> <\/span>Je vais devoir me mettre en marche. Comme ce p\u00e8lerin face \u00e0 un pont emport\u00e9 par le torrent, je vais devoir repenser ma route, la r\u00e9inventer. <a href=\"https:\/\/i0.wp.com\/bottesetvelo.com\/blog\/wp-content\/uploads\/2017\/05\/IMG_1287-1-2.jpg?ssl=1\"><img data-recalc-dims=\"1\" loading=\"lazy\" decoding=\"async\" data-attachment-id=\"3004\" data-permalink=\"https:\/\/bottesetvelo.com\/blog\/2017\/05\/12\/quelle-quete-de-sens\/img_1287-1-2-2\/\" data-orig-file=\"https:\/\/i0.wp.com\/bottesetvelo.com\/blog\/wp-content\/uploads\/2017\/05\/IMG_1287-1-2.jpg?fit=3207%2C2316&amp;ssl=1\" data-orig-size=\"3207,2316\" data-comments-opened=\"1\" data-image-meta=\"{&quot;aperture&quot;:&quot;3.2&quot;,&quot;credit&quot;:&quot;&quot;,&quot;camera&quot;:&quot;Canon PowerShot SD890 IS&quot;,&quot;caption&quot;:&quot;&quot;,&quot;created_timestamp&quot;:&quot;1374570565&quot;,&quot;copyright&quot;:&quot;&quot;,&quot;focal_length&quot;:&quot;6.6&quot;,&quot;iso&quot;:&quot;100&quot;,&quot;shutter_speed&quot;:&quot;0.002&quot;,&quot;title&quot;:&quot;&quot;,&quot;orientation&quot;:&quot;1&quot;}\" data-image-title=\"Compostelle &amp;#8211; Camino Frances\" data-image-description=\"\" data-image-caption=\"\" data-large-file=\"https:\/\/i0.wp.com\/bottesetvelo.com\/blog\/wp-content\/uploads\/2017\/05\/IMG_1287-1-2.jpg?fit=1024%2C740&amp;ssl=1\" class=\"alignright wp-image-3004\" src=\"https:\/\/i0.wp.com\/bottesetvelo.com\/blog\/wp-content\/uploads\/2017\/05\/IMG_1287-1-2.jpg?resize=300%2C217&#038;ssl=1\" alt=\"\" width=\"300\" height=\"217\" srcset=\"https:\/\/i0.wp.com\/bottesetvelo.com\/blog\/wp-content\/uploads\/2017\/05\/IMG_1287-1-2.jpg?resize=500%2C361&amp;ssl=1 500w, https:\/\/i0.wp.com\/bottesetvelo.com\/blog\/wp-content\/uploads\/2017\/05\/IMG_1287-1-2.jpg?resize=768%2C555&amp;ssl=1 768w, https:\/\/i0.wp.com\/bottesetvelo.com\/blog\/wp-content\/uploads\/2017\/05\/IMG_1287-1-2.jpg?resize=1024%2C740&amp;ssl=1 1024w, https:\/\/i0.wp.com\/bottesetvelo.com\/blog\/wp-content\/uploads\/2017\/05\/IMG_1287-1-2.jpg?w=2340&amp;ssl=1 2340w\" sizes=\"auto, (max-width: 300px) 100vw, 300px\" \/><\/a>En explorant diff\u00e9rentes voies, en parlant de la situation avec d\u2019autres, en questionnant ma destination, les \u00e9v\u00e9nements vont s\u2019encha\u00eener et s\u2019\u00e9clairer les uns les autres. Lentement, je vais me remettre en marche. Le sens viendra de cette marche. Il viendra de l\u2019interpr\u00e9tation que j\u2019en ferai. Un autre p\u00e8lerin n\u2019y aurait pas vu la m\u00eame chose.<\/p>\n<p style=\"text-align: justify;\">Lecteur, pianiste, ou p\u00e8lerin, nous sommes tous les interpr\u00e8tes de ce qui se donne \u00e0 lire. L\u2019exp\u00e9rience demande toujours \u00e0 \u00eatre ressaisie. Elle l\u2019exige m\u00eame. Elle exige une lecture particuli\u00e8re, nouvelle, inattendue, qui permette \u00e0 chacun d\u2019inventer sa vie et d\u2019en construire le sens. Si le lecteur s\u2019arr\u00eate, le monde sera priv\u00e9 d\u2019histoire. Si le pianiste s\u2019arr\u00eate, le monde sera priv\u00e9 de musique. Si le p\u00e8lerin s\u2019arr\u00eate, le monde sera priv\u00e9 du sens qu\u2019il porte pour l\u2019humanit\u00e9.<\/p>\n<p style=\"text-align: justify;\">\u00c9ric Lalibert\u00e9<a href=\"https:\/\/i0.wp.com\/bottesetvelo.com\/blog\/wp-content\/uploads\/2014\/01\/Bottes-et-V%C3%A9lo-Embl%C3%AAme-e1454083414631.jpg?ssl=1\"><img data-recalc-dims=\"1\" loading=\"lazy\" decoding=\"async\" data-attachment-id=\"14\" data-permalink=\"https:\/\/bottesetvelo.com\/blog\/bottes-et-velo-le-blog\/bottes-et-velo-embleme\/\" data-orig-file=\"https:\/\/i0.wp.com\/bottesetvelo.com\/blog\/wp-content\/uploads\/2014\/01\/Bottes-et-V%C3%A9lo-Embl%C3%AAme-e1454083414631.jpg?fit=100%2C79&amp;ssl=1\" data-orig-size=\"100,79\" data-comments-opened=\"1\" data-image-meta=\"{&quot;aperture&quot;:&quot;0&quot;,&quot;credit&quot;:&quot;&quot;,&quot;camera&quot;:&quot;&quot;,&quot;caption&quot;:&quot;&quot;,&quot;created_timestamp&quot;:&quot;0&quot;,&quot;copyright&quot;:&quot;&quot;,&quot;focal_length&quot;:&quot;0&quot;,&quot;iso&quot;:&quot;0&quot;,&quot;shutter_speed&quot;:&quot;0&quot;,&quot;title&quot;:&quot;&quot;}\" data-image-title=\"Bottes et V\u00e9lo &amp;#8211; Embl\u00eame\" data-image-description=\"\" data-image-caption=\"\" data-large-file=\"https:\/\/i0.wp.com\/bottesetvelo.com\/blog\/wp-content\/uploads\/2014\/01\/Bottes-et-V%C3%A9lo-Embl%C3%AAme-e1454083414631.jpg?fit=100%2C79&amp;ssl=1\" class=\" wp-image-14 alignright\" src=\"https:\/\/i0.wp.com\/bottesetvelo.com\/blog\/wp-content\/uploads\/2014\/01\/Bottes-et-V%C3%A9lo-Embl%C3%AAme.jpg?resize=68%2C53&#038;ssl=1\" alt=\"\" width=\"68\" height=\"53\" \/><\/a><\/p>\n","protected":false},"excerpt":{"rendered":"<p>Lire est une route sur laquelle nous avan\u00e7ons. Pierre Dumayet Le p\u00e8lerin parcourt les chemins, comme le lecteur parcourt les pages d\u2019un livre. Ses pas font vivre des paysages, des villes, des villages. Ils donnent vie \u00e0 cette place du march\u00e9, animent ce petit caf\u00e9, font tinter la clochette de l\u2019\u00e9picier. En les fr\u00e9quentant, ces&hellip;<\/p>\n","protected":false},"author":3,"featured_media":0,"comment_status":"open","ping_status":"open","sticky":false,"template":"","format":"standard","meta":{"jetpack_post_was_ever_published":false,"_jetpack_newsletter_access":"","_jetpack_dont_email_post_to_subs":false,"_jetpack_newsletter_tier_id":0,"_jetpack_memberships_contains_paywalled_content":false,"_jetpack_memberships_contains_paid_content":false,"footnotes":"","jetpack_publicize_message":"","jetpack_publicize_feature_enabled":true,"jetpack_social_post_already_shared":true,"jetpack_social_options":{"image_generator_settings":{"template":"highway","default_image_id":0,"font":"","enabled":false},"version":2}},"categories":[380,39,166,171,3],"tags":[40,13,457,96,401,192,38,20],"class_list":["post-3000","post","type-post","status-publish","format-standard","hentry","category-conscientisation","category-croissance-personnelle","category-demarche-du-pelerin","category-pelerinage","category-reflexions","tag-croissance-personnelle-2","tag-pelerinage","tag-pratique-pelerine","tag-qualite-de-vie","tag-quete-de-sens","tag-quete-spirituelle","tag-reflexion","tag-spiritualite"],"jetpack_publicize_connections":[],"jetpack_featured_media_url":"","jetpack_shortlink":"https:\/\/wp.me\/p4eY6z-Mo","jetpack_sharing_enabled":true,"jetpack_likes_enabled":true,"jetpack-related-posts":[],"_links":{"self":[{"href":"https:\/\/bottesetvelo.com\/blog\/wp-json\/wp\/v2\/posts\/3000","targetHints":{"allow":["GET"]}}],"collection":[{"href":"https:\/\/bottesetvelo.com\/blog\/wp-json\/wp\/v2\/posts"}],"about":[{"href":"https:\/\/bottesetvelo.com\/blog\/wp-json\/wp\/v2\/types\/post"}],"author":[{"embeddable":true,"href":"https:\/\/bottesetvelo.com\/blog\/wp-json\/wp\/v2\/users\/3"}],"replies":[{"embeddable":true,"href":"https:\/\/bottesetvelo.com\/blog\/wp-json\/wp\/v2\/comments?post=3000"}],"version-history":[{"count":3,"href":"https:\/\/bottesetvelo.com\/blog\/wp-json\/wp\/v2\/posts\/3000\/revisions"}],"predecessor-version":[{"id":3007,"href":"https:\/\/bottesetvelo.com\/blog\/wp-json\/wp\/v2\/posts\/3000\/revisions\/3007"}],"wp:attachment":[{"href":"https:\/\/bottesetvelo.com\/blog\/wp-json\/wp\/v2\/media?parent=3000"}],"wp:term":[{"taxonomy":"category","embeddable":true,"href":"https:\/\/bottesetvelo.com\/blog\/wp-json\/wp\/v2\/categories?post=3000"},{"taxonomy":"post_tag","embeddable":true,"href":"https:\/\/bottesetvelo.com\/blog\/wp-json\/wp\/v2\/tags?post=3000"}],"curies":[{"name":"wp","href":"https:\/\/api.w.org\/{rel}","templated":true}]}}