{"id":2990,"date":"2017-04-28T20:19:35","date_gmt":"2017-04-29T00:19:35","guid":{"rendered":"http:\/\/bottesetvelo.com\/blog\/?p=2990"},"modified":"2017-04-28T20:19:23","modified_gmt":"2017-04-29T00:19:23","slug":"marcher-et-laisser-marcher","status":"publish","type":"post","link":"https:\/\/bottesetvelo.com\/blog\/2017\/04\/28\/marcher-et-laisser-marcher\/","title":{"rendered":"Marcher et laisser marcher"},"content":{"rendered":"<h5 style=\"text-align: right;\"><em>\u201cDe l&rsquo;homme \u00e0 l&rsquo;homme vrai, le chemin passe par l&rsquo;homme fou.\u201d <\/em><br \/>\n<em>Michel Foucault<\/em><\/h5>\n<p style=\"text-align: justify;\"><strong><span style=\"color: #003366;\">Savez-vous ce qu\u2019est un panoptique? C\u2019est un type d\u2019architecture imagin\u00e9 au 18<sup>e<\/sup> si\u00e8cle pour rendre plus efficace la gestion d\u2019une prison. La structure est compos\u00e9e d\u2019une tour centrale autour de laquelle les cellules sont dispos\u00e9es en cercle. La lumi\u00e8re entre par les fen\u00eatres des cellules. Le gardien install\u00e9 au centre peut donc en tout temps voir ce que font les prisonniers sans \u00eatre vu. Le surveillant devient invisible, et de ce fait, omnipr\u00e9sent. Ce type de pouvoir incite au conformisme et \u00e0 l\u2019autodiscipline, l\u2019individu se sentant constamment surveill\u00e9.<\/span><\/strong><\/p>\n<p style=\"text-align: justify;\">Inconsciemment, nous adoptons nous-m\u00eames des comportements pour lesquels nous avons \u00e9t\u00e9 conditionn\u00e9s, et ce malgr\u00e9 l\u2019absence d\u2019autorit\u00e9 apparente. Avez-vous remarqu\u00e9 comme nous avons tendance \u00e0 spontan\u00e9ment nous r\u00e9f\u00e9rer \u00e0 des r\u00e8gles ou des normes quand il est question de prendre une d\u00e9cision? N\u00e9gligeant souvent d\u2019\u00e9couter notre propre d\u00e9sir int\u00e9rieur. D\u2019o\u00f9 nous vient cet \u00e9trange r\u00e9flexe qui prend le dessus sur notre jugement et notre sens de l\u2019initiative?<\/p>\n<p style=\"text-align: justify;\"><a href=\"https:\/\/i0.wp.com\/bottesetvelo.com\/blog\/wp-content\/uploads\/2017\/04\/animals-2107902_1920.jpg?ssl=1\"><img data-recalc-dims=\"1\" loading=\"lazy\" decoding=\"async\" data-attachment-id=\"2992\" data-permalink=\"https:\/\/bottesetvelo.com\/blog\/2017\/04\/28\/marcher-et-laisser-marcher\/animals-2107902_1920\/\" data-orig-file=\"https:\/\/i0.wp.com\/bottesetvelo.com\/blog\/wp-content\/uploads\/2017\/04\/animals-2107902_1920.jpg?fit=1920%2C1459&amp;ssl=1\" data-orig-size=\"1920,1459\" data-comments-opened=\"1\" data-image-meta=\"{&quot;aperture&quot;:&quot;0&quot;,&quot;credit&quot;:&quot;&quot;,&quot;camera&quot;:&quot;&quot;,&quot;caption&quot;:&quot;&quot;,&quot;created_timestamp&quot;:&quot;0&quot;,&quot;copyright&quot;:&quot;&quot;,&quot;focal_length&quot;:&quot;0&quot;,&quot;iso&quot;:&quot;0&quot;,&quot;shutter_speed&quot;:&quot;0&quot;,&quot;title&quot;:&quot;&quot;,&quot;orientation&quot;:&quot;0&quot;}\" data-image-title=\"animals-2107902_1920\" data-image-description=\"\" data-image-caption=\"\" data-large-file=\"https:\/\/i0.wp.com\/bottesetvelo.com\/blog\/wp-content\/uploads\/2017\/04\/animals-2107902_1920.jpg?fit=1024%2C778&amp;ssl=1\" class=\"wp-image-2992 alignleft\" src=\"https:\/\/i0.wp.com\/bottesetvelo.com\/blog\/wp-content\/uploads\/2017\/04\/animals-2107902_1920.jpg?resize=300%2C228&#038;ssl=1\" alt=\"r\u00e8gles et conventions\" width=\"300\" height=\"228\" srcset=\"https:\/\/i0.wp.com\/bottesetvelo.com\/blog\/wp-content\/uploads\/2017\/04\/animals-2107902_1920.jpg?resize=500%2C380&amp;ssl=1 500w, https:\/\/i0.wp.com\/bottesetvelo.com\/blog\/wp-content\/uploads\/2017\/04\/animals-2107902_1920.jpg?resize=768%2C584&amp;ssl=1 768w, https:\/\/i0.wp.com\/bottesetvelo.com\/blog\/wp-content\/uploads\/2017\/04\/animals-2107902_1920.jpg?resize=1024%2C778&amp;ssl=1 1024w, https:\/\/i0.wp.com\/bottesetvelo.com\/blog\/wp-content\/uploads\/2017\/04\/animals-2107902_1920.jpg?w=1920&amp;ssl=1 1920w\" sizes=\"auto, (max-width: 300px) 100vw, 300px\" \/><\/a>Durant toute notre croissance, de notre plus jeune \u00e2ge \u00e0 l\u2019\u00e2ge adulte, tous nos apprentissages sont influenc\u00e9s par les valeurs \u00e9ducatives de notre milieu familial et de celui du monde de l\u2019\u00e9ducation. \u00c0 coups de r\u00e9compenses ou de punitions, de valorisation ou de r\u00e9primande, on nous conditionne \u00e0 apprendre et \u00e0 int\u00e9grer les comportements souhait\u00e9s, ceux valoris\u00e9s par notre soci\u00e9t\u00e9 actuelle. Les r\u00e8gles de politesse, les protocoles, les biens\u00e9ances, le code de la route, le sens du devoir, et j\u2019en passe. Tous ces cadres de r\u00e9f\u00e9rences nous dictent la conduite \u00e0 adopter selon la circonstance. Y d\u00e9roger entra\u00eene g\u00e9n\u00e9ralement des cons\u00e9quences peu souhaitables alors que s\u2019y conformer est nettement valoris\u00e9 pour celui qui veut bien para\u00eetre et briller. On se croit ainsi mieux outill\u00e9s pour la vie adulte, plus autonomes et fonctionnels pour bien \u00e9voluer dans le monde des grands. Alors que <strong><span style=\"color: #003366;\">chacun de ces cadres vient limiter notre libert\u00e9<\/span><\/strong>, cr\u00e9ant autour de nous cette prison invisible dans laquelle on s\u2019enferme et de laquelle on aura bien peur de sortir.<\/p>\n<p style=\"text-align: justify;\"><a href=\"https:\/\/i0.wp.com\/bottesetvelo.com\/blog\/wp-content\/uploads\/2017\/04\/image-editing-101040_1280.jpg?ssl=1\"><img data-recalc-dims=\"1\" loading=\"lazy\" decoding=\"async\" data-attachment-id=\"2994\" data-permalink=\"https:\/\/bottesetvelo.com\/blog\/2017\/04\/28\/marcher-et-laisser-marcher\/image-editing-101040_1280\/\" data-orig-file=\"https:\/\/i0.wp.com\/bottesetvelo.com\/blog\/wp-content\/uploads\/2017\/04\/image-editing-101040_1280.jpg?fit=1280%2C640&amp;ssl=1\" data-orig-size=\"1280,640\" data-comments-opened=\"1\" data-image-meta=\"{&quot;aperture&quot;:&quot;0&quot;,&quot;credit&quot;:&quot;&quot;,&quot;camera&quot;:&quot;&quot;,&quot;caption&quot;:&quot;&quot;,&quot;created_timestamp&quot;:&quot;0&quot;,&quot;copyright&quot;:&quot;&quot;,&quot;focal_length&quot;:&quot;0&quot;,&quot;iso&quot;:&quot;0&quot;,&quot;shutter_speed&quot;:&quot;0&quot;,&quot;title&quot;:&quot;&quot;,&quot;orientation&quot;:&quot;0&quot;}\" data-image-title=\"image-editing-101040_1280\" data-image-description=\"\" data-image-caption=\"\" data-large-file=\"https:\/\/i0.wp.com\/bottesetvelo.com\/blog\/wp-content\/uploads\/2017\/04\/image-editing-101040_1280.jpg?fit=1024%2C512&amp;ssl=1\" class=\"wp-image-2994 alignright\" src=\"https:\/\/i0.wp.com\/bottesetvelo.com\/blog\/wp-content\/uploads\/2017\/04\/image-editing-101040_1280.jpg?resize=300%2C150&#038;ssl=1\" alt=\"limites et cadres\" width=\"300\" height=\"150\" srcset=\"https:\/\/i0.wp.com\/bottesetvelo.com\/blog\/wp-content\/uploads\/2017\/04\/image-editing-101040_1280.jpg?resize=500%2C250&amp;ssl=1 500w, https:\/\/i0.wp.com\/bottesetvelo.com\/blog\/wp-content\/uploads\/2017\/04\/image-editing-101040_1280.jpg?resize=768%2C384&amp;ssl=1 768w, https:\/\/i0.wp.com\/bottesetvelo.com\/blog\/wp-content\/uploads\/2017\/04\/image-editing-101040_1280.jpg?resize=1024%2C512&amp;ssl=1 1024w, https:\/\/i0.wp.com\/bottesetvelo.com\/blog\/wp-content\/uploads\/2017\/04\/image-editing-101040_1280.jpg?w=1280&amp;ssl=1 1280w\" sizes=\"auto, (max-width: 300px) 100vw, 300px\" \/><\/a>Toute d\u00e9cision, si simple soit-elle, fait aujourd\u2019hui r\u00e9f\u00e9rence \u00e0 une r\u00e8gle ou \u00e0 un cadre de conventions.&nbsp; Adulte, on se surprend \u00e0 demander \u00e0 une coll\u00e8gue&nbsp;:&nbsp;\u00ab&nbsp;tu mets quoi pour y aller ce soir? Y vas-tu en jeans ou en robe?&nbsp;\u00bb. Tant d\u2019ann\u00e9es pass\u00e9es \u00e0 chercher \u00e0 donner la bonne r\u00e9ponse pour avoir une bonne note. Tant de travaux faits en connaissant les exigences \u00e0 produire et les crit\u00e8res de correction. Nous avons appris \u00e0 bien r\u00e9pondre \u00e0 l\u2019autre. \u00c0 agir en fonction des attentes de l\u2019autre. Pour plaire \u00e0 l\u2019autre. Pour bien para\u00eetre. Alors adulte, souvent, <strong><span style=\"color: #003366;\">nous avons encore ce r\u00e9flexe de chercher \u00e0 correspondre aux attentes ext\u00e9rieures \u00e0 nous-m\u00eames.<\/span><\/strong> Et ce r\u00e9flexe nous enferme. Il nous limite dans nos d\u00e9cisions et dans nos actions. Comme ce gardien invisible du panoptique, un pouvoir invisible semble nous emprisonner et nous emp\u00eacher d\u2019\u00eatre nous-m\u00eames. Non pas un pouvoir comme celui de Big Brother, qui nous oppresse et contr\u00f4le l\u2019information, mais plut\u00f4t, comme le dit Alain Damasio, le pouvoir de Big Mother. Un <a href=\"https:\/\/i0.wp.com\/bottesetvelo.com\/blog\/wp-content\/uploads\/2017\/04\/boy-529065_1920.jpg?ssl=1\"><img data-recalc-dims=\"1\" loading=\"lazy\" decoding=\"async\" data-attachment-id=\"2996\" data-permalink=\"https:\/\/bottesetvelo.com\/blog\/2017\/04\/28\/marcher-et-laisser-marcher\/boy-529065_1920\/\" data-orig-file=\"https:\/\/i0.wp.com\/bottesetvelo.com\/blog\/wp-content\/uploads\/2017\/04\/boy-529065_1920.jpg?fit=1920%2C1288&amp;ssl=1\" data-orig-size=\"1920,1288\" data-comments-opened=\"1\" data-image-meta=\"{&quot;aperture&quot;:&quot;0&quot;,&quot;credit&quot;:&quot;&quot;,&quot;camera&quot;:&quot;&quot;,&quot;caption&quot;:&quot;&quot;,&quot;created_timestamp&quot;:&quot;0&quot;,&quot;copyright&quot;:&quot;&quot;,&quot;focal_length&quot;:&quot;0&quot;,&quot;iso&quot;:&quot;0&quot;,&quot;shutter_speed&quot;:&quot;0&quot;,&quot;title&quot;:&quot;&quot;,&quot;orientation&quot;:&quot;0&quot;}\" data-image-title=\"boy-529065_1920\" data-image-description=\"\" data-image-caption=\"\" data-large-file=\"https:\/\/i0.wp.com\/bottesetvelo.com\/blog\/wp-content\/uploads\/2017\/04\/boy-529065_1920.jpg?fit=1024%2C687&amp;ssl=1\" class=\"wp-image-2996 alignleft\" src=\"https:\/\/i0.wp.com\/bottesetvelo.com\/blog\/wp-content\/uploads\/2017\/04\/boy-529065_1920.jpg?resize=300%2C201&#038;ssl=1\" alt=\"enferm\u00e9\" width=\"300\" height=\"201\" srcset=\"https:\/\/i0.wp.com\/bottesetvelo.com\/blog\/wp-content\/uploads\/2017\/04\/boy-529065_1920.jpg?resize=500%2C335&amp;ssl=1 500w, https:\/\/i0.wp.com\/bottesetvelo.com\/blog\/wp-content\/uploads\/2017\/04\/boy-529065_1920.jpg?resize=768%2C515&amp;ssl=1 768w, https:\/\/i0.wp.com\/bottesetvelo.com\/blog\/wp-content\/uploads\/2017\/04\/boy-529065_1920.jpg?resize=1024%2C687&amp;ssl=1 1024w, https:\/\/i0.wp.com\/bottesetvelo.com\/blog\/wp-content\/uploads\/2017\/04\/boy-529065_1920.jpg?w=1920&amp;ssl=1 1920w\" sizes=\"auto, (max-width: 300px) 100vw, 300px\" \/><\/a>pouvoir que l\u2019on accepte de subir, qui nous conforte, nous rassure et nous donne raison. Une source d\u2019influence qui nous materne pour insidieusement nous amener \u00e0 agir volontairement comme elle le souhaite, sans qu\u2019elle ne soit l\u00e0.<\/p>\n<p style=\"text-align: justify;\">Bien que se sentant un peu rebelles et aventuriers, ceux qui partent marcher Compostelle n\u2019\u00e9chappent pas \u00e0 ce conditionnement. D\u00e8s la phase de pr\u00e9paration, on peut observer toute la m\u00e9canique qui est mobilis\u00e9e en vue du grand d\u00e9part. Rien n\u2019est laiss\u00e9 au hasard. Notre p\u00e8lerin qu\u00e9b\u00e9cois partira avec l\u2019\u00e9quipement recommand\u00e9 et conseill\u00e9. Il aura pris soin de respecter toutes les \u00e9tapes requises. Inqui\u00e9t\u00e9 d\u2019oublier quelque chose ou de ne pas arriver bien pr\u00e9par\u00e9 pour la grande repr\u00e9sentation. Et en cours de route, nombreux seront les p\u00e8lerins qui porteront un jugement sur la qualit\u00e9 de la performance p\u00e8lerine de ceux qui n\u2019auront pas march\u00e9 les 800 km, ou ceux qui auront fait porter leurs bagages, ou m\u00eame ceux qui auront fait une partie du trajet en autobus. Ceux-l\u00e0 n\u2019ont pas fait le vrai chemin. Ils trichent! <strong><span style=\"color: #003366;\">Mais qui corrige?<\/span><\/strong><\/p>\n<p>Brigitte Harouni<a href=\"https:\/\/i0.wp.com\/bottesetvelo.com\/blog\/wp-content\/uploads\/2014\/01\/Bottes-et-V%C3%A9lo-Embl%C3%AAme-e1454083414631.jpg?ssl=1\"><img data-recalc-dims=\"1\" loading=\"lazy\" decoding=\"async\" data-attachment-id=\"14\" data-permalink=\"https:\/\/bottesetvelo.com\/blog\/bottes-et-velo-le-blog\/bottes-et-velo-embleme\/\" data-orig-file=\"https:\/\/i0.wp.com\/bottesetvelo.com\/blog\/wp-content\/uploads\/2014\/01\/Bottes-et-V%C3%A9lo-Embl%C3%AAme-e1454083414631.jpg?fit=100%2C79&amp;ssl=1\" data-orig-size=\"100,79\" data-comments-opened=\"1\" data-image-meta=\"{&quot;aperture&quot;:&quot;0&quot;,&quot;credit&quot;:&quot;&quot;,&quot;camera&quot;:&quot;&quot;,&quot;caption&quot;:&quot;&quot;,&quot;created_timestamp&quot;:&quot;0&quot;,&quot;copyright&quot;:&quot;&quot;,&quot;focal_length&quot;:&quot;0&quot;,&quot;iso&quot;:&quot;0&quot;,&quot;shutter_speed&quot;:&quot;0&quot;,&quot;title&quot;:&quot;&quot;}\" data-image-title=\"Bottes et V\u00e9lo &amp;#8211; Embl\u00eame\" data-image-description=\"\" data-image-caption=\"\" data-large-file=\"https:\/\/i0.wp.com\/bottesetvelo.com\/blog\/wp-content\/uploads\/2014\/01\/Bottes-et-V%C3%A9lo-Embl%C3%AAme-e1454083414631.jpg?fit=100%2C79&amp;ssl=1\" class=\"wp-image-14 alignright\" src=\"https:\/\/i0.wp.com\/bottesetvelo.com\/blog\/wp-content\/uploads\/2014\/01\/Bottes-et-V%C3%A9lo-Embl%C3%AAme.jpg?resize=50%2C39&#038;ssl=1\" alt=\"\" width=\"50\" height=\"39\"><\/a><\/p>\n","protected":false},"excerpt":{"rendered":"<p>\u201cDe l&rsquo;homme \u00e0 l&rsquo;homme vrai, le chemin passe par l&rsquo;homme fou.\u201d Michel Foucault Savez-vous ce qu\u2019est un panoptique? C\u2019est un type d\u2019architecture imagin\u00e9 au 18e si\u00e8cle pour rendre plus efficace la gestion d\u2019une prison. La structure est compos\u00e9e d\u2019une tour centrale autour de laquelle les cellules sont dispos\u00e9es en cercle. La lumi\u00e8re entre par les&hellip;<\/p>\n","protected":false},"author":2,"featured_media":0,"comment_status":"open","ping_status":"open","sticky":false,"template":"","format":"standard","meta":{"jetpack_post_was_ever_published":false,"_jetpack_newsletter_access":"","_jetpack_dont_email_post_to_subs":false,"_jetpack_newsletter_tier_id":0,"_jetpack_memberships_contains_paywalled_content":false,"_jetpack_memberships_contains_paid_content":false,"footnotes":"","jetpack_publicize_message":"","jetpack_publicize_feature_enabled":true,"jetpack_social_post_already_shared":true,"jetpack_social_options":{"image_generator_settings":{"template":"highway","default_image_id":0,"font":"","enabled":false},"version":2}},"categories":[453,380,3],"tags":[275,40,285,273,96,38],"class_list":["post-2990","post","type-post","status-publish","format-standard","hentry","category-actualite","category-conscientisation","category-reflexions","tag-art-de-vivre","tag-croissance-personnelle-2","tag-gout-de-vivre","tag-gouter-la-vie","tag-qualite-de-vie","tag-reflexion"],"jetpack_publicize_connections":[],"jetpack_featured_media_url":"","jetpack_shortlink":"https:\/\/wp.me\/p4eY6z-Me","jetpack_sharing_enabled":true,"jetpack_likes_enabled":true,"jetpack-related-posts":[],"_links":{"self":[{"href":"https:\/\/bottesetvelo.com\/blog\/wp-json\/wp\/v2\/posts\/2990","targetHints":{"allow":["GET"]}}],"collection":[{"href":"https:\/\/bottesetvelo.com\/blog\/wp-json\/wp\/v2\/posts"}],"about":[{"href":"https:\/\/bottesetvelo.com\/blog\/wp-json\/wp\/v2\/types\/post"}],"author":[{"embeddable":true,"href":"https:\/\/bottesetvelo.com\/blog\/wp-json\/wp\/v2\/users\/2"}],"replies":[{"embeddable":true,"href":"https:\/\/bottesetvelo.com\/blog\/wp-json\/wp\/v2\/comments?post=2990"}],"version-history":[{"count":5,"href":"https:\/\/bottesetvelo.com\/blog\/wp-json\/wp\/v2\/posts\/2990\/revisions"}],"predecessor-version":[{"id":2998,"href":"https:\/\/bottesetvelo.com\/blog\/wp-json\/wp\/v2\/posts\/2990\/revisions\/2998"}],"wp:attachment":[{"href":"https:\/\/bottesetvelo.com\/blog\/wp-json\/wp\/v2\/media?parent=2990"}],"wp:term":[{"taxonomy":"category","embeddable":true,"href":"https:\/\/bottesetvelo.com\/blog\/wp-json\/wp\/v2\/categories?post=2990"},{"taxonomy":"post_tag","embeddable":true,"href":"https:\/\/bottesetvelo.com\/blog\/wp-json\/wp\/v2\/tags?post=2990"}],"curies":[{"name":"wp","href":"https:\/\/api.w.org\/{rel}","templated":true}]}}