{"id":2967,"date":"2017-03-24T13:12:23","date_gmt":"2017-03-24T17:12:23","guid":{"rendered":"http:\/\/bottesetvelo.com\/blog\/?p=2967"},"modified":"2017-03-24T13:15:56","modified_gmt":"2017-03-24T17:15:56","slug":"marcher-dans-le-vide","status":"publish","type":"post","link":"https:\/\/bottesetvelo.com\/blog\/2017\/03\/24\/marcher-dans-le-vide\/","title":{"rendered":"Marcher dans le vide"},"content":{"rendered":"<h5 style=\"text-align: right;\"><em>L&rsquo;espace d&rsquo;une vie est le m\u00eame, qu&rsquo;on le passe en chantant ou en pleurant. <\/em><br \/>\n<em>Proverbe japonais<\/em><\/h5>\n<p style=\"text-align: justify;\"><strong><span style=\"color: #003366;\">Le vide est l\u2019ingr\u00e9dient incontournable \u00e0 toute cr\u00e9ation. Il est la page blanche de l\u2019\u00e9crivain, la caisse de r\u00e9sonance du tambour, l\u2019espace de libert\u00e9 qu\u2019envahit le danseur, les morceaux de bois que retire le sculpteur, la toile vierge qui attend le premier coup de pinceau. C\u2019est dans cette absence en attente de r\u00e9alisation que peut germer et s\u2019\u00e9panouir une id\u00e9e. Dans cet espace de circulation actuellement libre d\u2019utilisation, ce lieu de passage et de transformation que la mati\u00e8re prendra forme. C\u2019est cet ingr\u00e9dient, invisible, intangible, et souvent insaisissable, que le p\u00e8lerin, parfois m\u00eame sans en avoir conscience, d\u00e9couvre et savoure tout au long de son chemin.<\/span><\/strong><\/p>\n<p style=\"text-align: justify;\"><a href=\"https:\/\/i0.wp.com\/bottesetvelo.com\/blog\/wp-content\/uploads\/2017\/03\/boy-828850_1920.jpg?ssl=1\"><img data-recalc-dims=\"1\" loading=\"lazy\" decoding=\"async\" data-attachment-id=\"2973\" data-permalink=\"https:\/\/bottesetvelo.com\/blog\/2017\/03\/24\/marcher-dans-le-vide\/boy-828850_1920\/\" data-orig-file=\"https:\/\/i0.wp.com\/bottesetvelo.com\/blog\/wp-content\/uploads\/2017\/03\/boy-828850_1920.jpg?fit=1920%2C1080&amp;ssl=1\" data-orig-size=\"1920,1080\" data-comments-opened=\"1\" data-image-meta=\"{&quot;aperture&quot;:&quot;0&quot;,&quot;credit&quot;:&quot;&quot;,&quot;camera&quot;:&quot;&quot;,&quot;caption&quot;:&quot;&quot;,&quot;created_timestamp&quot;:&quot;0&quot;,&quot;copyright&quot;:&quot;&quot;,&quot;focal_length&quot;:&quot;0&quot;,&quot;iso&quot;:&quot;0&quot;,&quot;shutter_speed&quot;:&quot;0&quot;,&quot;title&quot;:&quot;&quot;,&quot;orientation&quot;:&quot;0&quot;}\" data-image-title=\"boy-828850_1920\" data-image-description=\"\" data-image-caption=\"\" data-large-file=\"https:\/\/i0.wp.com\/bottesetvelo.com\/blog\/wp-content\/uploads\/2017\/03\/boy-828850_1920.jpg?fit=1024%2C576&amp;ssl=1\" class=\"wp-image-2973 alignleft\" src=\"https:\/\/i0.wp.com\/bottesetvelo.com\/blog\/wp-content\/uploads\/2017\/03\/boy-828850_1920.jpg?resize=300%2C169&#038;ssl=1\" alt=\"Bottes et V\u00e9lo\" width=\"300\" height=\"169\" srcset=\"https:\/\/i0.wp.com\/bottesetvelo.com\/blog\/wp-content\/uploads\/2017\/03\/boy-828850_1920.jpg?resize=500%2C281&amp;ssl=1 500w, https:\/\/i0.wp.com\/bottesetvelo.com\/blog\/wp-content\/uploads\/2017\/03\/boy-828850_1920.jpg?resize=768%2C432&amp;ssl=1 768w, https:\/\/i0.wp.com\/bottesetvelo.com\/blog\/wp-content\/uploads\/2017\/03\/boy-828850_1920.jpg?resize=1024%2C576&amp;ssl=1 1024w, https:\/\/i0.wp.com\/bottesetvelo.com\/blog\/wp-content\/uploads\/2017\/03\/boy-828850_1920.jpg?w=1920&amp;ssl=1 1920w\" sizes=\"auto, (max-width: 300px) 100vw, 300px\" \/><\/a>La soci\u00e9t\u00e9 dans laquelle nous vivons quotidiennement nous incite \u00e0 acqu\u00e9rir et \u00e0 accumuler bien plus de choses que nous avons r\u00e9ellement besoin. Sans nous en rendre compte, nous en venons \u00e0 adopter la m\u00eame attitude vis-\u00e0-vis de tout ce qui nous entoure, m\u00eame ce qui n\u2019est pas mat\u00e9riel\u00a0: activit\u00e9s, sorties, amis, heures de travail, heures pass\u00e9es \u00e0 prendre soins de nos possessions. Notre temps et notre espace sont surcharg\u00e9s, \u00ab\u00a0bien remplis\u00a0\u00bb dit-on. <strong><span style=\"color: #003366;\">D\u00e8s qu\u2019une case se lib\u00e8re, on ressent l\u2019urgence de la combler.<\/span> <\/strong>Chaque journ\u00e9e est rentabilis\u00e9e, chaque heure voire m\u00eame chaque minute compte pour nous permettre de faire tout ce que nous d\u00e9sirons faire et ce que nous nous sentons oblig\u00e9s de faire. Nous sommes rendus des athl\u00e8tes de haut niveau de la gestion du temps et de l\u2019agenda!<\/p>\n<p style=\"text-align: justify;\">On envie souvent le p\u00e8lerin qui voyage l\u00e9ger. On dit qu\u2019il ne voyage qu\u2019avec son essentiel. Ce qu\u2019on ne suspecte pas c\u2019est que <strong><span style=\"color: #003366;\">celui qui part arpenter les chemins de p\u00e8lerinage, d\u00e9bute r\u00e9ellement <a href=\"https:\/\/i0.wp.com\/bottesetvelo.com\/blog\/wp-content\/uploads\/2017\/03\/towards-1593758_1920.jpg?ssl=1\"><img data-recalc-dims=\"1\" loading=\"lazy\" decoding=\"async\" data-attachment-id=\"2972\" data-permalink=\"https:\/\/bottesetvelo.com\/blog\/2017\/03\/24\/marcher-dans-le-vide\/towards-1593758_1920\/\" data-orig-file=\"https:\/\/i0.wp.com\/bottesetvelo.com\/blog\/wp-content\/uploads\/2017\/03\/towards-1593758_1920.jpg?fit=1920%2C1440&amp;ssl=1\" data-orig-size=\"1920,1440\" data-comments-opened=\"1\" data-image-meta=\"{&quot;aperture&quot;:&quot;5.6&quot;,&quot;credit&quot;:&quot;&quot;,&quot;camera&quot;:&quot;DMC-FX07&quot;,&quot;caption&quot;:&quot;&quot;,&quot;created_timestamp&quot;:&quot;0&quot;,&quot;copyright&quot;:&quot;&quot;,&quot;focal_length&quot;:&quot;16.8&quot;,&quot;iso&quot;:&quot;100&quot;,&quot;shutter_speed&quot;:&quot;0.0166666666667&quot;,&quot;title&quot;:&quot;&quot;,&quot;orientation&quot;:&quot;0&quot;}\" data-image-title=\"towards-1593758_1920\" data-image-description=\"\" data-image-caption=\"\" data-large-file=\"https:\/\/i0.wp.com\/bottesetvelo.com\/blog\/wp-content\/uploads\/2017\/03\/towards-1593758_1920.jpg?fit=1024%2C768&amp;ssl=1\" class=\"wp-image-2972 alignright\" src=\"https:\/\/i0.wp.com\/bottesetvelo.com\/blog\/wp-content\/uploads\/2017\/03\/towards-1593758_1920.jpg?resize=300%2C225&#038;ssl=1\" alt=\"Bottes et V\u00e9lo\" width=\"300\" height=\"225\" srcset=\"https:\/\/i0.wp.com\/bottesetvelo.com\/blog\/wp-content\/uploads\/2017\/03\/towards-1593758_1920.jpg?resize=500%2C375&amp;ssl=1 500w, https:\/\/i0.wp.com\/bottesetvelo.com\/blog\/wp-content\/uploads\/2017\/03\/towards-1593758_1920.jpg?resize=768%2C576&amp;ssl=1 768w, https:\/\/i0.wp.com\/bottesetvelo.com\/blog\/wp-content\/uploads\/2017\/03\/towards-1593758_1920.jpg?resize=1024%2C768&amp;ssl=1 1024w, https:\/\/i0.wp.com\/bottesetvelo.com\/blog\/wp-content\/uploads\/2017\/03\/towards-1593758_1920.jpg?w=1920&amp;ssl=1 1920w\" sizes=\"auto, (max-width: 300px) 100vw, 300px\" \/><\/a>son voyage avec deux gros bagages.<\/span><\/strong> Le premier, son sac \u00e0 dos, a \u00e9t\u00e9 pens\u00e9 et \u00e9lagu\u00e9 bien avant le d\u00e9part. Et pourtant, notre p\u00e8lerin passera plusieurs kilom\u00e8tres \u00e0 le reconsid\u00e9rer et \u00e0 se le personnaliser en fonction de ses propres besoins jug\u00e9s essentiels. L\u2019autre bagage, celui dont on ne parle que tr\u00e8s rarement, c\u2019est tout le contenu de notre t\u00eate, cette incessante cogitation qui nous habite et agite nos pens\u00e9es. Ce bagage-l\u00e0, bien souvent, le p\u00e8lerin l\u2019apportera int\u00e9gralement avec lui.<\/p>\n<p style=\"text-align: justify;\">Le calme et la simplicit\u00e9 du voyage p\u00e8lerin mettra rapidement en relief le rythme effr\u00e9n\u00e9 du tourbillonnement des pens\u00e9es du p\u00e8lerin fra\u00eechement arriv\u00e9 sur le chemin. Graduellement, jour apr\u00e8s jour, le p\u00e8lerin s\u2019adapte \u00e0 sa nouvelle r\u00e9alit\u00e9 et d\u00e9sengorge le trafic de calculs et de r\u00e9flexions d\u2019orchestration et de gestion qui caden\u00e7ait ses journ\u00e9es. Il all\u00e8ge son sac \u00e0 dos et lib\u00e8re son esprit. Il ralentit, se d\u00e9sencombre. Lib\u00e9r\u00e9 des charges de son emploi, des obligations de la maison, des exigences des relations, de l\u2019urgence de tout vivre, de la pression du para\u00eetre, il fait de l\u2019espace jusqu\u2019\u00e0 se surprendre un jour \u00e0 ne plus penser \u00e0 rien. Il d\u00e9couvre alors le plaisir de ce vide int\u00e9rieur qui permet d\u2019\u00eatre pleinement pr\u00e9sent \u00e0 ce qu\u2019il vit. Il savoure la libert\u00e9 de cette page blanche qui lui permet simplement d\u2019\u00eatre. Il se demande parfois m\u00eame comment il pourrait am\u00e9nager son quotidien pour s&rsquo;offrir un petit peu de ce vide r\u00e9guli\u00e8rement. Car au retour, le train-train qui file nous emporte bien vite \u00e0 son bord. S&rsquo;arr\u00eater et s&rsquo;offrir une page blanche devient souvent un d\u00e9fi \u00e0 r\u00e9aliser.<\/p>\n<p style=\"text-align: justify;\"><strong><span style=\"color: #003366;\"><a href=\"https:\/\/i0.wp.com\/bottesetvelo.com\/blog\/wp-content\/uploads\/2017\/03\/egg-1600502_1920.jpg?ssl=1\"><img data-recalc-dims=\"1\" loading=\"lazy\" decoding=\"async\" data-attachment-id=\"2969\" data-permalink=\"https:\/\/bottesetvelo.com\/blog\/2017\/03\/24\/marcher-dans-le-vide\/egg-1600502_1920\/\" data-orig-file=\"https:\/\/i0.wp.com\/bottesetvelo.com\/blog\/wp-content\/uploads\/2017\/03\/egg-1600502_1920.jpg?fit=1920%2C1280&amp;ssl=1\" data-orig-size=\"1920,1280\" data-comments-opened=\"1\" data-image-meta=\"{&quot;aperture&quot;:&quot;9&quot;,&quot;credit&quot;:&quot;&quot;,&quot;camera&quot;:&quot;NIKON D5200&quot;,&quot;caption&quot;:&quot;&quot;,&quot;created_timestamp&quot;:&quot;0&quot;,&quot;copyright&quot;:&quot;&quot;,&quot;focal_length&quot;:&quot;260&quot;,&quot;iso&quot;:&quot;100&quot;,&quot;shutter_speed&quot;:&quot;0.00125&quot;,&quot;title&quot;:&quot;&quot;,&quot;orientation&quot;:&quot;0&quot;}\" data-image-title=\"egg-1600502_1920\" data-image-description=\"\" data-image-caption=\"\" data-large-file=\"https:\/\/i0.wp.com\/bottesetvelo.com\/blog\/wp-content\/uploads\/2017\/03\/egg-1600502_1920.jpg?fit=1024%2C683&amp;ssl=1\" class=\"wp-image-2969 alignleft\" src=\"https:\/\/i0.wp.com\/bottesetvelo.com\/blog\/wp-content\/uploads\/2017\/03\/egg-1600502_1920.jpg?resize=300%2C200&#038;ssl=1\" alt=\"Bottes et V\u00e9lo\" width=\"300\" height=\"200\" srcset=\"https:\/\/i0.wp.com\/bottesetvelo.com\/blog\/wp-content\/uploads\/2017\/03\/egg-1600502_1920.jpg?resize=500%2C333&amp;ssl=1 500w, https:\/\/i0.wp.com\/bottesetvelo.com\/blog\/wp-content\/uploads\/2017\/03\/egg-1600502_1920.jpg?resize=768%2C512&amp;ssl=1 768w, https:\/\/i0.wp.com\/bottesetvelo.com\/blog\/wp-content\/uploads\/2017\/03\/egg-1600502_1920.jpg?resize=1024%2C683&amp;ssl=1 1024w, https:\/\/i0.wp.com\/bottesetvelo.com\/blog\/wp-content\/uploads\/2017\/03\/egg-1600502_1920.jpg?w=1920&amp;ssl=1 1920w\" sizes=\"auto, (max-width: 300px) 100vw, 300px\" \/><\/a>Le p\u00e8lerinage est un temps de vide temporaire<\/span><\/strong> qui permet \u00e0 l\u2019individu d\u2019enlever tous les chapeaux, les masques, les costumes qu\u2019il porte, d\u2019arr\u00eater l\u2019incessante roue du faire et de l\u2019avoir. Cet espace de libert\u00e9 de mouvement offre la possibilit\u00e9 d\u2019afficher ses vraies couleurs et de jouer sa propre musique, celle qui anime r\u00e9ellement sa vie int\u00e9rieure. Il offre un espace vierge o\u00f9 chacun a l\u2019opportunit\u00e9 de s\u2019actualiser, de d\u00e9couvrir ce qui cherche \u00e0 germer en lui. L\u2019espace et le temps sont essentiels \u00e0 la cr\u00e9ation. En ce d\u00e9but de printemps o\u00f9 tout est appel\u00e9 \u00e0 rena\u00eetre, ne n\u00e9gligeons pas l\u2019importance du grand m\u00e9nage!<\/p>\n<p style=\"text-align: justify;\">Brigitte Harouni<a href=\"https:\/\/i0.wp.com\/bottesetvelo.com\/blog\/wp-content\/uploads\/2014\/01\/Bottes-et-V%C3%A9lo-Embl%C3%AAme-e1454083414631.jpg?ssl=1\"><img data-recalc-dims=\"1\" loading=\"lazy\" decoding=\"async\" data-attachment-id=\"14\" data-permalink=\"https:\/\/bottesetvelo.com\/blog\/bottes-et-velo-le-blog\/bottes-et-velo-embleme\/\" data-orig-file=\"https:\/\/i0.wp.com\/bottesetvelo.com\/blog\/wp-content\/uploads\/2014\/01\/Bottes-et-V%C3%A9lo-Embl%C3%AAme-e1454083414631.jpg?fit=100%2C79&amp;ssl=1\" data-orig-size=\"100,79\" data-comments-opened=\"1\" data-image-meta=\"{&quot;aperture&quot;:&quot;0&quot;,&quot;credit&quot;:&quot;&quot;,&quot;camera&quot;:&quot;&quot;,&quot;caption&quot;:&quot;&quot;,&quot;created_timestamp&quot;:&quot;0&quot;,&quot;copyright&quot;:&quot;&quot;,&quot;focal_length&quot;:&quot;0&quot;,&quot;iso&quot;:&quot;0&quot;,&quot;shutter_speed&quot;:&quot;0&quot;,&quot;title&quot;:&quot;&quot;}\" data-image-title=\"Bottes et V\u00e9lo &amp;#8211; Embl\u00eame\" data-image-description=\"\" data-image-caption=\"\" data-large-file=\"https:\/\/i0.wp.com\/bottesetvelo.com\/blog\/wp-content\/uploads\/2014\/01\/Bottes-et-V%C3%A9lo-Embl%C3%AAme-e1454083414631.jpg?fit=100%2C79&amp;ssl=1\" class=\"wp-image-14 alignright\" src=\"https:\/\/i0.wp.com\/bottesetvelo.com\/blog\/wp-content\/uploads\/2014\/01\/Bottes-et-V%C3%A9lo-Embl%C3%AAme.jpg?resize=50%2C39&#038;ssl=1\" alt=\"\" width=\"50\" height=\"39\" \/><\/a><\/p>\n","protected":false},"excerpt":{"rendered":"<p>L&rsquo;espace d&rsquo;une vie est le m\u00eame, qu&rsquo;on le passe en chantant ou en pleurant. Proverbe japonais Le vide est l\u2019ingr\u00e9dient incontournable \u00e0 toute cr\u00e9ation. Il est la page blanche de l\u2019\u00e9crivain, la caisse de r\u00e9sonance du tambour, l\u2019espace de libert\u00e9 qu\u2019envahit le danseur, les morceaux de bois que retire le sculpteur, la toile vierge qui&hellip;<\/p>\n","protected":false},"author":2,"featured_media":0,"comment_status":"open","ping_status":"open","sticky":false,"template":"","format":"standard","meta":{"jetpack_post_was_ever_published":false,"_jetpack_newsletter_access":"","_jetpack_dont_email_post_to_subs":true,"_jetpack_newsletter_tier_id":0,"_jetpack_memberships_contains_paywalled_content":false,"_jetpack_memberships_contains_paid_content":false,"footnotes":"","jetpack_publicize_message":"","jetpack_publicize_feature_enabled":true,"jetpack_social_post_already_shared":true,"jetpack_social_options":{"image_generator_settings":{"template":"highway","default_image_id":0,"font":"","enabled":false},"version":2}},"categories":[379,380,345,171],"tags":[275,40,285,13,151,96,94],"class_list":["post-2967","post","type-post","status-publish","format-standard","hentry","category-chemin-de-transformation","category-conscientisation","category-culture-de-consommation","category-pelerinage","tag-art-de-vivre","tag-croissance-personnelle-2","tag-gout-de-vivre","tag-pelerinage","tag-prendre-le-temps","tag-qualite-de-vie","tag-vivre-simplement"],"jetpack_publicize_connections":[],"jetpack_featured_media_url":"","jetpack_shortlink":"https:\/\/wp.me\/p4eY6z-LR","jetpack_sharing_enabled":true,"jetpack_likes_enabled":true,"jetpack-related-posts":[],"_links":{"self":[{"href":"https:\/\/bottesetvelo.com\/blog\/wp-json\/wp\/v2\/posts\/2967","targetHints":{"allow":["GET"]}}],"collection":[{"href":"https:\/\/bottesetvelo.com\/blog\/wp-json\/wp\/v2\/posts"}],"about":[{"href":"https:\/\/bottesetvelo.com\/blog\/wp-json\/wp\/v2\/types\/post"}],"author":[{"embeddable":true,"href":"https:\/\/bottesetvelo.com\/blog\/wp-json\/wp\/v2\/users\/2"}],"replies":[{"embeddable":true,"href":"https:\/\/bottesetvelo.com\/blog\/wp-json\/wp\/v2\/comments?post=2967"}],"version-history":[{"count":5,"href":"https:\/\/bottesetvelo.com\/blog\/wp-json\/wp\/v2\/posts\/2967\/revisions"}],"predecessor-version":[{"id":2975,"href":"https:\/\/bottesetvelo.com\/blog\/wp-json\/wp\/v2\/posts\/2967\/revisions\/2975"}],"wp:attachment":[{"href":"https:\/\/bottesetvelo.com\/blog\/wp-json\/wp\/v2\/media?parent=2967"}],"wp:term":[{"taxonomy":"category","embeddable":true,"href":"https:\/\/bottesetvelo.com\/blog\/wp-json\/wp\/v2\/categories?post=2967"},{"taxonomy":"post_tag","embeddable":true,"href":"https:\/\/bottesetvelo.com\/blog\/wp-json\/wp\/v2\/tags?post=2967"}],"curies":[{"name":"wp","href":"https:\/\/api.w.org\/{rel}","templated":true}]}}