{"id":2930,"date":"2017-02-24T13:39:18","date_gmt":"2017-02-24T18:39:18","guid":{"rendered":"http:\/\/bottesetvelo.com\/blog\/?p=2930"},"modified":"2017-02-24T13:39:18","modified_gmt":"2017-02-24T18:39:18","slug":"pour-que-les-bottines-suivent-les-babines","status":"publish","type":"post","link":"https:\/\/bottesetvelo.com\/blog\/2017\/02\/24\/pour-que-les-bottines-suivent-les-babines\/","title":{"rendered":"Pour que les bottines suivent les babines"},"content":{"rendered":"<h5 style=\"text-align: right;\"><em>Dans le p\u00e8lerinage, on ne peut pas \u00eatre un autre que soi : on ne peut pas jouer un personnage,<\/em><br \/>\n<em> c&rsquo;est la v\u00e9rit\u00e9 de l&rsquo;\u00eatre qui \u00e9merge.<\/em><br \/>\n<em> Norbert-Marie Sonnier<\/em><\/h5>\n<p style=\"text-align: justify;\"><strong><span style=\"color: #003366;\">Depuis les derni\u00e8res ann\u00e9es, plusieurs r\u00e9cits de p\u00e8lerin sont apparus dans les librairies. Carnets de voyage, bandes dessin\u00e9es, recueils de pens\u00e9es p\u00e8lerines agr\u00e9ment\u00e9es de photos du chemin. On observe aussi l\u2019\u00e9mergence de cin\u00e9-conf\u00e9rences pour partager cette exp\u00e9rience. La forme varie, mais l\u2019essence du message demeure la m\u00eame\u00a0: ce besoin de se raconter. Pourquoi? Pour qui?<\/span><\/strong><\/p>\n<p style=\"text-align: justify;\"><a href=\"https:\/\/i0.wp.com\/bottesetvelo.com\/blog\/wp-content\/uploads\/2017\/02\/man-1454744_1920.jpg?ssl=1\"><img data-recalc-dims=\"1\" loading=\"lazy\" decoding=\"async\" data-attachment-id=\"2931\" data-permalink=\"https:\/\/bottesetvelo.com\/blog\/2017\/02\/24\/pour-que-les-bottines-suivent-les-babines\/man-1454744_1920\/\" data-orig-file=\"https:\/\/i0.wp.com\/bottesetvelo.com\/blog\/wp-content\/uploads\/2017\/02\/man-1454744_1920.jpg?fit=1920%2C1279&amp;ssl=1\" data-orig-size=\"1920,1279\" data-comments-opened=\"1\" data-image-meta=\"{&quot;aperture&quot;:&quot;0&quot;,&quot;credit&quot;:&quot;&quot;,&quot;camera&quot;:&quot;&quot;,&quot;caption&quot;:&quot;&quot;,&quot;created_timestamp&quot;:&quot;0&quot;,&quot;copyright&quot;:&quot;&quot;,&quot;focal_length&quot;:&quot;0&quot;,&quot;iso&quot;:&quot;0&quot;,&quot;shutter_speed&quot;:&quot;0&quot;,&quot;title&quot;:&quot;&quot;,&quot;orientation&quot;:&quot;0&quot;}\" data-image-title=\"Bottes et V\u00e9lo\" data-image-description=\"\" data-image-caption=\"\" data-large-file=\"https:\/\/i0.wp.com\/bottesetvelo.com\/blog\/wp-content\/uploads\/2017\/02\/man-1454744_1920.jpg?fit=1024%2C682&amp;ssl=1\" class=\"wp-image-2931 alignright\" src=\"https:\/\/i0.wp.com\/bottesetvelo.com\/blog\/wp-content\/uploads\/2017\/02\/man-1454744_1920.jpg?resize=300%2C200&#038;ssl=1\" width=\"300\" height=\"200\" srcset=\"https:\/\/i0.wp.com\/bottesetvelo.com\/blog\/wp-content\/uploads\/2017\/02\/man-1454744_1920.jpg?resize=500%2C333&amp;ssl=1 500w, https:\/\/i0.wp.com\/bottesetvelo.com\/blog\/wp-content\/uploads\/2017\/02\/man-1454744_1920.jpg?resize=768%2C512&amp;ssl=1 768w, https:\/\/i0.wp.com\/bottesetvelo.com\/blog\/wp-content\/uploads\/2017\/02\/man-1454744_1920.jpg?resize=1024%2C682&amp;ssl=1 1024w, https:\/\/i0.wp.com\/bottesetvelo.com\/blog\/wp-content\/uploads\/2017\/02\/man-1454744_1920.jpg?w=1920&amp;ssl=1 1920w\" sizes=\"auto, (max-width: 300px) 100vw, 300px\" \/><\/a>Dans l\u2019essentiel du p\u00e8lerin, tr\u00e8s souvent, on retrouve un carnet et un crayon. L\u2019\u00e9criture de ce carnet de voyage s\u2019ins\u00e8re rapidement dans la routine de la journ\u00e9e. Certains y notent des faits et des anecdotes de la route, d\u2019autres y griffonnent des croquis d\u2019\u00e9l\u00e9ments symboliques ou marquants de leur parcours, et d\u2019autres vont y noter des r\u00e9flexions plus intimes et profondes qui \u00e9mergent de leur chemin int\u00e9rieur.<\/p>\n<p style=\"text-align: justify;\">Chaque jour de marche, chaque pas, transforme le p\u00e8lerin. Cette longue route parsem\u00e9e de longues p\u00e9riodes de silence en solitaire et de temps de partages et de plaisirs communautaires est propice \u00e0 l\u2019introspection et au questionnement. \u00c9crire permet de prendre du recul et de poser notre pens\u00e9e. \u00c9crire, c\u2019est tenter de concr\u00e9tiser et de retenir des souvenirs, des sensations, un sentiment. Et lorsque l\u2019\u00e9criture va au-del\u00e0 du simple rapport d\u2019\u00e9v\u00e9nements, le p\u00e8lerin avance alors sur son chemin int\u00e9rieur avec plus de clart\u00e9, plus de v\u00e9rit\u00e9. <strong><span style=\"color: #003366;\">L\u2019intimit\u00e9 de cet espace d\u2019actualisation de la pens\u00e9e offre une libert\u00e9 d\u2019expression qui encourage l\u2019authenticit\u00e9 des propos.<\/span> <\/strong>Plus le p\u00e8lerin s\u2019\u00e9crit en franchise, plus il d\u00e9finit et \u00e9claire sa voie int\u00e9rieure. Un d\u00e9fi aussi exigeant que celui impos\u00e9 par l\u2019\u00e9preuve physique du chemin r\u00e9el.<\/p>\n<p style=\"text-align: justify;\"><a href=\"https:\/\/i0.wp.com\/bottesetvelo.com\/blog\/wp-content\/uploads\/2017\/02\/2016-06-18-20.39.08.jpg?ssl=1\"><img data-recalc-dims=\"1\" loading=\"lazy\" decoding=\"async\" data-attachment-id=\"2932\" data-permalink=\"https:\/\/bottesetvelo.com\/blog\/2017\/02\/24\/pour-que-les-bottines-suivent-les-babines\/2016-06-18-20-39-08-2\/\" data-orig-file=\"https:\/\/i0.wp.com\/bottesetvelo.com\/blog\/wp-content\/uploads\/2017\/02\/2016-06-18-20.39.08.jpg?fit=2560%2C1440&amp;ssl=1\" data-orig-size=\"2560,1440\" data-comments-opened=\"1\" data-image-meta=\"{&quot;aperture&quot;:&quot;2.2&quot;,&quot;credit&quot;:&quot;&quot;,&quot;camera&quot;:&quot;SM-A500W&quot;,&quot;caption&quot;:&quot;&quot;,&quot;created_timestamp&quot;:&quot;1466282348&quot;,&quot;copyright&quot;:&quot;&quot;,&quot;focal_length&quot;:&quot;1.92&quot;,&quot;iso&quot;:&quot;150&quot;,&quot;shutter_speed&quot;:&quot;0.04&quot;,&quot;title&quot;:&quot;&quot;,&quot;orientation&quot;:&quot;1&quot;}\" data-image-title=\"Bottes et V\u00e9lo &amp;#8211; Chemin Kamouraska\" data-image-description=\"\" data-image-caption=\"\" data-large-file=\"https:\/\/i0.wp.com\/bottesetvelo.com\/blog\/wp-content\/uploads\/2017\/02\/2016-06-18-20.39.08.jpg?fit=1024%2C576&amp;ssl=1\" class=\"wp-image-2932 alignleft\" src=\"https:\/\/i0.wp.com\/bottesetvelo.com\/blog\/wp-content\/uploads\/2017\/02\/2016-06-18-20.39.08.jpg?resize=300%2C169&#038;ssl=1\" width=\"300\" height=\"169\" srcset=\"https:\/\/i0.wp.com\/bottesetvelo.com\/blog\/wp-content\/uploads\/2017\/02\/2016-06-18-20.39.08.jpg?resize=500%2C281&amp;ssl=1 500w, https:\/\/i0.wp.com\/bottesetvelo.com\/blog\/wp-content\/uploads\/2017\/02\/2016-06-18-20.39.08.jpg?resize=768%2C432&amp;ssl=1 768w, https:\/\/i0.wp.com\/bottesetvelo.com\/blog\/wp-content\/uploads\/2017\/02\/2016-06-18-20.39.08.jpg?resize=1024%2C576&amp;ssl=1 1024w, https:\/\/i0.wp.com\/bottesetvelo.com\/blog\/wp-content\/uploads\/2017\/02\/2016-06-18-20.39.08.jpg?w=2340&amp;ssl=1 2340w\" sizes=\"auto, (max-width: 300px) 100vw, 300px\" \/><\/a>Celui qui revient de p\u00e8lerinage, celui qui s\u2019est senti transform\u00e9 par cette exp\u00e9rience qui l\u2019a touch\u00e9, l\u2019a d\u00e9pass\u00e9, ressent le d\u00e9sir de partager avec ses proches ce v\u00e9cu. Malheureusement, comme le dit \u00c9ric-Emmanuel Schmitt: \u00ab\u00a0Le langage a \u00e9t\u00e9 invent\u00e9 pour d\u00e9crire le visible, pas l\u2019invisible\u00a0\u00bb. Et <strong><span style=\"color: #003366;\">c\u2019est cet invisible que le p\u00e8lerin tente de raconter<\/span><\/strong>, mais que souvent peu de gens de son entourage vont saisir. Pour plusieurs qui n\u2019ont pas fait de p\u00e8lerinage, c\u2019est un voyage comme les autres que l\u2019on fait cependant \u00e0 pied. Toute la dimension du chemin int\u00e9rieur demeure trop abstraite pour celui qui ne l\u2019a pas v\u00e9cu. Elle est pourtant essentielle pour comprendre que le p\u00e8lerin qui se raconte, souvent parle de cet \u00eatre en lui qui est en train de rena\u00eetre; de ce calme <a href=\"https:\/\/i0.wp.com\/bottesetvelo.com\/blog\/wp-content\/uploads\/2017\/02\/vue_teaser.jpg?ssl=1\"><img data-recalc-dims=\"1\" loading=\"lazy\" decoding=\"async\" data-attachment-id=\"2933\" data-permalink=\"https:\/\/bottesetvelo.com\/blog\/2017\/02\/24\/pour-que-les-bottines-suivent-les-babines\/vue_teaser\/\" data-orig-file=\"https:\/\/i0.wp.com\/bottesetvelo.com\/blog\/wp-content\/uploads\/2017\/02\/vue_teaser.jpg?fit=960%2C639&amp;ssl=1\" data-orig-size=\"960,639\" data-comments-opened=\"1\" data-image-meta=\"{&quot;aperture&quot;:&quot;0&quot;,&quot;credit&quot;:&quot;&quot;,&quot;camera&quot;:&quot;&quot;,&quot;caption&quot;:&quot;&quot;,&quot;created_timestamp&quot;:&quot;0&quot;,&quot;copyright&quot;:&quot;&quot;,&quot;focal_length&quot;:&quot;0&quot;,&quot;iso&quot;:&quot;0&quot;,&quot;shutter_speed&quot;:&quot;0&quot;,&quot;title&quot;:&quot;&quot;,&quot;orientation&quot;:&quot;0&quot;}\" data-image-title=\"vue_teaser\" data-image-description=\"\" data-image-caption=\"\" data-large-file=\"https:\/\/i0.wp.com\/bottesetvelo.com\/blog\/wp-content\/uploads\/2017\/02\/vue_teaser.jpg?fit=960%2C639&amp;ssl=1\" class=\"alignnone size-medium wp-image-2933 hsnfgutitkmmwtwfevuk\" src=\"https:\/\/i0.wp.com\/bottesetvelo.com\/blog\/wp-content\/uploads\/2017\/02\/vue_teaser.jpg?resize=500%2C333&#038;ssl=1\" alt=\"\" width=\"500\" height=\"333\" srcset=\"https:\/\/i0.wp.com\/bottesetvelo.com\/blog\/wp-content\/uploads\/2017\/02\/vue_teaser.jpg?resize=500%2C333&amp;ssl=1 500w, https:\/\/i0.wp.com\/bottesetvelo.com\/blog\/wp-content\/uploads\/2017\/02\/vue_teaser.jpg?resize=768%2C511&amp;ssl=1 768w, https:\/\/i0.wp.com\/bottesetvelo.com\/blog\/wp-content\/uploads\/2017\/02\/vue_teaser.jpg?w=960&amp;ssl=1 960w\" sizes=\"auto, (max-width: 500px) 100vw, 500px\" \/><\/a> <a href=\"https:\/\/i0.wp.com\/bottesetvelo.com\/blog\/wp-content\/uploads\/2017\/02\/alpine-2042669_1920.jpg?ssl=1\"><img data-recalc-dims=\"1\" loading=\"lazy\" decoding=\"async\" data-attachment-id=\"2935\" data-permalink=\"https:\/\/bottesetvelo.com\/blog\/2017\/02\/24\/pour-que-les-bottines-suivent-les-babines\/alpine-2042669_1920\/\" data-orig-file=\"https:\/\/i0.wp.com\/bottesetvelo.com\/blog\/wp-content\/uploads\/2017\/02\/alpine-2042669_1920.jpg?fit=1920%2C1320&amp;ssl=1\" data-orig-size=\"1920,1320\" data-comments-opened=\"1\" data-image-meta=\"{&quot;aperture&quot;:&quot;8&quot;,&quot;credit&quot;:&quot;&quot;,&quot;camera&quot;:&quot;NIKON D3000&quot;,&quot;caption&quot;:&quot;&quot;,&quot;created_timestamp&quot;:&quot;0&quot;,&quot;copyright&quot;:&quot;&quot;,&quot;focal_length&quot;:&quot;55&quot;,&quot;iso&quot;:&quot;100&quot;,&quot;shutter_speed&quot;:&quot;0.004&quot;,&quot;title&quot;:&quot;&quot;,&quot;orientation&quot;:&quot;0&quot;}\" data-image-title=\"Bottes et V\u00e9lo\" data-image-description=\"\" data-image-caption=\"\" data-large-file=\"https:\/\/i0.wp.com\/bottesetvelo.com\/blog\/wp-content\/uploads\/2017\/02\/alpine-2042669_1920.jpg?fit=1024%2C704&amp;ssl=1\" class=\"wp-image-2935 alignright\" src=\"https:\/\/i0.wp.com\/bottesetvelo.com\/blog\/wp-content\/uploads\/2017\/02\/alpine-2042669_1920.jpg?resize=300%2C206&#038;ssl=1\" width=\"300\" height=\"206\" srcset=\"https:\/\/i0.wp.com\/bottesetvelo.com\/blog\/wp-content\/uploads\/2017\/02\/alpine-2042669_1920.jpg?resize=500%2C344&amp;ssl=1 500w, https:\/\/i0.wp.com\/bottesetvelo.com\/blog\/wp-content\/uploads\/2017\/02\/alpine-2042669_1920.jpg?resize=768%2C528&amp;ssl=1 768w, https:\/\/i0.wp.com\/bottesetvelo.com\/blog\/wp-content\/uploads\/2017\/02\/alpine-2042669_1920.jpg?resize=1024%2C704&amp;ssl=1 1024w, https:\/\/i0.wp.com\/bottesetvelo.com\/blog\/wp-content\/uploads\/2017\/02\/alpine-2042669_1920.jpg?w=1920&amp;ssl=1 1920w\" sizes=\"auto, (max-width: 300px) 100vw, 300px\" \/><\/a>qui l\u2019a habit\u00e9 et qu\u2019il esp\u00e8re pouvoir conserver malgr\u00e9 les pressions ext\u00e9rieures du monde dans lequel il revient.<\/p>\n<p style=\"text-align: justify;\"><strong><span style=\"color: #003366;\">La puissance de l\u2019exp\u00e9rience p\u00e8lerine r\u00e9side dans la synergie qui existe entre le chemin parcouru physiquement et le chemin int\u00e9rieur<\/span><\/strong> parsem\u00e9 de questionnements, d\u2019observations, et d\u2019auto\u00e9valuations. Se raconter ou s\u2019\u00e9crire, c\u2019est avant tout un discours avec et envers soi-m\u00eame. C\u2019est chercher \u00e0 saisir cet insaisissable qui nous habite maintenant, dans l\u2019espoir de le comprendre davantage, dans l\u2019espoir de faire durer les bienfaits du p\u00e8lerinage, malgr\u00e9 le retour \u00e0 la maison. Se raconter, c\u2019est continuer ce discours int\u00e9rieur que le silence du chemin a permis de faire na\u00eetre pour continuer de cheminer avec soi-m\u00eame en toute franchise, sur cette nouvelle voie qui nous correspond mieux.<\/p>\n<p style=\"text-align: justify;\">Brigitte Harouni<a href=\"https:\/\/i0.wp.com\/bottesetvelo.com\/blog\/wp-content\/uploads\/2014\/01\/Bottes-et-V%C3%A9lo-Embl%C3%AAme-e1454083414631.jpg?ssl=1\"><img data-recalc-dims=\"1\" loading=\"lazy\" decoding=\"async\" data-attachment-id=\"14\" data-permalink=\"https:\/\/bottesetvelo.com\/blog\/bottes-et-velo-le-blog\/bottes-et-velo-embleme\/\" data-orig-file=\"https:\/\/i0.wp.com\/bottesetvelo.com\/blog\/wp-content\/uploads\/2014\/01\/Bottes-et-V%C3%A9lo-Embl%C3%AAme-e1454083414631.jpg?fit=100%2C79&amp;ssl=1\" data-orig-size=\"100,79\" data-comments-opened=\"1\" data-image-meta=\"{&quot;aperture&quot;:&quot;0&quot;,&quot;credit&quot;:&quot;&quot;,&quot;camera&quot;:&quot;&quot;,&quot;caption&quot;:&quot;&quot;,&quot;created_timestamp&quot;:&quot;0&quot;,&quot;copyright&quot;:&quot;&quot;,&quot;focal_length&quot;:&quot;0&quot;,&quot;iso&quot;:&quot;0&quot;,&quot;shutter_speed&quot;:&quot;0&quot;,&quot;title&quot;:&quot;&quot;}\" data-image-title=\"Bottes et V\u00e9lo &amp;#8211; Embl\u00eame\" data-image-description=\"\" data-image-caption=\"\" data-large-file=\"https:\/\/i0.wp.com\/bottesetvelo.com\/blog\/wp-content\/uploads\/2014\/01\/Bottes-et-V%C3%A9lo-Embl%C3%AAme-e1454083414631.jpg?fit=100%2C79&amp;ssl=1\" class=\"wp-image-14 alignright\" src=\"https:\/\/i0.wp.com\/bottesetvelo.com\/blog\/wp-content\/uploads\/2014\/01\/Bottes-et-V%C3%A9lo-Embl%C3%AAme.jpg?resize=50%2C39&#038;ssl=1\" alt=\"\" width=\"50\" height=\"39\" \/><\/a><\/p>\n","protected":false},"excerpt":{"rendered":"<p>Dans le p\u00e8lerinage, on ne peut pas \u00eatre un autre que soi : on ne peut pas jouer un personnage, c&rsquo;est la v\u00e9rit\u00e9 de l&rsquo;\u00eatre qui \u00e9merge. Norbert-Marie Sonnier Depuis les derni\u00e8res ann\u00e9es, plusieurs r\u00e9cits de p\u00e8lerin sont apparus dans les librairies. Carnets de voyage, bandes dessin\u00e9es, recueils de pens\u00e9es p\u00e8lerines agr\u00e9ment\u00e9es de photos du&hellip;<\/p>\n","protected":false},"author":2,"featured_media":0,"comment_status":"open","ping_status":"open","sticky":false,"template":"","format":"standard","meta":{"jetpack_post_was_ever_published":false,"_jetpack_newsletter_access":"","_jetpack_dont_email_post_to_subs":false,"_jetpack_newsletter_tier_id":0,"_jetpack_memberships_contains_paywalled_content":false,"_jetpack_memberships_contains_paid_content":false,"footnotes":"","jetpack_publicize_message":"","jetpack_publicize_feature_enabled":true,"jetpack_social_post_already_shared":true,"jetpack_social_options":{"image_generator_settings":{"template":"highway","default_image_id":0,"font":"","enabled":false},"version":2}},"categories":[52,50,379,171,381],"tags":[275,40,168,192,38,94],"class_list":["post-2930","post","type-post","status-publish","format-standard","hentry","category-alternatives-de-vie","category-art-de-vivre","category-chemin-de-transformation","category-pelerinage","category-transformation","tag-art-de-vivre","tag-croissance-personnelle-2","tag-demarche-du-pelerin","tag-quete-spirituelle","tag-reflexion","tag-vivre-simplement"],"jetpack_publicize_connections":[],"jetpack_featured_media_url":"","jetpack_shortlink":"https:\/\/wp.me\/p4eY6z-Lg","jetpack_sharing_enabled":true,"jetpack_likes_enabled":true,"jetpack-related-posts":[],"_links":{"self":[{"href":"https:\/\/bottesetvelo.com\/blog\/wp-json\/wp\/v2\/posts\/2930","targetHints":{"allow":["GET"]}}],"collection":[{"href":"https:\/\/bottesetvelo.com\/blog\/wp-json\/wp\/v2\/posts"}],"about":[{"href":"https:\/\/bottesetvelo.com\/blog\/wp-json\/wp\/v2\/types\/post"}],"author":[{"embeddable":true,"href":"https:\/\/bottesetvelo.com\/blog\/wp-json\/wp\/v2\/users\/2"}],"replies":[{"embeddable":true,"href":"https:\/\/bottesetvelo.com\/blog\/wp-json\/wp\/v2\/comments?post=2930"}],"version-history":[{"count":1,"href":"https:\/\/bottesetvelo.com\/blog\/wp-json\/wp\/v2\/posts\/2930\/revisions"}],"predecessor-version":[{"id":2936,"href":"https:\/\/bottesetvelo.com\/blog\/wp-json\/wp\/v2\/posts\/2930\/revisions\/2936"}],"wp:attachment":[{"href":"https:\/\/bottesetvelo.com\/blog\/wp-json\/wp\/v2\/media?parent=2930"}],"wp:term":[{"taxonomy":"category","embeddable":true,"href":"https:\/\/bottesetvelo.com\/blog\/wp-json\/wp\/v2\/categories?post=2930"},{"taxonomy":"post_tag","embeddable":true,"href":"https:\/\/bottesetvelo.com\/blog\/wp-json\/wp\/v2\/tags?post=2930"}],"curies":[{"name":"wp","href":"https:\/\/api.w.org\/{rel}","templated":true}]}}