{"id":2922,"date":"2017-02-10T15:08:00","date_gmt":"2017-02-10T20:08:00","guid":{"rendered":"http:\/\/bottesetvelo.com\/blog\/?p=2922"},"modified":"2017-02-10T15:08:00","modified_gmt":"2017-02-10T20:08:00","slug":"le-chemin-se-fait-en-marchant","status":"publish","type":"post","link":"https:\/\/bottesetvelo.com\/blog\/2017\/02\/10\/le-chemin-se-fait-en-marchant\/","title":{"rendered":"Le chemin se fait en marchant!"},"content":{"rendered":"<h6 style=\"text-align: right;\"><em>\u00a1Caminante no hay camino, se hace el camino al andar!<\/em><br \/>\n<em>Antonio Machado<\/em><\/h6>\n<h5 style=\"text-align: justify;\"><span style=\"color: #003366;\"><em>\u00ab\u00a0Marcheur, le chemin ce sont les traces de tes pas, <\/em><em>c&rsquo;est tout; Marcheur, il n&rsquo;y a pas de chemin, le chemin se fait en marchant.\u00a0\u00bb<\/em> Ces paroles du po\u00e8te espagnol, Antonio Machado, nous rappellent que le chemin a quelque chose d\u2019\u00e9ph\u00e9m\u00e8re. Il passe. Plus encore, il n\u2019existe que par le mouvement. Il y a dans l\u2019appel du chemin, cet appel \u00e0 l\u2019action pour que celui-ci existe, pour que le monde existe! Passager, il demande \u00e0 \u00eatre v\u00e9cu pour prendre corps. Sans mouvement, il n\u2019y a pas de chemin\u2026 il n\u2019y a pas de rencontres.<\/span><\/h5>\n<p style=\"text-align: justify;\">\u00a0<a href=\"https:\/\/i0.wp.com\/bottesetvelo.com\/blog\/wp-content\/uploads\/2017\/02\/walking-1694137_1920.jpg?ssl=1\"><img data-recalc-dims=\"1\" loading=\"lazy\" decoding=\"async\" data-attachment-id=\"2923\" data-permalink=\"https:\/\/bottesetvelo.com\/blog\/2017\/02\/10\/le-chemin-se-fait-en-marchant\/walking-1694137_1920\/\" data-orig-file=\"https:\/\/i0.wp.com\/bottesetvelo.com\/blog\/wp-content\/uploads\/2017\/02\/walking-1694137_1920.jpg?fit=1920%2C1285&amp;ssl=1\" data-orig-size=\"1920,1285\" data-comments-opened=\"1\" data-image-meta=\"{&quot;aperture&quot;:&quot;8&quot;,&quot;credit&quot;:&quot;&quot;,&quot;camera&quot;:&quot;PENTAX K10D&quot;,&quot;caption&quot;:&quot;&quot;,&quot;created_timestamp&quot;:&quot;0&quot;,&quot;copyright&quot;:&quot;&quot;,&quot;focal_length&quot;:&quot;148&quot;,&quot;iso&quot;:&quot;200&quot;,&quot;shutter_speed&quot;:&quot;0.004&quot;,&quot;title&quot;:&quot;&quot;,&quot;orientation&quot;:&quot;0&quot;}\" data-image-title=\"Marcheur\" data-image-description=\"\" data-image-caption=\"\" data-large-file=\"https:\/\/i0.wp.com\/bottesetvelo.com\/blog\/wp-content\/uploads\/2017\/02\/walking-1694137_1920.jpg?fit=1024%2C685&amp;ssl=1\" class=\"alignright wp-image-2923\" src=\"https:\/\/i0.wp.com\/bottesetvelo.com\/blog\/wp-content\/uploads\/2017\/02\/walking-1694137_1920.jpg?resize=350%2C234&#038;ssl=1\" width=\"350\" height=\"234\" srcset=\"https:\/\/i0.wp.com\/bottesetvelo.com\/blog\/wp-content\/uploads\/2017\/02\/walking-1694137_1920.jpg?resize=500%2C335&amp;ssl=1 500w, https:\/\/i0.wp.com\/bottesetvelo.com\/blog\/wp-content\/uploads\/2017\/02\/walking-1694137_1920.jpg?resize=768%2C514&amp;ssl=1 768w, https:\/\/i0.wp.com\/bottesetvelo.com\/blog\/wp-content\/uploads\/2017\/02\/walking-1694137_1920.jpg?resize=1024%2C685&amp;ssl=1 1024w, https:\/\/i0.wp.com\/bottesetvelo.com\/blog\/wp-content\/uploads\/2017\/02\/walking-1694137_1920.jpg?w=1920&amp;ssl=1 1920w\" sizes=\"auto, (max-width: 350px) 100vw, 350px\" \/><\/a><em>\u00ab\u00a0Marcheur, il n\u2019y pas de chemin\u00a0\u00bb<\/em>. Ces vers de Machado nous rappellent l\u2019illusoire du chemin. C\u2019est-\u00e0-dire qu\u2019il n\u2019existe pas une voie trac\u00e9e d\u2019avance. Le chemin se construit en allant, dans le mouvement. Si je ne bouge pas, il n\u2019y a pas de chemin. Chacun de mes pas le construit dans l\u2019assurance que quelque chose me porte, l\u2019espace d\u2019une rencontre entre moi-m\u00eame et la terre ferme. De cette rencontre le chemin se fa\u00e7onne. Il prend forme dans ce contact avec la r\u00e9alit\u00e9. C\u2019est parce que j\u2019ose risquer ce pas, dans le vide, que le chemin peut exister. C\u2019est en m\u2019abandonnant au chemin que j\u2019accepte de me laisser toucher par lui. Le chemin s\u2019offre \u00e0 moi et je m\u2019offre \u00e0 lui. La confiance est mutuelle. Sans cette confiance, il n\u2019y a pas de mouvement, pas de chemin. Et nous le savons tous, parfois, dans l\u2019absence de confiance, la peur nous paralyse. Elle nous immobilise sur le bord de la route. C\u2019est alors repli sur soi et monde fig\u00e9, cadr\u00e9, r\u00e9gul\u00e9; tout cela par ins\u00e9curit\u00e9.<\/p>\n<p style=\"text-align: justify;\">La figure du chemin est all\u00e9gorique, tout le monde l\u2019aura compris. Il y a bien un objet appel\u00e9 \u00ab\u00a0chemin\u00a0\u00bb. Toutefois, au-del\u00e0 de l\u2019objet, cette figure est constitu\u00e9e d\u2019une multitude de rencontres et d\u2019\u00e9v\u00e9nements impond\u00e9rables. <span style=\"color: #003366;\"><strong>Je n\u2019ai pas le contr\u00f4le sur ce chemin.<\/strong> <\/span>D\u00e8s l\u2019instant o\u00f9 j\u2019accepte de m\u2019y avancer, j\u2019accepte l\u2019inconnu, l\u2019impr\u00e9vu. Celui, celle, qui croit tout pr\u00e9voir et s\u2019y attache, se prive de l\u2019exp\u00e9rience du chemin.<a href=\"https:\/\/i0.wp.com\/bottesetvelo.com\/blog\/wp-content\/uploads\/2017\/02\/vietnam-tourism-1691599_1280.jpg?ssl=1\"><img data-recalc-dims=\"1\" loading=\"lazy\" decoding=\"async\" data-attachment-id=\"2924\" data-permalink=\"https:\/\/bottesetvelo.com\/blog\/2017\/02\/10\/le-chemin-se-fait-en-marchant\/vietnam-tourism-1691599_1280\/\" data-orig-file=\"https:\/\/i0.wp.com\/bottesetvelo.com\/blog\/wp-content\/uploads\/2017\/02\/vietnam-tourism-1691599_1280.jpg?fit=1280%2C903&amp;ssl=1\" data-orig-size=\"1280,903\" data-comments-opened=\"1\" data-image-meta=\"{&quot;aperture&quot;:&quot;4&quot;,&quot;credit&quot;:&quot;&quot;,&quot;camera&quot;:&quot;Canon EOS 5D&quot;,&quot;caption&quot;:&quot;&quot;,&quot;created_timestamp&quot;:&quot;0&quot;,&quot;copyright&quot;:&quot;&quot;,&quot;focal_length&quot;:&quot;105&quot;,&quot;iso&quot;:&quot;200&quot;,&quot;shutter_speed&quot;:&quot;0.008&quot;,&quot;title&quot;:&quot;&quot;,&quot;orientation&quot;:&quot;0&quot;}\" data-image-title=\"Rencontres randonneurs\" data-image-description=\"\" data-image-caption=\"\" data-large-file=\"https:\/\/i0.wp.com\/bottesetvelo.com\/blog\/wp-content\/uploads\/2017\/02\/vietnam-tourism-1691599_1280.jpg?fit=1024%2C722&amp;ssl=1\" class=\" wp-image-2924 alignright\" src=\"https:\/\/i0.wp.com\/bottesetvelo.com\/blog\/wp-content\/uploads\/2017\/02\/vietnam-tourism-1691599_1280.jpg?resize=350%2C247&#038;ssl=1\" alt=\"\" width=\"350\" height=\"247\" srcset=\"https:\/\/i0.wp.com\/bottesetvelo.com\/blog\/wp-content\/uploads\/2017\/02\/vietnam-tourism-1691599_1280.jpg?resize=500%2C353&amp;ssl=1 500w, https:\/\/i0.wp.com\/bottesetvelo.com\/blog\/wp-content\/uploads\/2017\/02\/vietnam-tourism-1691599_1280.jpg?resize=768%2C542&amp;ssl=1 768w, https:\/\/i0.wp.com\/bottesetvelo.com\/blog\/wp-content\/uploads\/2017\/02\/vietnam-tourism-1691599_1280.jpg?resize=1024%2C722&amp;ssl=1 1024w, https:\/\/i0.wp.com\/bottesetvelo.com\/blog\/wp-content\/uploads\/2017\/02\/vietnam-tourism-1691599_1280.jpg?w=1280&amp;ssl=1 1280w\" sizes=\"auto, (max-width: 350px) 100vw, 350px\" \/><\/a> <span style=\"color: #003366;\"><strong>Le chemin existe non par raisonnement ou par objectivation, mais par ce qui l\u2019anime, par cet \u00e9lan du c\u0153ur.<\/strong> <\/span>Le chemin prend forme dans cette confiance irrationnelle. Il prend forme dans cette audace \u00e0 risquer la rencontre, la confrontation\u2026 l\u2019espace d\u2019un pas! C\u2019est Mark Twain qui disait\u00a0: \u00ab\u00a0Il n\u2019y a que le premier pas qui co\u00fbte.\u00a0\u00bb Dans ce premier pas, c\u2019est toute mon histoire \u2013 tout ce qui m\u2019a construit et tout ce qui m\u2019a bless\u00e9 \u2013 que je risque. C\u2019est tout mon \u00eatre que je mets en jeu, mais c\u2019est aussi tout le chemin qui m\u2019invite \u00e0 vivre. <span style=\"color: #003366;\"><strong>Le chemin se joue dans cette pr\u00e9sence \u00e0 l\u2019exp\u00e9rience qui appelle et exerce au face-\u00e0-face avec soi-m\u00eame, avec l\u2019autre, avec le tout Autre.<\/strong><\/span><\/p>\n<p style=\"text-align: justify;\">Le chemin n\u2019est pas de pierre, ni de sable, ni de bitume; il est constitu\u00e9 de ces rencontres furtives, de ces paroles qui resteront grav\u00e9es dans ma chair, de tous ces \u00e9blouissements soudains qui me saisissent par le c\u0153ur. Il est fait de ces \u00e9clairs \u00e9ph\u00e9m\u00e8res, qui me donnent la certitude d\u2019aller quelque part, de me laisser librement conduire. <span style=\"color: #003366;\"><strong>Le chemin me traverse et me conduit.<\/strong><\/span> Mais, \u00e0 quoi sert un chemin s\u2019il ne me m\u00e8ne nulle part? Suis-je un pantin sur ce chemin? Le p\u00e8lerinage n\u2019est-il qu\u2019errance dans un monde d\u00e9fait de ses illusions?<\/p>\n<p style=\"text-align: justify;\"><a href=\"https:\/\/i0.wp.com\/bottesetvelo.com\/blog\/wp-content\/uploads\/2017\/02\/road-815297_1920.jpg?ssl=1\"><img data-recalc-dims=\"1\" loading=\"lazy\" decoding=\"async\" data-attachment-id=\"2925\" data-permalink=\"https:\/\/bottesetvelo.com\/blog\/2017\/02\/10\/le-chemin-se-fait-en-marchant\/road-815297_1920\/\" data-orig-file=\"https:\/\/i0.wp.com\/bottesetvelo.com\/blog\/wp-content\/uploads\/2017\/02\/road-815297_1920.jpg?fit=1920%2C1280&amp;ssl=1\" data-orig-size=\"1920,1280\" data-comments-opened=\"1\" data-image-meta=\"{&quot;aperture&quot;:&quot;0&quot;,&quot;credit&quot;:&quot;&quot;,&quot;camera&quot;:&quot;&quot;,&quot;caption&quot;:&quot;&quot;,&quot;created_timestamp&quot;:&quot;0&quot;,&quot;copyright&quot;:&quot;&quot;,&quot;focal_length&quot;:&quot;0&quot;,&quot;iso&quot;:&quot;0&quot;,&quot;shutter_speed&quot;:&quot;0&quot;,&quot;title&quot;:&quot;&quot;,&quot;orientation&quot;:&quot;0&quot;}\" data-image-title=\"Chemin\" data-image-description=\"\" data-image-caption=\"\" data-large-file=\"https:\/\/i0.wp.com\/bottesetvelo.com\/blog\/wp-content\/uploads\/2017\/02\/road-815297_1920.jpg?fit=1024%2C683&amp;ssl=1\" class=\" wp-image-2925 alignright\" src=\"https:\/\/i0.wp.com\/bottesetvelo.com\/blog\/wp-content\/uploads\/2017\/02\/road-815297_1920.jpg?resize=350%2C233&#038;ssl=1\" alt=\"\" width=\"350\" height=\"233\" srcset=\"https:\/\/i0.wp.com\/bottesetvelo.com\/blog\/wp-content\/uploads\/2017\/02\/road-815297_1920.jpg?resize=500%2C333&amp;ssl=1 500w, https:\/\/i0.wp.com\/bottesetvelo.com\/blog\/wp-content\/uploads\/2017\/02\/road-815297_1920.jpg?resize=768%2C512&amp;ssl=1 768w, https:\/\/i0.wp.com\/bottesetvelo.com\/blog\/wp-content\/uploads\/2017\/02\/road-815297_1920.jpg?resize=1024%2C683&amp;ssl=1 1024w, https:\/\/i0.wp.com\/bottesetvelo.com\/blog\/wp-content\/uploads\/2017\/02\/road-815297_1920.jpg?w=1920&amp;ssl=1 1920w\" sizes=\"auto, (max-width: 350px) 100vw, 350px\" \/><\/a>Il y a toujours une raison pour se mettre en route, ne serait-ce que pour le plaisir de la randonn\u00e9e. Toutefois, le temps et l\u2019espace auront raison du touriste et du randonneur. Si nous nous mettons en marche, c\u2019est pour d\u00e9couvrir une destination qui nous est inconnue. C\u2019est par l\u2019inconnu que le mouvement se cr\u00e9e. <span style=\"color: #003366;\"><strong>Demeurer dans le connu \u00e9quivaut \u00e0 faire du surplace.<\/strong><\/span> L\u2019inconnu invite \u00e0 s\u2019explorer plus en profondeur, \u00e0 repousser les limites qui nous enferment. D\u00e8s l\u2019instant o\u00f9 je saisis cette nuance et m\u2019y abandonne, j\u2019entre dans la dimension p\u00e8lerine du voyage et je peux filer avec elle, en direction de mon sanctuaire.<\/p>\n<p style=\"text-align: justify;\">\u00ab\u00a0Le chemin se fait en marchant\u00a0\u00bb, disait Machado. Il est toute cette dynamique inscrite entre p\u00e8lerin et sanctuaire. Une dynamique qui nous appelle \u00e0 plus de libert\u00e9, plus de vie. Ultimement, c\u2019est \u00e0 l\u2019\u00e9tat de p\u00e9r\u00e9grin que nous appelle le p\u00e8lerinage. Le p\u00e9r\u00e9grin, dans la Rome antique, d\u00e9signait l\u2019homme libre habitant dans la cit\u00e9 conquise. Ni citoyen romain, ni esclave, simplement libre. Tout le cheminement du p\u00e8lerin contemporain appelle \u00e0 cette libert\u00e9 au c\u0153ur de nos cit\u00e9s conquises. Actuellement, l\u2019int\u00e9r\u00eat croissant pour le p\u00e8lerinage annonce une alternative possible \u00e0 un syst\u00e8me en perte d\u2019humanit\u00e9. Nous tous qui le pratiquons, cherchons \u00e0 renouer avec cette sensibilit\u00e9 humaine.<\/p>\n<p style=\"text-align: justify;\">Marcheur, il n\u2019y a pas de chemin. Il n\u2019y a que des rencontres qui te conduiront vers ton sanctuaire.<a href=\"https:\/\/i0.wp.com\/bottesetvelo.com\/blog\/wp-content\/uploads\/2014\/01\/Bottes-et-V%C3%A9lo-Embl%C3%AAme-e1454083414631.jpg?ssl=1\"><img data-recalc-dims=\"1\" loading=\"lazy\" decoding=\"async\" data-attachment-id=\"14\" data-permalink=\"https:\/\/bottesetvelo.com\/blog\/bottes-et-velo-le-blog\/bottes-et-velo-embleme\/\" data-orig-file=\"https:\/\/i0.wp.com\/bottesetvelo.com\/blog\/wp-content\/uploads\/2014\/01\/Bottes-et-V%C3%A9lo-Embl%C3%AAme-e1454083414631.jpg?fit=100%2C79&amp;ssl=1\" data-orig-size=\"100,79\" data-comments-opened=\"1\" data-image-meta=\"{&quot;aperture&quot;:&quot;0&quot;,&quot;credit&quot;:&quot;&quot;,&quot;camera&quot;:&quot;&quot;,&quot;caption&quot;:&quot;&quot;,&quot;created_timestamp&quot;:&quot;0&quot;,&quot;copyright&quot;:&quot;&quot;,&quot;focal_length&quot;:&quot;0&quot;,&quot;iso&quot;:&quot;0&quot;,&quot;shutter_speed&quot;:&quot;0&quot;,&quot;title&quot;:&quot;&quot;}\" data-image-title=\"Bottes et V\u00e9lo &amp;#8211; Embl\u00eame\" data-image-description=\"\" data-image-caption=\"\" data-large-file=\"https:\/\/i0.wp.com\/bottesetvelo.com\/blog\/wp-content\/uploads\/2014\/01\/Bottes-et-V%C3%A9lo-Embl%C3%AAme-e1454083414631.jpg?fit=100%2C79&amp;ssl=1\" class=\"wp-image-14 alignright\" src=\"https:\/\/i0.wp.com\/bottesetvelo.com\/blog\/wp-content\/uploads\/2014\/01\/Bottes-et-V%C3%A9lo-Embl%C3%AAme.jpg?resize=80%2C63&#038;ssl=1\" alt=\"\" width=\"80\" height=\"63\" \/><\/a><\/p>\n<p style=\"text-align: justify;\">\u00c9ric Lalibert\u00e9<\/p>\n","protected":false},"excerpt":{"rendered":"<p>\u00a1Caminante no hay camino, se hace el camino al andar! Antonio Machado \u00ab\u00a0Marcheur, le chemin ce sont les traces de tes pas, c&rsquo;est tout; Marcheur, il n&rsquo;y a pas de chemin, le chemin se fait en marchant.\u00a0\u00bb Ces paroles du po\u00e8te espagnol, Antonio Machado, nous rappellent que le chemin a quelque chose d\u2019\u00e9ph\u00e9m\u00e8re. Il passe.&hellip;<\/p>\n","protected":false},"author":3,"featured_media":0,"comment_status":"open","ping_status":"open","sticky":false,"template":"","format":"standard","meta":{"jetpack_post_was_ever_published":false,"_jetpack_newsletter_access":"","_jetpack_dont_email_post_to_subs":false,"_jetpack_newsletter_tier_id":0,"_jetpack_memberships_contains_paywalled_content":false,"_jetpack_memberships_contains_paid_content":false,"footnotes":"","jetpack_publicize_message":"","jetpack_publicize_feature_enabled":true,"jetpack_social_post_already_shared":true,"jetpack_social_options":{"image_generator_settings":{"template":"highway","default_image_id":0,"font":"","enabled":false},"version":2}},"categories":[166,171,3],"tags":[449,203,397,296,13,295],"class_list":["post-2922","post","type-post","status-publish","format-standard","hentry","category-demarche-du-pelerin","category-pelerinage","category-reflexions","tag-antonio-machado","tag-chemin","tag-marcheur","tag-pelerin","tag-pelerinage","tag-sanctuaire"],"jetpack_publicize_connections":[],"jetpack_featured_media_url":"","jetpack_shortlink":"https:\/\/wp.me\/p4eY6z-L8","jetpack_sharing_enabled":true,"jetpack_likes_enabled":true,"jetpack-related-posts":[],"_links":{"self":[{"href":"https:\/\/bottesetvelo.com\/blog\/wp-json\/wp\/v2\/posts\/2922","targetHints":{"allow":["GET"]}}],"collection":[{"href":"https:\/\/bottesetvelo.com\/blog\/wp-json\/wp\/v2\/posts"}],"about":[{"href":"https:\/\/bottesetvelo.com\/blog\/wp-json\/wp\/v2\/types\/post"}],"author":[{"embeddable":true,"href":"https:\/\/bottesetvelo.com\/blog\/wp-json\/wp\/v2\/users\/3"}],"replies":[{"embeddable":true,"href":"https:\/\/bottesetvelo.com\/blog\/wp-json\/wp\/v2\/comments?post=2922"}],"version-history":[{"count":3,"href":"https:\/\/bottesetvelo.com\/blog\/wp-json\/wp\/v2\/posts\/2922\/revisions"}],"predecessor-version":[{"id":2928,"href":"https:\/\/bottesetvelo.com\/blog\/wp-json\/wp\/v2\/posts\/2922\/revisions\/2928"}],"wp:attachment":[{"href":"https:\/\/bottesetvelo.com\/blog\/wp-json\/wp\/v2\/media?parent=2922"}],"wp:term":[{"taxonomy":"category","embeddable":true,"href":"https:\/\/bottesetvelo.com\/blog\/wp-json\/wp\/v2\/categories?post=2922"},{"taxonomy":"post_tag","embeddable":true,"href":"https:\/\/bottesetvelo.com\/blog\/wp-json\/wp\/v2\/tags?post=2922"}],"curies":[{"name":"wp","href":"https:\/\/api.w.org\/{rel}","templated":true}]}}