{"id":2886,"date":"2017-01-13T11:33:54","date_gmt":"2017-01-13T16:33:54","guid":{"rendered":"http:\/\/bottesetvelo.com\/blog\/?p=2886"},"modified":"2017-01-13T16:45:46","modified_gmt":"2017-01-13T21:45:46","slug":"marcher-pour-vivre-dans-la-postmodernite","status":"publish","type":"post","link":"https:\/\/bottesetvelo.com\/blog\/2017\/01\/13\/marcher-pour-vivre-dans-la-postmodernite\/","title":{"rendered":"Marcher pour vivre dans la postmodernit\u00e9"},"content":{"rendered":"<h6 style=\"text-align: right;\"><em>Le vrai miracle n&rsquo;est pas de marcher sur les eaux ni de voler dans les airs :<br \/>\nil est de marcher sur la terre.<\/em><br \/>\n<em>Houe\u00ef Neng<\/em><\/h6>\n<h5 style=\"text-align: justify;\"><span style=\"color: #003366;\"><a href=\"https:\/\/i0.wp.com\/bottesetvelo.com\/blog\/wp-content\/uploads\/2017\/01\/2016-08-10-14.02.32-e1484325104742.jpg?ssl=1\"><img data-recalc-dims=\"1\" loading=\"lazy\" decoding=\"async\" data-attachment-id=\"2896\" data-permalink=\"https:\/\/bottesetvelo.com\/blog\/2017\/01\/13\/marcher-pour-vivre-dans-la-postmodernite\/2016-08-10-14-02-32\/\" data-orig-file=\"https:\/\/i0.wp.com\/bottesetvelo.com\/blog\/wp-content\/uploads\/2017\/01\/2016-08-10-14.02.32-e1484325104742.jpg?fit=3240%2C2322&amp;ssl=1\" data-orig-size=\"3240,2322\" data-comments-opened=\"1\" data-image-meta=\"{&quot;aperture&quot;:&quot;2&quot;,&quot;credit&quot;:&quot;&quot;,&quot;camera&quot;:&quot;SM-A500W&quot;,&quot;caption&quot;:&quot;&quot;,&quot;created_timestamp&quot;:&quot;1470837752&quot;,&quot;copyright&quot;:&quot;&quot;,&quot;focal_length&quot;:&quot;3.69&quot;,&quot;iso&quot;:&quot;50&quot;,&quot;shutter_speed&quot;:&quot;0.00167504187605&quot;,&quot;title&quot;:&quot;&quot;,&quot;orientation&quot;:&quot;1&quot;}\" data-image-title=\"Zack et Jordane\" data-image-description=\"\" data-image-caption=\"\" data-large-file=\"https:\/\/i0.wp.com\/bottesetvelo.com\/blog\/wp-content\/uploads\/2017\/01\/2016-08-10-14.02.32-e1484325104742.jpg?fit=1024%2C734&amp;ssl=1\" class=\"alignright wp-image-2896\" src=\"https:\/\/i0.wp.com\/bottesetvelo.com\/blog\/wp-content\/uploads\/2017\/01\/2016-08-10-14.02.32-e1484325104742-500x358.jpg?resize=350%2C251&#038;ssl=1\" width=\"350\" height=\"251\" srcset=\"https:\/\/i0.wp.com\/bottesetvelo.com\/blog\/wp-content\/uploads\/2017\/01\/2016-08-10-14.02.32-e1484325104742.jpg?resize=500%2C358&amp;ssl=1 500w, https:\/\/i0.wp.com\/bottesetvelo.com\/blog\/wp-content\/uploads\/2017\/01\/2016-08-10-14.02.32-e1484325104742.jpg?resize=768%2C550&amp;ssl=1 768w, https:\/\/i0.wp.com\/bottesetvelo.com\/blog\/wp-content\/uploads\/2017\/01\/2016-08-10-14.02.32-e1484325104742.jpg?resize=1024%2C734&amp;ssl=1 1024w, https:\/\/i0.wp.com\/bottesetvelo.com\/blog\/wp-content\/uploads\/2017\/01\/2016-08-10-14.02.32-e1484325104742.jpg?w=2340&amp;ssl=1 2340w\" sizes=\"auto, (max-width: 350px) 100vw, 350px\" \/><\/a>La vie est mouvement. Il n\u2019y a pas une seule parcelle de vie qui ne soit en mouvement. De la moindre pierre, au plus grand des astres; du micro-organisme, au corps le plus complexe; du vent dans les arbres, au cours de la rivi\u00e8re; du sang dans mes veines, aux mouvements interstellaires, tout bouge! Ce qui refuse de bouger est vou\u00e9 \u00e0 mourir. <\/span><\/h5>\n<p style=\"text-align: justify;\"><span style=\"color: #333333;\">La plante qui renonce \u00e0 pousser ne donnera pas de fruit et finira par pourrir. Le cours d\u2019eau qui s\u2019arr\u00eate finit par stagner et s\u2019ass\u00e9cher. <span style=\"color: #003366;\"><strong>Toutefois, mouvement ne signifie pas pour autant agitation.<\/strong> <\/span>Je peux remuer une eau stagnante, elle n\u2019en sera pas plus vivante. La vie n\u2019est pas agitation. Le mouvement de la vie est loin de l\u2019agitation compulsive de notre \u00e9poque et c\u2019est en le go\u00fbtant, en s\u2019y plongeant, qu\u2019on le per\u00e7oit. L\u2019exp\u00e9rience p\u00e8lerine se situe dans cette dynamique. Elle nous met en contact d\u2019une mani\u00e8re toute particuli\u00e8re avec ce mouvement vivant. Plus encore, elle permet de marcher en marge du monde pour faire table rase des influences de la modernit\u00e9 et red\u00e9couvrir le monde dans son essence vitale. Le nouveau p\u00e8lerin est d\u00e9finitivement postmoderne.<\/span><\/p>\n<div id=\"attachment_2890\" style=\"width: 343px\" class=\"wp-caption alignright\"><a href=\"https:\/\/i0.wp.com\/bottesetvelo.com\/blog\/wp-content\/uploads\/2017\/01\/girls-430367_1920.jpg?ssl=1\"><img data-recalc-dims=\"1\" loading=\"lazy\" decoding=\"async\" aria-describedby=\"caption-attachment-2890\" data-attachment-id=\"2890\" data-permalink=\"https:\/\/bottesetvelo.com\/blog\/2017\/01\/13\/marcher-pour-vivre-dans-la-postmodernite\/girls-430367_1920\/\" data-orig-file=\"https:\/\/i0.wp.com\/bottesetvelo.com\/blog\/wp-content\/uploads\/2017\/01\/girls-430367_1920.jpg?fit=1920%2C1080&amp;ssl=1\" data-orig-size=\"1920,1080\" data-comments-opened=\"1\" data-image-meta=\"{&quot;aperture&quot;:&quot;0&quot;,&quot;credit&quot;:&quot;&quot;,&quot;camera&quot;:&quot;&quot;,&quot;caption&quot;:&quot;&quot;,&quot;created_timestamp&quot;:&quot;0&quot;,&quot;copyright&quot;:&quot;&quot;,&quot;focal_length&quot;:&quot;0&quot;,&quot;iso&quot;:&quot;0&quot;,&quot;shutter_speed&quot;:&quot;0&quot;,&quot;title&quot;:&quot;&quot;,&quot;orientation&quot;:&quot;0&quot;}\" data-image-title=\"jeunes filles marchant dans la rue\" data-image-description=\"\" data-image-caption=\"\" data-large-file=\"https:\/\/i0.wp.com\/bottesetvelo.com\/blog\/wp-content\/uploads\/2017\/01\/girls-430367_1920.jpg?fit=1024%2C576&amp;ssl=1\" class=\"wp-image-2890\" src=\"https:\/\/i0.wp.com\/bottesetvelo.com\/blog\/wp-content\/uploads\/2017\/01\/girls-430367_1920.jpg?resize=333%2C187&#038;ssl=1\" width=\"333\" height=\"187\" srcset=\"https:\/\/i0.wp.com\/bottesetvelo.com\/blog\/wp-content\/uploads\/2017\/01\/girls-430367_1920.jpg?resize=500%2C281&amp;ssl=1 500w, https:\/\/i0.wp.com\/bottesetvelo.com\/blog\/wp-content\/uploads\/2017\/01\/girls-430367_1920.jpg?resize=768%2C432&amp;ssl=1 768w, https:\/\/i0.wp.com\/bottesetvelo.com\/blog\/wp-content\/uploads\/2017\/01\/girls-430367_1920.jpg?resize=1024%2C576&amp;ssl=1 1024w, https:\/\/i0.wp.com\/bottesetvelo.com\/blog\/wp-content\/uploads\/2017\/01\/girls-430367_1920.jpg?w=1920&amp;ssl=1 1920w\" sizes=\"auto, (max-width: 333px) 100vw, 333px\" \/><\/a><p id=\"caption-attachment-2890\" class=\"wp-caption-text\">Il n&rsquo;y a rien de plus simple que la marche.<\/p><\/div>\n<p style=\"text-align: justify;\">Avant la modernit\u00e9, le cours de la vie \u00e9tait \u00e9tabli par les institutions gouvernementales, eccl\u00e9siales et scolaires. Cependant, l\u2019h\u00e9g\u00e9monie des institutions a fini par s\u2019user et en r\u00e9volter plus d\u2019un. Les institutions se sont alors montr\u00e9es d\u00e9cevantes sur plusieurs points et l\u2019entr\u00e9e dans la modernit\u00e9 a fait \u00e9clater ces rep\u00e8res traditionnels. La modernit\u00e9 a cess\u00e9 de regarder derri\u00e8re et s\u2019est r\u00e9solument tourn\u00e9e vers l\u2019avenir. Nous allions reprendre les choses en main et construire des jours meilleurs, dans un futur\u2026 qui n\u2019en finissait plus d\u2019\u00eatre repouss\u00e9. <span style=\"color: #003366;\"><strong>Malgr\u00e9 sa vision d\u2019avenir sans limite et son \u00e9conomie \u2013\u00a0en apparence \u2013 toujours triomphante, la modernit\u00e9 a fini par d\u00e9senchanter<\/strong><\/span> et a fait place \u00e0 la postmodernit\u00e9.<\/p>\n<p style=\"text-align: justify;\">La postmodernit\u00e9 a fait \u00e9clater les derniers rep\u00e8res de la vie sociale et l\u2019a fragment\u00e9e de toute part. <span style=\"color: #003366;\"><strong>Aujourd\u2019hui, plus rien ne tient ensemble.<\/strong> <\/span>Il ne reste qu\u2019un individu cellulaire dont l\u2019identit\u00e9, elle aussi fragment\u00e9e, est dissimul\u00e9e derri\u00e8re une multitude de masques \u00e0 porter. Ici, le courant est fort. Il devient difficile de s\u2019accrocher \u00e0 quoi que ce soit. Toute certitude est remise en question et cette situation peut devenir effrayante. On le voit d\u2019ailleurs avec la mont\u00e9e des mouvements radicaux traditionalistes qui prennent le sentier de la guerre et l\u00e8vent le poing. Qui suis-je dans ce monde qui se dissout? O\u00f9 vais-je dans cette temp\u00eate poussant, tirant, dans toutes les directions? <a href=\"https:\/\/i0.wp.com\/bottesetvelo.com\/blog\/wp-content\/uploads\/2017\/01\/hiking-1249275_1920.jpg?ssl=1\"><img data-recalc-dims=\"1\" loading=\"lazy\" decoding=\"async\" data-attachment-id=\"2887\" data-permalink=\"https:\/\/bottesetvelo.com\/blog\/2017\/01\/13\/marcher-pour-vivre-dans-la-postmodernite\/hiking-1249275_1920\/\" data-orig-file=\"https:\/\/i0.wp.com\/bottesetvelo.com\/blog\/wp-content\/uploads\/2017\/01\/hiking-1249275_1920.jpg?fit=1920%2C1440&amp;ssl=1\" data-orig-size=\"1920,1440\" data-comments-opened=\"1\" data-image-meta=\"{&quot;aperture&quot;:&quot;0&quot;,&quot;credit&quot;:&quot;&quot;,&quot;camera&quot;:&quot;&quot;,&quot;caption&quot;:&quot;&quot;,&quot;created_timestamp&quot;:&quot;0&quot;,&quot;copyright&quot;:&quot;&quot;,&quot;focal_length&quot;:&quot;0&quot;,&quot;iso&quot;:&quot;0&quot;,&quot;shutter_speed&quot;:&quot;0&quot;,&quot;title&quot;:&quot;&quot;,&quot;orientation&quot;:&quot;0&quot;}\" data-image-title=\"Randonn\u00e9e\" data-image-description=\"\" data-image-caption=\"\" data-large-file=\"https:\/\/i0.wp.com\/bottesetvelo.com\/blog\/wp-content\/uploads\/2017\/01\/hiking-1249275_1920.jpg?fit=1024%2C768&amp;ssl=1\" class=\" wp-image-2887 alignright\" src=\"https:\/\/i0.wp.com\/bottesetvelo.com\/blog\/wp-content\/uploads\/2017\/01\/hiking-1249275_1920.jpg?resize=349%2C262&#038;ssl=1\" alt=\"\" width=\"349\" height=\"262\" srcset=\"https:\/\/i0.wp.com\/bottesetvelo.com\/blog\/wp-content\/uploads\/2017\/01\/hiking-1249275_1920.jpg?resize=500%2C375&amp;ssl=1 500w, https:\/\/i0.wp.com\/bottesetvelo.com\/blog\/wp-content\/uploads\/2017\/01\/hiking-1249275_1920.jpg?resize=768%2C576&amp;ssl=1 768w, https:\/\/i0.wp.com\/bottesetvelo.com\/blog\/wp-content\/uploads\/2017\/01\/hiking-1249275_1920.jpg?resize=1024%2C768&amp;ssl=1 1024w, https:\/\/i0.wp.com\/bottesetvelo.com\/blog\/wp-content\/uploads\/2017\/01\/hiking-1249275_1920.jpg?w=1920&amp;ssl=1 1920w\" sizes=\"auto, (max-width: 349px) 100vw, 349px\" \/><\/a>La r\u00e9volution a eu lieu, mais le vide qu\u2019elle a laiss\u00e9 est angoissant. Et certains jours, dans l\u2019angoisse et l\u2019agitation postmoderne, il y a r\u00e9ellement de quoi \u00eatre effray\u00e9. Nous cherchons alors d\u00e9sesp\u00e9r\u00e9ment de nouveaux rep\u00e8res.<\/p>\n<p style=\"text-align: justify;\">Comme apr\u00e8s toute r\u00e9volution dans l\u2019histoire de l\u2019humanit\u00e9, <span style=\"color: #333333;\">nous avons de la difficult\u00e9 \u00e0 faire le passage vers un vivre autrement.<\/span> Nous reproduisons alors les m\u00eames syst\u00e8mes sous d\u2019autres appellations, jusqu\u2019\u00e0 ce que nous trouvions l\u2019espace d\u2019y \u00e9chapper. <span style=\"color: #003366;\"><strong>Nous ne fr\u00e9quentons plus les \u00e9glises, mais nous passons nos dimanches au gym \u00e0 v\u00e9n\u00e9rer le corps\u2026 parfait. Nous ne croyons plus en l\u2019\u00e9conomie actuelle, mais nous inventons des \u00e9conomies parall\u00e8les. Il est devenu tellement difficile de vivre, de se donner des rep\u00e8res de vie, que nous nous offrons les services d\u2019un coach de vie.<\/strong> <\/span>\u00a0Toutes les solutions sont bonnes pour ne pas se laisser emporter par l\u2019absence de sens de la postmodernit\u00e9. La surconsommation, sur tous ses plans, est sans doute celle que nous empruntons le plus souvent pour supporter ce mouvement d\u00e9cha\u00een\u00e9. Ce mouvement est-il vivant pour autant?<\/p>\n<p style=\"text-align: justify;\"><a href=\"https:\/\/i0.wp.com\/bottesetvelo.com\/blog\/wp-content\/uploads\/2017\/01\/hiker-1459026_1920.jpg?ssl=1\"><img data-recalc-dims=\"1\" loading=\"lazy\" decoding=\"async\" data-attachment-id=\"2889\" data-permalink=\"https:\/\/bottesetvelo.com\/blog\/2017\/01\/13\/marcher-pour-vivre-dans-la-postmodernite\/hiker-1459026_1920\/\" data-orig-file=\"https:\/\/i0.wp.com\/bottesetvelo.com\/blog\/wp-content\/uploads\/2017\/01\/hiker-1459026_1920.jpg?fit=1920%2C1440&amp;ssl=1\" data-orig-size=\"1920,1440\" data-comments-opened=\"1\" data-image-meta=\"{&quot;aperture&quot;:&quot;4.9&quot;,&quot;credit&quot;:&quot;&quot;,&quot;camera&quot;:&quot;COOLPIX L120&quot;,&quot;caption&quot;:&quot;&quot;,&quot;created_timestamp&quot;:&quot;0&quot;,&quot;copyright&quot;:&quot;&quot;,&quot;focal_length&quot;:&quot;27&quot;,&quot;iso&quot;:&quot;140&quot;,&quot;shutter_speed&quot;:&quot;0.002&quot;,&quot;title&quot;:&quot;&quot;,&quot;orientation&quot;:&quot;0&quot;}\" data-image-title=\"P\u00e8lerin\" data-image-description=\"\" data-image-caption=\"\" data-large-file=\"https:\/\/i0.wp.com\/bottesetvelo.com\/blog\/wp-content\/uploads\/2017\/01\/hiker-1459026_1920.jpg?fit=1024%2C768&amp;ssl=1\" class=\"alignright wp-image-2889\" src=\"https:\/\/i0.wp.com\/bottesetvelo.com\/blog\/wp-content\/uploads\/2017\/01\/hiker-1459026_1920.jpg?resize=350%2C263&#038;ssl=1\" width=\"350\" height=\"263\" srcset=\"https:\/\/i0.wp.com\/bottesetvelo.com\/blog\/wp-content\/uploads\/2017\/01\/hiker-1459026_1920.jpg?resize=500%2C375&amp;ssl=1 500w, https:\/\/i0.wp.com\/bottesetvelo.com\/blog\/wp-content\/uploads\/2017\/01\/hiker-1459026_1920.jpg?resize=768%2C576&amp;ssl=1 768w, https:\/\/i0.wp.com\/bottesetvelo.com\/blog\/wp-content\/uploads\/2017\/01\/hiker-1459026_1920.jpg?resize=1024%2C768&amp;ssl=1 1024w, https:\/\/i0.wp.com\/bottesetvelo.com\/blog\/wp-content\/uploads\/2017\/01\/hiker-1459026_1920.jpg?w=1920&amp;ssl=1 1920w\" sizes=\"auto, (max-width: 350px) 100vw, 350px\" \/><\/a>Dans l\u2019\u00e9clatement des rep\u00e8res de la postmodernit\u00e9, l\u2019exp\u00e9rience p\u00e8lerine est sans doute l\u2019une des exp\u00e9riences \u00e0 travers laquelle nous puissions faire une sage et b\u00e9n\u00e9fique transition vers l\u2019apr\u00e8s-postmodernit\u00e9. Pour que le chaos puisse passer, se donner du recul pour mieux l\u2019observer; se donner l\u2019espace et le temps pour aller plus loin que ce courant en le quittant; sauter en bas du train de l\u2019agitation postmoderne et, du lieu du p\u00e8lerinage, l\u2019observer de la marge. Dans cet espace et ce temps diff\u00e9rent, le p\u00e8lerin postmoderne reprend contact avec le courant de la Vie\u00a0: lenteur, contemplation, calme, gestes simples, gratuit\u00e9, entraide, fraternit\u00e9, communaut\u00e9 de base&#8230; <span style=\"color: #003366;\"><strong>Le p\u00e8lerinage met en relief ce qui manque \u00e0 nos vies.<\/strong> <\/span>En somme, marchez pour vivre! Il n\u2019y a rien de plus simple que la marche pour r\u00e9apprendre \u00e0 vivre quand tout fout le camp.<a href=\"https:\/\/i0.wp.com\/bottesetvelo.com\/blog\/wp-content\/uploads\/2014\/01\/Bottes-et-V%C3%A9lo-Embl%C3%AAme-e1454083414631.jpg?ssl=1\"><img data-recalc-dims=\"1\" loading=\"lazy\" decoding=\"async\" data-attachment-id=\"14\" data-permalink=\"https:\/\/bottesetvelo.com\/blog\/bottes-et-velo-le-blog\/bottes-et-velo-embleme\/\" data-orig-file=\"https:\/\/i0.wp.com\/bottesetvelo.com\/blog\/wp-content\/uploads\/2014\/01\/Bottes-et-V%C3%A9lo-Embl%C3%AAme-e1454083414631.jpg?fit=100%2C79&amp;ssl=1\" data-orig-size=\"100,79\" data-comments-opened=\"1\" data-image-meta=\"{&quot;aperture&quot;:&quot;0&quot;,&quot;credit&quot;:&quot;&quot;,&quot;camera&quot;:&quot;&quot;,&quot;caption&quot;:&quot;&quot;,&quot;created_timestamp&quot;:&quot;0&quot;,&quot;copyright&quot;:&quot;&quot;,&quot;focal_length&quot;:&quot;0&quot;,&quot;iso&quot;:&quot;0&quot;,&quot;shutter_speed&quot;:&quot;0&quot;,&quot;title&quot;:&quot;&quot;}\" data-image-title=\"Bottes et V\u00e9lo &amp;#8211; Embl\u00eame\" data-image-description=\"\" data-image-caption=\"\" data-large-file=\"https:\/\/i0.wp.com\/bottesetvelo.com\/blog\/wp-content\/uploads\/2014\/01\/Bottes-et-V%C3%A9lo-Embl%C3%AAme-e1454083414631.jpg?fit=100%2C79&amp;ssl=1\" class=\"wp-image-14 alignright\" src=\"https:\/\/i0.wp.com\/bottesetvelo.com\/blog\/wp-content\/uploads\/2014\/01\/Bottes-et-V%C3%A9lo-Embl%C3%AAme.jpg?resize=79%2C62&#038;ssl=1\" alt=\"\" width=\"79\" height=\"62\" \/><\/a><\/p>\n<p style=\"text-align: justify;\">\u00c9ric Lalibert\u00e9<\/p>\n<p>&nbsp;<\/p>\n","protected":false},"excerpt":{"rendered":"<p>Le vrai miracle n&rsquo;est pas de marcher sur les eaux ni de voler dans les airs : il est de marcher sur la terre. Houe\u00ef Neng La vie est mouvement. Il n\u2019y a pas une seule parcelle de vie qui ne soit en mouvement. De la moindre pierre, au plus grand des astres; du micro-organisme,&hellip;<\/p>\n","protected":false},"author":3,"featured_media":0,"comment_status":"open","ping_status":"open","sticky":false,"template":"","format":"standard","meta":{"jetpack_post_was_ever_published":false,"_jetpack_newsletter_access":"","_jetpack_dont_email_post_to_subs":true,"_jetpack_newsletter_tier_id":0,"_jetpack_memberships_contains_paywalled_content":false,"_jetpack_memberships_contains_paid_content":false,"footnotes":"","jetpack_publicize_message":"","jetpack_publicize_feature_enabled":true,"jetpack_social_post_already_shared":true,"jetpack_social_options":{"image_generator_settings":{"template":"highway","default_image_id":0,"font":"","enabled":false},"version":2}},"categories":[50,379,345,446],"tags":[448,254,225,13,447,200],"class_list":["post-2886","post","type-post","status-publish","format-standard","hentry","category-art-de-vivre","category-chemin-de-transformation","category-culture-de-consommation","category-societe","tag-desir-de-vivre","tag-marcher","tag-mouvement","tag-pelerinage","tag-postmodernite","tag-vivre"],"jetpack_publicize_connections":[],"jetpack_featured_media_url":"","jetpack_shortlink":"https:\/\/wp.me\/p4eY6z-Ky","jetpack_sharing_enabled":true,"jetpack_likes_enabled":true,"jetpack-related-posts":[],"_links":{"self":[{"href":"https:\/\/bottesetvelo.com\/blog\/wp-json\/wp\/v2\/posts\/2886","targetHints":{"allow":["GET"]}}],"collection":[{"href":"https:\/\/bottesetvelo.com\/blog\/wp-json\/wp\/v2\/posts"}],"about":[{"href":"https:\/\/bottesetvelo.com\/blog\/wp-json\/wp\/v2\/types\/post"}],"author":[{"embeddable":true,"href":"https:\/\/bottesetvelo.com\/blog\/wp-json\/wp\/v2\/users\/3"}],"replies":[{"embeddable":true,"href":"https:\/\/bottesetvelo.com\/blog\/wp-json\/wp\/v2\/comments?post=2886"}],"version-history":[{"count":10,"href":"https:\/\/bottesetvelo.com\/blog\/wp-json\/wp\/v2\/posts\/2886\/revisions"}],"predecessor-version":[{"id":2901,"href":"https:\/\/bottesetvelo.com\/blog\/wp-json\/wp\/v2\/posts\/2886\/revisions\/2901"}],"wp:attachment":[{"href":"https:\/\/bottesetvelo.com\/blog\/wp-json\/wp\/v2\/media?parent=2886"}],"wp:term":[{"taxonomy":"category","embeddable":true,"href":"https:\/\/bottesetvelo.com\/blog\/wp-json\/wp\/v2\/categories?post=2886"},{"taxonomy":"post_tag","embeddable":true,"href":"https:\/\/bottesetvelo.com\/blog\/wp-json\/wp\/v2\/tags?post=2886"}],"curies":[{"name":"wp","href":"https:\/\/api.w.org\/{rel}","templated":true}]}}