{"id":2875,"date":"2016-12-30T14:44:17","date_gmt":"2016-12-30T19:44:17","guid":{"rendered":"http:\/\/bottesetvelo.com\/blog\/?p=2875"},"modified":"2016-12-30T14:44:17","modified_gmt":"2016-12-30T19:44:17","slug":"peleriner-a-travers-son-quotidien","status":"publish","type":"post","link":"https:\/\/bottesetvelo.com\/blog\/2016\/12\/30\/peleriner-a-travers-son-quotidien\/","title":{"rendered":"P\u00e8leriner \u00e0 travers son quotidien"},"content":{"rendered":"<h6 style=\"text-align: right;\"><em>Pilgrimage is about what happens along the way. <\/em><br \/>\n<em>Bob Kunzinger<\/em><\/h6>\n<h5 style=\"text-align: justify;\"><span style=\"color: #003366;\">Et si je traversais l\u2019ann\u00e9e 2017 comme j\u2019aborde la vie durant un p\u00e8lerinage\u2026.<\/span><br \/>\n<span style=\"color: #003366;\"> <a href=\"https:\/\/i0.wp.com\/bottesetvelo.com\/blog\/wp-content\/uploads\/2016\/12\/Baie-des-Sables.jpg?ssl=1\"><img data-recalc-dims=\"1\" loading=\"lazy\" decoding=\"async\" data-attachment-id=\"2877\" data-permalink=\"https:\/\/bottesetvelo.com\/blog\/2016\/12\/30\/peleriner-a-travers-son-quotidien\/baie-des-sables\/\" data-orig-file=\"https:\/\/i0.wp.com\/bottesetvelo.com\/blog\/wp-content\/uploads\/2016\/12\/Baie-des-Sables.jpg?fit=2710%2C1572&amp;ssl=1\" data-orig-size=\"2710,1572\" data-comments-opened=\"1\" data-image-meta=\"{&quot;aperture&quot;:&quot;2.6&quot;,&quot;credit&quot;:&quot;&quot;,&quot;camera&quot;:&quot;SGH-I747M&quot;,&quot;caption&quot;:&quot;&quot;,&quot;created_timestamp&quot;:&quot;1406026090&quot;,&quot;copyright&quot;:&quot;&quot;,&quot;focal_length&quot;:&quot;3.7&quot;,&quot;iso&quot;:&quot;50&quot;,&quot;shutter_speed&quot;:&quot;0.000388198757764&quot;,&quot;title&quot;:&quot;&quot;,&quot;orientation&quot;:&quot;1&quot;}\" data-image-title=\"Baie-des-Sables\" data-image-description=\"\" data-image-caption=\"\" data-large-file=\"https:\/\/i0.wp.com\/bottesetvelo.com\/blog\/wp-content\/uploads\/2016\/12\/Baie-des-Sables.jpg?fit=1024%2C594&amp;ssl=1\" class=\"wp-image-2877 alignright\" src=\"https:\/\/i0.wp.com\/bottesetvelo.com\/blog\/wp-content\/uploads\/2016\/12\/Baie-des-Sables.jpg?resize=300%2C174&#038;ssl=1\" width=\"300\" height=\"174\" srcset=\"https:\/\/i0.wp.com\/bottesetvelo.com\/blog\/wp-content\/uploads\/2016\/12\/Baie-des-Sables.jpg?resize=500%2C290&amp;ssl=1 500w, https:\/\/i0.wp.com\/bottesetvelo.com\/blog\/wp-content\/uploads\/2016\/12\/Baie-des-Sables.jpg?resize=768%2C445&amp;ssl=1 768w, https:\/\/i0.wp.com\/bottesetvelo.com\/blog\/wp-content\/uploads\/2016\/12\/Baie-des-Sables.jpg?resize=1024%2C594&amp;ssl=1 1024w, https:\/\/i0.wp.com\/bottesetvelo.com\/blog\/wp-content\/uploads\/2016\/12\/Baie-des-Sables.jpg?w=2340&amp;ssl=1 2340w\" sizes=\"auto, (max-width: 300px) 100vw, 300px\" \/><\/a>Je serais ouverte \u00e0 l\u2019\u00e9merveillement, attentive \u00e0 ce qui m\u2019entoure, \u00e0 l\u2019espace que je traverse. Je me laisserais impr\u00e9gner par les paysages que je c\u00f4toie pourtant tous les jours, fascin\u00e9e par les changements de couleurs et de lumi\u00e8res dans la nature. La f\u00e9\u00e9rie d\u2019un tourbillon enfloconn\u00e9, les odeurs d\u2019un automne flamboyant, le vol des oiseaux migrateurs, le rayon de soleil dans mon salon, la chaleur d\u2019un feu de bois, la beaut\u00e9 de nos petits villages aux maisons color\u00e9es. Tant de choses qui m\u2019entourent au quotidien et auxquelles je n\u2019accorde peut-\u00eatre pas autant d\u2019attention que si elles m\u2019\u00e9taient nouvellement offertes. En 2017, je serai touriste chez moi!<\/span><\/h5>\n<p style=\"text-align: justify;\">Si je traversais l\u2019ann\u00e9e 2017 comme j\u2019aborde la vie durant un p\u00e8lerinage\u2026.<br \/>\nJe prendrais le temps de dire \u00ab bonjour \u00bb ou \u00ab bonne journ\u00e9e \u00bb aux gens que je croise; j\u2019\u00e9changerais quelques mots ou un sourire avec celui qui attend l\u2019autobus comme moi, celle qui fait la file d\u2019\u00e9picerie patiemment, avec la personne qui jardine devant sa maison. Je prendrais un peu de temps pour <strong><span style=\"color: #003366;\">conna\u00eetre et cr\u00e9er une relation toute simple avec les gens que je c\u00f4toie r\u00e9guli\u00e8rement<\/span><\/strong>. En quoi \u00e9tudie le jeune qui me sert \u00e0 l\u2019\u00e9picerie et qui apporte ses devoirs pour combler les temps calmes de sa journ\u00e9e? Comment vont les affaires pour le garagiste devant chez qui je vois beaucoup de voitures s\u2019arr\u00eater ces temps-ci? D\u2019o\u00f9 vient la serveuse du petit restaurant o\u00f9 je vais souvent, celle qui a un petit accent original? En p\u00e8lerinage, je d\u00e9couvre tant de personnes enrichissantes qui colorent ma route simplement parce que nous avons pris un peu de temps pour \u00e9changer quelques phrases, le temps d\u2019une pause, le temps d\u2019un repas. Ces relations, sinc\u00e8res bien qu\u2019\u00e9ph\u00e9m\u00e8res, font partie des plaisirs et des souvenirs parfois marquants de ma route. Pourquoi n\u2019aurais-je pas cette m\u00eame ouverture pour <span style=\"color: #333333;\">aller \u00e0 la rencontre des gens qui marquent mon quotidien?<\/span><\/p>\n<p style=\"text-align: justify;\">Si je traversais l\u2019ann\u00e9e 2017 comme j\u2019aborde la vie durant un p\u00e8lerinage\u2026.<br \/>\n<a href=\"https:\/\/i0.wp.com\/bottesetvelo.com\/blog\/wp-content\/uploads\/2016\/12\/pets-89726_1280.jpg?ssl=1\"><img data-recalc-dims=\"1\" loading=\"lazy\" decoding=\"async\" data-attachment-id=\"2879\" data-permalink=\"https:\/\/bottesetvelo.com\/blog\/2016\/12\/30\/peleriner-a-travers-son-quotidien\/pets-89726_1280\/\" data-orig-file=\"https:\/\/i0.wp.com\/bottesetvelo.com\/blog\/wp-content\/uploads\/2016\/12\/pets-89726_1280.jpg?fit=1280%2C960&amp;ssl=1\" data-orig-size=\"1280,960\" data-comments-opened=\"1\" data-image-meta=\"{&quot;aperture&quot;:&quot;0&quot;,&quot;credit&quot;:&quot;&quot;,&quot;camera&quot;:&quot;&quot;,&quot;caption&quot;:&quot;&quot;,&quot;created_timestamp&quot;:&quot;0&quot;,&quot;copyright&quot;:&quot;&quot;,&quot;focal_length&quot;:&quot;0&quot;,&quot;iso&quot;:&quot;0&quot;,&quot;shutter_speed&quot;:&quot;0&quot;,&quot;title&quot;:&quot;&quot;,&quot;orientation&quot;:&quot;0&quot;}\" data-image-title=\"pets-89726_1280\" data-image-description=\"\" data-image-caption=\"\" data-large-file=\"https:\/\/i0.wp.com\/bottesetvelo.com\/blog\/wp-content\/uploads\/2016\/12\/pets-89726_1280.jpg?fit=1024%2C768&amp;ssl=1\" class=\"wp-image-2879 alignleft\" src=\"https:\/\/i0.wp.com\/bottesetvelo.com\/blog\/wp-content\/uploads\/2016\/12\/pets-89726_1280.jpg?resize=300%2C225&#038;ssl=1\" alt=\"se reposer\" width=\"300\" height=\"225\" srcset=\"https:\/\/i0.wp.com\/bottesetvelo.com\/blog\/wp-content\/uploads\/2016\/12\/pets-89726_1280.jpg?resize=500%2C375&amp;ssl=1 500w, https:\/\/i0.wp.com\/bottesetvelo.com\/blog\/wp-content\/uploads\/2016\/12\/pets-89726_1280.jpg?resize=768%2C576&amp;ssl=1 768w, https:\/\/i0.wp.com\/bottesetvelo.com\/blog\/wp-content\/uploads\/2016\/12\/pets-89726_1280.jpg?resize=1024%2C768&amp;ssl=1 1024w, https:\/\/i0.wp.com\/bottesetvelo.com\/blog\/wp-content\/uploads\/2016\/12\/pets-89726_1280.jpg?w=1280&amp;ssl=1 1280w\" sizes=\"auto, (max-width: 300px) 100vw, 300px\" \/><\/a>Je prendrais le temps d\u2019\u00e9couter les signaux que me transmet mon corps. Je prendrais des d\u00e9cisions et des actions pour <strong><span style=\"color: #003366;\">\u00eatre physiquement bien<\/span><\/strong>. Je pourrais refuser certaines surcharges au travail car la fatigue commence \u00e0 m\u2019user, dire \u00e0 mon ados que s\u2019il veut que je le voyage, il devra d\u00e9neiger la voiture pour m\u00e9nager mon dos, aller m\u2019allonger sans culpabiliser pour r\u00e9cup\u00e9rer apr\u00e8s une journ\u00e9e \u00e9reintante, prendre le temps de soigner cet \u00e9lancement que j\u2019ai au cou et que je tra\u00eene depuis trop longtemps maintenant. Quand je marche les chemins de p\u00e8lerinage, je prends le temps d\u2019\u00e9couter mon corps et d\u2019en prendre soin. J\u2019ai appris que si je n\u2019interviens pas lorsque la douleur se pr\u00e9sente, la gu\u00e9rison sera plus longue et plus complexe. C\u2019est pourquoi, je prends des pauses r\u00e9guli\u00e8rement, bois de l\u2019eau, masse mes mollets, cr\u00e8me mes pieds, mange plus l\u00e9ger et me couche t\u00f4t. En 2017, tout en continuant de m\u2019occuper des autres, je me donne le devoir de prendre soin de moi et de ma sant\u00e9.<\/p>\n<p style=\"text-align: justify;\">Si je traversais l\u2019ann\u00e9e 2017 comme j\u2019aborde la vie durant un p\u00e8lerinage\u2026.<br \/>\nJe ferais du m\u00e9nage! Un m\u00e9nage concret dans ma garde-robe, dans mes armoires de cuisine, dans ma biblioth\u00e8que, dans le garde-manger, dans le garage, dans le cabanon. En p\u00e8lerinage, j\u2019ai pass\u00e9 tellement de temps \u00e0 reconsid\u00e9rer le contenu de mon sac \u00e0 dos pour l\u2019all\u00e9ger et me permettre d\u2019avancer plus librement. Le p\u00e8lerin voyage avec son essentiel. Dans mon quotidien, certaines choses ne me sont qu\u2019encombrantes ou accaparantes. En 2017, je prends le temps de <strong><span style=\"color: #003366;\">faire un tri<\/span><\/strong>. Je donne, je jette, je garde. Lentement, je me lib\u00e8re de certaines amarres, de certaines ancres que je ne d\u00e9sire plus poss\u00e9der car elles ne font plus partie de mon essentiel pour avancer sur ma route de vie.<\/p>\n<p style=\"text-align: justify;\">Et si je traversais l\u2019ann\u00e9e 2017 comme j\u2019aborde la vie durant un p\u00e8lerinage\u2026.<br \/>\n<a href=\"https:\/\/i0.wp.com\/bottesetvelo.com\/blog\/wp-content\/uploads\/2016\/12\/autumn-1874031_1920.jpg?ssl=1\"><img data-recalc-dims=\"1\" loading=\"lazy\" decoding=\"async\" data-attachment-id=\"2880\" data-permalink=\"https:\/\/bottesetvelo.com\/blog\/2016\/12\/30\/peleriner-a-travers-son-quotidien\/autumn-1874031_1920\/\" data-orig-file=\"https:\/\/i0.wp.com\/bottesetvelo.com\/blog\/wp-content\/uploads\/2016\/12\/autumn-1874031_1920.jpg?fit=1920%2C1285&amp;ssl=1\" data-orig-size=\"1920,1285\" data-comments-opened=\"1\" data-image-meta=\"{&quot;aperture&quot;:&quot;5.6&quot;,&quot;credit&quot;:&quot;&quot;,&quot;camera&quot;:&quot;NIKON D60&quot;,&quot;caption&quot;:&quot;&quot;,&quot;created_timestamp&quot;:&quot;0&quot;,&quot;copyright&quot;:&quot;&quot;,&quot;focal_length&quot;:&quot;46&quot;,&quot;iso&quot;:&quot;160&quot;,&quot;shutter_speed&quot;:&quot;0.008&quot;,&quot;title&quot;:&quot;&quot;,&quot;orientation&quot;:&quot;0&quot;}\" data-image-title=\"amiti\u00e9\" data-image-description=\"\" data-image-caption=\"\" data-large-file=\"https:\/\/i0.wp.com\/bottesetvelo.com\/blog\/wp-content\/uploads\/2016\/12\/autumn-1874031_1920.jpg?fit=1024%2C685&amp;ssl=1\" class=\"wp-image-2880 alignright\" src=\"https:\/\/i0.wp.com\/bottesetvelo.com\/blog\/wp-content\/uploads\/2016\/12\/autumn-1874031_1920.jpg?resize=300%2C201&#038;ssl=1\" alt=\"\" width=\"300\" height=\"201\" srcset=\"https:\/\/i0.wp.com\/bottesetvelo.com\/blog\/wp-content\/uploads\/2016\/12\/autumn-1874031_1920.jpg?resize=500%2C335&amp;ssl=1 500w, https:\/\/i0.wp.com\/bottesetvelo.com\/blog\/wp-content\/uploads\/2016\/12\/autumn-1874031_1920.jpg?resize=768%2C514&amp;ssl=1 768w, https:\/\/i0.wp.com\/bottesetvelo.com\/blog\/wp-content\/uploads\/2016\/12\/autumn-1874031_1920.jpg?resize=1024%2C685&amp;ssl=1 1024w, https:\/\/i0.wp.com\/bottesetvelo.com\/blog\/wp-content\/uploads\/2016\/12\/autumn-1874031_1920.jpg?w=1920&amp;ssl=1 1920w\" sizes=\"auto, (max-width: 300px) 100vw, 300px\" \/><\/a>Je choisirais mes compagnons de route. <strong><span style=\"color: #003366;\">Je m\u2019entourerais de personnes avec lesquelles j\u2019ai du plaisir \u00e0 avancer dans la vie<\/span><\/strong>, des gens qui me font grandir, qui m\u2019aident, qui me font du bien. Des gens qui partagent ma vision de la vie, mes valeurs et avec lesquelles la complicit\u00e9 se passe de mots. Sur le chemin, les rencontres vont et viennent. Certains feront plusieurs jours de marche ensemble, d\u2019autres ne se seront crois\u00e9s qu\u2019une seule fois et d\u2019autres se retrouveront au hasard de la route apr\u00e8s quelques jours d\u2019absence. Ainsi va la vraie vie aussi. Est-ce que je me permets de choisir mes relations?<\/p>\n<p style=\"text-align: justify;\">Si je traversais l\u2019ann\u00e9e 2017 comme j\u2019aborde la vie durant un p\u00e8lerinage\u2026.<br \/>\n<a href=\"https:\/\/i0.wp.com\/bottesetvelo.com\/blog\/wp-content\/uploads\/2016\/12\/2014-07-19-20.07.11.jpg?ssl=1\"><img data-recalc-dims=\"1\" loading=\"lazy\" decoding=\"async\" data-attachment-id=\"2881\" data-permalink=\"https:\/\/bottesetvelo.com\/blog\/2016\/12\/30\/peleriner-a-travers-son-quotidien\/2014-07-19-20-07-11-2\/\" data-orig-file=\"https:\/\/i0.wp.com\/bottesetvelo.com\/blog\/wp-content\/uploads\/2016\/12\/2014-07-19-20.07.11.jpg?fit=3264%2C2448&amp;ssl=1\" data-orig-size=\"3264,2448\" data-comments-opened=\"1\" data-image-meta=\"{&quot;aperture&quot;:&quot;2.6&quot;,&quot;credit&quot;:&quot;&quot;,&quot;camera&quot;:&quot;SGH-I747M&quot;,&quot;caption&quot;:&quot;&quot;,&quot;created_timestamp&quot;:&quot;1405800431&quot;,&quot;copyright&quot;:&quot;&quot;,&quot;focal_length&quot;:&quot;3.7&quot;,&quot;iso&quot;:&quot;50&quot;,&quot;shutter_speed&quot;:&quot;0.010989010989&quot;,&quot;title&quot;:&quot;&quot;,&quot;orientation&quot;:&quot;1&quot;}\" data-image-title=\"2014-07-19 20.07.11\" data-image-description=\"\" data-image-caption=\"\" data-large-file=\"https:\/\/i0.wp.com\/bottesetvelo.com\/blog\/wp-content\/uploads\/2016\/12\/2014-07-19-20.07.11.jpg?fit=1024%2C768&amp;ssl=1\" class=\"wp-image-2881 alignleft\" src=\"https:\/\/i0.wp.com\/bottesetvelo.com\/blog\/wp-content\/uploads\/2016\/12\/2014-07-19-20.07.11.jpg?resize=300%2C225&#038;ssl=1\" alt=\"\" width=\"300\" height=\"225\" srcset=\"https:\/\/i0.wp.com\/bottesetvelo.com\/blog\/wp-content\/uploads\/2016\/12\/2014-07-19-20.07.11.jpg?resize=500%2C375&amp;ssl=1 500w, https:\/\/i0.wp.com\/bottesetvelo.com\/blog\/wp-content\/uploads\/2016\/12\/2014-07-19-20.07.11.jpg?resize=768%2C576&amp;ssl=1 768w, https:\/\/i0.wp.com\/bottesetvelo.com\/blog\/wp-content\/uploads\/2016\/12\/2014-07-19-20.07.11.jpg?resize=1024%2C768&amp;ssl=1 1024w, https:\/\/i0.wp.com\/bottesetvelo.com\/blog\/wp-content\/uploads\/2016\/12\/2014-07-19-20.07.11.jpg?w=2340&amp;ssl=1 2340w\" sizes=\"auto, (max-width: 300px) 100vw, 300px\" \/><\/a>Je serais attentive aux signes qui balisent ma route. Je me donnerais r\u00e9guli\u00e8rement des objectifs me permettant de me rapprocher lentement du but que je me suis fix\u00e9 dans la vie. J\u2019\u00e9valuerais fr\u00e9quemment la route que je parcours, les d\u00e9cisions prises et les actions pos\u00e9es, afin de m\u2019assurer que j\u2019avance toujours dans la bonne direction, que mes pas concordent avec ce que je d\u00e9sire atteindre dans ma vie. Je r\u00e9viserais mes attentes, les questionnerais pour confirmer que le but auquel j\u2019aspire r\u00e9sonne toujours en harmonie avec la personne que je suis, avec la personne que j\u2019\u00e9volue \u00e0 \u00eatre. <strong><span style=\"color: #003366;\">Je prendrais les moyens qu\u2019il faut pour avancer chaque jour un peu plus vers mon but<\/span><\/strong>. En p\u00e8lerinage, chacun marche vers cette destination finale qu\u2019il s\u2019est donn\u00e9e. Mais \u00e0 l\u2019int\u00e9rieur de chaque p\u00e8lerin, il y a tout un remue-m\u00e9nage et remue-m\u00e9ninges qui s\u2019effectue. Quel est ce sanctuaire dans ma vie?<br \/>\nLe p\u00e8lerin d\u2019aujourd\u2019hui c\u2019est quelqu\u2019un qui part marcher en qu\u00eate de plus de sens \u00e0 la vie, en qu\u00eate d\u2019un ind\u00e9finissable bien-\u00eatre int\u00e9rieur. Ce p\u00e8lerin qui fait un bout de route sur les chemins de p\u00e8lerinage avant de revenir \u00e0 son quotidien, c\u2019est moi, c\u2019est vous. Et si vous traversiez l\u2019ann\u00e9e 2017 comme on aborde la vie durant un p\u00e8lerinage?<br \/>\nBonne ann\u00e9e 2017, \u2026 Bon p\u00e8lerinage!<br \/>\nBrigitte Harouni<a href=\"https:\/\/i0.wp.com\/bottesetvelo.com\/blog\/wp-content\/uploads\/2014\/01\/Bottes-et-V%C3%A9lo-Embl%C3%AAme-e1454083414631.jpg?ssl=1\"><img data-recalc-dims=\"1\" loading=\"lazy\" decoding=\"async\" data-attachment-id=\"14\" data-permalink=\"https:\/\/bottesetvelo.com\/blog\/bottes-et-velo-le-blog\/bottes-et-velo-embleme\/\" data-orig-file=\"https:\/\/i0.wp.com\/bottesetvelo.com\/blog\/wp-content\/uploads\/2014\/01\/Bottes-et-V%C3%A9lo-Embl%C3%AAme-e1454083414631.jpg?fit=100%2C79&amp;ssl=1\" data-orig-size=\"100,79\" data-comments-opened=\"1\" data-image-meta=\"{&quot;aperture&quot;:&quot;0&quot;,&quot;credit&quot;:&quot;&quot;,&quot;camera&quot;:&quot;&quot;,&quot;caption&quot;:&quot;&quot;,&quot;created_timestamp&quot;:&quot;0&quot;,&quot;copyright&quot;:&quot;&quot;,&quot;focal_length&quot;:&quot;0&quot;,&quot;iso&quot;:&quot;0&quot;,&quot;shutter_speed&quot;:&quot;0&quot;,&quot;title&quot;:&quot;&quot;}\" data-image-title=\"Bottes et V\u00e9lo &amp;#8211; Embl\u00eame\" data-image-description=\"\" data-image-caption=\"\" data-large-file=\"https:\/\/i0.wp.com\/bottesetvelo.com\/blog\/wp-content\/uploads\/2014\/01\/Bottes-et-V%C3%A9lo-Embl%C3%AAme-e1454083414631.jpg?fit=100%2C79&amp;ssl=1\" class=\"wp-image-14 alignright\" src=\"https:\/\/i0.wp.com\/bottesetvelo.com\/blog\/wp-content\/uploads\/2014\/01\/Bottes-et-V%C3%A9lo-Embl%C3%AAme.jpg?resize=50%2C39&#038;ssl=1\" alt=\"\" width=\"50\" height=\"39\" \/><\/a><\/p>\n","protected":false},"excerpt":{"rendered":"<p>Pilgrimage is about what happens along the way. Bob Kunzinger Et si je traversais l\u2019ann\u00e9e 2017 comme j\u2019aborde la vie durant un p\u00e8lerinage\u2026. Je serais ouverte \u00e0 l\u2019\u00e9merveillement, attentive \u00e0 ce qui m\u2019entoure, \u00e0 l\u2019espace que je traverse. Je me laisserais impr\u00e9gner par les paysages que je c\u00f4toie pourtant tous les jours, fascin\u00e9e par les&hellip;<\/p>\n","protected":false},"author":2,"featured_media":0,"comment_status":"open","ping_status":"open","sticky":false,"template":"","format":"standard","meta":{"jetpack_post_was_ever_published":false,"_jetpack_newsletter_access":"","_jetpack_dont_email_post_to_subs":false,"_jetpack_newsletter_tier_id":0,"_jetpack_memberships_contains_paywalled_content":false,"_jetpack_memberships_contains_paid_content":false,"footnotes":"","jetpack_publicize_message":"","jetpack_publicize_feature_enabled":true,"jetpack_social_post_already_shared":true,"jetpack_social_options":{"image_generator_settings":{"template":"highway","default_image_id":0,"font":"","enabled":false},"version":2}},"categories":[52,9,39,166,171],"tags":[275,40,168,13,38,20],"class_list":["post-2875","post","type-post","status-publish","format-standard","hentry","category-alternatives-de-vie","category-chemins-de-pelerinage","category-croissance-personnelle","category-demarche-du-pelerin","category-pelerinage","tag-art-de-vivre","tag-croissance-personnelle-2","tag-demarche-du-pelerin","tag-pelerinage","tag-reflexion","tag-spiritualite"],"jetpack_publicize_connections":[],"jetpack_featured_media_url":"","jetpack_shortlink":"https:\/\/wp.me\/p4eY6z-Kn","jetpack_sharing_enabled":true,"jetpack_likes_enabled":true,"jetpack-related-posts":[],"_links":{"self":[{"href":"https:\/\/bottesetvelo.com\/blog\/wp-json\/wp\/v2\/posts\/2875","targetHints":{"allow":["GET"]}}],"collection":[{"href":"https:\/\/bottesetvelo.com\/blog\/wp-json\/wp\/v2\/posts"}],"about":[{"href":"https:\/\/bottesetvelo.com\/blog\/wp-json\/wp\/v2\/types\/post"}],"author":[{"embeddable":true,"href":"https:\/\/bottesetvelo.com\/blog\/wp-json\/wp\/v2\/users\/2"}],"replies":[{"embeddable":true,"href":"https:\/\/bottesetvelo.com\/blog\/wp-json\/wp\/v2\/comments?post=2875"}],"version-history":[{"count":4,"href":"https:\/\/bottesetvelo.com\/blog\/wp-json\/wp\/v2\/posts\/2875\/revisions"}],"predecessor-version":[{"id":2878,"href":"https:\/\/bottesetvelo.com\/blog\/wp-json\/wp\/v2\/posts\/2875\/revisions\/2878"}],"wp:attachment":[{"href":"https:\/\/bottesetvelo.com\/blog\/wp-json\/wp\/v2\/media?parent=2875"}],"wp:term":[{"taxonomy":"category","embeddable":true,"href":"https:\/\/bottesetvelo.com\/blog\/wp-json\/wp\/v2\/categories?post=2875"},{"taxonomy":"post_tag","embeddable":true,"href":"https:\/\/bottesetvelo.com\/blog\/wp-json\/wp\/v2\/tags?post=2875"}],"curies":[{"name":"wp","href":"https:\/\/api.w.org\/{rel}","templated":true}]}}