{"id":2866,"date":"2016-12-23T15:50:48","date_gmt":"2016-12-23T20:50:48","guid":{"rendered":"http:\/\/bottesetvelo.com\/blog\/?p=2866"},"modified":"2016-12-23T15:50:48","modified_gmt":"2016-12-23T20:50:48","slug":"apprecier-la-lumiere","status":"publish","type":"post","link":"https:\/\/bottesetvelo.com\/blog\/2016\/12\/23\/apprecier-la-lumiere\/","title":{"rendered":"Appr\u00e9cier la lumi\u00e8re"},"content":{"rendered":"<h6 style=\"text-align: right;\"><em>L\u2019essentiel est invisible pour les yeux.<\/em><br \/>\n<em>Antoine de Saint-Exup\u00e9ry<\/em><\/h6>\n<h5 style=\"text-align: justify;\"><span style=\"color: #003366;\">C\u2019est dans l\u2019obscurit\u00e9 qu\u2019on remarque le plus la lumi\u00e8re, disait un ex-toxicomane et itin\u00e9rant. Avec les jours d\u2019hiver, celle-ci nous manque de plus en plus et parfois le moral n\u2019est pas fort. Dans l\u2019obscurit\u00e9 qui se prolonge, la vie vient \u00e0 manquer et perd de son sens. L\u2019obscurit\u00e9 nous p\u00e8se lourd. Ce temps de l\u2019ann\u00e9e nous semble interminable. Il n\u2019est pas \u00e9tonnant que, dans un tel contexte, l\u2019arriv\u00e9e de No\u00ebl nous r\u00e9jouisse. Son arriv\u00e9e annonce le retour de la lumi\u00e8re. Le jour se l\u00e8ve enfin sur cette longue nuit et les premiers rayons vont bient\u00f4t pointer \u00e0 l\u2019horizon. Traverser No\u00ebl, c\u2019est entrer dans l\u2019esp\u00e9rance. Nous avons besoin de lumi\u00e8re pour vivre.<\/span><\/h5>\n<p style=\"text-align: justify;\"><a href=\"https:\/\/i0.wp.com\/bottesetvelo.com\/blog\/wp-content\/uploads\/2016\/12\/christmas-house-554727_1920.jpg?ssl=1\"><img data-recalc-dims=\"1\" loading=\"lazy\" decoding=\"async\" data-attachment-id=\"2867\" data-permalink=\"https:\/\/bottesetvelo.com\/blog\/2016\/12\/23\/apprecier-la-lumiere\/christmas-house-554727_1920\/\" data-orig-file=\"https:\/\/i0.wp.com\/bottesetvelo.com\/blog\/wp-content\/uploads\/2016\/12\/christmas-house-554727_1920.jpg?fit=1920%2C1218&amp;ssl=1\" data-orig-size=\"1920,1218\" data-comments-opened=\"1\" data-image-meta=\"{&quot;aperture&quot;:&quot;0&quot;,&quot;credit&quot;:&quot;&quot;,&quot;camera&quot;:&quot;&quot;,&quot;caption&quot;:&quot;&quot;,&quot;created_timestamp&quot;:&quot;0&quot;,&quot;copyright&quot;:&quot;&quot;,&quot;focal_length&quot;:&quot;0&quot;,&quot;iso&quot;:&quot;0&quot;,&quot;shutter_speed&quot;:&quot;0&quot;,&quot;title&quot;:&quot;&quot;,&quot;orientation&quot;:&quot;0&quot;}\" data-image-title=\"Maison de No\u00ebl\" data-image-description=\"\" data-image-caption=\"\" data-large-file=\"https:\/\/i0.wp.com\/bottesetvelo.com\/blog\/wp-content\/uploads\/2016\/12\/christmas-house-554727_1920.jpg?fit=1024%2C650&amp;ssl=1\" class=\"alignright wp-image-2867\" src=\"https:\/\/i0.wp.com\/bottesetvelo.com\/blog\/wp-content\/uploads\/2016\/12\/christmas-house-554727_1920.jpg?resize=300%2C190&#038;ssl=1\" width=\"300\" height=\"190\" srcset=\"https:\/\/i0.wp.com\/bottesetvelo.com\/blog\/wp-content\/uploads\/2016\/12\/christmas-house-554727_1920.jpg?resize=500%2C317&amp;ssl=1 500w, https:\/\/i0.wp.com\/bottesetvelo.com\/blog\/wp-content\/uploads\/2016\/12\/christmas-house-554727_1920.jpg?resize=768%2C487&amp;ssl=1 768w, https:\/\/i0.wp.com\/bottesetvelo.com\/blog\/wp-content\/uploads\/2016\/12\/christmas-house-554727_1920.jpg?resize=1024%2C650&amp;ssl=1 1024w, https:\/\/i0.wp.com\/bottesetvelo.com\/blog\/wp-content\/uploads\/2016\/12\/christmas-house-554727_1920.jpg?w=1920&amp;ssl=1 1920w\" sizes=\"auto, (max-width: 300px) 100vw, 300px\" \/><\/a>Ce qui est d\u00e9solant dans l\u2019absence de lumi\u00e8re, c\u2019est qu\u2019on puisse passer sa vie sous les n\u00e9ons de notre civilisation sans se rendre compte de rien. Comme dans un \u00e9levage industriel de poulet, l\u2019\u00e9clairage illusoire d\u2019une vie factice nous maintient en vie artificiellement. On peut d\u00e8s lors se questionner, est-ce parce qu\u2019il fait clair que je suis dans la lumi\u00e8re? <strong><span style=\"color: #003366;\">Aveugl\u00e9 par trop de lumi\u00e8re, on n\u2019y voit rien!<\/span><\/strong><\/p>\n<p style=\"text-align: justify;\">Lorsque notre vie nous \u00e9tourdit, que l\u2019agenda est trop rempli, que tout va de travers, que le moral n\u2019y est plus. Lorsqu\u2019on se pr\u00e9cipite d\u2019\u00e9v\u00e9nements en \u00e9v\u00e9nements, d\u2019une activit\u00e9 \u00e0 l\u2019autre, que la fatigue nous accable, que l\u2019on manque toujours de temps. Lorsqu\u2019un petit remontant devient n\u00e9cessaire pour passer au travers et faire dig\u00e9rer le surplus ingurgit\u00e9. Lorsque, malgr\u00e9 tout, nous maintenons ce rythme. Il faut bien l\u2019admettre\u00a0: on n\u2019y voit rien! Nous sommes dans l\u2019obscurit\u00e9 la plus totale, malgr\u00e9 l\u2019\u00e9clairage. Aveugl\u00e9s par trop d\u2019\u00e9clats, d\u2019agitation, de t\u00e9l\u00e9vision, d\u2019internet, de modes, de croyances, de craintes, de certitudes et de convictions, notre vie manque d\u2019espace pour respirer. \u00c9blouis et convaincus du bienfond\u00e9 de cette civilisation de consommation, <strong><span style=\"color: #003366;\">aveugl\u00e9s par la fatalit\u00e9 de notre situation\u00a0: on n\u2019y voit rien!<\/span><\/strong><\/p>\n<p style=\"text-align: justify;\">Certitudes et convictions! Quoi de plus aveuglant que des certitudes et des convictions? On en a beaucoup des convictions! Tout le monde est convaincu de quelque chose. La plus grande conviction que nous ayons est sans doute celle des cloisons de notre vie. <a href=\"https:\/\/i0.wp.com\/bottesetvelo.com\/blog\/wp-content\/uploads\/2016\/12\/2015-04-12-19.21.21.jpg?ssl=1\"><img data-recalc-dims=\"1\" loading=\"lazy\" decoding=\"async\" data-attachment-id=\"2868\" data-permalink=\"https:\/\/bottesetvelo.com\/blog\/2016\/12\/23\/apprecier-la-lumiere\/2015-04-12-19-21-21\/\" data-orig-file=\"https:\/\/i0.wp.com\/bottesetvelo.com\/blog\/wp-content\/uploads\/2016\/12\/2015-04-12-19.21.21.jpg?fit=2160%2C1703&amp;ssl=1\" data-orig-size=\"2160,1703\" data-comments-opened=\"1\" data-image-meta=\"{&quot;aperture&quot;:&quot;2.8&quot;,&quot;credit&quot;:&quot;&quot;,&quot;camera&quot;:&quot;iPhone 4&quot;,&quot;caption&quot;:&quot;&quot;,&quot;created_timestamp&quot;:&quot;1428866481&quot;,&quot;copyright&quot;:&quot;&quot;,&quot;focal_length&quot;:&quot;3.85&quot;,&quot;iso&quot;:&quot;80&quot;,&quot;shutter_speed&quot;:&quot;0.00225225225225&quot;,&quot;title&quot;:&quot;&quot;,&quot;orientation&quot;:&quot;1&quot;}\" data-image-title=\"Bottes et V\u00e9lo &amp;#8211; Soleil hiver\" data-image-description=\"\" data-image-caption=\"\" data-large-file=\"https:\/\/i0.wp.com\/bottesetvelo.com\/blog\/wp-content\/uploads\/2016\/12\/2015-04-12-19.21.21.jpg?fit=1024%2C807&amp;ssl=1\" class=\"alignright wp-image-2868\" src=\"https:\/\/i0.wp.com\/bottesetvelo.com\/blog\/wp-content\/uploads\/2016\/12\/2015-04-12-19.21.21.jpg?resize=300%2C237&#038;ssl=1\" width=\"300\" height=\"237\" srcset=\"https:\/\/i0.wp.com\/bottesetvelo.com\/blog\/wp-content\/uploads\/2016\/12\/2015-04-12-19.21.21.jpg?resize=500%2C394&amp;ssl=1 500w, https:\/\/i0.wp.com\/bottesetvelo.com\/blog\/wp-content\/uploads\/2016\/12\/2015-04-12-19.21.21.jpg?resize=768%2C606&amp;ssl=1 768w, https:\/\/i0.wp.com\/bottesetvelo.com\/blog\/wp-content\/uploads\/2016\/12\/2015-04-12-19.21.21.jpg?resize=1024%2C807&amp;ssl=1 1024w\" sizes=\"auto, (max-width: 300px) 100vw, 300px\" \/><\/a>Pas le choix, c\u2019est comme \u00e7a! Il y a une esp\u00e8ce de fatalit\u00e9 \u00e0 vivre dans ces conditions d\u2019\u00e9levage de poulet industriel qui fait maintenant figure de pression sociale. Celui qui ne s\u2019y conforme pas est hors norme, disqualifi\u00e9. Tout espace doit \u00eatre combl\u00e9 et les standards de performance maintenus, sous peine de passer pour un sous-individu dont les capacit\u00e9s sont limit\u00e9s, un l\u00e2che, un fain\u00e9ant.<\/p>\n<p style=\"text-align: justify;\">Pourtant, vous pourrez \u00eatre le plus convaincant des convaincus et affirmer avec certitude ce qu\u2019il faut de bonne terre et d\u2019ingr\u00e9dients pour bien faire pousser les v\u00e9g\u00e9taux; nous avons tous vu, et contre toutes attentes, cette fleur fragile jaillir d\u2019une fissure dans le trottoir en plein centre-ville. Cette petite fleur a de quoi \u00e9branler nos plus solides convictions et toutes nos croyances sur la fatalit\u00e9 de la vie. Lorsque nous la croisons, cette petite fleur, elle jette un \u00e9clairage sur nos obscurit\u00e9s, nos zones d\u2019ombres, nos enfermements\u2026 Elle nous r\u00e9v\u00e8le des choses que nous aurions pr\u00e9f\u00e9r\u00e9 laisser dans l\u2019obscurit\u00e9\u00a0: \u00ab\u00a0Ce que l\u2019on ne voit pas ne fait pas de mal!\u00a0\u00bb Malgr\u00e9 nos \u0153ill\u00e8res, cette petite fleur nous rappelle que la vie prend sa place et son temps dans un ordre qui n\u2019est pas celui que nous suivons. Elle nous rappelle que nous sommes sur la fausse route \u00e0 peiner comme nous le faisons. Que malgr\u00e9 nos structures de b\u00e9ton, <strong><span style=\"color: #003366;\">la vie est plus forte que tout.<\/span> <\/strong>Elle ne s\u2019enferme pas.<\/p>\n<p style=\"text-align: justify;\"><a href=\"https:\/\/i0.wp.com\/bottesetvelo.com\/blog\/wp-content\/uploads\/2016\/12\/2015-01-25-16.23.15.jpg?ssl=1\"><img data-recalc-dims=\"1\" loading=\"lazy\" decoding=\"async\" data-attachment-id=\"2869\" data-permalink=\"https:\/\/bottesetvelo.com\/blog\/2016\/12\/23\/apprecier-la-lumiere\/2015-01-25-16-23-15-2\/\" data-orig-file=\"https:\/\/i0.wp.com\/bottesetvelo.com\/blog\/wp-content\/uploads\/2016\/12\/2015-01-25-16.23.15.jpg?fit=3216%2C2382&amp;ssl=1\" data-orig-size=\"3216,2382\" data-comments-opened=\"1\" data-image-meta=\"{&quot;aperture&quot;:&quot;2.6&quot;,&quot;credit&quot;:&quot;&quot;,&quot;camera&quot;:&quot;SGH-I747M&quot;,&quot;caption&quot;:&quot;&quot;,&quot;created_timestamp&quot;:&quot;1422202995&quot;,&quot;copyright&quot;:&quot;&quot;,&quot;focal_length&quot;:&quot;3.7&quot;,&quot;iso&quot;:&quot;50&quot;,&quot;shutter_speed&quot;:&quot;0.00387596899225&quot;,&quot;title&quot;:&quot;&quot;,&quot;orientation&quot;:&quot;1&quot;}\" data-image-title=\"2015-01-25 16.23.15\" data-image-description=\"\" data-image-caption=\"\" data-large-file=\"https:\/\/i0.wp.com\/bottesetvelo.com\/blog\/wp-content\/uploads\/2016\/12\/2015-01-25-16.23.15.jpg?fit=1024%2C758&amp;ssl=1\" class=\"alignright wp-image-2869\" src=\"https:\/\/i0.wp.com\/bottesetvelo.com\/blog\/wp-content\/uploads\/2016\/12\/2015-01-25-16.23.15.jpg?resize=300%2C222&#038;ssl=1\" width=\"300\" height=\"222\" srcset=\"https:\/\/i0.wp.com\/bottesetvelo.com\/blog\/wp-content\/uploads\/2016\/12\/2015-01-25-16.23.15.jpg?resize=500%2C370&amp;ssl=1 500w, https:\/\/i0.wp.com\/bottesetvelo.com\/blog\/wp-content\/uploads\/2016\/12\/2015-01-25-16.23.15.jpg?resize=768%2C569&amp;ssl=1 768w, https:\/\/i0.wp.com\/bottesetvelo.com\/blog\/wp-content\/uploads\/2016\/12\/2015-01-25-16.23.15.jpg?resize=1024%2C758&amp;ssl=1 1024w, https:\/\/i0.wp.com\/bottesetvelo.com\/blog\/wp-content\/uploads\/2016\/12\/2015-01-25-16.23.15.jpg?w=2340&amp;ssl=1 2340w\" sizes=\"auto, (max-width: 300px) 100vw, 300px\" \/><\/a>La vie prend son temps, s\u2019\u00e9tire longuement, savoure, contemple, file doucement, s\u2019\u00e9panouit d\u2019un rien. La vie est pr\u00e9sence. Tout y baigne. On ne peut y \u00e9chapper. M\u00eame dans la plus profonde de nos psychoses, la vie demeure. Elle est \u00e0 l\u2019image de ce que d\u00e9crit l\u2019all\u00e9gorie de la caverne de Platon\u00a0: celui qui d\u00e9sire l\u2019\u00e9treindre devra sortir de son obscurit\u00e9, de son repli sur soi. Il devra aller jouer dehors! <strong><span style=\"color: #003366;\">La vie est bien plus qu\u2019un jeu d\u2019ombre sur l\u2019\u00e9cran de nos t\u00e9l\u00e9visions.<\/span><\/strong> Il faut sortir pour l\u2019appr\u00e9cier pleinement.<\/p>\n<p style=\"text-align: justify;\">L\u2019expression sortir de l\u2019ombre, ou m\u00eame de nos obscurit\u00e9s, ne vous est pas inconnue et vous savez certainement mieux que quiconque ce qu\u2019elle peut signifier pour vous. On peut toutefois s\u2019entendre pour dire qu\u2019en se lan\u00e7ant dans une telle aventure, il y a quelque chose qui invite \u00e0 vaincre ses d\u00e9mons int\u00e9rieurs et ses peurs, laisser tomber ses id\u00e9es toutes faites, abandonner ses croyances \u00e9touffantes, oublier ses pr\u00e9jug\u00e9s, d\u00e9faire les liens d\u2019un ego sans borne&#8230; Ce qui est \u00e0 retenir, et il n\u2019y pas \u00e0 en douter, c\u2019est que pour en sortir\u00a0: il faut quitter. Le d\u00e9placement est n\u00e9cessaire. Rien n\u2019arrivera si on ne quitte pas. <span style=\"color: #003366;\"><strong>Pour sortir de l\u2019obscurit\u00e9, il faut d\u00e9lib\u00e9r\u00e9ment la quitter et se mettre en route vers la lumi\u00e8re.<\/strong><\/span><\/p>\n<p style=\"text-align: justify;\">Pour l\u2019aveugle, cette image n\u2019est certainement pas la meilleure et peut sembler exclusive. Ce n\u2019est pas le but de cette r\u00e9flexion. Marcher vers la lumi\u00e8re sugg\u00e8re tendre vers la v\u00e9rit\u00e9 de ce qui fait vivre, de ce qui est juste. Se donner comme r\u00e9f\u00e9rence la force vivante qui nous anime et travailler de concert avec elle pour que tout vive. Un parcours o\u00f9 je m\u2019inscris en cheminement avec l\u2019autre dans la Vie. \u00ab\u00a0Je\u00a0\u00bb n\u2019est jamais seul, ni par lui-m\u00eame, il s\u2019accomplit dans le mouvement de cette interrelation.<\/p>\n<p style=\"text-align: justify;\"><a href=\"https:\/\/i0.wp.com\/bottesetvelo.com\/blog\/wp-content\/uploads\/2016\/12\/away-1458513_1920.jpg?ssl=1\"><img data-recalc-dims=\"1\" loading=\"lazy\" decoding=\"async\" data-attachment-id=\"2870\" data-permalink=\"https:\/\/bottesetvelo.com\/blog\/2016\/12\/23\/apprecier-la-lumiere\/away-1458513_1920\/\" data-orig-file=\"https:\/\/i0.wp.com\/bottesetvelo.com\/blog\/wp-content\/uploads\/2016\/12\/away-1458513_1920.jpg?fit=1920%2C1279&amp;ssl=1\" data-orig-size=\"1920,1279\" data-comments-opened=\"1\" data-image-meta=\"{&quot;aperture&quot;:&quot;9&quot;,&quot;credit&quot;:&quot;&quot;,&quot;camera&quot;:&quot;Canon EOS 5D Mark III&quot;,&quot;caption&quot;:&quot;&quot;,&quot;created_timestamp&quot;:&quot;0&quot;,&quot;copyright&quot;:&quot;&quot;,&quot;focal_length&quot;:&quot;135&quot;,&quot;iso&quot;:&quot;100&quot;,&quot;shutter_speed&quot;:&quot;0.008&quot;,&quot;title&quot;:&quot;&quot;,&quot;orientation&quot;:&quot;0&quot;}\" data-image-title=\"Pont de bois\" data-image-description=\"\" data-image-caption=\"\" data-large-file=\"https:\/\/i0.wp.com\/bottesetvelo.com\/blog\/wp-content\/uploads\/2016\/12\/away-1458513_1920.jpg?fit=1024%2C682&amp;ssl=1\" class=\" wp-image-2870 alignright\" src=\"https:\/\/i0.wp.com\/bottesetvelo.com\/blog\/wp-content\/uploads\/2016\/12\/away-1458513_1920.jpg?resize=300%2C200&#038;ssl=1\" alt=\"\" width=\"300\" height=\"200\" srcset=\"https:\/\/i0.wp.com\/bottesetvelo.com\/blog\/wp-content\/uploads\/2016\/12\/away-1458513_1920.jpg?resize=500%2C333&amp;ssl=1 500w, https:\/\/i0.wp.com\/bottesetvelo.com\/blog\/wp-content\/uploads\/2016\/12\/away-1458513_1920.jpg?resize=768%2C512&amp;ssl=1 768w, https:\/\/i0.wp.com\/bottesetvelo.com\/blog\/wp-content\/uploads\/2016\/12\/away-1458513_1920.jpg?resize=1024%2C682&amp;ssl=1 1024w, https:\/\/i0.wp.com\/bottesetvelo.com\/blog\/wp-content\/uploads\/2016\/12\/away-1458513_1920.jpg?w=1920&amp;ssl=1 1920w\" sizes=\"auto, (max-width: 300px) 100vw, 300px\" \/><\/a>En ce moment, alors que la lumi\u00e8re est \u00e0 son plus bas et que nous sommes parvenus au moment le plus sombre. \u00c0 l\u2019heure o\u00f9 nous vivons chacun pour soi, prisonniers de nous-m\u00eames.\u00a0\u00c0 l\u2019heure o\u00f9 notre soci\u00e9t\u00e9 fait la propagande de l\u2019individu-consommateur et objet de consommation. \u00c0 l\u2019heure o\u00f9 la radicalit\u00e9 fait rage et qu\u2019il n\u2019y a plus de place pour nuancer. \u00c0 l\u2019heure o\u00f9 tout peut sembler perdu. <strong><span style=\"color: #003366;\">Serons-nous pr\u00eats \u00e0 quitter l&rsquo;obscurit\u00e9 pour entrer dans la lumi\u00e8re de la Vie et vivre pleinement?<\/span><\/strong> Je nous le souhaite. Le plus beau cadeau que l\u2019on puisse se faire c\u2019est de se laisser \u00e9clairer\u00a0: voir la v\u00e9rit\u00e9 sur soi et sur le monde qui nous entoure. Celle qui nous rappelle que personne ne d\u00e9sire vivre dans l\u2019angoisse et l\u2019anxi\u00e9t\u00e9, dans la peur et l\u2019oppression, dans l\u2019agression et la manipulation. Celle qui nous rappelle que nous voulons \u00eatre aim\u00e9s, que nous avons besoin d\u2019amour, et que nous avons beaucoup \u00e0 offrir. Le percevoir, c\u2019est d\u00e9j\u00e0 \u00eatre en route.<\/p>\n<p style=\"text-align: justify;\">Prenons soin les uns des autres dans ce parcours vers la lumi\u00e8re. M\u00eame si la joie est grande, la route n\u2019est pas toujours facile.<\/p>\n<p><a href=\"https:\/\/i0.wp.com\/bottesetvelo.com\/blog\/wp-content\/uploads\/2014\/01\/Bottes-et-V%C3%A9lo-Embl%C3%AAme-e1454083414631.jpg?ssl=1\"><img data-recalc-dims=\"1\" loading=\"lazy\" decoding=\"async\" data-attachment-id=\"14\" data-permalink=\"https:\/\/bottesetvelo.com\/blog\/bottes-et-velo-le-blog\/bottes-et-velo-embleme\/\" data-orig-file=\"https:\/\/i0.wp.com\/bottesetvelo.com\/blog\/wp-content\/uploads\/2014\/01\/Bottes-et-V%C3%A9lo-Embl%C3%AAme-e1454083414631.jpg?fit=100%2C79&amp;ssl=1\" data-orig-size=\"100,79\" data-comments-opened=\"1\" data-image-meta=\"{&quot;aperture&quot;:&quot;0&quot;,&quot;credit&quot;:&quot;&quot;,&quot;camera&quot;:&quot;&quot;,&quot;caption&quot;:&quot;&quot;,&quot;created_timestamp&quot;:&quot;0&quot;,&quot;copyright&quot;:&quot;&quot;,&quot;focal_length&quot;:&quot;0&quot;,&quot;iso&quot;:&quot;0&quot;,&quot;shutter_speed&quot;:&quot;0&quot;,&quot;title&quot;:&quot;&quot;}\" data-image-title=\"Bottes et V\u00e9lo &amp;#8211; Embl\u00eame\" data-image-description=\"\" data-image-caption=\"\" data-large-file=\"https:\/\/i0.wp.com\/bottesetvelo.com\/blog\/wp-content\/uploads\/2014\/01\/Bottes-et-V%C3%A9lo-Embl%C3%AAme-e1454083414631.jpg?fit=100%2C79&amp;ssl=1\" class=\" wp-image-14 alignright\" src=\"https:\/\/i0.wp.com\/bottesetvelo.com\/blog\/wp-content\/uploads\/2014\/01\/Bottes-et-V%C3%A9lo-Embl%C3%AAme.jpg?resize=76%2C60&#038;ssl=1\" alt=\"\" width=\"76\" height=\"60\" \/><\/a><em><span style=\"color: #003366;\"><strong><span style=\"color: #800000;\">Joyeuse f\u00eate de la lumi\u00e8re!<\/span> <span style=\"color: #003300;\">Joyeux No\u00ebl!<\/span> <span style=\"color: #800000;\">Joyeux P\u00e8lerinage!<\/span><\/strong><\/span><\/em><\/p>\n<p>\u00c9ric Lalibert\u00e9<\/p>\n","protected":false},"excerpt":{"rendered":"<p>L\u2019essentiel est invisible pour les yeux. Antoine de Saint-Exup\u00e9ry C\u2019est dans l\u2019obscurit\u00e9 qu\u2019on remarque le plus la lumi\u00e8re, disait un ex-toxicomane et itin\u00e9rant. Avec les jours d\u2019hiver, celle-ci nous manque de plus en plus et parfois le moral n\u2019est pas fort. Dans l\u2019obscurit\u00e9 qui se prolonge, la vie vient \u00e0 manquer et perd de son&hellip;<\/p>\n","protected":false},"author":3,"featured_media":0,"comment_status":"open","ping_status":"open","sticky":false,"template":"","format":"standard","meta":{"jetpack_post_was_ever_published":false,"_jetpack_newsletter_access":"","_jetpack_dont_email_post_to_subs":false,"_jetpack_newsletter_tier_id":0,"_jetpack_memberships_contains_paywalled_content":false,"_jetpack_memberships_contains_paid_content":false,"footnotes":"","jetpack_publicize_message":"","jetpack_publicize_feature_enabled":true,"jetpack_social_post_already_shared":true,"jetpack_social_options":{"image_generator_settings":{"template":"highway","default_image_id":0,"font":"","enabled":false},"version":2}},"categories":[50,379,345,171,37,381],"tags":[441,435,440,129,437,333,438,439,385,424],"class_list":["post-2866","post","type-post","status-publish","format-standard","hentry","category-art-de-vivre","category-chemin-de-transformation","category-culture-de-consommation","category-pelerinage","category-spiritualite-2","category-transformation","tag-amour","tag-culture-de-consommation","tag-eclairer","tag-entraide","tag-lumiere","tag-noel","tag-obscurite","tag-ombre","tag-prendre-soin","tag-presence"],"jetpack_publicize_connections":[],"jetpack_featured_media_url":"","jetpack_shortlink":"https:\/\/wp.me\/p4eY6z-Ke","jetpack_sharing_enabled":true,"jetpack_likes_enabled":true,"jetpack-related-posts":[],"_links":{"self":[{"href":"https:\/\/bottesetvelo.com\/blog\/wp-json\/wp\/v2\/posts\/2866","targetHints":{"allow":["GET"]}}],"collection":[{"href":"https:\/\/bottesetvelo.com\/blog\/wp-json\/wp\/v2\/posts"}],"about":[{"href":"https:\/\/bottesetvelo.com\/blog\/wp-json\/wp\/v2\/types\/post"}],"author":[{"embeddable":true,"href":"https:\/\/bottesetvelo.com\/blog\/wp-json\/wp\/v2\/users\/3"}],"replies":[{"embeddable":true,"href":"https:\/\/bottesetvelo.com\/blog\/wp-json\/wp\/v2\/comments?post=2866"}],"version-history":[{"count":1,"href":"https:\/\/bottesetvelo.com\/blog\/wp-json\/wp\/v2\/posts\/2866\/revisions"}],"predecessor-version":[{"id":2871,"href":"https:\/\/bottesetvelo.com\/blog\/wp-json\/wp\/v2\/posts\/2866\/revisions\/2871"}],"wp:attachment":[{"href":"https:\/\/bottesetvelo.com\/blog\/wp-json\/wp\/v2\/media?parent=2866"}],"wp:term":[{"taxonomy":"category","embeddable":true,"href":"https:\/\/bottesetvelo.com\/blog\/wp-json\/wp\/v2\/categories?post=2866"},{"taxonomy":"post_tag","embeddable":true,"href":"https:\/\/bottesetvelo.com\/blog\/wp-json\/wp\/v2\/tags?post=2866"}],"curies":[{"name":"wp","href":"https:\/\/api.w.org\/{rel}","templated":true}]}}